{"id":47687,"date":"2017-02-07T14:38:17","date_gmt":"2017-02-07T13:38:17","guid":{"rendered":"https:\/\/fundesplai.org\/informa-t\/sense-categoria\/presentacion-de-rehenes-jovenes-voluntarios-as-capacitan-en-tic-a-jovenes-migrantes-y-refugiados-as\/"},"modified":"2017-02-07T14:38:17","modified_gmt":"2017-02-07T13:38:17","slug":"presentacion-de-rehenes-jovenes-voluntarios-as-capacitan-en-tic-a-jovenes-migrantes-y-refugiados-as","status":"publish","type":"post","link":"https:\/\/fundesplai.org\/es\/informa-t\/actualitat-es\/presentacion-de-rehenes-jovenes-voluntarios-as-capacitan-en-tic-a-jovenes-migrantes-y-refugiados-as\/","title":{"rendered":"Presentaci\u00f3n de Rehenes: j\u00f3venes voluntarios\/as capacitan en TIC a j\u00f3venes migrantes y refugiados\/as"},"content":{"rendered":"<p>Hoy jueves 16 de febrero a las 17h se realizar\u00e1 la presentaci\u00f3n p\u00fablica en Barcelona del proyecto&nbsp;<a href=\"http:\/\/fundacionesplai.org\/socioeducativa\/refugis\/\"><strong>RefugIS<\/strong><\/a>, una iniciativa de&nbsp;<strong>Microsoft<\/strong>&nbsp;y&nbsp;<strong>Fundaci\u00f3n Esplai<\/strong>&nbsp;en la que j\u00f3venes voluntarios y voluntarias&#8230;<\/p>\n<p><!--more--><\/p>\n<p><img decoding=\"async\" class=\" size-full wp-image-3971\" src=\"https:\/\/fundesplai.org\/test-joomla\/wp-content\/uploads\/sites\/26\/2017\/02\/evento-refgis-672x372.png\" alt=\"evento refgis 672x372\" width=\"100%\" height=\"NaN\"><\/p>\n<p>Hoy jueves 16 de febrero a las 17h se realizar\u00e1 la presentaci\u00f3n p\u00fablica en Barcelona del proyecto <strong>Rehenes<\/strong>, una iniciativa de <strong>Microsoft<\/strong> i <strong>Fundaci\u00f3 Esplai<\/strong> en la que j\u00f3venes voluntarios y voluntarias de asociaciones locales y estudiantes de secundaria imparten talleres de alfabetizaci\u00f3n digital y capacitaci\u00f3n b\u00e1sica en competencias de programaci\u00f3n a j\u00f3venes refugiados, refugiadas, migrantes o en situaci\u00f3n de solicitud de asilo.<\/p>\n<p>El proyecto tiene como principal objetivo mejorar la convivencia y a potenciar el conocimiento y las relaciones entre j\u00f3venes de diferentes or\u00edgenes o procedencias.<\/p>\n<p>Refugios se desarrolla paralelamente en Italia y en Espa\u00f1a, siendo las ciudades de Barcelona, Madrid y M\u00e1laga las elegidas en el caso de Espa\u00f1a. Tambi\u00e9n se ha puesto en marcha en Italia con la Fundaci\u00f3n Mondo Digitale.<\/p>\n<p>La parte inaugural del acto comenzar\u00e1 a las 17.05 y cuenta con las intervenciones previstas&nbsp;Jordi Mar\u00edn, Director en Catalu\u00f1a Microsoft, Gala Pin, Concejala de Distrito Ciutat Vella, Oriol Amor\u00f3s, Secretar\u00eda de Igualdad, Migraciones y Ciudadan\u00eda, Generalitat de Catalunya, y N\u00faria Valls, Directora de Fundaci\u00f3n Esplai. Posteriormente, a las 17.25, habr\u00e1 una mesa de debate con el t\u00edtulo&nbsp;\u00abNuevos retos formativos: Hacia la inclusi\u00f3n de las personas refugiadas, demandados de asilo y migrantes\u00bb donde intervendr\u00e1n representantes de diferentes entidades sociales. A las 18, Amaranta Garr\u00e9 y Thomas Prola, del instituto t\u00e9cnico del proyecto RefugIS &#8211; Fundaci\u00f3n Esplai, presentar\u00e1n los detalles del proyecto.<\/p>\n<p>El acto acabar\u00e1 con una foto simb\u00f3lica, un taller de networking y un pica-pica.<\/p>\n<p><strong>Datos generales del evento:<\/strong><\/p>\n<ul>\n<li>Entidad anfitriona del evento: Associaci\u00f3 Eicascantic,<\/li>\n<li>Lugar: Casal Pou de la Figuera Calle Sant Pere M\u00e9s Baix, n\u00ba 70.<\/li>\n<li>Horario: jueves, 16 de febrero de 17h a 18.30h<\/li>\n<\/ul>\n<p>Esperamos tu participaci\u00f3n.<\/p>\n<p><a href=\"http:\/\/form.fundacionesplai.org\/index.php?sid=49679&amp;lang=es\">Inscripci\u00f3n<\/a><\/p>\n","protected":false},"excerpt":{"rendered":"<p>Hoy jueves 16 de febrero a las 17h se realizar\u00e1 la presentaci\u00f3n p\u00fablica en Barcelona del proyecto&nbsp;RefugIS, una iniciativa de&nbsp;Microsoft&nbsp;y&nbsp;Fundaci\u00f3n Esplai&nbsp;en la que j\u00f3venes voluntarios y voluntarias&#8230;<\/p>\n","protected":false},"author":4,"featured_media":0,"comment_status":"closed","ping_status":"closed","sticky":false,"template":"","format":"standard","meta":{"_et_pb_use_builder":"","_et_pb_old_content":"","_et_gb_content_width":"","footnotes":""},"categories":[937],"tags":[],"class_list":["post-47687","post","type-post","status-publish","format-standard","hentry","category-actualitat-es"],"yoast_head":"<!-- This site is optimized with the Yoast SEO plugin v27.4 - https:\/\/yoast.com\/product\/yoast-seo-wordpress\/ -->\n<title>Presentaci\u00f3n de Rehenes: j\u00f3venes voluntarios\/as capacitan en TIC a j\u00f3venes migrantes y refugiados\/as - Fundesplai<\/title>\n<meta name=\"robots\" content=\"index, follow, max-snippet:-1, max-image-preview:large, max-video-preview:-1\" \/>\n<link rel=\"canonical\" href=\"https:\/\/fundesplai.org\/es\/informa-t\/actualitat-es\/presentacion-de-rehenes-jovenes-voluntarios-as-capacitan-en-tic-a-jovenes-migrantes-y-refugiados-as\/\" \/>\n<meta property=\"og:locale\" content=\"es_ES\" \/>\n<meta property=\"og:type\" content=\"article\" \/>\n<meta property=\"og:title\" content=\"Presentaci\u00f3n de Rehenes: j\u00f3venes voluntarios\/as capacitan en TIC a j\u00f3venes migrantes y refugiados\/as - Fundesplai\" \/>\n<meta property=\"og:description\" content=\"Hoy jueves 16 de febrero a las 17h se realizar\u00e1 la presentaci\u00f3n p\u00fablica en Barcelona del proyecto&nbsp;RefugIS, una iniciativa de&nbsp;Microsoft&nbsp;y&nbsp;Fundaci\u00f3n Esplai&nbsp;en la que j\u00f3venes voluntarios y voluntarias&#8230;\" \/>\n<meta property=\"og:url\" content=\"https:\/\/fundesplai.org\/es\/informa-t\/actualitat-es\/presentacion-de-rehenes-jovenes-voluntarios-as-capacitan-en-tic-a-jovenes-migrantes-y-refugiados-as\/\" \/>\n<meta property=\"og:site_name\" content=\"Fundesplai\" \/>\n<meta property=\"article:published_time\" content=\"2017-02-07T13:38:17+00:00\" \/>\n<meta property=\"og:image\" content=\"https:\/\/fundesplai.org\/test-joomla\/wp-content\/uploads\/sites\/26\/2017\/02\/evento-refgis-672x372.png\" \/>\n<meta name=\"author\" content=\"Ferran\" \/>\n<meta name=\"twitter:card\" content=\"summary_large_image\" \/>\n<meta name=\"twitter:label1\" content=\"Escrito por\" \/>\n\t<meta name=\"twitter:data1\" content=\"Ferran\" \/>\n\t<meta name=\"twitter:label2\" content=\"Tiempo de lectura\" \/>\n\t<meta name=\"twitter:data2\" content=\"2 minutos\" \/>\n<script type=\"application\/ld+json\" class=\"yoast-schema-graph\">{\"@context\":\"https:\\\/\\\/schema.org\",\"@graph\":[{\"@type\":\"Article\",\"@id\":\"https:\\\/\\\/fundesplai.org\\\/es\\\/informa-t\\\/actualitat-es\\\/presentacion-de-rehenes-jovenes-voluntarios-as-capacitan-en-tic-a-jovenes-migrantes-y-refugiados-as\\\/#article\",\"isPartOf\":{\"@id\":\"https:\\\/\\\/fundesplai.org\\\/es\\\/informa-t\\\/actualitat-es\\\/presentacion-de-rehenes-jovenes-voluntarios-as-capacitan-en-tic-a-jovenes-migrantes-y-refugiados-as\\\/\"},\"author\":{\"name\":\"Ferran\",\"@id\":\"https:\\\/\\\/fundesplai.org\\\/es\\\/#\\\/schema\\\/person\\\/67e7825d8ec54561cc24e36ba6b0f633\"},\"headline\":\"Presentaci\u00f3n de Rehenes: j\u00f3venes voluntarios\\\/as capacitan en TIC a j\u00f3venes migrantes y refugiados\\\/as\",\"datePublished\":\"2017-02-07T13:38:17+00:00\",\"mainEntityOfPage\":{\"@id\":\"https:\\\/\\\/fundesplai.org\\\/es\\\/informa-t\\\/actualitat-es\\\/presentacion-de-rehenes-jovenes-voluntarios-as-capacitan-en-tic-a-jovenes-migrantes-y-refugiados-as\\\/\"},\"wordCount\":363,\"image\":{\"@id\":\"https:\\\/\\\/fundesplai.org\\\/es\\\/informa-t\\\/actualitat-es\\\/presentacion-de-rehenes-jovenes-voluntarios-as-capacitan-en-tic-a-jovenes-migrantes-y-refugiados-as\\\/#primaryimage\"},\"thumbnailUrl\":\"https:\\\/\\\/fundesplai.org\\\/test-joomla\\\/wp-content\\\/uploads\\\/sites\\\/26\\\/2017\\\/02\\\/evento-refgis-672x372.png\",\"articleSection\":[\"Actualitat\"],\"inLanguage\":\"es\"},{\"@type\":\"WebPage\",\"@id\":\"https:\\\/\\\/fundesplai.org\\\/es\\\/informa-t\\\/actualitat-es\\\/presentacion-de-rehenes-jovenes-voluntarios-as-capacitan-en-tic-a-jovenes-migrantes-y-refugiados-as\\\/\",\"url\":\"https:\\\/\\\/fundesplai.org\\\/es\\\/informa-t\\\/actualitat-es\\\/presentacion-de-rehenes-jovenes-voluntarios-as-capacitan-en-tic-a-jovenes-migrantes-y-refugiados-as\\\/\",\"name\":\"Presentaci\u00f3n de Rehenes: j\u00f3venes voluntarios\\\/as capacitan en TIC a j\u00f3venes migrantes y refugiados\\\/as - Fundesplai\",\"isPartOf\":{\"@id\":\"https:\\\/\\\/fundesplai.org\\\/es\\\/#website\"},\"primaryImageOfPage\":{\"@id\":\"https:\\\/\\\/fundesplai.org\\\/es\\\/informa-t\\\/actualitat-es\\\/presentacion-de-rehenes-jovenes-voluntarios-as-capacitan-en-tic-a-jovenes-migrantes-y-refugiados-as\\\/#primaryimage\"},\"image\":{\"@id\":\"https:\\\/\\\/fundesplai.org\\\/es\\\/informa-t\\\/actualitat-es\\\/presentacion-de-rehenes-jovenes-voluntarios-as-capacitan-en-tic-a-jovenes-migrantes-y-refugiados-as\\\/#primaryimage\"},\"thumbnailUrl\":\"https:\\\/\\\/fundesplai.org\\\/test-joomla\\\/wp-content\\\/uploads\\\/sites\\\/26\\\/2017\\\/02\\\/evento-refgis-672x372.png\",\"datePublished\":\"2017-02-07T13:38:17+00:00\",\"author\":{\"@id\":\"https:\\\/\\\/fundesplai.org\\\/es\\\/#\\\/schema\\\/person\\\/67e7825d8ec54561cc24e36ba6b0f633\"},\"breadcrumb\":{\"@id\":\"https:\\\/\\\/fundesplai.org\\\/es\\\/informa-t\\\/actualitat-es\\\/presentacion-de-rehenes-jovenes-voluntarios-as-capacitan-en-tic-a-jovenes-migrantes-y-refugiados-as\\\/#breadcrumb\"},\"inLanguage\":\"es\",\"potentialAction\":[{\"@type\":\"ReadAction\",\"target\":[\"https:\\\/\\\/fundesplai.org\\\/es\\\/informa-t\\\/actualitat-es\\\/presentacion-de-rehenes-jovenes-voluntarios-as-capacitan-en-tic-a-jovenes-migrantes-y-refugiados-as\\\/\"]}]},{\"@type\":\"ImageObject\",\"inLanguage\":\"es\",\"@id\":\"https:\\\/\\\/fundesplai.org\\\/es\\\/informa-t\\\/actualitat-es\\\/presentacion-de-rehenes-jovenes-voluntarios-as-capacitan-en-tic-a-jovenes-migrantes-y-refugiados-as\\\/#primaryimage\",\"url\":\"https:\\\/\\\/fundesplai.org\\\/test-joomla\\\/wp-content\\\/uploads\\\/sites\\\/26\\\/2017\\\/02\\\/evento-refgis-672x372.png\",\"contentUrl\":\"https:\\\/\\\/fundesplai.org\\\/test-joomla\\\/wp-content\\\/uploads\\\/sites\\\/26\\\/2017\\\/02\\\/evento-refgis-672x372.png\"},{\"@type\":\"BreadcrumbList\",\"@id\":\"https:\\\/\\\/fundesplai.org\\\/es\\\/informa-t\\\/actualitat-es\\\/presentacion-de-rehenes-jovenes-voluntarios-as-capacitan-en-tic-a-jovenes-migrantes-y-refugiados-as\\\/#breadcrumb\",\"itemListElement\":[{\"@type\":\"ListItem\",\"position\":1,\"name\":\"Inici\",\"item\":\"https:\\\/\\\/fundesplai.org\\\/es\\\/inicio\\\/\"},{\"@type\":\"ListItem\",\"position\":2,\"name\":\"Inf\u00f3rmate\",\"item\":\"https:\\\/\\\/fundesplai.org\\\/es\\\/informate\\\/\"},{\"@type\":\"ListItem\",\"position\":3,\"name\":\"Sin categor\u00eda\",\"item\":\"https:\\\/\\\/fundesplai.org\\\/es\\\/informa-t\\\/category\\\/sin-categoria\\\/\"},{\"@type\":\"ListItem\",\"position\":4,\"name\":\"Presentaci\u00f3n de Rehenes: j\u00f3venes voluntarios\\\/as capacitan en TIC a j\u00f3venes migrantes y refugiados\\\/as\"}]},{\"@type\":\"WebSite\",\"@id\":\"https:\\\/\\\/fundesplai.org\\\/es\\\/#website\",\"url\":\"https:\\\/\\\/fundesplai.org\\\/es\\\/\",\"name\":\"Fundesplai\",\"description\":\"Eduquem per la conviv\u00e8ncia i la sostenibilitat\",\"potentialAction\":[{\"@type\":\"SearchAction\",\"target\":{\"@type\":\"EntryPoint\",\"urlTemplate\":\"https:\\\/\\\/fundesplai.org\\\/es\\\/?s={search_term_string}\"},\"query-input\":{\"@type\":\"PropertyValueSpecification\",\"valueRequired\":true,\"valueName\":\"search_term_string\"}}],\"inLanguage\":\"es\"},{\"@type\":\"Person\",\"@id\":\"https:\\\/\\\/fundesplai.org\\\/es\\\/#\\\/schema\\\/person\\\/67e7825d8ec54561cc24e36ba6b0f633\",\"name\":\"Ferran\",\"image\":{\"@type\":\"ImageObject\",\"inLanguage\":\"es\",\"@id\":\"https:\\\/\\\/secure.gravatar.com\\\/avatar\\\/a3510350976b58aae6eccd1e36f066b660a69ef63f97fde3cba8205db7db816a?s=96&d=mm&r=g\",\"url\":\"https:\\\/\\\/secure.gravatar.com\\\/avatar\\\/a3510350976b58aae6eccd1e36f066b660a69ef63f97fde3cba8205db7db816a?s=96&d=mm&r=g\",\"contentUrl\":\"https:\\\/\\\/secure.gravatar.com\\\/avatar\\\/a3510350976b58aae6eccd1e36f066b660a69ef63f97fde3cba8205db7db816a?s=96&d=mm&r=g\",\"caption\":\"Ferran\"},\"url\":\"https:\\\/\\\/fundesplai.org\\\/es\\\/informa-t\\\/author\\\/fvidal\\\/\"}]}<\/script>\n<!-- \/ Yoast SEO plugin. -->","yoast_head_json":{"title":"Presentaci\u00f3n de Rehenes: j\u00f3venes voluntarios\/as capacitan en TIC a j\u00f3venes migrantes y refugiados\/as - Fundesplai","robots":{"index":"index","follow":"follow","max-snippet":"max-snippet:-1","max-image-preview":"max-image-preview:large","max-video-preview":"max-video-preview:-1"},"canonical":"https:\/\/fundesplai.org\/es\/informa-t\/actualitat-es\/presentacion-de-rehenes-jovenes-voluntarios-as-capacitan-en-tic-a-jovenes-migrantes-y-refugiados-as\/","og_locale":"es_ES","og_type":"article","og_title":"Presentaci\u00f3n de Rehenes: j\u00f3venes voluntarios\/as capacitan en TIC a j\u00f3venes migrantes y refugiados\/as - Fundesplai","og_description":"Hoy jueves 16 de febrero a las 17h se realizar\u00e1 la presentaci\u00f3n p\u00fablica en Barcelona del proyecto&nbsp;RefugIS, una iniciativa de&nbsp;Microsoft&nbsp;y&nbsp;Fundaci\u00f3n Esplai&nbsp;en la que j\u00f3venes voluntarios y voluntarias&#8230;","og_url":"https:\/\/fundesplai.org\/es\/informa-t\/actualitat-es\/presentacion-de-rehenes-jovenes-voluntarios-as-capacitan-en-tic-a-jovenes-migrantes-y-refugiados-as\/","og_site_name":"Fundesplai","article_published_time":"2017-02-07T13:38:17+00:00","og_image":[{"url":"https:\/\/fundesplai.org\/test-joomla\/wp-content\/uploads\/sites\/26\/2017\/02\/evento-refgis-672x372.png","type":"","width":"","height":""}],"author":"Ferran","twitter_card":"summary_large_image","twitter_misc":{"Escrito por":"Ferran","Tiempo de lectura":"2 minutos"},"schema":{"@context":"https:\/\/schema.org","@graph":[{"@type":"Article","@id":"https:\/\/fundesplai.org\/es\/informa-t\/actualitat-es\/presentacion-de-rehenes-jovenes-voluntarios-as-capacitan-en-tic-a-jovenes-migrantes-y-refugiados-as\/#article","isPartOf":{"@id":"https:\/\/fundesplai.org\/es\/informa-t\/actualitat-es\/presentacion-de-rehenes-jovenes-voluntarios-as-capacitan-en-tic-a-jovenes-migrantes-y-refugiados-as\/"},"author":{"name":"Ferran","@id":"https:\/\/fundesplai.org\/es\/#\/schema\/person\/67e7825d8ec54561cc24e36ba6b0f633"},"headline":"Presentaci\u00f3n de Rehenes: j\u00f3venes voluntarios\/as capacitan en TIC a j\u00f3venes migrantes y refugiados\/as","datePublished":"2017-02-07T13:38:17+00:00","mainEntityOfPage":{"@id":"https:\/\/fundesplai.org\/es\/informa-t\/actualitat-es\/presentacion-de-rehenes-jovenes-voluntarios-as-capacitan-en-tic-a-jovenes-migrantes-y-refugiados-as\/"},"wordCount":363,"image":{"@id":"https:\/\/fundesplai.org\/es\/informa-t\/actualitat-es\/presentacion-de-rehenes-jovenes-voluntarios-as-capacitan-en-tic-a-jovenes-migrantes-y-refugiados-as\/#primaryimage"},"thumbnailUrl":"https:\/\/fundesplai.org\/test-joomla\/wp-content\/uploads\/sites\/26\/2017\/02\/evento-refgis-672x372.png","articleSection":["Actualitat"],"inLanguage":"es"},{"@type":"WebPage","@id":"https:\/\/fundesplai.org\/es\/informa-t\/actualitat-es\/presentacion-de-rehenes-jovenes-voluntarios-as-capacitan-en-tic-a-jovenes-migrantes-y-refugiados-as\/","url":"https:\/\/fundesplai.org\/es\/informa-t\/actualitat-es\/presentacion-de-rehenes-jovenes-voluntarios-as-capacitan-en-tic-a-jovenes-migrantes-y-refugiados-as\/","name":"Presentaci\u00f3n de Rehenes: j\u00f3venes voluntarios\/as capacitan en TIC a j\u00f3venes migrantes y refugiados\/as - Fundesplai","isPartOf":{"@id":"https:\/\/fundesplai.org\/es\/#website"},"primaryImageOfPage":{"@id":"https:\/\/fundesplai.org\/es\/informa-t\/actualitat-es\/presentacion-de-rehenes-jovenes-voluntarios-as-capacitan-en-tic-a-jovenes-migrantes-y-refugiados-as\/#primaryimage"},"image":{"@id":"https:\/\/fundesplai.org\/es\/informa-t\/actualitat-es\/presentacion-de-rehenes-jovenes-voluntarios-as-capacitan-en-tic-a-jovenes-migrantes-y-refugiados-as\/#primaryimage"},"thumbnailUrl":"https:\/\/fundesplai.org\/test-joomla\/wp-content\/uploads\/sites\/26\/2017\/02\/evento-refgis-672x372.png","datePublished":"2017-02-07T13:38:17+00:00","author":{"@id":"https:\/\/fundesplai.org\/es\/#\/schema\/person\/67e7825d8ec54561cc24e36ba6b0f633"},"breadcrumb":{"@id":"https:\/\/fundesplai.org\/es\/informa-t\/actualitat-es\/presentacion-de-rehenes-jovenes-voluntarios-as-capacitan-en-tic-a-jovenes-migrantes-y-refugiados-as\/#breadcrumb"},"inLanguage":"es","potentialAction":[{"@type":"ReadAction","target":["https:\/\/fundesplai.org\/es\/informa-t\/actualitat-es\/presentacion-de-rehenes-jovenes-voluntarios-as-capacitan-en-tic-a-jovenes-migrantes-y-refugiados-as\/"]}]},{"@type":"ImageObject","inLanguage":"es","@id":"https:\/\/fundesplai.org\/es\/informa-t\/actualitat-es\/presentacion-de-rehenes-jovenes-voluntarios-as-capacitan-en-tic-a-jovenes-migrantes-y-refugiados-as\/#primaryimage","url":"https:\/\/fundesplai.org\/test-joomla\/wp-content\/uploads\/sites\/26\/2017\/02\/evento-refgis-672x372.png","contentUrl":"https:\/\/fundesplai.org\/test-joomla\/wp-content\/uploads\/sites\/26\/2017\/02\/evento-refgis-672x372.png"},{"@type":"BreadcrumbList","@id":"https:\/\/fundesplai.org\/es\/informa-t\/actualitat-es\/presentacion-de-rehenes-jovenes-voluntarios-as-capacitan-en-tic-a-jovenes-migrantes-y-refugiados-as\/#breadcrumb","itemListElement":[{"@type":"ListItem","position":1,"name":"Inici","item":"https:\/\/fundesplai.org\/es\/inicio\/"},{"@type":"ListItem","position":2,"name":"Inf\u00f3rmate","item":"https:\/\/fundesplai.org\/es\/informate\/"},{"@type":"ListItem","position":3,"name":"Sin categor\u00eda","item":"https:\/\/fundesplai.org\/es\/informa-t\/category\/sin-categoria\/"},{"@type":"ListItem","position":4,"name":"Presentaci\u00f3n de Rehenes: j\u00f3venes voluntarios\/as capacitan en TIC a j\u00f3venes migrantes y refugiados\/as"}]},{"@type":"WebSite","@id":"https:\/\/fundesplai.org\/es\/#website","url":"https:\/\/fundesplai.org\/es\/","name":"Fundesplai","description":"Eduquem per la conviv\u00e8ncia i la sostenibilitat","potentialAction":[{"@type":"SearchAction","target":{"@type":"EntryPoint","urlTemplate":"https:\/\/fundesplai.org\/es\/?s={search_term_string}"},"query-input":{"@type":"PropertyValueSpecification","valueRequired":true,"valueName":"search_term_string"}}],"inLanguage":"es"},{"@type":"Person","@id":"https:\/\/fundesplai.org\/es\/#\/schema\/person\/67e7825d8ec54561cc24e36ba6b0f633","name":"Ferran","image":{"@type":"ImageObject","inLanguage":"es","@id":"https:\/\/secure.gravatar.com\/avatar\/a3510350976b58aae6eccd1e36f066b660a69ef63f97fde3cba8205db7db816a?s=96&d=mm&r=g","url":"https:\/\/secure.gravatar.com\/avatar\/a3510350976b58aae6eccd1e36f066b660a69ef63f97fde3cba8205db7db816a?s=96&d=mm&r=g","contentUrl":"https:\/\/secure.gravatar.com\/avatar\/a3510350976b58aae6eccd1e36f066b660a69ef63f97fde3cba8205db7db816a?s=96&d=mm&r=g","caption":"Ferran"},"url":"https:\/\/fundesplai.org\/es\/informa-t\/author\/fvidal\/"}]}},"_links":{"self":[{"href":"https:\/\/fundesplai.org\/es\/wp-json\/wp\/v2\/posts\/47687","targetHints":{"allow":["GET"]}}],"collection":[{"href":"https:\/\/fundesplai.org\/es\/wp-json\/wp\/v2\/posts"}],"about":[{"href":"https:\/\/fundesplai.org\/es\/wp-json\/wp\/v2\/types\/post"}],"author":[{"embeddable":true,"href":"https:\/\/fundesplai.org\/es\/wp-json\/wp\/v2\/users\/4"}],"replies":[{"embeddable":true,"href":"https:\/\/fundesplai.org\/es\/wp-json\/wp\/v2\/comments?post=47687"}],"version-history":[{"count":0,"href":"https:\/\/fundesplai.org\/es\/wp-json\/wp\/v2\/posts\/47687\/revisions"}],"wp:attachment":[{"href":"https:\/\/fundesplai.org\/es\/wp-json\/wp\/v2\/media?parent=47687"}],"wp:term":[{"taxonomy":"category","embeddable":true,"href":"https:\/\/fundesplai.org\/es\/wp-json\/wp\/v2\/categories?post=47687"},{"taxonomy":"post_tag","embeddable":true,"href":"https:\/\/fundesplai.org\/es\/wp-json\/wp\/v2\/tags?post=47687"}],"curies":[{"name":"wp","href":"https:\/\/api.w.org\/{rel}","templated":true}]}}