{"id":47683,"date":"2017-01-30T11:55:54","date_gmt":"2017-01-30T10:55:54","guid":{"rendered":"https:\/\/fundesplai.org\/informa-t\/sense-categoria\/cerca-de-300-monitores-as-participan-en-agofedesplai\/"},"modified":"2017-01-30T11:55:54","modified_gmt":"2017-01-30T10:55:54","slug":"cerca-de-300-monitores-as-participan-en-agofedesplai","status":"publish","type":"post","link":"https:\/\/fundesplai.org\/es\/informa-t\/actualitat-es\/cerca-de-300-monitores-as-participan-en-agofedesplai\/","title":{"rendered":"Cerca de 300 monitores\/as participan en #Agofedesplai"},"content":{"rendered":"<p>Este s\u00e1bado 28 de enero ha tenido lugar el&nbsp; <strong>#AGOfedesplai<\/strong>, la<strong>&nbsp;XX Jornada de la Federaci\u00f3n.<\/strong><\/p>\n<p><!--more--><\/p>\n<p class=\"intro\">Este s\u00e1bado 28 de enero ha tenido lugar el #AGOfedesplai, la XX Jornada de la Federaci\u00f3n Catalana del Recreo en Barcelona, en la Sede del Distrito de Nou Barris, que ha reunido a cerca de 300 monitores\/as de los diferentes recreos que forman parte de la Federaci\u00f3n.<\/p>\n<table style=\"width: 100%\">\n<tbody>\n<tr>\n<td colspan=\"2\"><img decoding=\"async\" class=\" size-full wp-image-3949\" src=\"https:\/\/fundesplai.org\/test-joomla\/wp-content\/uploads\/sites\/26\/2017\/01\/Agofedesplai_2017.jpg\" alt=\"Agofedesplai 2017\" width=\"100%\" height=\"NaN\"><\/td>\n<\/tr>\n<tr>\n<td style=\"background-color: #000000\" colspan=\"2\"><span style=\"color: #ffffff\">Foto de grupo de los participantes en el Agofedesplai, que tuvo lugar este s\u00e1bado 28 de enero en la sede del Distrito de Nou Barris de Barcelona.<\/span><\/td>\n<\/tr>\n<tr>\n<td style=\"width: 50%\"><img decoding=\"async\" class=\" size-full wp-image-3954\" src=\"https:\/\/fundesplai.org\/test-joomla\/wp-content\/uploads\/sites\/26\/2017\/01\/Agofedesplai_2017-junta-def.jpg\" alt=\"Agofedesplai 2017 junta def\" width=\"100%\" height=\"NaN\"><\/td>\n<td><img decoding=\"async\" class=\" size-full wp-image-3956\" src=\"https:\/\/fundesplai.org\/test-joomla\/wp-content\/uploads\/sites\/26\/2017\/01\/Agofedesplai_2017-festival-def.jpg\" alt=\"Agofedesplai 2017 festival def\" width=\"100%\" height=\"NaN\"><\/td>\n<\/tr>\n<tr>\n<td style=\"width: 50%;background-color: #000000\"><span style=\"color: #ffffff\">La nueva Junta Directiva de la Federaci\u00f3n Catalana del Esplai.<\/span><\/td>\n<td style=\"background-color: #000000\"><span style=\"color: #ffffff\">Dos de los j\u00f3venes que presentaron sus creaciones aduiovisuales en Edufilms.<\/span><\/td>\n<\/tr>\n<tr>\n<td style=\"width: 50%\"><img decoding=\"async\" class=\" size-full wp-image-3957\" src=\"https:\/\/fundesplai.org\/test-joomla\/wp-content\/uploads\/sites\/26\/2017\/01\/Agofedesplai_2017-programacio-def.jpg\" alt=\"Agofedesplai 2017 programacio def\" width=\"100%\" height=\"NaN\"><\/td>\n<td><img decoding=\"async\" class=\" size-full wp-image-3958\" src=\"https:\/\/fundesplai.org\/test-joomla\/wp-content\/uploads\/sites\/26\/2017\/01\/Agofedesplai_2017-debat-junta2.jpg\" alt=\"Agofedesplai 2017 debate junta2\" width=\"100%\" height=\"NaN\"><\/td>\n<\/tr>\n<tr>\n<td style=\"width: 50%;background-color: #000000\"><span style=\"color: #ffffff\">Monitores\/as aprendieron a programar con robots.<\/span><\/td>\n<td style=\"background-color: #000000\"><span style=\"color: #ffffff\">La asamblea de la Federaci\u00f3n tambi\u00e9n se vot\u00f3 la entrada de nuevas entidades.<\/span><\/td>\n<\/tr>\n<\/tbody>\n<\/table>\n<p>En la jornada se celebr\u00f3 la asamblea anual de la entidad en la que se hizo balance de la actividad desarrollada en 2016, donde destacaron las campa\u00f1as en favor de los derechos y la igualdad por la infancia o la del #dretallleure, que se realiza con motivo del D\u00eda Universal de los Derechos de los Ni\u00f1os el 20 de noviembre y que reclama el derecho al juego y al esplazo para todos los ni\u00f1os.<\/p>\n<p>Adem\u00e1s, la asamblea tambi\u00e9n fij\u00f3 los retos de trabajo para este 2017, como profundizar la relaci\u00f3n entre recreo y escuela o continuar impulsando iniciativas en favor de la equidad, entre otras. Tambi\u00e9n se dio la bienvenida a las nuevas entidades que se incorporan a la Federaci\u00f3n.<\/p>\n<p><strong>Nueva Junta Directiva<\/strong><\/p>\n<p>En la asamblea tambi\u00e9n se hizo el relevo de la Junta Directiva que acababa su mandato y que estaba encabezada por el hasta ahora presidente Marc Alcaraz, del Grup Esplai Espurnes (Esplugues de Llobregat). A partir de ahora la nueva presidenta de la Federaci\u00f3n Catalana del Esplai es Sheila Beltr\u00e1n, del Esplai Montmella Cases &#8211; Can Vidalet (Hospitalet &#8211; Esplugues de Llobregat), que estar\u00e1 acompa\u00f1ada por Maria Ferrer, de L&#8217;Esplai El Raconet (Cervell\u00f3) como vicepresidenta.<\/p>\n<p>Parte del Agofedesplai tambi\u00e9n se dedic\u00f3 a que los participantes se formaran en diferentes talleres para obtener nuevos recursos pedag\u00f3gicos para trabajar con ni\u00f1os, j\u00f3venes y fam\u00edles. As\u00ed, se van diferentes formaciones como aprender a programar para poder hacer talleres con ni\u00f1as y ni\u00f1os o las m\u00e1s tradiconales de juegos.<\/p>\n<p style=\"text-align: justify;font: OpenSans,SansSerif,Helvetica,Arial,Verdana;font-size: 14px\"><strong>Festival de cine joven para la transformaci\u00f3n social<\/strong><\/p>\n<p style=\"text-align: justify\"><span style=\"background-color: transparent;font-size: 14px\"><\/span><\/p>\n<table cellspacing=\"5\" align=\"left\">\n<tbody>\n<tr>\n<td><img loading=\"lazy\" decoding=\"async\" class=\" size-full wp-image-3904\" src=\"https:\/\/fundesplai.org\/test-joomla\/wp-content\/uploads\/sites\/26\/2017\/01\/festival_1.png\" alt=\"festival 1\" width=\"150\" height=\"80\"><\/td>\n<\/tr>\n<tr>\n<td><img loading=\"lazy\" decoding=\"async\" class=\" size-full wp-image-3906\" src=\"https:\/\/fundesplai.org\/test-joomla\/wp-content\/uploads\/sites\/26\/2017\/01\/nit.png\" alt=\"noche\" width=\"150\" height=\"175\"><\/td>\n<\/tr>\n<\/tbody>\n<\/table>\n<p style=\"text-align: justify\"><span style=\"background-color: transparent;font-size: 14px\">Adem\u00e1s, este a\u00f1o, el #AGOfedesplai acogi\u00f3 la primera edici\u00f3n de \u00abEduFilms: Festival de Cine Joven para la transformaci\u00f3n social\u00bb.<\/span><\/p>\n<p style=\"text-align: justify\"><span style=\"background-color: transparent;font-size: 14px\">En este festival se pudieron ver las creaciones audiovisuales de j\u00f3venes de entre 14 y 18 a\u00f1os de los esplais Bellvitge (Hospitalet de Llobregat), Espurnes (Esplugues de Llobregat), Nus (Sant Joan Desp\u00ed), Fontsanta-Fatj\u00f3 (Cornell\u00e0 de Llobregat) y Montmella Cases &#8211; Can Vidalet (Hospitalet &#8211; Esplugues de Llobregat). <\/span><\/p>\n<p style=\"text-align: justify\"><span style=\"background-color: transparent;font-size: 14px\">Los cortometrajes tratan temas como la identidad de g\u00e9nero, el ocio nocturno o el derecho a la vivienda, entre otros. <a href=\"ca\/inici-ca\/33-noticies\/1453-festival-edufilms\">Aqu\u00ed pod\u00e9is ver todas las creaciones.<\/a><\/span><\/p>\n<p style=\"text-align: justify\"><strong>&nbsp;<\/strong><\/p>\n<p style=\"text-align: justify\">&nbsp;<\/p>\n<p style=\"text-align: justify\"><span style=\"text-decoration: underline\"><strong>Recopilaci\u00f3n de prensa de #Agofedesplai<\/strong><\/span><\/p>\n<ul>\n<li><strong>J\u00f3venes de recreos presentan sus cortos en el festival EduFilms. Con menci\u00f3n a Fundesplai. 29\/01\/2017.&nbsp;<\/strong><strong><a href=\"https:\/\/eines.fundesplai.org\/owa\/redir.aspx?C=wMN4K-puJVkAWWuMxmzWDsDX39JE3_llPIr6-KbPG2d11GT4GknUCA..&amp;URL=http%3a%2f%2fcanal.fundesplai.org%2fredirector.asp%3furl%3dhttp%253A%252F%252Fcanal.fundesplai.org%252Frepositori%252Ffile%252F00-2017%252F01-Gener%252F20170130%252F20170129-Edufilms-El-Punt-Avui.pdf%253Futm_source%253DCanal%252520Recull%252520de%252520Premsa%2526utm_medium%253Dbutlleti%2526utm_campaign%253DCanal%252520Recull%252520de%252520Premsa%2525202111%25252030%25252001%2525202017%26dest%3d%2560u%2560kkd%253Fetmcdrok%2560h-nqf%26id_enviament%3d8339\" target=\"_blank\" rel=\"noopener\">El Punt Avui<\/a><\/strong><\/li>\n<li><strong><a href=\"https:\/\/eines.fundesplai.org\/owa\/redir.aspx?C=wMN4K-puJVkAWWuMxmzWDsDX39JE3_llPIr6-KbPG2d11GT4GknUCA..&amp;URL=http%3a%2f%2fcanal.fundesplai.org%2fredirector.asp%3furl%3dhttp%253A%252F%252Fcanal.fundesplai.org%252Frepositori%252Ffile%252F00-2017%252F01-Gener%252F20170130%252F20170129-Edufilms-El-Punt-Avui.pdf%253Futm_source%253DCanal%252520Recull%252520de%252520Premsa%2526utm_medium%253Dbutlleti%2526utm_campaign%253DCanal%252520Recull%252520de%252520Premsa%2525202111%25252030%25252001%2525202017%26dest%3d%2560u%2560kkd%253Fetmcdrok%2560h-nqf%26id_enviament%3d8339\" target=\"_blank\" rel=\"noopener\"><\/a><\/strong><strong>Los adolescentes llevan al cine sus inquietudes. Con menci\u00f3n a Fundesplai. 29\/01\/2017.&nbsp;<\/strong><strong style=\"background-color: transparent\"><a href=\"https:\/\/eines.fundesplai.org\/owa\/redir.aspx?C=-QBuX1kmF3BNecJYR-kUCbxSoVQuP27UNBM58nwEA5V11GT4GknUCA..&amp;URL=http%3a%2f%2fcanal.fundesplai.org%2fredirector.asp%3furl%3dhttp%253A%252F%252Fcanal.fundesplai.org%252Frepositori%252Ffile%252F00-2017%252F01-Gener%252F20170130%252F20170129-edufilms-La-Vanguardia.pdf%253Futm_source%253DCanal%252520Recull%252520de%252520Premsa%2526utm_medium%253Dbutlleti%2526utm_campaign%253DCanal%252520Recull%252520de%252520Premsa%2525202111%25252030%25252001%2525202017%26dest%3d%2560u%2560kkd%253Fetmcdrok%2560h-nqf%26id_enviament%3d8339\" target=\"_blank\" style=\"background-color: transparent\" rel=\"noopener\">La Vanguardia<\/a><\/strong><\/li>\n<li><strong style=\"background-color: transparent\"><a href=\"https:\/\/eines.fundesplai.org\/owa\/redir.aspx?C=-QBuX1kmF3BNecJYR-kUCbxSoVQuP27UNBM58nwEA5V11GT4GknUCA..&amp;URL=http%3a%2f%2fcanal.fundesplai.org%2fredirector.asp%3furl%3dhttp%253A%252F%252Fcanal.fundesplai.org%252Frepositori%252Ffile%252F00-2017%252F01-Gener%252F20170130%252F20170129-edufilms-La-Vanguardia.pdf%253Futm_source%253DCanal%252520Recull%252520de%252520Premsa%2526utm_medium%253Dbutlleti%2526utm_campaign%253DCanal%252520Recull%252520de%252520Premsa%2525202111%25252030%25252001%2525202017%26dest%3d%2560u%2560kkd%253Fetmcdrok%2560h-nqf%26id_enviament%3d8339\" target=\"_blank\" style=\"background-color: transparent\" rel=\"noopener\"><\/a><\/strong><strong>Un festival de cortometrajes de j\u00f3venes y para j\u00f3venes.<\/strong><a href=\"https:\/\/eines.fundesplai.org\/owa\/redir.aspx?C=9OrmTcVZen_sfHxnVMiNitcM7DypiK0amNB6kXgnDOiP-2T4GknUCA..&amp;URL=http%3a%2f%2fcanal.fundesplai.org%2fredirector.asp%3furl%3dhttps%253A%252F%252Ftwitter.com%252F8aldia%252Fstatus%252F825447779208097792%253Futm_source%253DCanal%252520Recull%252520de%252520Premsa%2526utm_medium%253Dbutlleti%2526utm_campaign%253DCanal%252520Recull%252520de%252520Premsa%2525202111%25252030%25252001%2525202017%26dest%3d%2560u%2560kkd%253Fetmcdrok%2560h-nqf%26id_enviament%3d8339\" target=\"_blank\" style=\"background-color: transparent\" rel=\"noopener\"><strong>8tv. 8 al d\u00eda fin de semana.<\/strong><\/a><strong style=\"background-color: transparent\">&nbsp;<\/strong><\/li>\n<li><strong style=\"background-color: transparent\">28\/01\/2017El festival Edufilms presenta cinco cortometrajes de transformaci\u00f3n social hechos por j\u00f3venes.&nbsp;<\/strong><a href=\"https:\/\/eines.fundesplai.org\/owa\/redir.aspx?C=_oteR-gcGNHMSu8HXmg1cEC7eVvADGMx0lqb_7F6VJeP-2T4GknUCA..&amp;URL=http%3a%2f%2fcanal.fundesplai.org%2fredirector.asp%3furl%3dhttp%253A%252F%252Fwww.btv.cat%252Fbtvnoticies%252F2017%252F01%252F28%252Ffestival-edufilms-presenta-cinc-curtmetratges-de-transformacio-social-fets-per-joves%252F%253Futm_source%253DCanal%252520Recull%252520de%252520Premsa%2526utm_medium%253Dbutlleti%2526utm_campaign%253DCanal%252520Recull%252520de%252520Premsa%2525202111%25252030%25252001%2525202017%26dest%3d%2560u%2560kkd%253Fetmcdrok%2560h-nqf%26id_enviament%3d8339\" target=\"_blank\" style=\"background-color: transparent\" rel=\"noopener\"><strong>BTV Noticias.<\/strong><\/a><strong style=\"background-color: transparent\">&nbsp;<\/strong><\/li>\n<li><strong style=\"background-color: transparent\">28\/01\/2017La Federaci\u00f3n Catalana del Esplai organiza el festival EduFilms&nbsp;<\/strong><a href=\"https:\/\/eines.fundesplai.org\/owa\/redir.aspx?C=o6iGKkY1p5LuxJ_1IZu5iSGAxTseYcjMg4K9aIiamiaP-2T4GknUCA..&amp;URL=http%3a%2f%2fcanal.fundesplai.org%2fredirector.asp%3furl%3dhttp%253A%252F%252Frtve.es%252Fv%252F3889730%253Futm_source%253DCanal%252520Recull%252520de%252520Premsa%2526utm_medium%253Dbutlleti%2526utm_campaign%253DCanal%252520Recull%252520de%252520Premsa%2525202111%25252030%25252001%2525202017%26dest%3d%2560u%2560kkd%253Fetmcdrok%2560h-nqf%26id_enviament%3d8339\" target=\"_blank\" style=\"background-color: transparent\" rel=\"noopener\"><strong>TVE El Informativo&nbsp;<\/strong><\/a><strong style=\"background-color: transparent\">(a partir del minuto 24&#8217;30\u00bb). <\/strong> <\/li>\n<li><strong style=\"background-color: transparent\">28\/01\/2017Cine joven para cambiar el mundo&nbsp;<\/strong><a href=\"https:\/\/eines.fundesplai.org\/owa\/redir.aspx?C=XWqrbchmAkTqiFX4NXtdG826qNn0h42Wwt1LYcdmMkKiImX4GknUCA..&amp;URL=http%3a%2f%2fcanal.fundesplai.org%2fredirector.asp%3furl%3dhttp%253A%252F%252Fwww.ccma.cat%252Fcatradio%252Falacarta%252Finformatius-catalunya-radio%252Fcine-jove-per-canviar-el-mon%252Faudio%252F948978%252F%253Futm_source%253DCanal%252520Recull%252520de%252520Premsa%2526utm_medium%253Dbutlleti%2526utm_campaign%253DCanal%252520Recull%252520de%252520Premsa%2525202111%25252030%25252001%2525202017%26dest%3d%2560u%2560kkd%253Fetmcdrok%2560h-nqf%26id_enviament%3d8339\" target=\"_blank\" style=\"background-color: transparent\" rel=\"noopener\"><strong>Catalu\u00f1a Radio\/Catalu\u00f1a Informaci\u00f3n.&nbsp;<\/strong><\/a><\/li>\n<li><strong style=\"background-color: transparent\">28\/01\/2107Noticia sobre el festival EduFilms&nbsp;<\/strong><a href=\"https:\/\/eines.fundesplai.org\/owa\/redir.aspx?C=SUkkWxQhv6YysFE-ISVhMvrGYuM93j9SNXcWDmnGMAaiImX4GknUCA..&amp;URL=http%3a%2f%2fcanal.fundesplai.org%2fredirector.asp%3furl%3dhttp%253A%252F%252Fcanal.fundesplai.org%252Frepositori%252Ffile%252F00-2017%252F01-Gener%252F20170130%252FIMG-5898.mp4%253Futm_source%253DCanal%252520Recull%252520de%252520Premsa%2526utm_medium%253Dbutlleti%2526utm_campaign%253DCanal%252520Recull%252520de%252520Premsa%2525202111%25252030%25252001%2525202017%26dest%3d%2560u%2560kkd%253Fetmcdrok%2560h-nqf%26id_enviament%3d8339\" target=\"_blank\" style=\"background-color: transparent\" rel=\"noopener\"><strong>Canal 3\/24.&nbsp;<\/strong><\/a><\/li>\n<li><strong style=\"background-color: transparent\">28\/01\/2017Primer festival de cine para la transformaci\u00f3n social hecho por adolescentes&nbsp;<\/strong><a href=\"https:\/\/eines.fundesplai.org\/owa\/redir.aspx?C=AGwO0hpf7uNpeHxxaX3LJHE5FfbCP9eZ3zjv3B7bcG2iImX4GknUCA..&amp;URL=http%3a%2f%2fcanal.fundesplai.org%2fredirector.asp%3furl%3dhttp%253A%252F%252Fwww.lavanguardia.com%252Fvida%252F20170126%252F413721922679%252Fprimer-festival-de-cine-para-la-transformacion-social-hecho-por-adolescentes.html%253Futm_source%253DCanal%252520Recull%252520de%252520Premsa%2526utm_medium%253Dbutlleti%2526utm_campaign%253DCanal%252520Recull%252520de%252520Premsa%2525202111%25252030%25252001%2525202017%2526utm_campaign%253Dbotones_sociales%2526utm_source%253Dtwitter%2526utm_medium%253Dsocial%26dest%3d%2560u%2560kkd%253Fetmcdrok%2560h-nqf%26id_enviament%3d8339\" target=\"_blank\" style=\"background-color: transparent\" rel=\"noopener\"><strong>EFE.&nbsp;<\/strong><\/a><\/li>\n<li><strong style=\"background-color: transparent\">26\/01\/2017&#8217;Esplais&#8217; catalanes celebran el primer festival de cine para el cambio social&nbsp;<\/strong><a href=\"https:\/\/eines.fundesplai.org\/owa\/redir.aspx?C=rywFxc3UUTcYN7g2Vk093QVxS2oLmvxpZiX-uvHB5eaySWX4GknUCA..&amp;URL=http%3a%2f%2fcanal.fundesplai.org%2fredirector.asp%3furl%3dhttp%253A%252F%252Fwww.lavanguardia.com%252Fvida%252F20170126%252F413722544867%252Fesplais-catalanes-celebran-el-primer-festival-de-cine-para-el-cambio-social.html%253Futm_source%253DCanal%252520Recull%252520de%252520Premsa%2526utm_medium%253Dbutlleti%2526utm_campaign%253DCanal%252520Recull%252520de%252520Premsa%2525202111%25252030%25252001%2525202017%2526utm_campaign%253Dbotones_sociales%2526utm_source%253Dtwitter%2526utm_medium%253Dsocial%26dest%3d%2560u%2560kkd%253Fetmcdrok%2560h-nqf%26id_enviament%3d8339\" target=\"_blank\" style=\"background-color: transparent\" rel=\"noopener\"><strong>Europa Press<\/strong><\/a><strong style=\"background-color: transparent\">. <\/strong> <\/li>\n<li><strong style=\"background-color: transparent\">26\/01\/2017La Federaci\u00f3n Catalana del Esplai celebra el primer festival \u00abEduFilms\u00bb&nbsp;<\/strong><a href=\"https:\/\/eines.fundesplai.org\/owa\/redir.aspx?C=xcXdpcktZfBQa5qsN_bGY_ZpcbwvuwZx0ujBhAJmO0-ySWX4GknUCA..&amp;URL=http%3a%2f%2fcanal.fundesplai.org%2fredirector.asp%3furl%3dhttp%253A%252F%252Fwww.20minutos.es%252Fnoticia%252F2945084%252F0%252Fla-federacio-catalana-de-lesplai-celebra-el-primer-festival-edufilms-de-cinema-per-a-la-transformacio-social%252F%253Futm_source%253DCanal%252520Recull%252520de%252520Premsa%2526utm_medium%253Dbutlleti%2526utm_campaign%253DCanal%252520Recull%252520de%252520Premsa%2525202111%25252030%25252001%2525202017%26dest%3d%2560u%2560kkd%253Fetmcdrok%2560h-nqf%26id_enviament%3d8339\" target=\"_blank\" style=\"background-color: transparent\" rel=\"noopener\"><strong>20minutos.es.<\/strong><\/a><strong style=\"background-color: transparent\">&nbsp;<\/strong><\/li>\n<li><strong style=\"background-color: transparent\">26\/01\/2017Anuncio de la obra de teatro \u00ab\u00bfHay nada m\u00e1s aburrido que ser una princesa rosa?\u00bb, con promoci\u00f3n a favor de Fundesplai&nbsp;<\/strong><a href=\"https:\/\/eines.fundesplai.org\/owa\/redir.aspx?C=8zLftXTUvcig-93mDfSipAKDYXp9GKKIZjjtcSij-VuySWX4GknUCA..&amp;URL=http%3a%2f%2fcanal.fundesplai.org%2fredirector.asp%3furl%3dhttp%253A%252F%252Fcanal.fundesplai.org%252Frepositori%252Ffile%252F00-2017%252F01-Gener%252F20170130%252F3pe-2-fundesplai.pdf%253Futm_source%253DCanal%252520Recull%252520de%252520Premsa%2526utm_medium%253Dbutlleti%2526utm_campaign%253DCanal%252520Recull%252520de%252520Premsa%2525202111%25252030%25252001%2525202017%26dest%3d%2560u%2560kkd%253Fetmcdrok%2560h-nqf%26id_enviament%3d8339\" target=\"_blank\" style=\"background-color: transparent\" rel=\"noopener\"><strong>El Peri\u00f3dico.<\/strong><\/a><strong style=\"background-color: transparent\">&nbsp;<\/strong><\/li>\n<li><strong style=\"background-color: transparent\">29\/01\/2017Anuncio de la campa\u00f1a \u00ab\u00a1Tomamos partido por la infancia!\u00bb de Fundesplai&nbsp;<\/strong><strong style=\"background-color: transparent\"><a href=\"https:\/\/eines.fundesplai.org\/owa\/redir.aspx?C=14RCAqnz8WTHGTLd4gD9UAs0EtPewvD26AkIu0kMK9GySWX4GknUCA..&amp;URL=http%3a%2f%2fcanal.fundesplai.org%2fredirector.asp%3furl%3dhttp%253A%252F%252Fcanal.fundesplai.org%252Frepositori%252Ffile%252F00-2017%252F01-Gener%252F20170130%252F1ar-1-anunci-fundesplai.pdf%253Futm_source%253DCanal%252520Recull%252520de%252520Premsa%2526utm_medium%253Dbutlleti%2526utm_campaign%253DCanal%252520Recull%252520de%252520Premsa%2525202111%25252030%25252001%2525202017%26dest%3d%2560u%2560kkd%253Fetmcdrok%2560h-nqf%26id_enviament%3d8339\" target=\"_blank\" style=\"background-color: transparent\" rel=\"noopener\">Ahora&nbsp;<\/a><\/strong><\/li>\n<\/ul>\n","protected":false},"excerpt":{"rendered":"<p>Este s\u00e1bado 28 de enero ha tenido lugar el&nbsp; #AGOfedesplai, la&nbsp;XX Jornada de la Federaci\u00f3n.<\/p>\n","protected":false},"author":9,"featured_media":0,"comment_status":"closed","ping_status":"closed","sticky":false,"template":"","format":"standard","meta":{"_et_pb_use_builder":"","_et_pb_old_content":"","_et_gb_content_width":"","footnotes":""},"categories":[937],"tags":[],"class_list":["post-47683","post","type-post","status-publish","format-standard","hentry","category-actualitat-es"],"yoast_head":"<!-- This site is optimized with the Yoast SEO plugin v27.4 - https:\/\/yoast.com\/product\/yoast-seo-wordpress\/ -->\n<title>Cerca de 300 monitores\/as participan en #Agofedesplai - Fundesplai<\/title>\n<meta name=\"robots\" content=\"index, follow, max-snippet:-1, max-image-preview:large, max-video-preview:-1\" \/>\n<link rel=\"canonical\" href=\"https:\/\/fundesplai.org\/es\/informa-t\/actualitat-es\/cerca-de-300-monitores-as-participan-en-agofedesplai\/\" \/>\n<meta property=\"og:locale\" content=\"es_ES\" \/>\n<meta property=\"og:type\" content=\"article\" \/>\n<meta property=\"og:title\" content=\"Cerca de 300 monitores\/as participan en #Agofedesplai - Fundesplai\" \/>\n<meta property=\"og:description\" content=\"Este s\u00e1bado 28 de enero ha tenido lugar el&nbsp; #AGOfedesplai, la&nbsp;XX Jornada de la Federaci\u00f3n.\" \/>\n<meta property=\"og:url\" content=\"https:\/\/fundesplai.org\/es\/informa-t\/actualitat-es\/cerca-de-300-monitores-as-participan-en-agofedesplai\/\" \/>\n<meta property=\"og:site_name\" content=\"Fundesplai\" \/>\n<meta property=\"article:published_time\" content=\"2017-01-30T10:55:54+00:00\" \/>\n<meta property=\"og:image\" content=\"https:\/\/fundesplai.org\/test-joomla\/wp-content\/uploads\/sites\/26\/2017\/01\/Agofedesplai_2017.jpg\" \/>\n<meta name=\"author\" content=\"Alfons Valle\" \/>\n<meta name=\"twitter:card\" content=\"summary_large_image\" \/>\n<meta name=\"twitter:label1\" content=\"Escrito por\" \/>\n\t<meta name=\"twitter:data1\" content=\"Alfons Valle\" \/>\n\t<meta name=\"twitter:label2\" content=\"Tiempo de lectura\" \/>\n\t<meta name=\"twitter:data2\" content=\"4 minutos\" \/>\n<script type=\"application\/ld+json\" class=\"yoast-schema-graph\">{\"@context\":\"https:\\\/\\\/schema.org\",\"@graph\":[{\"@type\":\"Article\",\"@id\":\"https:\\\/\\\/fundesplai.org\\\/es\\\/informa-t\\\/actualitat-es\\\/cerca-de-300-monitores-as-participan-en-agofedesplai\\\/#article\",\"isPartOf\":{\"@id\":\"https:\\\/\\\/fundesplai.org\\\/es\\\/informa-t\\\/actualitat-es\\\/cerca-de-300-monitores-as-participan-en-agofedesplai\\\/\"},\"author\":{\"name\":\"Alfons Valle\",\"@id\":\"https:\\\/\\\/fundesplai.org\\\/es\\\/#\\\/schema\\\/person\\\/c0e9e7466bb8ac06f5264324a6109733\"},\"headline\":\"Cerca de 300 monitores\\\/as participan en #Agofedesplai\",\"datePublished\":\"2017-01-30T10:55:54+00:00\",\"mainEntityOfPage\":{\"@id\":\"https:\\\/\\\/fundesplai.org\\\/es\\\/informa-t\\\/actualitat-es\\\/cerca-de-300-monitores-as-participan-en-agofedesplai\\\/\"},\"wordCount\":731,\"image\":{\"@id\":\"https:\\\/\\\/fundesplai.org\\\/es\\\/informa-t\\\/actualitat-es\\\/cerca-de-300-monitores-as-participan-en-agofedesplai\\\/#primaryimage\"},\"thumbnailUrl\":\"https:\\\/\\\/fundesplai.org\\\/test-joomla\\\/wp-content\\\/uploads\\\/sites\\\/26\\\/2017\\\/01\\\/Agofedesplai_2017.jpg\",\"articleSection\":[\"Actualitat\"],\"inLanguage\":\"es\"},{\"@type\":\"WebPage\",\"@id\":\"https:\\\/\\\/fundesplai.org\\\/es\\\/informa-t\\\/actualitat-es\\\/cerca-de-300-monitores-as-participan-en-agofedesplai\\\/\",\"url\":\"https:\\\/\\\/fundesplai.org\\\/es\\\/informa-t\\\/actualitat-es\\\/cerca-de-300-monitores-as-participan-en-agofedesplai\\\/\",\"name\":\"Cerca de 300 monitores\\\/as participan en #Agofedesplai - Fundesplai\",\"isPartOf\":{\"@id\":\"https:\\\/\\\/fundesplai.org\\\/es\\\/#website\"},\"primaryImageOfPage\":{\"@id\":\"https:\\\/\\\/fundesplai.org\\\/es\\\/informa-t\\\/actualitat-es\\\/cerca-de-300-monitores-as-participan-en-agofedesplai\\\/#primaryimage\"},\"image\":{\"@id\":\"https:\\\/\\\/fundesplai.org\\\/es\\\/informa-t\\\/actualitat-es\\\/cerca-de-300-monitores-as-participan-en-agofedesplai\\\/#primaryimage\"},\"thumbnailUrl\":\"https:\\\/\\\/fundesplai.org\\\/test-joomla\\\/wp-content\\\/uploads\\\/sites\\\/26\\\/2017\\\/01\\\/Agofedesplai_2017.jpg\",\"datePublished\":\"2017-01-30T10:55:54+00:00\",\"author\":{\"@id\":\"https:\\\/\\\/fundesplai.org\\\/es\\\/#\\\/schema\\\/person\\\/c0e9e7466bb8ac06f5264324a6109733\"},\"breadcrumb\":{\"@id\":\"https:\\\/\\\/fundesplai.org\\\/es\\\/informa-t\\\/actualitat-es\\\/cerca-de-300-monitores-as-participan-en-agofedesplai\\\/#breadcrumb\"},\"inLanguage\":\"es\",\"potentialAction\":[{\"@type\":\"ReadAction\",\"target\":[\"https:\\\/\\\/fundesplai.org\\\/es\\\/informa-t\\\/actualitat-es\\\/cerca-de-300-monitores-as-participan-en-agofedesplai\\\/\"]}]},{\"@type\":\"ImageObject\",\"inLanguage\":\"es\",\"@id\":\"https:\\\/\\\/fundesplai.org\\\/es\\\/informa-t\\\/actualitat-es\\\/cerca-de-300-monitores-as-participan-en-agofedesplai\\\/#primaryimage\",\"url\":\"https:\\\/\\\/fundesplai.org\\\/test-joomla\\\/wp-content\\\/uploads\\\/sites\\\/26\\\/2017\\\/01\\\/Agofedesplai_2017.jpg\",\"contentUrl\":\"https:\\\/\\\/fundesplai.org\\\/test-joomla\\\/wp-content\\\/uploads\\\/sites\\\/26\\\/2017\\\/01\\\/Agofedesplai_2017.jpg\"},{\"@type\":\"BreadcrumbList\",\"@id\":\"https:\\\/\\\/fundesplai.org\\\/es\\\/informa-t\\\/actualitat-es\\\/cerca-de-300-monitores-as-participan-en-agofedesplai\\\/#breadcrumb\",\"itemListElement\":[{\"@type\":\"ListItem\",\"position\":1,\"name\":\"Inici\",\"item\":\"https:\\\/\\\/fundesplai.org\\\/es\\\/inicio\\\/\"},{\"@type\":\"ListItem\",\"position\":2,\"name\":\"Inf\u00f3rmate\",\"item\":\"https:\\\/\\\/fundesplai.org\\\/es\\\/informate\\\/\"},{\"@type\":\"ListItem\",\"position\":3,\"name\":\"Sin categor\u00eda\",\"item\":\"https:\\\/\\\/fundesplai.org\\\/es\\\/informa-t\\\/category\\\/sin-categoria\\\/\"},{\"@type\":\"ListItem\",\"position\":4,\"name\":\"Cerca de 300 monitores\\\/as participan en #Agofedesplai\"}]},{\"@type\":\"WebSite\",\"@id\":\"https:\\\/\\\/fundesplai.org\\\/es\\\/#website\",\"url\":\"https:\\\/\\\/fundesplai.org\\\/es\\\/\",\"name\":\"Fundesplai\",\"description\":\"Eduquem per la conviv\u00e8ncia i la sostenibilitat\",\"potentialAction\":[{\"@type\":\"SearchAction\",\"target\":{\"@type\":\"EntryPoint\",\"urlTemplate\":\"https:\\\/\\\/fundesplai.org\\\/es\\\/?s={search_term_string}\"},\"query-input\":{\"@type\":\"PropertyValueSpecification\",\"valueRequired\":true,\"valueName\":\"search_term_string\"}}],\"inLanguage\":\"es\"},{\"@type\":\"Person\",\"@id\":\"https:\\\/\\\/fundesplai.org\\\/es\\\/#\\\/schema\\\/person\\\/c0e9e7466bb8ac06f5264324a6109733\",\"name\":\"Alfons Valle\",\"image\":{\"@type\":\"ImageObject\",\"inLanguage\":\"es\",\"@id\":\"https:\\\/\\\/secure.gravatar.com\\\/avatar\\\/71d95a3f99a068ba570ac1314ed6911a59c5ae3f22ffcf23631cd1a861a640bc?s=96&d=mm&r=g\",\"url\":\"https:\\\/\\\/secure.gravatar.com\\\/avatar\\\/71d95a3f99a068ba570ac1314ed6911a59c5ae3f22ffcf23631cd1a861a640bc?s=96&d=mm&r=g\",\"contentUrl\":\"https:\\\/\\\/secure.gravatar.com\\\/avatar\\\/71d95a3f99a068ba570ac1314ed6911a59c5ae3f22ffcf23631cd1a861a640bc?s=96&d=mm&r=g\",\"caption\":\"Alfons Valle\"},\"url\":\"https:\\\/\\\/fundesplai.org\\\/es\\\/informa-t\\\/author\\\/avalle\\\/\"}]}<\/script>\n<!-- \/ Yoast SEO plugin. -->","yoast_head_json":{"title":"Cerca de 300 monitores\/as participan en #Agofedesplai - Fundesplai","robots":{"index":"index","follow":"follow","max-snippet":"max-snippet:-1","max-image-preview":"max-image-preview:large","max-video-preview":"max-video-preview:-1"},"canonical":"https:\/\/fundesplai.org\/es\/informa-t\/actualitat-es\/cerca-de-300-monitores-as-participan-en-agofedesplai\/","og_locale":"es_ES","og_type":"article","og_title":"Cerca de 300 monitores\/as participan en #Agofedesplai - Fundesplai","og_description":"Este s\u00e1bado 28 de enero ha tenido lugar el&nbsp; #AGOfedesplai, la&nbsp;XX Jornada de la Federaci\u00f3n.","og_url":"https:\/\/fundesplai.org\/es\/informa-t\/actualitat-es\/cerca-de-300-monitores-as-participan-en-agofedesplai\/","og_site_name":"Fundesplai","article_published_time":"2017-01-30T10:55:54+00:00","og_image":[{"url":"https:\/\/fundesplai.org\/test-joomla\/wp-content\/uploads\/sites\/26\/2017\/01\/Agofedesplai_2017.jpg","type":"","width":"","height":""}],"author":"Alfons Valle","twitter_card":"summary_large_image","twitter_misc":{"Escrito por":"Alfons Valle","Tiempo de lectura":"4 minutos"},"schema":{"@context":"https:\/\/schema.org","@graph":[{"@type":"Article","@id":"https:\/\/fundesplai.org\/es\/informa-t\/actualitat-es\/cerca-de-300-monitores-as-participan-en-agofedesplai\/#article","isPartOf":{"@id":"https:\/\/fundesplai.org\/es\/informa-t\/actualitat-es\/cerca-de-300-monitores-as-participan-en-agofedesplai\/"},"author":{"name":"Alfons Valle","@id":"https:\/\/fundesplai.org\/es\/#\/schema\/person\/c0e9e7466bb8ac06f5264324a6109733"},"headline":"Cerca de 300 monitores\/as participan en #Agofedesplai","datePublished":"2017-01-30T10:55:54+00:00","mainEntityOfPage":{"@id":"https:\/\/fundesplai.org\/es\/informa-t\/actualitat-es\/cerca-de-300-monitores-as-participan-en-agofedesplai\/"},"wordCount":731,"image":{"@id":"https:\/\/fundesplai.org\/es\/informa-t\/actualitat-es\/cerca-de-300-monitores-as-participan-en-agofedesplai\/#primaryimage"},"thumbnailUrl":"https:\/\/fundesplai.org\/test-joomla\/wp-content\/uploads\/sites\/26\/2017\/01\/Agofedesplai_2017.jpg","articleSection":["Actualitat"],"inLanguage":"es"},{"@type":"WebPage","@id":"https:\/\/fundesplai.org\/es\/informa-t\/actualitat-es\/cerca-de-300-monitores-as-participan-en-agofedesplai\/","url":"https:\/\/fundesplai.org\/es\/informa-t\/actualitat-es\/cerca-de-300-monitores-as-participan-en-agofedesplai\/","name":"Cerca de 300 monitores\/as participan en #Agofedesplai - Fundesplai","isPartOf":{"@id":"https:\/\/fundesplai.org\/es\/#website"},"primaryImageOfPage":{"@id":"https:\/\/fundesplai.org\/es\/informa-t\/actualitat-es\/cerca-de-300-monitores-as-participan-en-agofedesplai\/#primaryimage"},"image":{"@id":"https:\/\/fundesplai.org\/es\/informa-t\/actualitat-es\/cerca-de-300-monitores-as-participan-en-agofedesplai\/#primaryimage"},"thumbnailUrl":"https:\/\/fundesplai.org\/test-joomla\/wp-content\/uploads\/sites\/26\/2017\/01\/Agofedesplai_2017.jpg","datePublished":"2017-01-30T10:55:54+00:00","author":{"@id":"https:\/\/fundesplai.org\/es\/#\/schema\/person\/c0e9e7466bb8ac06f5264324a6109733"},"breadcrumb":{"@id":"https:\/\/fundesplai.org\/es\/informa-t\/actualitat-es\/cerca-de-300-monitores-as-participan-en-agofedesplai\/#breadcrumb"},"inLanguage":"es","potentialAction":[{"@type":"ReadAction","target":["https:\/\/fundesplai.org\/es\/informa-t\/actualitat-es\/cerca-de-300-monitores-as-participan-en-agofedesplai\/"]}]},{"@type":"ImageObject","inLanguage":"es","@id":"https:\/\/fundesplai.org\/es\/informa-t\/actualitat-es\/cerca-de-300-monitores-as-participan-en-agofedesplai\/#primaryimage","url":"https:\/\/fundesplai.org\/test-joomla\/wp-content\/uploads\/sites\/26\/2017\/01\/Agofedesplai_2017.jpg","contentUrl":"https:\/\/fundesplai.org\/test-joomla\/wp-content\/uploads\/sites\/26\/2017\/01\/Agofedesplai_2017.jpg"},{"@type":"BreadcrumbList","@id":"https:\/\/fundesplai.org\/es\/informa-t\/actualitat-es\/cerca-de-300-monitores-as-participan-en-agofedesplai\/#breadcrumb","itemListElement":[{"@type":"ListItem","position":1,"name":"Inici","item":"https:\/\/fundesplai.org\/es\/inicio\/"},{"@type":"ListItem","position":2,"name":"Inf\u00f3rmate","item":"https:\/\/fundesplai.org\/es\/informate\/"},{"@type":"ListItem","position":3,"name":"Sin categor\u00eda","item":"https:\/\/fundesplai.org\/es\/informa-t\/category\/sin-categoria\/"},{"@type":"ListItem","position":4,"name":"Cerca de 300 monitores\/as participan en #Agofedesplai"}]},{"@type":"WebSite","@id":"https:\/\/fundesplai.org\/es\/#website","url":"https:\/\/fundesplai.org\/es\/","name":"Fundesplai","description":"Eduquem per la conviv\u00e8ncia i la sostenibilitat","potentialAction":[{"@type":"SearchAction","target":{"@type":"EntryPoint","urlTemplate":"https:\/\/fundesplai.org\/es\/?s={search_term_string}"},"query-input":{"@type":"PropertyValueSpecification","valueRequired":true,"valueName":"search_term_string"}}],"inLanguage":"es"},{"@type":"Person","@id":"https:\/\/fundesplai.org\/es\/#\/schema\/person\/c0e9e7466bb8ac06f5264324a6109733","name":"Alfons Valle","image":{"@type":"ImageObject","inLanguage":"es","@id":"https:\/\/secure.gravatar.com\/avatar\/71d95a3f99a068ba570ac1314ed6911a59c5ae3f22ffcf23631cd1a861a640bc?s=96&d=mm&r=g","url":"https:\/\/secure.gravatar.com\/avatar\/71d95a3f99a068ba570ac1314ed6911a59c5ae3f22ffcf23631cd1a861a640bc?s=96&d=mm&r=g","contentUrl":"https:\/\/secure.gravatar.com\/avatar\/71d95a3f99a068ba570ac1314ed6911a59c5ae3f22ffcf23631cd1a861a640bc?s=96&d=mm&r=g","caption":"Alfons Valle"},"url":"https:\/\/fundesplai.org\/es\/informa-t\/author\/avalle\/"}]}},"_links":{"self":[{"href":"https:\/\/fundesplai.org\/es\/wp-json\/wp\/v2\/posts\/47683","targetHints":{"allow":["GET"]}}],"collection":[{"href":"https:\/\/fundesplai.org\/es\/wp-json\/wp\/v2\/posts"}],"about":[{"href":"https:\/\/fundesplai.org\/es\/wp-json\/wp\/v2\/types\/post"}],"author":[{"embeddable":true,"href":"https:\/\/fundesplai.org\/es\/wp-json\/wp\/v2\/users\/9"}],"replies":[{"embeddable":true,"href":"https:\/\/fundesplai.org\/es\/wp-json\/wp\/v2\/comments?post=47683"}],"version-history":[{"count":0,"href":"https:\/\/fundesplai.org\/es\/wp-json\/wp\/v2\/posts\/47683\/revisions"}],"wp:attachment":[{"href":"https:\/\/fundesplai.org\/es\/wp-json\/wp\/v2\/media?parent=47683"}],"wp:term":[{"taxonomy":"category","embeddable":true,"href":"https:\/\/fundesplai.org\/es\/wp-json\/wp\/v2\/categories?post=47683"},{"taxonomy":"post_tag","embeddable":true,"href":"https:\/\/fundesplai.org\/es\/wp-json\/wp\/v2\/tags?post=47683"}],"curies":[{"name":"wp","href":"https:\/\/api.w.org\/{rel}","templated":true}]}}