{"id":47682,"date":"2017-01-27T12:38:26","date_gmt":"2017-01-27T11:38:26","guid":{"rendered":"https:\/\/fundesplai.org\/informa-t\/sense-categoria\/ninos-y-jovenes-toman-la-palabra-sobre-salud-en-tarragona-radio\/"},"modified":"2017-01-27T12:38:26","modified_gmt":"2017-01-27T11:38:26","slug":"ninos-y-jovenes-toman-la-palabra-sobre-salud-en-tarragona-radio","status":"publish","type":"post","link":"https:\/\/fundesplai.org\/es\/informa-t\/actualitat-es\/ninos-y-jovenes-toman-la-palabra-sobre-salud-en-tarragona-radio\/","title":{"rendered":"Ni\u00f1os y j\u00f3venes toman la palabra sobre salud en Tarragona Radio"},"content":{"rendered":"<p>Este viernes d\u00eda 27 de enero, ha comenzado la nueva edici\u00f3n&nbsp;<strong>del espacio radiof\u00f3nico vinculado al programa&#8230;<\/strong><\/p>\n<p><!--more--><\/p>\n<p><img loading=\"lazy\" decoding=\"async\" class=\" alignleft size-full wp-image-3937\" style=\"margin: 5px;float: left;border: initial\" src=\"https:\/\/fundesplai.org\/test-joomla\/wp-content\/uploads\/sites\/26\/2017\/01\/56832_img_0513_P.JPG\" alt=\"56832 img 0513 P\" width=\"390\" height=\"292\">Este viernes d\u00eda 27 de enero, ha comenzado la nueva edici\u00f3n <strong>del espacio radiof\u00f3nico vinculado al programa de Promoci\u00f3n de h\u00e1bitos saludables \u00abLa aventura de la Vida\u00bb en <a href=\"http:\/\/www.tarragonaradio.cat\/seccio\/laventura_de_conversar\/1\/805\">Tarragona Radio<\/a>.<\/strong><\/p>\n<p>Como siempre, este <strong>primer programa de car\u00e1cter institucional<\/strong>, es el que dar\u00e1 el pistoletazo de salida a la <strong>13\u00aa temporada<\/strong> de este espacio participativo que da voz a los ni\u00f1os y adolescentes del municipio para reflexionar sobre diferentes aspectos relacionados con la salud.<\/p>\n<p>En este &nbsp;primer programa participan los Consejeros de Salud y Ense\u00f1anza, la responsable del Servicio de Prevenci\u00f3n de las Adicciones y la coordinadora de los proyectos +Salud de Fuindesplai.<\/p>\n<p>En esta nueva edici\u00f3n participar\u00e1n alumnos de diversos centros educativos del municipio.<\/p>\n<p>A partir de hoy y hasta el mes de junio podremos compartir con los ni\u00f1os y ni\u00f1as de Tarragona de los que hablamos cuando hablan de estilos de vida saludable.<\/p>\n<p><a href=\"http:\/\/www.tarragonaradio.cat\/seccio\/laventura_de_conversar\/1\/805\">La Aventura de Conversar<\/a><\/p>\n","protected":false},"excerpt":{"rendered":"<p>Este viernes d\u00eda 27 de enero, ha comenzado la nueva edici\u00f3n&nbsp;del espacio radiof\u00f3nico vinculado al programa&#8230;<\/p>\n","protected":false},"author":4,"featured_media":0,"comment_status":"closed","ping_status":"closed","sticky":false,"template":"","format":"standard","meta":{"_et_pb_use_builder":"","_et_pb_old_content":"","_et_gb_content_width":"","footnotes":""},"categories":[937],"tags":[962],"class_list":["post-47682","post","type-post","status-publish","format-standard","hentry","category-actualitat-es","tag-fundesplai-es"],"yoast_head":"<!-- This site is optimized with the Yoast SEO plugin v27.4 - https:\/\/yoast.com\/product\/yoast-seo-wordpress\/ -->\n<title>Ni\u00f1os y j\u00f3venes toman la palabra sobre salud en Tarragona Radio - Fundesplai<\/title>\n<meta name=\"robots\" content=\"index, follow, max-snippet:-1, max-image-preview:large, max-video-preview:-1\" \/>\n<link rel=\"canonical\" href=\"https:\/\/fundesplai.org\/es\/informa-t\/actualitat-es\/ninos-y-jovenes-toman-la-palabra-sobre-salud-en-tarragona-radio\/\" \/>\n<meta property=\"og:locale\" content=\"es_ES\" \/>\n<meta property=\"og:type\" content=\"article\" \/>\n<meta property=\"og:title\" content=\"Ni\u00f1os y j\u00f3venes toman la palabra sobre salud en Tarragona Radio - Fundesplai\" \/>\n<meta property=\"og:description\" content=\"Este viernes d\u00eda 27 de enero, ha comenzado la nueva edici\u00f3n&nbsp;del espacio radiof\u00f3nico vinculado al programa&#8230;\" \/>\n<meta property=\"og:url\" content=\"https:\/\/fundesplai.org\/es\/informa-t\/actualitat-es\/ninos-y-jovenes-toman-la-palabra-sobre-salud-en-tarragona-radio\/\" \/>\n<meta property=\"og:site_name\" content=\"Fundesplai\" \/>\n<meta property=\"article:published_time\" content=\"2017-01-27T11:38:26+00:00\" \/>\n<meta property=\"og:image\" content=\"https:\/\/fundesplai.org\/test-joomla\/wp-content\/uploads\/sites\/26\/2017\/01\/56832_img_0513_P.JPG\" \/>\n<meta name=\"author\" content=\"Ferran\" \/>\n<meta name=\"twitter:card\" content=\"summary_large_image\" \/>\n<meta name=\"twitter:label1\" content=\"Escrito por\" \/>\n\t<meta name=\"twitter:data1\" content=\"Ferran\" \/>\n\t<meta name=\"twitter:label2\" content=\"Tiempo de lectura\" \/>\n\t<meta name=\"twitter:data2\" content=\"1 minuto\" \/>\n<script type=\"application\/ld+json\" class=\"yoast-schema-graph\">{\"@context\":\"https:\\\/\\\/schema.org\",\"@graph\":[{\"@type\":\"Article\",\"@id\":\"https:\\\/\\\/fundesplai.org\\\/es\\\/informa-t\\\/actualitat-es\\\/ninos-y-jovenes-toman-la-palabra-sobre-salud-en-tarragona-radio\\\/#article\",\"isPartOf\":{\"@id\":\"https:\\\/\\\/fundesplai.org\\\/es\\\/informa-t\\\/actualitat-es\\\/ninos-y-jovenes-toman-la-palabra-sobre-salud-en-tarragona-radio\\\/\"},\"author\":{\"name\":\"Ferran\",\"@id\":\"https:\\\/\\\/fundesplai.org\\\/es\\\/#\\\/schema\\\/person\\\/67e7825d8ec54561cc24e36ba6b0f633\"},\"headline\":\"Ni\u00f1os y j\u00f3venes toman la palabra sobre salud en Tarragona Radio\",\"datePublished\":\"2017-01-27T11:38:26+00:00\",\"mainEntityOfPage\":{\"@id\":\"https:\\\/\\\/fundesplai.org\\\/es\\\/informa-t\\\/actualitat-es\\\/ninos-y-jovenes-toman-la-palabra-sobre-salud-en-tarragona-radio\\\/\"},\"wordCount\":193,\"image\":{\"@id\":\"https:\\\/\\\/fundesplai.org\\\/es\\\/informa-t\\\/actualitat-es\\\/ninos-y-jovenes-toman-la-palabra-sobre-salud-en-tarragona-radio\\\/#primaryimage\"},\"thumbnailUrl\":\"https:\\\/\\\/fundesplai.org\\\/test-joomla\\\/wp-content\\\/uploads\\\/sites\\\/26\\\/2017\\\/01\\\/56832_img_0513_P.JPG\",\"keywords\":[\"fundesplai\"],\"articleSection\":[\"Actualitat\"],\"inLanguage\":\"es\"},{\"@type\":\"WebPage\",\"@id\":\"https:\\\/\\\/fundesplai.org\\\/es\\\/informa-t\\\/actualitat-es\\\/ninos-y-jovenes-toman-la-palabra-sobre-salud-en-tarragona-radio\\\/\",\"url\":\"https:\\\/\\\/fundesplai.org\\\/es\\\/informa-t\\\/actualitat-es\\\/ninos-y-jovenes-toman-la-palabra-sobre-salud-en-tarragona-radio\\\/\",\"name\":\"Ni\u00f1os y j\u00f3venes toman la palabra sobre salud en Tarragona Radio - Fundesplai\",\"isPartOf\":{\"@id\":\"https:\\\/\\\/fundesplai.org\\\/es\\\/#website\"},\"primaryImageOfPage\":{\"@id\":\"https:\\\/\\\/fundesplai.org\\\/es\\\/informa-t\\\/actualitat-es\\\/ninos-y-jovenes-toman-la-palabra-sobre-salud-en-tarragona-radio\\\/#primaryimage\"},\"image\":{\"@id\":\"https:\\\/\\\/fundesplai.org\\\/es\\\/informa-t\\\/actualitat-es\\\/ninos-y-jovenes-toman-la-palabra-sobre-salud-en-tarragona-radio\\\/#primaryimage\"},\"thumbnailUrl\":\"https:\\\/\\\/fundesplai.org\\\/test-joomla\\\/wp-content\\\/uploads\\\/sites\\\/26\\\/2017\\\/01\\\/56832_img_0513_P.JPG\",\"datePublished\":\"2017-01-27T11:38:26+00:00\",\"author\":{\"@id\":\"https:\\\/\\\/fundesplai.org\\\/es\\\/#\\\/schema\\\/person\\\/67e7825d8ec54561cc24e36ba6b0f633\"},\"breadcrumb\":{\"@id\":\"https:\\\/\\\/fundesplai.org\\\/es\\\/informa-t\\\/actualitat-es\\\/ninos-y-jovenes-toman-la-palabra-sobre-salud-en-tarragona-radio\\\/#breadcrumb\"},\"inLanguage\":\"es\",\"potentialAction\":[{\"@type\":\"ReadAction\",\"target\":[\"https:\\\/\\\/fundesplai.org\\\/es\\\/informa-t\\\/actualitat-es\\\/ninos-y-jovenes-toman-la-palabra-sobre-salud-en-tarragona-radio\\\/\"]}]},{\"@type\":\"ImageObject\",\"inLanguage\":\"es\",\"@id\":\"https:\\\/\\\/fundesplai.org\\\/es\\\/informa-t\\\/actualitat-es\\\/ninos-y-jovenes-toman-la-palabra-sobre-salud-en-tarragona-radio\\\/#primaryimage\",\"url\":\"https:\\\/\\\/fundesplai.org\\\/test-joomla\\\/wp-content\\\/uploads\\\/sites\\\/26\\\/2017\\\/01\\\/56832_img_0513_P.JPG\",\"contentUrl\":\"https:\\\/\\\/fundesplai.org\\\/test-joomla\\\/wp-content\\\/uploads\\\/sites\\\/26\\\/2017\\\/01\\\/56832_img_0513_P.JPG\"},{\"@type\":\"BreadcrumbList\",\"@id\":\"https:\\\/\\\/fundesplai.org\\\/es\\\/informa-t\\\/actualitat-es\\\/ninos-y-jovenes-toman-la-palabra-sobre-salud-en-tarragona-radio\\\/#breadcrumb\",\"itemListElement\":[{\"@type\":\"ListItem\",\"position\":1,\"name\":\"Inici\",\"item\":\"https:\\\/\\\/fundesplai.org\\\/es\\\/inicio\\\/\"},{\"@type\":\"ListItem\",\"position\":2,\"name\":\"Inf\u00f3rmate\",\"item\":\"https:\\\/\\\/fundesplai.org\\\/es\\\/informate\\\/\"},{\"@type\":\"ListItem\",\"position\":3,\"name\":\"Sin categor\u00eda\",\"item\":\"https:\\\/\\\/fundesplai.org\\\/es\\\/informa-t\\\/category\\\/sin-categoria\\\/\"},{\"@type\":\"ListItem\",\"position\":4,\"name\":\"Ni\u00f1os y j\u00f3venes toman la palabra sobre salud en Tarragona Radio\"}]},{\"@type\":\"WebSite\",\"@id\":\"https:\\\/\\\/fundesplai.org\\\/es\\\/#website\",\"url\":\"https:\\\/\\\/fundesplai.org\\\/es\\\/\",\"name\":\"Fundesplai\",\"description\":\"Eduquem per la conviv\u00e8ncia i la sostenibilitat\",\"potentialAction\":[{\"@type\":\"SearchAction\",\"target\":{\"@type\":\"EntryPoint\",\"urlTemplate\":\"https:\\\/\\\/fundesplai.org\\\/es\\\/?s={search_term_string}\"},\"query-input\":{\"@type\":\"PropertyValueSpecification\",\"valueRequired\":true,\"valueName\":\"search_term_string\"}}],\"inLanguage\":\"es\"},{\"@type\":\"Person\",\"@id\":\"https:\\\/\\\/fundesplai.org\\\/es\\\/#\\\/schema\\\/person\\\/67e7825d8ec54561cc24e36ba6b0f633\",\"name\":\"Ferran\",\"image\":{\"@type\":\"ImageObject\",\"inLanguage\":\"es\",\"@id\":\"https:\\\/\\\/secure.gravatar.com\\\/avatar\\\/a3510350976b58aae6eccd1e36f066b660a69ef63f97fde3cba8205db7db816a?s=96&d=mm&r=g\",\"url\":\"https:\\\/\\\/secure.gravatar.com\\\/avatar\\\/a3510350976b58aae6eccd1e36f066b660a69ef63f97fde3cba8205db7db816a?s=96&d=mm&r=g\",\"contentUrl\":\"https:\\\/\\\/secure.gravatar.com\\\/avatar\\\/a3510350976b58aae6eccd1e36f066b660a69ef63f97fde3cba8205db7db816a?s=96&d=mm&r=g\",\"caption\":\"Ferran\"},\"url\":\"https:\\\/\\\/fundesplai.org\\\/es\\\/informa-t\\\/author\\\/fvidal\\\/\"}]}<\/script>\n<!-- \/ Yoast SEO plugin. -->","yoast_head_json":{"title":"Ni\u00f1os y j\u00f3venes toman la palabra sobre salud en Tarragona Radio - Fundesplai","robots":{"index":"index","follow":"follow","max-snippet":"max-snippet:-1","max-image-preview":"max-image-preview:large","max-video-preview":"max-video-preview:-1"},"canonical":"https:\/\/fundesplai.org\/es\/informa-t\/actualitat-es\/ninos-y-jovenes-toman-la-palabra-sobre-salud-en-tarragona-radio\/","og_locale":"es_ES","og_type":"article","og_title":"Ni\u00f1os y j\u00f3venes toman la palabra sobre salud en Tarragona Radio - Fundesplai","og_description":"Este viernes d\u00eda 27 de enero, ha comenzado la nueva edici\u00f3n&nbsp;del espacio radiof\u00f3nico vinculado al programa&#8230;","og_url":"https:\/\/fundesplai.org\/es\/informa-t\/actualitat-es\/ninos-y-jovenes-toman-la-palabra-sobre-salud-en-tarragona-radio\/","og_site_name":"Fundesplai","article_published_time":"2017-01-27T11:38:26+00:00","og_image":[{"url":"https:\/\/fundesplai.org\/test-joomla\/wp-content\/uploads\/sites\/26\/2017\/01\/56832_img_0513_P.JPG","type":"","width":"","height":""}],"author":"Ferran","twitter_card":"summary_large_image","twitter_misc":{"Escrito por":"Ferran","Tiempo de lectura":"1 minuto"},"schema":{"@context":"https:\/\/schema.org","@graph":[{"@type":"Article","@id":"https:\/\/fundesplai.org\/es\/informa-t\/actualitat-es\/ninos-y-jovenes-toman-la-palabra-sobre-salud-en-tarragona-radio\/#article","isPartOf":{"@id":"https:\/\/fundesplai.org\/es\/informa-t\/actualitat-es\/ninos-y-jovenes-toman-la-palabra-sobre-salud-en-tarragona-radio\/"},"author":{"name":"Ferran","@id":"https:\/\/fundesplai.org\/es\/#\/schema\/person\/67e7825d8ec54561cc24e36ba6b0f633"},"headline":"Ni\u00f1os y j\u00f3venes toman la palabra sobre salud en Tarragona Radio","datePublished":"2017-01-27T11:38:26+00:00","mainEntityOfPage":{"@id":"https:\/\/fundesplai.org\/es\/informa-t\/actualitat-es\/ninos-y-jovenes-toman-la-palabra-sobre-salud-en-tarragona-radio\/"},"wordCount":193,"image":{"@id":"https:\/\/fundesplai.org\/es\/informa-t\/actualitat-es\/ninos-y-jovenes-toman-la-palabra-sobre-salud-en-tarragona-radio\/#primaryimage"},"thumbnailUrl":"https:\/\/fundesplai.org\/test-joomla\/wp-content\/uploads\/sites\/26\/2017\/01\/56832_img_0513_P.JPG","keywords":["fundesplai"],"articleSection":["Actualitat"],"inLanguage":"es"},{"@type":"WebPage","@id":"https:\/\/fundesplai.org\/es\/informa-t\/actualitat-es\/ninos-y-jovenes-toman-la-palabra-sobre-salud-en-tarragona-radio\/","url":"https:\/\/fundesplai.org\/es\/informa-t\/actualitat-es\/ninos-y-jovenes-toman-la-palabra-sobre-salud-en-tarragona-radio\/","name":"Ni\u00f1os y j\u00f3venes toman la palabra sobre salud en Tarragona Radio - Fundesplai","isPartOf":{"@id":"https:\/\/fundesplai.org\/es\/#website"},"primaryImageOfPage":{"@id":"https:\/\/fundesplai.org\/es\/informa-t\/actualitat-es\/ninos-y-jovenes-toman-la-palabra-sobre-salud-en-tarragona-radio\/#primaryimage"},"image":{"@id":"https:\/\/fundesplai.org\/es\/informa-t\/actualitat-es\/ninos-y-jovenes-toman-la-palabra-sobre-salud-en-tarragona-radio\/#primaryimage"},"thumbnailUrl":"https:\/\/fundesplai.org\/test-joomla\/wp-content\/uploads\/sites\/26\/2017\/01\/56832_img_0513_P.JPG","datePublished":"2017-01-27T11:38:26+00:00","author":{"@id":"https:\/\/fundesplai.org\/es\/#\/schema\/person\/67e7825d8ec54561cc24e36ba6b0f633"},"breadcrumb":{"@id":"https:\/\/fundesplai.org\/es\/informa-t\/actualitat-es\/ninos-y-jovenes-toman-la-palabra-sobre-salud-en-tarragona-radio\/#breadcrumb"},"inLanguage":"es","potentialAction":[{"@type":"ReadAction","target":["https:\/\/fundesplai.org\/es\/informa-t\/actualitat-es\/ninos-y-jovenes-toman-la-palabra-sobre-salud-en-tarragona-radio\/"]}]},{"@type":"ImageObject","inLanguage":"es","@id":"https:\/\/fundesplai.org\/es\/informa-t\/actualitat-es\/ninos-y-jovenes-toman-la-palabra-sobre-salud-en-tarragona-radio\/#primaryimage","url":"https:\/\/fundesplai.org\/test-joomla\/wp-content\/uploads\/sites\/26\/2017\/01\/56832_img_0513_P.JPG","contentUrl":"https:\/\/fundesplai.org\/test-joomla\/wp-content\/uploads\/sites\/26\/2017\/01\/56832_img_0513_P.JPG"},{"@type":"BreadcrumbList","@id":"https:\/\/fundesplai.org\/es\/informa-t\/actualitat-es\/ninos-y-jovenes-toman-la-palabra-sobre-salud-en-tarragona-radio\/#breadcrumb","itemListElement":[{"@type":"ListItem","position":1,"name":"Inici","item":"https:\/\/fundesplai.org\/es\/inicio\/"},{"@type":"ListItem","position":2,"name":"Inf\u00f3rmate","item":"https:\/\/fundesplai.org\/es\/informate\/"},{"@type":"ListItem","position":3,"name":"Sin categor\u00eda","item":"https:\/\/fundesplai.org\/es\/informa-t\/category\/sin-categoria\/"},{"@type":"ListItem","position":4,"name":"Ni\u00f1os y j\u00f3venes toman la palabra sobre salud en Tarragona Radio"}]},{"@type":"WebSite","@id":"https:\/\/fundesplai.org\/es\/#website","url":"https:\/\/fundesplai.org\/es\/","name":"Fundesplai","description":"Eduquem per la conviv\u00e8ncia i la sostenibilitat","potentialAction":[{"@type":"SearchAction","target":{"@type":"EntryPoint","urlTemplate":"https:\/\/fundesplai.org\/es\/?s={search_term_string}"},"query-input":{"@type":"PropertyValueSpecification","valueRequired":true,"valueName":"search_term_string"}}],"inLanguage":"es"},{"@type":"Person","@id":"https:\/\/fundesplai.org\/es\/#\/schema\/person\/67e7825d8ec54561cc24e36ba6b0f633","name":"Ferran","image":{"@type":"ImageObject","inLanguage":"es","@id":"https:\/\/secure.gravatar.com\/avatar\/a3510350976b58aae6eccd1e36f066b660a69ef63f97fde3cba8205db7db816a?s=96&d=mm&r=g","url":"https:\/\/secure.gravatar.com\/avatar\/a3510350976b58aae6eccd1e36f066b660a69ef63f97fde3cba8205db7db816a?s=96&d=mm&r=g","contentUrl":"https:\/\/secure.gravatar.com\/avatar\/a3510350976b58aae6eccd1e36f066b660a69ef63f97fde3cba8205db7db816a?s=96&d=mm&r=g","caption":"Ferran"},"url":"https:\/\/fundesplai.org\/es\/informa-t\/author\/fvidal\/"}]}},"_links":{"self":[{"href":"https:\/\/fundesplai.org\/es\/wp-json\/wp\/v2\/posts\/47682","targetHints":{"allow":["GET"]}}],"collection":[{"href":"https:\/\/fundesplai.org\/es\/wp-json\/wp\/v2\/posts"}],"about":[{"href":"https:\/\/fundesplai.org\/es\/wp-json\/wp\/v2\/types\/post"}],"author":[{"embeddable":true,"href":"https:\/\/fundesplai.org\/es\/wp-json\/wp\/v2\/users\/4"}],"replies":[{"embeddable":true,"href":"https:\/\/fundesplai.org\/es\/wp-json\/wp\/v2\/comments?post=47682"}],"version-history":[{"count":0,"href":"https:\/\/fundesplai.org\/es\/wp-json\/wp\/v2\/posts\/47682\/revisions"}],"wp:attachment":[{"href":"https:\/\/fundesplai.org\/es\/wp-json\/wp\/v2\/media?parent=47682"}],"wp:term":[{"taxonomy":"category","embeddable":true,"href":"https:\/\/fundesplai.org\/es\/wp-json\/wp\/v2\/categories?post=47682"},{"taxonomy":"post_tag","embeddable":true,"href":"https:\/\/fundesplai.org\/es\/wp-json\/wp\/v2\/tags?post=47682"}],"curies":[{"name":"wp","href":"https:\/\/api.w.org\/{rel}","templated":true}]}}