{"id":47676,"date":"2017-01-17T14:36:29","date_gmt":"2017-01-17T13:36:29","guid":{"rendered":"https:\/\/fundesplai.org\/informa-t\/sense-categoria\/6a-jornada-de-intercambio-de-experiencias-de-aprendizaje-servicio\/"},"modified":"2017-01-17T14:36:29","modified_gmt":"2017-01-17T13:36:29","slug":"6a-jornada-de-intercambio-de-experiencias-de-aprendizaje-servicio","status":"publish","type":"post","link":"https:\/\/fundesplai.org\/es\/informa-t\/actualitat-es\/6a-jornada-de-intercambio-de-experiencias-de-aprendizaje-servicio\/","title":{"rendered":"6\u00aa Jornada de Intercambio de Experiencias de Aprendizaje Servicio"},"content":{"rendered":"<p>Este viernes 20 de enero de 16 a 20.30h&#8230;<\/p>\n<p><!--more--><\/p>\n<p><img loading=\"lazy\" decoding=\"async\" class=\" alignleft size-full wp-image-3843\" style=\"margin: 5px;float: left\" src=\"https:\/\/fundesplai.org\/test-joomla\/wp-content\/uploads\/sites\/26\/2017\/01\/JornadesAPS.jpg\" alt=\"JornadasAPS\" width=\"350\" height=\"220\">Este viernes 20 de enero de 16 a 20.30h, en el Centro de Cultura Contempor\u00e1nea de Barcelona, tendr\u00e1 lugar la &nbsp;<strong>6\u00aa Jornada de Intercambio de Experiencias de Aprendizaje Servicio<\/strong>, organizada por la &nbsp;<a href=\"http:\/\/www.fbofill.cat\/\">Fundaci\u00f3n Jaume Bofill <\/a>&nbsp;y el&nbsp;<a href=\"http:\/\/www.aprenentatgeservei.org\/index.php\">Centro Promotor de Aprendizaje Servicio <\/a>&nbsp;(ApS) de Catalu\u00f1a.<\/p>\n<p>La jornada quiere ser un espacio de intercambio y reflexi\u00f3n en torno a esta metodolog\u00eda educativa donde los ni\u00f1os y los j\u00f3venes aprenden unas habilidades para desarrollar un proyecto para luego hacer un servicio que beneficia a toda la comunidad.<\/p>\n<p>El acto se iniciar\u00e1 a las 16 con los talleres \u00abProponemos servicio con sentido a los centros educativos\u00bb por&nbsp;<strong>Laura Rubio<\/strong>, profesora de la Facultad de Educaci\u00f3n (Universidad de Barcelona); \u00abCreamos espacios de reflexi\u00f3n en los proyectos\u00bb por&nbsp;<strong>Marta Ballv\u00e9<\/strong>, profesora de la Escuela Virgen de los \u00c1ngeles (Barcelona); y \u00abTrabajamos por proyectos con servicio a la comunidad\u00bb&nbsp;<strong>Xus Mart\u00edn<\/strong>, profesora de la Facultad de Educaci\u00f3n (Universidad de Barcelona).<\/p>\n<p>Posteriormente, el acto contar\u00e1 con la participaci\u00f3n de diferentes representantes de los \u00e1mbitos educativos y sociales que explicar\u00e1n sus experiencias en el campo de la Aps. Entre estas experiencias se encuentra \u00ab\u00a1Defender ideas a trav\u00e9s de los cortometrajes!\u00bb, que explicar\u00e1&nbsp;<strong>Laura Riscos<\/strong>, de L&#8217;Esplai Fontsanta- Fundesplai (Cornell\u00e0) a las 20.30h.&nbsp;Antes, a las 18h,&nbsp;<strong>Josep Maria Alf\u00e9s<\/strong>, profesor de filosof\u00eda de la Universidad de Barcelona, impartir\u00e1 la conferencia \u00abLa comunidad y el secreto de la formaci\u00f3n\u00bb .<\/p>\n<p><a href=\"http:\/\/www.fbofill.cat\/agenda\/6a-jornada-dintercanvi-dexperiencies-daprenentatge-servei\">M\u00e1s informaci\u00f3n<\/a><\/p>\n","protected":false},"excerpt":{"rendered":"<p>Este viernes 20 de enero de 16 a 20.30h&#8230;<\/p>\n","protected":false},"author":9,"featured_media":0,"comment_status":"closed","ping_status":"closed","sticky":false,"template":"","format":"standard","meta":{"_et_pb_use_builder":"","_et_pb_old_content":"","_et_gb_content_width":"","footnotes":""},"categories":[937],"tags":[],"class_list":["post-47676","post","type-post","status-publish","format-standard","hentry","category-actualitat-es"],"yoast_head":"<!-- This site is optimized with the Yoast SEO plugin v27.4 - https:\/\/yoast.com\/product\/yoast-seo-wordpress\/ -->\n<title>6\u00aa Jornada de Intercambio de Experiencias de Aprendizaje Servicio - Fundesplai<\/title>\n<meta name=\"robots\" content=\"index, follow, max-snippet:-1, max-image-preview:large, max-video-preview:-1\" \/>\n<link rel=\"canonical\" href=\"https:\/\/fundesplai.org\/es\/informa-t\/actualitat-es\/6a-jornada-de-intercambio-de-experiencias-de-aprendizaje-servicio\/\" \/>\n<meta property=\"og:locale\" content=\"es_ES\" \/>\n<meta property=\"og:type\" content=\"article\" \/>\n<meta property=\"og:title\" content=\"6\u00aa Jornada de Intercambio de Experiencias de Aprendizaje Servicio - Fundesplai\" \/>\n<meta property=\"og:description\" content=\"Este viernes 20 de enero de 16 a 20.30h&#8230;\" \/>\n<meta property=\"og:url\" content=\"https:\/\/fundesplai.org\/es\/informa-t\/actualitat-es\/6a-jornada-de-intercambio-de-experiencias-de-aprendizaje-servicio\/\" \/>\n<meta property=\"og:site_name\" content=\"Fundesplai\" \/>\n<meta property=\"article:published_time\" content=\"2017-01-17T13:36:29+00:00\" \/>\n<meta property=\"og:image\" content=\"https:\/\/fundesplai.org\/test-joomla\/wp-content\/uploads\/sites\/26\/2017\/01\/JornadesAPS.jpg\" \/>\n<meta name=\"author\" content=\"Alfons Valle\" \/>\n<meta name=\"twitter:card\" content=\"summary_large_image\" \/>\n<meta name=\"twitter:label1\" content=\"Escrito por\" \/>\n\t<meta name=\"twitter:data1\" content=\"Alfons Valle\" \/>\n\t<meta name=\"twitter:label2\" content=\"Tiempo de lectura\" \/>\n\t<meta name=\"twitter:data2\" content=\"1 minuto\" \/>\n<script type=\"application\/ld+json\" class=\"yoast-schema-graph\">{\"@context\":\"https:\\\/\\\/schema.org\",\"@graph\":[{\"@type\":\"Article\",\"@id\":\"https:\\\/\\\/fundesplai.org\\\/es\\\/informa-t\\\/actualitat-es\\\/6a-jornada-de-intercambio-de-experiencias-de-aprendizaje-servicio\\\/#article\",\"isPartOf\":{\"@id\":\"https:\\\/\\\/fundesplai.org\\\/es\\\/informa-t\\\/actualitat-es\\\/6a-jornada-de-intercambio-de-experiencias-de-aprendizaje-servicio\\\/\"},\"author\":{\"name\":\"Alfons Valle\",\"@id\":\"https:\\\/\\\/fundesplai.org\\\/es\\\/#\\\/schema\\\/person\\\/c0e9e7466bb8ac06f5264324a6109733\"},\"headline\":\"6\u00aa Jornada de Intercambio de Experiencias de Aprendizaje Servicio\",\"datePublished\":\"2017-01-17T13:36:29+00:00\",\"mainEntityOfPage\":{\"@id\":\"https:\\\/\\\/fundesplai.org\\\/es\\\/informa-t\\\/actualitat-es\\\/6a-jornada-de-intercambio-de-experiencias-de-aprendizaje-servicio\\\/\"},\"wordCount\":274,\"image\":{\"@id\":\"https:\\\/\\\/fundesplai.org\\\/es\\\/informa-t\\\/actualitat-es\\\/6a-jornada-de-intercambio-de-experiencias-de-aprendizaje-servicio\\\/#primaryimage\"},\"thumbnailUrl\":\"https:\\\/\\\/fundesplai.org\\\/test-joomla\\\/wp-content\\\/uploads\\\/sites\\\/26\\\/2017\\\/01\\\/JornadesAPS.jpg\",\"articleSection\":[\"Actualitat\"],\"inLanguage\":\"es\"},{\"@type\":\"WebPage\",\"@id\":\"https:\\\/\\\/fundesplai.org\\\/es\\\/informa-t\\\/actualitat-es\\\/6a-jornada-de-intercambio-de-experiencias-de-aprendizaje-servicio\\\/\",\"url\":\"https:\\\/\\\/fundesplai.org\\\/es\\\/informa-t\\\/actualitat-es\\\/6a-jornada-de-intercambio-de-experiencias-de-aprendizaje-servicio\\\/\",\"name\":\"6\u00aa Jornada de Intercambio de Experiencias de Aprendizaje Servicio - Fundesplai\",\"isPartOf\":{\"@id\":\"https:\\\/\\\/fundesplai.org\\\/es\\\/#website\"},\"primaryImageOfPage\":{\"@id\":\"https:\\\/\\\/fundesplai.org\\\/es\\\/informa-t\\\/actualitat-es\\\/6a-jornada-de-intercambio-de-experiencias-de-aprendizaje-servicio\\\/#primaryimage\"},\"image\":{\"@id\":\"https:\\\/\\\/fundesplai.org\\\/es\\\/informa-t\\\/actualitat-es\\\/6a-jornada-de-intercambio-de-experiencias-de-aprendizaje-servicio\\\/#primaryimage\"},\"thumbnailUrl\":\"https:\\\/\\\/fundesplai.org\\\/test-joomla\\\/wp-content\\\/uploads\\\/sites\\\/26\\\/2017\\\/01\\\/JornadesAPS.jpg\",\"datePublished\":\"2017-01-17T13:36:29+00:00\",\"author\":{\"@id\":\"https:\\\/\\\/fundesplai.org\\\/es\\\/#\\\/schema\\\/person\\\/c0e9e7466bb8ac06f5264324a6109733\"},\"breadcrumb\":{\"@id\":\"https:\\\/\\\/fundesplai.org\\\/es\\\/informa-t\\\/actualitat-es\\\/6a-jornada-de-intercambio-de-experiencias-de-aprendizaje-servicio\\\/#breadcrumb\"},\"inLanguage\":\"es\",\"potentialAction\":[{\"@type\":\"ReadAction\",\"target\":[\"https:\\\/\\\/fundesplai.org\\\/es\\\/informa-t\\\/actualitat-es\\\/6a-jornada-de-intercambio-de-experiencias-de-aprendizaje-servicio\\\/\"]}]},{\"@type\":\"ImageObject\",\"inLanguage\":\"es\",\"@id\":\"https:\\\/\\\/fundesplai.org\\\/es\\\/informa-t\\\/actualitat-es\\\/6a-jornada-de-intercambio-de-experiencias-de-aprendizaje-servicio\\\/#primaryimage\",\"url\":\"https:\\\/\\\/fundesplai.org\\\/test-joomla\\\/wp-content\\\/uploads\\\/sites\\\/26\\\/2017\\\/01\\\/JornadesAPS.jpg\",\"contentUrl\":\"https:\\\/\\\/fundesplai.org\\\/test-joomla\\\/wp-content\\\/uploads\\\/sites\\\/26\\\/2017\\\/01\\\/JornadesAPS.jpg\"},{\"@type\":\"BreadcrumbList\",\"@id\":\"https:\\\/\\\/fundesplai.org\\\/es\\\/informa-t\\\/actualitat-es\\\/6a-jornada-de-intercambio-de-experiencias-de-aprendizaje-servicio\\\/#breadcrumb\",\"itemListElement\":[{\"@type\":\"ListItem\",\"position\":1,\"name\":\"Inici\",\"item\":\"https:\\\/\\\/fundesplai.org\\\/es\\\/inicio\\\/\"},{\"@type\":\"ListItem\",\"position\":2,\"name\":\"Inf\u00f3rmate\",\"item\":\"https:\\\/\\\/fundesplai.org\\\/es\\\/informate\\\/\"},{\"@type\":\"ListItem\",\"position\":3,\"name\":\"Sin categor\u00eda\",\"item\":\"https:\\\/\\\/fundesplai.org\\\/es\\\/informa-t\\\/category\\\/sin-categoria\\\/\"},{\"@type\":\"ListItem\",\"position\":4,\"name\":\"6\u00aa Jornada de Intercambio de Experiencias de Aprendizaje Servicio\"}]},{\"@type\":\"WebSite\",\"@id\":\"https:\\\/\\\/fundesplai.org\\\/es\\\/#website\",\"url\":\"https:\\\/\\\/fundesplai.org\\\/es\\\/\",\"name\":\"Fundesplai\",\"description\":\"Eduquem per la conviv\u00e8ncia i la sostenibilitat\",\"potentialAction\":[{\"@type\":\"SearchAction\",\"target\":{\"@type\":\"EntryPoint\",\"urlTemplate\":\"https:\\\/\\\/fundesplai.org\\\/es\\\/?s={search_term_string}\"},\"query-input\":{\"@type\":\"PropertyValueSpecification\",\"valueRequired\":true,\"valueName\":\"search_term_string\"}}],\"inLanguage\":\"es\"},{\"@type\":\"Person\",\"@id\":\"https:\\\/\\\/fundesplai.org\\\/es\\\/#\\\/schema\\\/person\\\/c0e9e7466bb8ac06f5264324a6109733\",\"name\":\"Alfons Valle\",\"image\":{\"@type\":\"ImageObject\",\"inLanguage\":\"es\",\"@id\":\"https:\\\/\\\/secure.gravatar.com\\\/avatar\\\/71d95a3f99a068ba570ac1314ed6911a59c5ae3f22ffcf23631cd1a861a640bc?s=96&d=mm&r=g\",\"url\":\"https:\\\/\\\/secure.gravatar.com\\\/avatar\\\/71d95a3f99a068ba570ac1314ed6911a59c5ae3f22ffcf23631cd1a861a640bc?s=96&d=mm&r=g\",\"contentUrl\":\"https:\\\/\\\/secure.gravatar.com\\\/avatar\\\/71d95a3f99a068ba570ac1314ed6911a59c5ae3f22ffcf23631cd1a861a640bc?s=96&d=mm&r=g\",\"caption\":\"Alfons Valle\"},\"url\":\"https:\\\/\\\/fundesplai.org\\\/es\\\/informa-t\\\/author\\\/avalle\\\/\"}]}<\/script>\n<!-- \/ Yoast SEO plugin. -->","yoast_head_json":{"title":"6\u00aa Jornada de Intercambio de Experiencias de Aprendizaje Servicio - Fundesplai","robots":{"index":"index","follow":"follow","max-snippet":"max-snippet:-1","max-image-preview":"max-image-preview:large","max-video-preview":"max-video-preview:-1"},"canonical":"https:\/\/fundesplai.org\/es\/informa-t\/actualitat-es\/6a-jornada-de-intercambio-de-experiencias-de-aprendizaje-servicio\/","og_locale":"es_ES","og_type":"article","og_title":"6\u00aa Jornada de Intercambio de Experiencias de Aprendizaje Servicio - Fundesplai","og_description":"Este viernes 20 de enero de 16 a 20.30h&#8230;","og_url":"https:\/\/fundesplai.org\/es\/informa-t\/actualitat-es\/6a-jornada-de-intercambio-de-experiencias-de-aprendizaje-servicio\/","og_site_name":"Fundesplai","article_published_time":"2017-01-17T13:36:29+00:00","og_image":[{"url":"https:\/\/fundesplai.org\/test-joomla\/wp-content\/uploads\/sites\/26\/2017\/01\/JornadesAPS.jpg","type":"","width":"","height":""}],"author":"Alfons Valle","twitter_card":"summary_large_image","twitter_misc":{"Escrito por":"Alfons Valle","Tiempo de lectura":"1 minuto"},"schema":{"@context":"https:\/\/schema.org","@graph":[{"@type":"Article","@id":"https:\/\/fundesplai.org\/es\/informa-t\/actualitat-es\/6a-jornada-de-intercambio-de-experiencias-de-aprendizaje-servicio\/#article","isPartOf":{"@id":"https:\/\/fundesplai.org\/es\/informa-t\/actualitat-es\/6a-jornada-de-intercambio-de-experiencias-de-aprendizaje-servicio\/"},"author":{"name":"Alfons Valle","@id":"https:\/\/fundesplai.org\/es\/#\/schema\/person\/c0e9e7466bb8ac06f5264324a6109733"},"headline":"6\u00aa Jornada de Intercambio de Experiencias de Aprendizaje Servicio","datePublished":"2017-01-17T13:36:29+00:00","mainEntityOfPage":{"@id":"https:\/\/fundesplai.org\/es\/informa-t\/actualitat-es\/6a-jornada-de-intercambio-de-experiencias-de-aprendizaje-servicio\/"},"wordCount":274,"image":{"@id":"https:\/\/fundesplai.org\/es\/informa-t\/actualitat-es\/6a-jornada-de-intercambio-de-experiencias-de-aprendizaje-servicio\/#primaryimage"},"thumbnailUrl":"https:\/\/fundesplai.org\/test-joomla\/wp-content\/uploads\/sites\/26\/2017\/01\/JornadesAPS.jpg","articleSection":["Actualitat"],"inLanguage":"es"},{"@type":"WebPage","@id":"https:\/\/fundesplai.org\/es\/informa-t\/actualitat-es\/6a-jornada-de-intercambio-de-experiencias-de-aprendizaje-servicio\/","url":"https:\/\/fundesplai.org\/es\/informa-t\/actualitat-es\/6a-jornada-de-intercambio-de-experiencias-de-aprendizaje-servicio\/","name":"6\u00aa Jornada de Intercambio de Experiencias de Aprendizaje Servicio - Fundesplai","isPartOf":{"@id":"https:\/\/fundesplai.org\/es\/#website"},"primaryImageOfPage":{"@id":"https:\/\/fundesplai.org\/es\/informa-t\/actualitat-es\/6a-jornada-de-intercambio-de-experiencias-de-aprendizaje-servicio\/#primaryimage"},"image":{"@id":"https:\/\/fundesplai.org\/es\/informa-t\/actualitat-es\/6a-jornada-de-intercambio-de-experiencias-de-aprendizaje-servicio\/#primaryimage"},"thumbnailUrl":"https:\/\/fundesplai.org\/test-joomla\/wp-content\/uploads\/sites\/26\/2017\/01\/JornadesAPS.jpg","datePublished":"2017-01-17T13:36:29+00:00","author":{"@id":"https:\/\/fundesplai.org\/es\/#\/schema\/person\/c0e9e7466bb8ac06f5264324a6109733"},"breadcrumb":{"@id":"https:\/\/fundesplai.org\/es\/informa-t\/actualitat-es\/6a-jornada-de-intercambio-de-experiencias-de-aprendizaje-servicio\/#breadcrumb"},"inLanguage":"es","potentialAction":[{"@type":"ReadAction","target":["https:\/\/fundesplai.org\/es\/informa-t\/actualitat-es\/6a-jornada-de-intercambio-de-experiencias-de-aprendizaje-servicio\/"]}]},{"@type":"ImageObject","inLanguage":"es","@id":"https:\/\/fundesplai.org\/es\/informa-t\/actualitat-es\/6a-jornada-de-intercambio-de-experiencias-de-aprendizaje-servicio\/#primaryimage","url":"https:\/\/fundesplai.org\/test-joomla\/wp-content\/uploads\/sites\/26\/2017\/01\/JornadesAPS.jpg","contentUrl":"https:\/\/fundesplai.org\/test-joomla\/wp-content\/uploads\/sites\/26\/2017\/01\/JornadesAPS.jpg"},{"@type":"BreadcrumbList","@id":"https:\/\/fundesplai.org\/es\/informa-t\/actualitat-es\/6a-jornada-de-intercambio-de-experiencias-de-aprendizaje-servicio\/#breadcrumb","itemListElement":[{"@type":"ListItem","position":1,"name":"Inici","item":"https:\/\/fundesplai.org\/es\/inicio\/"},{"@type":"ListItem","position":2,"name":"Inf\u00f3rmate","item":"https:\/\/fundesplai.org\/es\/informate\/"},{"@type":"ListItem","position":3,"name":"Sin categor\u00eda","item":"https:\/\/fundesplai.org\/es\/informa-t\/category\/sin-categoria\/"},{"@type":"ListItem","position":4,"name":"6\u00aa Jornada de Intercambio de Experiencias de Aprendizaje Servicio"}]},{"@type":"WebSite","@id":"https:\/\/fundesplai.org\/es\/#website","url":"https:\/\/fundesplai.org\/es\/","name":"Fundesplai","description":"Eduquem per la conviv\u00e8ncia i la sostenibilitat","potentialAction":[{"@type":"SearchAction","target":{"@type":"EntryPoint","urlTemplate":"https:\/\/fundesplai.org\/es\/?s={search_term_string}"},"query-input":{"@type":"PropertyValueSpecification","valueRequired":true,"valueName":"search_term_string"}}],"inLanguage":"es"},{"@type":"Person","@id":"https:\/\/fundesplai.org\/es\/#\/schema\/person\/c0e9e7466bb8ac06f5264324a6109733","name":"Alfons Valle","image":{"@type":"ImageObject","inLanguage":"es","@id":"https:\/\/secure.gravatar.com\/avatar\/71d95a3f99a068ba570ac1314ed6911a59c5ae3f22ffcf23631cd1a861a640bc?s=96&d=mm&r=g","url":"https:\/\/secure.gravatar.com\/avatar\/71d95a3f99a068ba570ac1314ed6911a59c5ae3f22ffcf23631cd1a861a640bc?s=96&d=mm&r=g","contentUrl":"https:\/\/secure.gravatar.com\/avatar\/71d95a3f99a068ba570ac1314ed6911a59c5ae3f22ffcf23631cd1a861a640bc?s=96&d=mm&r=g","caption":"Alfons Valle"},"url":"https:\/\/fundesplai.org\/es\/informa-t\/author\/avalle\/"}]}},"_links":{"self":[{"href":"https:\/\/fundesplai.org\/es\/wp-json\/wp\/v2\/posts\/47676","targetHints":{"allow":["GET"]}}],"collection":[{"href":"https:\/\/fundesplai.org\/es\/wp-json\/wp\/v2\/posts"}],"about":[{"href":"https:\/\/fundesplai.org\/es\/wp-json\/wp\/v2\/types\/post"}],"author":[{"embeddable":true,"href":"https:\/\/fundesplai.org\/es\/wp-json\/wp\/v2\/users\/9"}],"replies":[{"embeddable":true,"href":"https:\/\/fundesplai.org\/es\/wp-json\/wp\/v2\/comments?post=47676"}],"version-history":[{"count":0,"href":"https:\/\/fundesplai.org\/es\/wp-json\/wp\/v2\/posts\/47676\/revisions"}],"wp:attachment":[{"href":"https:\/\/fundesplai.org\/es\/wp-json\/wp\/v2\/media?parent=47676"}],"wp:term":[{"taxonomy":"category","embeddable":true,"href":"https:\/\/fundesplai.org\/es\/wp-json\/wp\/v2\/categories?post=47676"},{"taxonomy":"post_tag","embeddable":true,"href":"https:\/\/fundesplai.org\/es\/wp-json\/wp\/v2\/tags?post=47676"}],"curies":[{"name":"wp","href":"https:\/\/api.w.org\/{rel}","templated":true}]}}