{"id":47674,"date":"2017-01-16T18:58:29","date_gmt":"2017-01-16T17:58:29","guid":{"rendered":"https:\/\/fundesplai.org\/informa-t\/sense-categoria\/inicio-de-ano-con-cursos-gratuitos\/"},"modified":"2017-01-16T18:58:29","modified_gmt":"2017-01-16T17:58:29","slug":"inicio-de-ano-con-cursos-gratuitos","status":"publish","type":"post","link":"https:\/\/fundesplai.org\/es\/informa-t\/actualitat-es\/inicio-de-ano-con-cursos-gratuitos\/","title":{"rendered":"Inicio de a\u00f1o con cursos gratuitos!"},"content":{"rendered":"<p>Cursos de profesional e inicio de cocina, contabilidad, auxiliar administrativo\/a, Office Excel, protecci\u00f3n de datos&#8230; Desde Fundesplai ofrecemos&#8230;<\/p>\n<p><!--more--><\/p>\n<p>Cursos de profesional y de inicio de cocina, contabilidad, auxiliar administrativo\/a, Office Excel, protecci\u00f3n de datos&#8230; Desde Fundesplai ofrecemos este inicio de a\u00f1o un mont\u00f3n de formaciones, muchas de ellas subvencionadas, tanto para personas que est\u00e1n en paro como para trabajadores en activo!<\/p>\n<p>En cuanto a los cursos para personas en paro, ahora mismo est\u00e1n abiertas las incripciones para las siguientes formaciones, todas ellas gratuitas:<\/p>\n<ul>\n<li class=\"first\"><a href=\"ca\/formacio\/formacio-subvencionada\/cursos-atur\/108-curs-de-cuiner-a-curs-de-professional-de-cuina-cuiner\">CURSO DE COCINERO\/A: CURSO DE PROFESIONAL DE COCINA\/COCINERO<\/a><\/li>\n<li><a href=\"ca\/formacio\/formacio-subvencionada\/cursos-atur\/90-curs-de\">CURSO DE INICIACI\u00d3N A LA COCINA<\/a><\/li>\n<li class=\"last\"><a href=\"ca\/formacio\/formacio-subvencionada\/cursos-atur\/293-operacions-auxiliars-de-serveis-administratius-i-generals-subvencionat\">OPERACIONES AUXILIARES DE SERVICIOS ADMINISTRATIVOS Y GENERALES (SUBVENCIONADO)<\/a><\/li>\n<\/ul>\n<p>Trabajadores\/as en activo tambi\u00e9n pueden acceder a diferentes cursos, muchos de ellos subvencionados. La oferta actual de formaciones es:&nbsp;<\/p>\n<ul>\n<li class=\"first\"><a href=\"ca\/formacio\/formacio-subvencionada\/formacio-per-a-treballadors-en-actiu\/301-curs-de-manipulacio-d-aliments\">CURSO DE MANIPULACI\u00d3N DE ALIMENTOS (SUBVENCIONADO)<\/a><\/li>\n<li><a href=\"ca\/formacio\/formacio-subvencionada\/formacio-per-a-treballadors-en-actiu\/119-curs-de-cuina-vegetariana-som-el-que-mengem-i-com-ho-mengem\" style=\"background-color: transparent\">CURSO DE COCINA VEGETARIANA: SOMOS LO QUE COMEMOS Y C\u00d3MO LO COMEMOS<\/a><\/li>\n<li><a href=\"ca\/formacio\/formacio-subvencionada\/formacio-per-a-treballadors-en-actiu\/345-comptabilitat-basica\" style=\"background-color: transparent\">CONTABILIDAD B\u00c1SICA (SUBVENCIONADO)<\/a><\/li>\n<li><a href=\"ca\/formacio\/formacio-subvencionada\/formacio-per-a-treballadors-en-actiu\/344-llei-de-proteccio-de-dades-personals\">LEY DE PROTECCI\u00d3N DE DATOS PERSONALES (SUBVENCIONADO)<\/a><\/li>\n<li><a href=\"ca\/formacio\/formacio-subvencionada\/formacio-per-a-treballadors-en-actiu\/348-llei-de-proteccio-de-dades-personals-online-subvencionat\">LEY DE PROTECCI\u00d3N DE DATOS PERSONALES ONLINE (SUBVENCIONADO<\/a><\/li>\n<li><a href=\"ca\/formacio\/formacio-subvencionada\/formacio-per-a-treballadors-en-actiu\/327-microsoft-office-excel-subvencionat-el-prat-de-llobregat-2\">MICROSOFT OFFICE EXCEL (SUBVENCIONADO)<\/a><\/li>\n<li class=\"last\"><a href=\"ca\/formacio\/formacio-subvencionada\/formacio-per-a-treballadors-en-actiu\/350-microsoft-office-excel-online-subvencionat-2\">MICROSOFT OFFICE EXCEL ONLINE (SUBVENCIONADO)<\/a><\/li>\n<\/ul>\n<p>&nbsp;<\/p>\n","protected":false},"excerpt":{"rendered":"<p>Cursos de profesional e inicio de cocina, contabilidad, auxiliar administrativo\/a, Office Excel, protecci\u00f3n de datos&#8230; Desde Fundesplai ofrecemos&#8230;<\/p>\n","protected":false},"author":4,"featured_media":0,"comment_status":"closed","ping_status":"closed","sticky":false,"template":"","format":"standard","meta":{"_et_pb_use_builder":"","_et_pb_old_content":"","_et_gb_content_width":"","footnotes":""},"categories":[937],"tags":[],"class_list":["post-47674","post","type-post","status-publish","format-standard","hentry","category-actualitat-es"],"yoast_head":"<!-- This site is optimized with the Yoast SEO plugin v27.4 - https:\/\/yoast.com\/product\/yoast-seo-wordpress\/ -->\n<title>Inicio de a\u00f1o con cursos gratuitos! - Fundesplai<\/title>\n<meta name=\"robots\" content=\"index, follow, max-snippet:-1, max-image-preview:large, max-video-preview:-1\" \/>\n<link rel=\"canonical\" href=\"https:\/\/fundesplai.org\/es\/informa-t\/actualitat-es\/inicio-de-ano-con-cursos-gratuitos\/\" \/>\n<meta property=\"og:locale\" content=\"es_ES\" \/>\n<meta property=\"og:type\" content=\"article\" \/>\n<meta property=\"og:title\" content=\"Inicio de a\u00f1o con cursos gratuitos! - Fundesplai\" \/>\n<meta property=\"og:description\" content=\"Cursos de profesional e inicio de cocina, contabilidad, auxiliar administrativo\/a, Office Excel, protecci\u00f3n de datos&#8230; Desde Fundesplai ofrecemos&#8230;\" \/>\n<meta property=\"og:url\" content=\"https:\/\/fundesplai.org\/es\/informa-t\/actualitat-es\/inicio-de-ano-con-cursos-gratuitos\/\" \/>\n<meta property=\"og:site_name\" content=\"Fundesplai\" \/>\n<meta property=\"article:published_time\" content=\"2017-01-16T17:58:29+00:00\" \/>\n<meta name=\"author\" content=\"Ferran\" \/>\n<meta name=\"twitter:card\" content=\"summary_large_image\" \/>\n<meta name=\"twitter:label1\" content=\"Escrito por\" \/>\n\t<meta name=\"twitter:data1\" content=\"Ferran\" \/>\n\t<meta name=\"twitter:label2\" content=\"Tiempo de lectura\" \/>\n\t<meta name=\"twitter:data2\" content=\"1 minuto\" \/>\n<script type=\"application\/ld+json\" class=\"yoast-schema-graph\">{\"@context\":\"https:\\\/\\\/schema.org\",\"@graph\":[{\"@type\":\"Article\",\"@id\":\"https:\\\/\\\/fundesplai.org\\\/es\\\/informa-t\\\/actualitat-es\\\/inicio-de-ano-con-cursos-gratuitos\\\/#article\",\"isPartOf\":{\"@id\":\"https:\\\/\\\/fundesplai.org\\\/es\\\/informa-t\\\/actualitat-es\\\/inicio-de-ano-con-cursos-gratuitos\\\/\"},\"author\":{\"name\":\"Ferran\",\"@id\":\"https:\\\/\\\/fundesplai.org\\\/es\\\/#\\\/schema\\\/person\\\/67e7825d8ec54561cc24e36ba6b0f633\"},\"headline\":\"Inicio de a\u00f1o con cursos gratuitos!\",\"datePublished\":\"2017-01-16T17:58:29+00:00\",\"mainEntityOfPage\":{\"@id\":\"https:\\\/\\\/fundesplai.org\\\/es\\\/informa-t\\\/actualitat-es\\\/inicio-de-ano-con-cursos-gratuitos\\\/\"},\"wordCount\":196,\"articleSection\":[\"Actualitat\"],\"inLanguage\":\"es\"},{\"@type\":\"WebPage\",\"@id\":\"https:\\\/\\\/fundesplai.org\\\/es\\\/informa-t\\\/actualitat-es\\\/inicio-de-ano-con-cursos-gratuitos\\\/\",\"url\":\"https:\\\/\\\/fundesplai.org\\\/es\\\/informa-t\\\/actualitat-es\\\/inicio-de-ano-con-cursos-gratuitos\\\/\",\"name\":\"Inicio de a\u00f1o con cursos gratuitos! - Fundesplai\",\"isPartOf\":{\"@id\":\"https:\\\/\\\/fundesplai.org\\\/es\\\/#website\"},\"datePublished\":\"2017-01-16T17:58:29+00:00\",\"author\":{\"@id\":\"https:\\\/\\\/fundesplai.org\\\/es\\\/#\\\/schema\\\/person\\\/67e7825d8ec54561cc24e36ba6b0f633\"},\"breadcrumb\":{\"@id\":\"https:\\\/\\\/fundesplai.org\\\/es\\\/informa-t\\\/actualitat-es\\\/inicio-de-ano-con-cursos-gratuitos\\\/#breadcrumb\"},\"inLanguage\":\"es\",\"potentialAction\":[{\"@type\":\"ReadAction\",\"target\":[\"https:\\\/\\\/fundesplai.org\\\/es\\\/informa-t\\\/actualitat-es\\\/inicio-de-ano-con-cursos-gratuitos\\\/\"]}]},{\"@type\":\"BreadcrumbList\",\"@id\":\"https:\\\/\\\/fundesplai.org\\\/es\\\/informa-t\\\/actualitat-es\\\/inicio-de-ano-con-cursos-gratuitos\\\/#breadcrumb\",\"itemListElement\":[{\"@type\":\"ListItem\",\"position\":1,\"name\":\"Inici\",\"item\":\"https:\\\/\\\/fundesplai.org\\\/es\\\/inicio\\\/\"},{\"@type\":\"ListItem\",\"position\":2,\"name\":\"Inf\u00f3rmate\",\"item\":\"https:\\\/\\\/fundesplai.org\\\/es\\\/informate\\\/\"},{\"@type\":\"ListItem\",\"position\":3,\"name\":\"Sin categor\u00eda\",\"item\":\"https:\\\/\\\/fundesplai.org\\\/es\\\/informa-t\\\/category\\\/sin-categoria\\\/\"},{\"@type\":\"ListItem\",\"position\":4,\"name\":\"Inicio de a\u00f1o con cursos gratuitos!\"}]},{\"@type\":\"WebSite\",\"@id\":\"https:\\\/\\\/fundesplai.org\\\/es\\\/#website\",\"url\":\"https:\\\/\\\/fundesplai.org\\\/es\\\/\",\"name\":\"Fundesplai\",\"description\":\"Eduquem per la conviv\u00e8ncia i la sostenibilitat\",\"potentialAction\":[{\"@type\":\"SearchAction\",\"target\":{\"@type\":\"EntryPoint\",\"urlTemplate\":\"https:\\\/\\\/fundesplai.org\\\/es\\\/?s={search_term_string}\"},\"query-input\":{\"@type\":\"PropertyValueSpecification\",\"valueRequired\":true,\"valueName\":\"search_term_string\"}}],\"inLanguage\":\"es\"},{\"@type\":\"Person\",\"@id\":\"https:\\\/\\\/fundesplai.org\\\/es\\\/#\\\/schema\\\/person\\\/67e7825d8ec54561cc24e36ba6b0f633\",\"name\":\"Ferran\",\"image\":{\"@type\":\"ImageObject\",\"inLanguage\":\"es\",\"@id\":\"https:\\\/\\\/secure.gravatar.com\\\/avatar\\\/a3510350976b58aae6eccd1e36f066b660a69ef63f97fde3cba8205db7db816a?s=96&d=mm&r=g\",\"url\":\"https:\\\/\\\/secure.gravatar.com\\\/avatar\\\/a3510350976b58aae6eccd1e36f066b660a69ef63f97fde3cba8205db7db816a?s=96&d=mm&r=g\",\"contentUrl\":\"https:\\\/\\\/secure.gravatar.com\\\/avatar\\\/a3510350976b58aae6eccd1e36f066b660a69ef63f97fde3cba8205db7db816a?s=96&d=mm&r=g\",\"caption\":\"Ferran\"},\"url\":\"https:\\\/\\\/fundesplai.org\\\/es\\\/informa-t\\\/author\\\/fvidal\\\/\"}]}<\/script>\n<!-- \/ Yoast SEO plugin. -->","yoast_head_json":{"title":"Inicio de a\u00f1o con cursos gratuitos! - Fundesplai","robots":{"index":"index","follow":"follow","max-snippet":"max-snippet:-1","max-image-preview":"max-image-preview:large","max-video-preview":"max-video-preview:-1"},"canonical":"https:\/\/fundesplai.org\/es\/informa-t\/actualitat-es\/inicio-de-ano-con-cursos-gratuitos\/","og_locale":"es_ES","og_type":"article","og_title":"Inicio de a\u00f1o con cursos gratuitos! - Fundesplai","og_description":"Cursos de profesional e inicio de cocina, contabilidad, auxiliar administrativo\/a, Office Excel, protecci\u00f3n de datos&#8230; Desde Fundesplai ofrecemos&#8230;","og_url":"https:\/\/fundesplai.org\/es\/informa-t\/actualitat-es\/inicio-de-ano-con-cursos-gratuitos\/","og_site_name":"Fundesplai","article_published_time":"2017-01-16T17:58:29+00:00","author":"Ferran","twitter_card":"summary_large_image","twitter_misc":{"Escrito por":"Ferran","Tiempo de lectura":"1 minuto"},"schema":{"@context":"https:\/\/schema.org","@graph":[{"@type":"Article","@id":"https:\/\/fundesplai.org\/es\/informa-t\/actualitat-es\/inicio-de-ano-con-cursos-gratuitos\/#article","isPartOf":{"@id":"https:\/\/fundesplai.org\/es\/informa-t\/actualitat-es\/inicio-de-ano-con-cursos-gratuitos\/"},"author":{"name":"Ferran","@id":"https:\/\/fundesplai.org\/es\/#\/schema\/person\/67e7825d8ec54561cc24e36ba6b0f633"},"headline":"Inicio de a\u00f1o con cursos gratuitos!","datePublished":"2017-01-16T17:58:29+00:00","mainEntityOfPage":{"@id":"https:\/\/fundesplai.org\/es\/informa-t\/actualitat-es\/inicio-de-ano-con-cursos-gratuitos\/"},"wordCount":196,"articleSection":["Actualitat"],"inLanguage":"es"},{"@type":"WebPage","@id":"https:\/\/fundesplai.org\/es\/informa-t\/actualitat-es\/inicio-de-ano-con-cursos-gratuitos\/","url":"https:\/\/fundesplai.org\/es\/informa-t\/actualitat-es\/inicio-de-ano-con-cursos-gratuitos\/","name":"Inicio de a\u00f1o con cursos gratuitos! - Fundesplai","isPartOf":{"@id":"https:\/\/fundesplai.org\/es\/#website"},"datePublished":"2017-01-16T17:58:29+00:00","author":{"@id":"https:\/\/fundesplai.org\/es\/#\/schema\/person\/67e7825d8ec54561cc24e36ba6b0f633"},"breadcrumb":{"@id":"https:\/\/fundesplai.org\/es\/informa-t\/actualitat-es\/inicio-de-ano-con-cursos-gratuitos\/#breadcrumb"},"inLanguage":"es","potentialAction":[{"@type":"ReadAction","target":["https:\/\/fundesplai.org\/es\/informa-t\/actualitat-es\/inicio-de-ano-con-cursos-gratuitos\/"]}]},{"@type":"BreadcrumbList","@id":"https:\/\/fundesplai.org\/es\/informa-t\/actualitat-es\/inicio-de-ano-con-cursos-gratuitos\/#breadcrumb","itemListElement":[{"@type":"ListItem","position":1,"name":"Inici","item":"https:\/\/fundesplai.org\/es\/inicio\/"},{"@type":"ListItem","position":2,"name":"Inf\u00f3rmate","item":"https:\/\/fundesplai.org\/es\/informate\/"},{"@type":"ListItem","position":3,"name":"Sin categor\u00eda","item":"https:\/\/fundesplai.org\/es\/informa-t\/category\/sin-categoria\/"},{"@type":"ListItem","position":4,"name":"Inicio de a\u00f1o con cursos gratuitos!"}]},{"@type":"WebSite","@id":"https:\/\/fundesplai.org\/es\/#website","url":"https:\/\/fundesplai.org\/es\/","name":"Fundesplai","description":"Eduquem per la conviv\u00e8ncia i la sostenibilitat","potentialAction":[{"@type":"SearchAction","target":{"@type":"EntryPoint","urlTemplate":"https:\/\/fundesplai.org\/es\/?s={search_term_string}"},"query-input":{"@type":"PropertyValueSpecification","valueRequired":true,"valueName":"search_term_string"}}],"inLanguage":"es"},{"@type":"Person","@id":"https:\/\/fundesplai.org\/es\/#\/schema\/person\/67e7825d8ec54561cc24e36ba6b0f633","name":"Ferran","image":{"@type":"ImageObject","inLanguage":"es","@id":"https:\/\/secure.gravatar.com\/avatar\/a3510350976b58aae6eccd1e36f066b660a69ef63f97fde3cba8205db7db816a?s=96&d=mm&r=g","url":"https:\/\/secure.gravatar.com\/avatar\/a3510350976b58aae6eccd1e36f066b660a69ef63f97fde3cba8205db7db816a?s=96&d=mm&r=g","contentUrl":"https:\/\/secure.gravatar.com\/avatar\/a3510350976b58aae6eccd1e36f066b660a69ef63f97fde3cba8205db7db816a?s=96&d=mm&r=g","caption":"Ferran"},"url":"https:\/\/fundesplai.org\/es\/informa-t\/author\/fvidal\/"}]}},"_links":{"self":[{"href":"https:\/\/fundesplai.org\/es\/wp-json\/wp\/v2\/posts\/47674","targetHints":{"allow":["GET"]}}],"collection":[{"href":"https:\/\/fundesplai.org\/es\/wp-json\/wp\/v2\/posts"}],"about":[{"href":"https:\/\/fundesplai.org\/es\/wp-json\/wp\/v2\/types\/post"}],"author":[{"embeddable":true,"href":"https:\/\/fundesplai.org\/es\/wp-json\/wp\/v2\/users\/4"}],"replies":[{"embeddable":true,"href":"https:\/\/fundesplai.org\/es\/wp-json\/wp\/v2\/comments?post=47674"}],"version-history":[{"count":0,"href":"https:\/\/fundesplai.org\/es\/wp-json\/wp\/v2\/posts\/47674\/revisions"}],"wp:attachment":[{"href":"https:\/\/fundesplai.org\/es\/wp-json\/wp\/v2\/media?parent=47674"}],"wp:term":[{"taxonomy":"category","embeddable":true,"href":"https:\/\/fundesplai.org\/es\/wp-json\/wp\/v2\/categories?post=47674"},{"taxonomy":"post_tag","embeddable":true,"href":"https:\/\/fundesplai.org\/es\/wp-json\/wp\/v2\/tags?post=47674"}],"curies":[{"name":"wp","href":"https:\/\/api.w.org\/{rel}","templated":true}]}}