{"id":47672,"date":"2017-01-12T13:10:17","date_gmt":"2017-01-12T12:10:17","guid":{"rendered":"https:\/\/fundesplai.org\/informa-t\/sense-categoria\/ya-podeis-ver-el-video-de-la-semana-por-los-derechos-2016\/"},"modified":"2017-01-12T13:10:17","modified_gmt":"2017-01-12T12:10:17","slug":"ya-podeis-ver-el-video-de-la-semana-por-los-derechos-2016","status":"publish","type":"post","link":"https:\/\/fundesplai.org\/es\/informa-t\/actualitat-es\/ya-podeis-ver-el-video-de-la-semana-por-los-derechos-2016\/","title":{"rendered":"Ya pod\u00e9is ver el v\u00eddeo de la Semana por los Derechos 2016"},"content":{"rendered":"<p>Ya pod\u00e9is ver el v\u00eddeo resumen de&nbsp;<a href=\"https:\/\/business.facebook.com\/setmanadretsjoventut\/\" class=\"profileLink\" role=\"null\" data-hovercard=\"\/ajax\/hovercard\/page.php?id=279337935422579\" data-hovercard-prefer-more-content-show=\"1\">Semana por los Derechos de la Juventud<\/a>&nbsp; que hicimos en octubre en el Albergue de Centro Esplai (El Prat de Llobregat). M\u00e1s de 150 j\u00f3venes de diferentes pa\u00edses participaron en talleres&#8230;<\/p>\n<p><!--more--><\/p>\n<p>Ya pod\u00e9is ver el v\u00eddeo resumen de&nbsp;<a href=\"https:\/\/business.facebook.com\/setmanadretsjoventut\/\" class=\"profileLink\" role=\"null\" data-hovercard=\"\/ajax\/hovercard\/page.php?id=279337935422579\" data-hovercard-prefer-more-content-show=\"1\">Semana por los Derechos de la Juventud<\/a>&nbsp;que hicimos en octubre en el Albergue de Centro Esplai (El Prat de Llobregat). M\u00e1s de 150 j\u00f3venes de diferentes pa\u00edses participaron en talleres, participaron en un debate con representantes pol\u00edticos sobre los derechos de las personas j\u00f3venes y pudieron generar nuevos espacios de participaci\u00f3n bajo el lema \u00abJ\u00f3venes en transforma-acci\u00f3n\u00bb.<\/p>\n<p><strong><strong><strong><strong><strong><strong><strong><strong><strong>{youtube}<strong><strong><strong><strong><strong><strong><strong><strong><strong>s4NLNd-4vmQ<\/strong><\/strong><\/strong><\/strong><\/strong><\/strong><\/strong><\/strong><\/strong>?showinfo=0&amp;gnis=0|560|315|condado_\u00fanico =no}}{\/youtube}<br \/><\/strong><\/strong><\/strong><\/strong><\/strong><\/strong><\/strong><\/strong><\/strong><\/p>\n","protected":false},"excerpt":{"rendered":"<p>Ya pod\u00e9is ver el v\u00eddeo resumen de&nbsp;Semana por los Derechos de la Juventud&nbsp; que hicimos en octubre en el Albergue de Centro Esplai (El Prat de Llobregat). M\u00e1s de 150 j\u00f3venes de diferentes pa\u00edses participaron en talleres&#8230;<\/p>\n","protected":false},"author":9,"featured_media":0,"comment_status":"closed","ping_status":"closed","sticky":false,"template":"","format":"standard","meta":{"_et_pb_use_builder":"","_et_pb_old_content":"","_et_gb_content_width":"","footnotes":""},"categories":[937],"tags":[],"class_list":["post-47672","post","type-post","status-publish","format-standard","hentry","category-actualitat-es"],"yoast_head":"<!-- This site is optimized with the Yoast SEO plugin v27.4 - https:\/\/yoast.com\/product\/yoast-seo-wordpress\/ -->\n<title>Ya pod\u00e9is ver el v\u00eddeo de la Semana por los Derechos 2016 - Fundesplai<\/title>\n<meta name=\"robots\" content=\"index, follow, max-snippet:-1, max-image-preview:large, max-video-preview:-1\" \/>\n<link rel=\"canonical\" href=\"https:\/\/fundesplai.org\/es\/informa-t\/actualitat-es\/ya-podeis-ver-el-video-de-la-semana-por-los-derechos-2016\/\" \/>\n<meta property=\"og:locale\" content=\"es_ES\" \/>\n<meta property=\"og:type\" content=\"article\" \/>\n<meta property=\"og:title\" content=\"Ya pod\u00e9is ver el v\u00eddeo de la Semana por los Derechos 2016 - Fundesplai\" \/>\n<meta property=\"og:description\" content=\"Ya pod\u00e9is ver el v\u00eddeo resumen de&nbsp;Semana por los Derechos de la Juventud&nbsp; que hicimos en octubre en el Albergue de Centro Esplai (El Prat de Llobregat). M\u00e1s de 150 j\u00f3venes de diferentes pa\u00edses participaron en talleres&#8230;\" \/>\n<meta property=\"og:url\" content=\"https:\/\/fundesplai.org\/es\/informa-t\/actualitat-es\/ya-podeis-ver-el-video-de-la-semana-por-los-derechos-2016\/\" \/>\n<meta property=\"og:site_name\" content=\"Fundesplai\" \/>\n<meta property=\"article:published_time\" content=\"2017-01-12T12:10:17+00:00\" \/>\n<meta name=\"author\" content=\"Alfons Valle\" \/>\n<meta name=\"twitter:card\" content=\"summary_large_image\" \/>\n<meta name=\"twitter:label1\" content=\"Escrito por\" \/>\n\t<meta name=\"twitter:data1\" content=\"Alfons Valle\" \/>\n\t<meta name=\"twitter:label2\" content=\"Tiempo de lectura\" \/>\n\t<meta name=\"twitter:data2\" content=\"1 minuto\" \/>\n<script type=\"application\/ld+json\" class=\"yoast-schema-graph\">{\"@context\":\"https:\\\/\\\/schema.org\",\"@graph\":[{\"@type\":\"Article\",\"@id\":\"https:\\\/\\\/fundesplai.org\\\/es\\\/informa-t\\\/actualitat-es\\\/ya-podeis-ver-el-video-de-la-semana-por-los-derechos-2016\\\/#article\",\"isPartOf\":{\"@id\":\"https:\\\/\\\/fundesplai.org\\\/es\\\/informa-t\\\/actualitat-es\\\/ya-podeis-ver-el-video-de-la-semana-por-los-derechos-2016\\\/\"},\"author\":{\"name\":\"Alfons Valle\",\"@id\":\"https:\\\/\\\/fundesplai.org\\\/es\\\/#\\\/schema\\\/person\\\/c0e9e7466bb8ac06f5264324a6109733\"},\"headline\":\"Ya pod\u00e9is ver el v\u00eddeo de la Semana por los Derechos 2016\",\"datePublished\":\"2017-01-12T12:10:17+00:00\",\"mainEntityOfPage\":{\"@id\":\"https:\\\/\\\/fundesplai.org\\\/es\\\/informa-t\\\/actualitat-es\\\/ya-podeis-ver-el-video-de-la-semana-por-los-derechos-2016\\\/\"},\"wordCount\":144,\"articleSection\":[\"Actualitat\"],\"inLanguage\":\"es\"},{\"@type\":\"WebPage\",\"@id\":\"https:\\\/\\\/fundesplai.org\\\/es\\\/informa-t\\\/actualitat-es\\\/ya-podeis-ver-el-video-de-la-semana-por-los-derechos-2016\\\/\",\"url\":\"https:\\\/\\\/fundesplai.org\\\/es\\\/informa-t\\\/actualitat-es\\\/ya-podeis-ver-el-video-de-la-semana-por-los-derechos-2016\\\/\",\"name\":\"Ya pod\u00e9is ver el v\u00eddeo de la Semana por los Derechos 2016 - Fundesplai\",\"isPartOf\":{\"@id\":\"https:\\\/\\\/fundesplai.org\\\/es\\\/#website\"},\"datePublished\":\"2017-01-12T12:10:17+00:00\",\"author\":{\"@id\":\"https:\\\/\\\/fundesplai.org\\\/es\\\/#\\\/schema\\\/person\\\/c0e9e7466bb8ac06f5264324a6109733\"},\"breadcrumb\":{\"@id\":\"https:\\\/\\\/fundesplai.org\\\/es\\\/informa-t\\\/actualitat-es\\\/ya-podeis-ver-el-video-de-la-semana-por-los-derechos-2016\\\/#breadcrumb\"},\"inLanguage\":\"es\",\"potentialAction\":[{\"@type\":\"ReadAction\",\"target\":[\"https:\\\/\\\/fundesplai.org\\\/es\\\/informa-t\\\/actualitat-es\\\/ya-podeis-ver-el-video-de-la-semana-por-los-derechos-2016\\\/\"]}]},{\"@type\":\"BreadcrumbList\",\"@id\":\"https:\\\/\\\/fundesplai.org\\\/es\\\/informa-t\\\/actualitat-es\\\/ya-podeis-ver-el-video-de-la-semana-por-los-derechos-2016\\\/#breadcrumb\",\"itemListElement\":[{\"@type\":\"ListItem\",\"position\":1,\"name\":\"Inici\",\"item\":\"https:\\\/\\\/fundesplai.org\\\/es\\\/inicio\\\/\"},{\"@type\":\"ListItem\",\"position\":2,\"name\":\"Inf\u00f3rmate\",\"item\":\"https:\\\/\\\/fundesplai.org\\\/es\\\/informate\\\/\"},{\"@type\":\"ListItem\",\"position\":3,\"name\":\"Sin categor\u00eda\",\"item\":\"https:\\\/\\\/fundesplai.org\\\/es\\\/informa-t\\\/category\\\/sin-categoria\\\/\"},{\"@type\":\"ListItem\",\"position\":4,\"name\":\"Ya pod\u00e9is ver el v\u00eddeo de la Semana por los Derechos 2016\"}]},{\"@type\":\"WebSite\",\"@id\":\"https:\\\/\\\/fundesplai.org\\\/es\\\/#website\",\"url\":\"https:\\\/\\\/fundesplai.org\\\/es\\\/\",\"name\":\"Fundesplai\",\"description\":\"Eduquem per la conviv\u00e8ncia i la sostenibilitat\",\"potentialAction\":[{\"@type\":\"SearchAction\",\"target\":{\"@type\":\"EntryPoint\",\"urlTemplate\":\"https:\\\/\\\/fundesplai.org\\\/es\\\/?s={search_term_string}\"},\"query-input\":{\"@type\":\"PropertyValueSpecification\",\"valueRequired\":true,\"valueName\":\"search_term_string\"}}],\"inLanguage\":\"es\"},{\"@type\":\"Person\",\"@id\":\"https:\\\/\\\/fundesplai.org\\\/es\\\/#\\\/schema\\\/person\\\/c0e9e7466bb8ac06f5264324a6109733\",\"name\":\"Alfons Valle\",\"image\":{\"@type\":\"ImageObject\",\"inLanguage\":\"es\",\"@id\":\"https:\\\/\\\/secure.gravatar.com\\\/avatar\\\/71d95a3f99a068ba570ac1314ed6911a59c5ae3f22ffcf23631cd1a861a640bc?s=96&d=mm&r=g\",\"url\":\"https:\\\/\\\/secure.gravatar.com\\\/avatar\\\/71d95a3f99a068ba570ac1314ed6911a59c5ae3f22ffcf23631cd1a861a640bc?s=96&d=mm&r=g\",\"contentUrl\":\"https:\\\/\\\/secure.gravatar.com\\\/avatar\\\/71d95a3f99a068ba570ac1314ed6911a59c5ae3f22ffcf23631cd1a861a640bc?s=96&d=mm&r=g\",\"caption\":\"Alfons Valle\"},\"url\":\"https:\\\/\\\/fundesplai.org\\\/es\\\/informa-t\\\/author\\\/avalle\\\/\"}]}<\/script>\n<!-- \/ Yoast SEO plugin. -->","yoast_head_json":{"title":"Ya pod\u00e9is ver el v\u00eddeo de la Semana por los Derechos 2016 - Fundesplai","robots":{"index":"index","follow":"follow","max-snippet":"max-snippet:-1","max-image-preview":"max-image-preview:large","max-video-preview":"max-video-preview:-1"},"canonical":"https:\/\/fundesplai.org\/es\/informa-t\/actualitat-es\/ya-podeis-ver-el-video-de-la-semana-por-los-derechos-2016\/","og_locale":"es_ES","og_type":"article","og_title":"Ya pod\u00e9is ver el v\u00eddeo de la Semana por los Derechos 2016 - Fundesplai","og_description":"Ya pod\u00e9is ver el v\u00eddeo resumen de&nbsp;Semana por los Derechos de la Juventud&nbsp; que hicimos en octubre en el Albergue de Centro Esplai (El Prat de Llobregat). M\u00e1s de 150 j\u00f3venes de diferentes pa\u00edses participaron en talleres&#8230;","og_url":"https:\/\/fundesplai.org\/es\/informa-t\/actualitat-es\/ya-podeis-ver-el-video-de-la-semana-por-los-derechos-2016\/","og_site_name":"Fundesplai","article_published_time":"2017-01-12T12:10:17+00:00","author":"Alfons Valle","twitter_card":"summary_large_image","twitter_misc":{"Escrito por":"Alfons Valle","Tiempo de lectura":"1 minuto"},"schema":{"@context":"https:\/\/schema.org","@graph":[{"@type":"Article","@id":"https:\/\/fundesplai.org\/es\/informa-t\/actualitat-es\/ya-podeis-ver-el-video-de-la-semana-por-los-derechos-2016\/#article","isPartOf":{"@id":"https:\/\/fundesplai.org\/es\/informa-t\/actualitat-es\/ya-podeis-ver-el-video-de-la-semana-por-los-derechos-2016\/"},"author":{"name":"Alfons Valle","@id":"https:\/\/fundesplai.org\/es\/#\/schema\/person\/c0e9e7466bb8ac06f5264324a6109733"},"headline":"Ya pod\u00e9is ver el v\u00eddeo de la Semana por los Derechos 2016","datePublished":"2017-01-12T12:10:17+00:00","mainEntityOfPage":{"@id":"https:\/\/fundesplai.org\/es\/informa-t\/actualitat-es\/ya-podeis-ver-el-video-de-la-semana-por-los-derechos-2016\/"},"wordCount":144,"articleSection":["Actualitat"],"inLanguage":"es"},{"@type":"WebPage","@id":"https:\/\/fundesplai.org\/es\/informa-t\/actualitat-es\/ya-podeis-ver-el-video-de-la-semana-por-los-derechos-2016\/","url":"https:\/\/fundesplai.org\/es\/informa-t\/actualitat-es\/ya-podeis-ver-el-video-de-la-semana-por-los-derechos-2016\/","name":"Ya pod\u00e9is ver el v\u00eddeo de la Semana por los Derechos 2016 - Fundesplai","isPartOf":{"@id":"https:\/\/fundesplai.org\/es\/#website"},"datePublished":"2017-01-12T12:10:17+00:00","author":{"@id":"https:\/\/fundesplai.org\/es\/#\/schema\/person\/c0e9e7466bb8ac06f5264324a6109733"},"breadcrumb":{"@id":"https:\/\/fundesplai.org\/es\/informa-t\/actualitat-es\/ya-podeis-ver-el-video-de-la-semana-por-los-derechos-2016\/#breadcrumb"},"inLanguage":"es","potentialAction":[{"@type":"ReadAction","target":["https:\/\/fundesplai.org\/es\/informa-t\/actualitat-es\/ya-podeis-ver-el-video-de-la-semana-por-los-derechos-2016\/"]}]},{"@type":"BreadcrumbList","@id":"https:\/\/fundesplai.org\/es\/informa-t\/actualitat-es\/ya-podeis-ver-el-video-de-la-semana-por-los-derechos-2016\/#breadcrumb","itemListElement":[{"@type":"ListItem","position":1,"name":"Inici","item":"https:\/\/fundesplai.org\/es\/inicio\/"},{"@type":"ListItem","position":2,"name":"Inf\u00f3rmate","item":"https:\/\/fundesplai.org\/es\/informate\/"},{"@type":"ListItem","position":3,"name":"Sin categor\u00eda","item":"https:\/\/fundesplai.org\/es\/informa-t\/category\/sin-categoria\/"},{"@type":"ListItem","position":4,"name":"Ya pod\u00e9is ver el v\u00eddeo de la Semana por los Derechos 2016"}]},{"@type":"WebSite","@id":"https:\/\/fundesplai.org\/es\/#website","url":"https:\/\/fundesplai.org\/es\/","name":"Fundesplai","description":"Eduquem per la conviv\u00e8ncia i la sostenibilitat","potentialAction":[{"@type":"SearchAction","target":{"@type":"EntryPoint","urlTemplate":"https:\/\/fundesplai.org\/es\/?s={search_term_string}"},"query-input":{"@type":"PropertyValueSpecification","valueRequired":true,"valueName":"search_term_string"}}],"inLanguage":"es"},{"@type":"Person","@id":"https:\/\/fundesplai.org\/es\/#\/schema\/person\/c0e9e7466bb8ac06f5264324a6109733","name":"Alfons Valle","image":{"@type":"ImageObject","inLanguage":"es","@id":"https:\/\/secure.gravatar.com\/avatar\/71d95a3f99a068ba570ac1314ed6911a59c5ae3f22ffcf23631cd1a861a640bc?s=96&d=mm&r=g","url":"https:\/\/secure.gravatar.com\/avatar\/71d95a3f99a068ba570ac1314ed6911a59c5ae3f22ffcf23631cd1a861a640bc?s=96&d=mm&r=g","contentUrl":"https:\/\/secure.gravatar.com\/avatar\/71d95a3f99a068ba570ac1314ed6911a59c5ae3f22ffcf23631cd1a861a640bc?s=96&d=mm&r=g","caption":"Alfons Valle"},"url":"https:\/\/fundesplai.org\/es\/informa-t\/author\/avalle\/"}]}},"_links":{"self":[{"href":"https:\/\/fundesplai.org\/es\/wp-json\/wp\/v2\/posts\/47672","targetHints":{"allow":["GET"]}}],"collection":[{"href":"https:\/\/fundesplai.org\/es\/wp-json\/wp\/v2\/posts"}],"about":[{"href":"https:\/\/fundesplai.org\/es\/wp-json\/wp\/v2\/types\/post"}],"author":[{"embeddable":true,"href":"https:\/\/fundesplai.org\/es\/wp-json\/wp\/v2\/users\/9"}],"replies":[{"embeddable":true,"href":"https:\/\/fundesplai.org\/es\/wp-json\/wp\/v2\/comments?post=47672"}],"version-history":[{"count":0,"href":"https:\/\/fundesplai.org\/es\/wp-json\/wp\/v2\/posts\/47672\/revisions"}],"wp:attachment":[{"href":"https:\/\/fundesplai.org\/es\/wp-json\/wp\/v2\/media?parent=47672"}],"wp:term":[{"taxonomy":"category","embeddable":true,"href":"https:\/\/fundesplai.org\/es\/wp-json\/wp\/v2\/categories?post=47672"},{"taxonomy":"post_tag","embeddable":true,"href":"https:\/\/fundesplai.org\/es\/wp-json\/wp\/v2\/tags?post=47672"}],"curies":[{"name":"wp","href":"https:\/\/api.w.org\/{rel}","templated":true}]}}