{"id":47669,"date":"2016-12-20T14:06:11","date_gmt":"2016-12-20T13:06:11","guid":{"rendered":"https:\/\/fundesplai.org\/informa-t\/sense-categoria\/curso-100-subvencionado-para-personas-en-situacion-de-desempleo\/"},"modified":"2016-12-20T14:06:11","modified_gmt":"2016-12-20T13:06:11","slug":"curso-100-subvencionado-para-personas-en-situacion-de-desempleo","status":"publish","type":"post","link":"https:\/\/fundesplai.org\/es\/informa-t\/actualitat-es\/curso-100-subvencionado-para-personas-en-situacion-de-desempleo\/","title":{"rendered":"Curso 100% subvencionado para personas en situaci\u00f3n de desempleo"},"content":{"rendered":"<p>Curso 100% subvencionado para personas en situaci\u00f3n de desempleo de servicios administrativos generales.&nbsp; Subvencionado por el Servicio de Empleo de Catalu\u00f1a (SOC) y cofinanciado por el Fondo Social Europeo y de la Iniciativa de Empleo Juvenil.<\/p>\n<p><!--more--><\/p>\n<p style=\"text-align: center\">&nbsp;<img loading=\"lazy\" decoding=\"async\" class=\" size-full wp-image-3803\" src=\"https:\/\/fundesplai.org\/test-joomla\/wp-content\/uploads\/sites\/26\/2016\/12\/oficina.gif\" alt=\"oficina\" width=\"550\" height=\"218\">&nbsp;<\/p>\n<p style=\"text-align: center\"><span style=\"font-family: Verdana\">Curso <strong>100% subvencionado<\/strong> para personas en situaci\u00f3n de desempleo&nbsp;<\/span><\/p>\n<p style=\"text-align: center\"><span style=\"font-family: Verdana\">Subvencionado por el Servicio de Empleo de Catalu\u00f1a (SOC) y cofinanciado por el Fondo Social Europeo y de la Iniciativa de Empleo Juvenil<\/span><\/p>\n<h3 style=\"text-align: center\">ADGG0408 &#8211; Operaciones auxiliares&nbsp;de servicios administrativos y generales<\/h3>\n<h3 style=\"text-align: center\">Certificado de profesionalidad<\/h3>\n<p style=\"text-align: center\"><strong><span style=\"font-family: Verdana\">Duraci\u00f3n del certificado &#8211;&nbsp;<\/span><\/strong><span style=\"font-family: Verdana\">430 horas (390 te\u00f3ricas y 40 pr\u00e1cticas).&nbsp;<\/span><\/p>\n<p style=\"text-align: center\"><span style=\"font-family: Verdana\">Alcanzando satisfactoriamente todos los m\u00f3dulos te\u00f3ricos y el de pr\u00e1cticas se obtiene el certificado de profesionalidad.<\/span><\/p>\n<p style=\"text-align: center\"><strong><span style=\"font-family: Verdana\">Inicio del curso<\/span><\/strong><span style=\"font-family: Verdana\">&#8211;&nbsp;<\/span><span style=\"font-family: Verdana\">30 de diciembre de 2016<\/span><\/p>\n<p style=\"text-align: center\"><strong><span style=\"font-family: Verdana\">Lugar de realizaci\u00f3n &#8211;<\/span><\/strong><span style=\"font-family: Verdana\">&nbsp;Rambla de la Marina, 08907 Hospitalet de Llobregat<\/span><\/p>\n<h3 style=\"text-align: center\"><span style=\"font-family: Verdana\">Las personas interesadas pod\u00e9is llamar al:<\/span><\/h3>\n<h3 style=\"text-align: center\"><strong><span style=\"font-family: Verdana\">93 551 15 33<\/span><\/strong><\/h3>\n<p style=\"text-align: center\"><strong><span style=\"font-family: Verdana\"><img loading=\"lazy\" decoding=\"async\" class=\" size-full wp-image-3805\" src=\"https:\/\/fundesplai.org\/test-joomla\/wp-content\/uploads\/sites\/26\/2016\/12\/logospt.gif\" alt=\"logospt\" width=\"500\" height=\"46\"><\/span><\/strong><\/p>\n<p>&nbsp;<\/p>\n","protected":false},"excerpt":{"rendered":"<p>Curso 100% subvencionado para personas en situaci\u00f3n de desempleo de servicios administrativos generales.&nbsp; Subvencionado por el Servicio de Empleo de Catalu\u00f1a (SOC) y cofinanciado por el Fondo Social Europeo y de la Iniciativa de Empleo Juvenil.<\/p>\n","protected":false},"author":9,"featured_media":0,"comment_status":"closed","ping_status":"closed","sticky":false,"template":"","format":"standard","meta":{"_et_pb_use_builder":"","_et_pb_old_content":"","_et_gb_content_width":"","footnotes":""},"categories":[937],"tags":[],"class_list":["post-47669","post","type-post","status-publish","format-standard","hentry","category-actualitat-es"],"yoast_head":"<!-- This site is optimized with the Yoast SEO plugin v27.4 - https:\/\/yoast.com\/product\/yoast-seo-wordpress\/ -->\n<title>Curso 100% subvencionado para personas en situaci\u00f3n de desempleo - Fundesplai<\/title>\n<meta name=\"robots\" content=\"index, follow, max-snippet:-1, max-image-preview:large, max-video-preview:-1\" \/>\n<link rel=\"canonical\" href=\"https:\/\/fundesplai.org\/es\/informa-t\/actualitat-es\/curso-100-subvencionado-para-personas-en-situacion-de-desempleo\/\" \/>\n<meta property=\"og:locale\" content=\"es_ES\" \/>\n<meta property=\"og:type\" content=\"article\" \/>\n<meta property=\"og:title\" content=\"Curso 100% subvencionado para personas en situaci\u00f3n de desempleo - Fundesplai\" \/>\n<meta property=\"og:description\" content=\"Curso 100% subvencionado para personas en situaci\u00f3n de desempleo de servicios administrativos generales.&nbsp; Subvencionado por el Servicio de Empleo de Catalu\u00f1a (SOC) y cofinanciado por el Fondo Social Europeo y de la Iniciativa de Empleo Juvenil.\" \/>\n<meta property=\"og:url\" content=\"https:\/\/fundesplai.org\/es\/informa-t\/actualitat-es\/curso-100-subvencionado-para-personas-en-situacion-de-desempleo\/\" \/>\n<meta property=\"og:site_name\" content=\"Fundesplai\" \/>\n<meta property=\"article:published_time\" content=\"2016-12-20T13:06:11+00:00\" \/>\n<meta property=\"og:image\" content=\"https:\/\/fundesplai.org\/test-joomla\/wp-content\/uploads\/sites\/26\/2016\/12\/oficina.gif\" \/>\n<meta name=\"author\" content=\"Alfons Valle\" \/>\n<meta name=\"twitter:card\" content=\"summary_large_image\" \/>\n<meta name=\"twitter:label1\" content=\"Escrito por\" \/>\n\t<meta name=\"twitter:data1\" content=\"Alfons Valle\" \/>\n\t<meta name=\"twitter:label2\" content=\"Tiempo de lectura\" \/>\n\t<meta name=\"twitter:data2\" content=\"1 minuto\" \/>\n<script type=\"application\/ld+json\" class=\"yoast-schema-graph\">{\"@context\":\"https:\\\/\\\/schema.org\",\"@graph\":[{\"@type\":\"Article\",\"@id\":\"https:\\\/\\\/fundesplai.org\\\/es\\\/informa-t\\\/actualitat-es\\\/curso-100-subvencionado-para-personas-en-situacion-de-desempleo\\\/#article\",\"isPartOf\":{\"@id\":\"https:\\\/\\\/fundesplai.org\\\/es\\\/informa-t\\\/actualitat-es\\\/curso-100-subvencionado-para-personas-en-situacion-de-desempleo\\\/\"},\"author\":{\"name\":\"Alfons Valle\",\"@id\":\"https:\\\/\\\/fundesplai.org\\\/es\\\/#\\\/schema\\\/person\\\/c0e9e7466bb8ac06f5264324a6109733\"},\"headline\":\"Curso 100% subvencionado para personas en situaci\u00f3n de desempleo\",\"datePublished\":\"2016-12-20T13:06:11+00:00\",\"mainEntityOfPage\":{\"@id\":\"https:\\\/\\\/fundesplai.org\\\/es\\\/informa-t\\\/actualitat-es\\\/curso-100-subvencionado-para-personas-en-situacion-de-desempleo\\\/\"},\"wordCount\":157,\"image\":{\"@id\":\"https:\\\/\\\/fundesplai.org\\\/es\\\/informa-t\\\/actualitat-es\\\/curso-100-subvencionado-para-personas-en-situacion-de-desempleo\\\/#primaryimage\"},\"thumbnailUrl\":\"https:\\\/\\\/fundesplai.org\\\/test-joomla\\\/wp-content\\\/uploads\\\/sites\\\/26\\\/2016\\\/12\\\/oficina.gif\",\"articleSection\":[\"Actualitat\"],\"inLanguage\":\"es\"},{\"@type\":\"WebPage\",\"@id\":\"https:\\\/\\\/fundesplai.org\\\/es\\\/informa-t\\\/actualitat-es\\\/curso-100-subvencionado-para-personas-en-situacion-de-desempleo\\\/\",\"url\":\"https:\\\/\\\/fundesplai.org\\\/es\\\/informa-t\\\/actualitat-es\\\/curso-100-subvencionado-para-personas-en-situacion-de-desempleo\\\/\",\"name\":\"Curso 100% subvencionado para personas en situaci\u00f3n de desempleo - Fundesplai\",\"isPartOf\":{\"@id\":\"https:\\\/\\\/fundesplai.org\\\/es\\\/#website\"},\"primaryImageOfPage\":{\"@id\":\"https:\\\/\\\/fundesplai.org\\\/es\\\/informa-t\\\/actualitat-es\\\/curso-100-subvencionado-para-personas-en-situacion-de-desempleo\\\/#primaryimage\"},\"image\":{\"@id\":\"https:\\\/\\\/fundesplai.org\\\/es\\\/informa-t\\\/actualitat-es\\\/curso-100-subvencionado-para-personas-en-situacion-de-desempleo\\\/#primaryimage\"},\"thumbnailUrl\":\"https:\\\/\\\/fundesplai.org\\\/test-joomla\\\/wp-content\\\/uploads\\\/sites\\\/26\\\/2016\\\/12\\\/oficina.gif\",\"datePublished\":\"2016-12-20T13:06:11+00:00\",\"author\":{\"@id\":\"https:\\\/\\\/fundesplai.org\\\/es\\\/#\\\/schema\\\/person\\\/c0e9e7466bb8ac06f5264324a6109733\"},\"breadcrumb\":{\"@id\":\"https:\\\/\\\/fundesplai.org\\\/es\\\/informa-t\\\/actualitat-es\\\/curso-100-subvencionado-para-personas-en-situacion-de-desempleo\\\/#breadcrumb\"},\"inLanguage\":\"es\",\"potentialAction\":[{\"@type\":\"ReadAction\",\"target\":[\"https:\\\/\\\/fundesplai.org\\\/es\\\/informa-t\\\/actualitat-es\\\/curso-100-subvencionado-para-personas-en-situacion-de-desempleo\\\/\"]}]},{\"@type\":\"ImageObject\",\"inLanguage\":\"es\",\"@id\":\"https:\\\/\\\/fundesplai.org\\\/es\\\/informa-t\\\/actualitat-es\\\/curso-100-subvencionado-para-personas-en-situacion-de-desempleo\\\/#primaryimage\",\"url\":\"https:\\\/\\\/fundesplai.org\\\/test-joomla\\\/wp-content\\\/uploads\\\/sites\\\/26\\\/2016\\\/12\\\/oficina.gif\",\"contentUrl\":\"https:\\\/\\\/fundesplai.org\\\/test-joomla\\\/wp-content\\\/uploads\\\/sites\\\/26\\\/2016\\\/12\\\/oficina.gif\"},{\"@type\":\"BreadcrumbList\",\"@id\":\"https:\\\/\\\/fundesplai.org\\\/es\\\/informa-t\\\/actualitat-es\\\/curso-100-subvencionado-para-personas-en-situacion-de-desempleo\\\/#breadcrumb\",\"itemListElement\":[{\"@type\":\"ListItem\",\"position\":1,\"name\":\"Inici\",\"item\":\"https:\\\/\\\/fundesplai.org\\\/es\\\/inicio\\\/\"},{\"@type\":\"ListItem\",\"position\":2,\"name\":\"Inf\u00f3rmate\",\"item\":\"https:\\\/\\\/fundesplai.org\\\/es\\\/informate\\\/\"},{\"@type\":\"ListItem\",\"position\":3,\"name\":\"Sin categor\u00eda\",\"item\":\"https:\\\/\\\/fundesplai.org\\\/es\\\/informa-t\\\/category\\\/sin-categoria\\\/\"},{\"@type\":\"ListItem\",\"position\":4,\"name\":\"Curso 100% subvencionado para personas en situaci\u00f3n de desempleo\"}]},{\"@type\":\"WebSite\",\"@id\":\"https:\\\/\\\/fundesplai.org\\\/es\\\/#website\",\"url\":\"https:\\\/\\\/fundesplai.org\\\/es\\\/\",\"name\":\"Fundesplai\",\"description\":\"Eduquem per la conviv\u00e8ncia i la sostenibilitat\",\"potentialAction\":[{\"@type\":\"SearchAction\",\"target\":{\"@type\":\"EntryPoint\",\"urlTemplate\":\"https:\\\/\\\/fundesplai.org\\\/es\\\/?s={search_term_string}\"},\"query-input\":{\"@type\":\"PropertyValueSpecification\",\"valueRequired\":true,\"valueName\":\"search_term_string\"}}],\"inLanguage\":\"es\"},{\"@type\":\"Person\",\"@id\":\"https:\\\/\\\/fundesplai.org\\\/es\\\/#\\\/schema\\\/person\\\/c0e9e7466bb8ac06f5264324a6109733\",\"name\":\"Alfons Valle\",\"image\":{\"@type\":\"ImageObject\",\"inLanguage\":\"es\",\"@id\":\"https:\\\/\\\/secure.gravatar.com\\\/avatar\\\/71d95a3f99a068ba570ac1314ed6911a59c5ae3f22ffcf23631cd1a861a640bc?s=96&d=mm&r=g\",\"url\":\"https:\\\/\\\/secure.gravatar.com\\\/avatar\\\/71d95a3f99a068ba570ac1314ed6911a59c5ae3f22ffcf23631cd1a861a640bc?s=96&d=mm&r=g\",\"contentUrl\":\"https:\\\/\\\/secure.gravatar.com\\\/avatar\\\/71d95a3f99a068ba570ac1314ed6911a59c5ae3f22ffcf23631cd1a861a640bc?s=96&d=mm&r=g\",\"caption\":\"Alfons Valle\"},\"url\":\"https:\\\/\\\/fundesplai.org\\\/es\\\/informa-t\\\/author\\\/avalle\\\/\"}]}<\/script>\n<!-- \/ Yoast SEO plugin. -->","yoast_head_json":{"title":"Curso 100% subvencionado para personas en situaci\u00f3n de desempleo - Fundesplai","robots":{"index":"index","follow":"follow","max-snippet":"max-snippet:-1","max-image-preview":"max-image-preview:large","max-video-preview":"max-video-preview:-1"},"canonical":"https:\/\/fundesplai.org\/es\/informa-t\/actualitat-es\/curso-100-subvencionado-para-personas-en-situacion-de-desempleo\/","og_locale":"es_ES","og_type":"article","og_title":"Curso 100% subvencionado para personas en situaci\u00f3n de desempleo - Fundesplai","og_description":"Curso 100% subvencionado para personas en situaci\u00f3n de desempleo de servicios administrativos generales.&nbsp; Subvencionado por el Servicio de Empleo de Catalu\u00f1a (SOC) y cofinanciado por el Fondo Social Europeo y de la Iniciativa de Empleo Juvenil.","og_url":"https:\/\/fundesplai.org\/es\/informa-t\/actualitat-es\/curso-100-subvencionado-para-personas-en-situacion-de-desempleo\/","og_site_name":"Fundesplai","article_published_time":"2016-12-20T13:06:11+00:00","og_image":[{"url":"https:\/\/fundesplai.org\/test-joomla\/wp-content\/uploads\/sites\/26\/2016\/12\/oficina.gif","type":"","width":"","height":""}],"author":"Alfons Valle","twitter_card":"summary_large_image","twitter_misc":{"Escrito por":"Alfons Valle","Tiempo de lectura":"1 minuto"},"schema":{"@context":"https:\/\/schema.org","@graph":[{"@type":"Article","@id":"https:\/\/fundesplai.org\/es\/informa-t\/actualitat-es\/curso-100-subvencionado-para-personas-en-situacion-de-desempleo\/#article","isPartOf":{"@id":"https:\/\/fundesplai.org\/es\/informa-t\/actualitat-es\/curso-100-subvencionado-para-personas-en-situacion-de-desempleo\/"},"author":{"name":"Alfons Valle","@id":"https:\/\/fundesplai.org\/es\/#\/schema\/person\/c0e9e7466bb8ac06f5264324a6109733"},"headline":"Curso 100% subvencionado para personas en situaci\u00f3n de desempleo","datePublished":"2016-12-20T13:06:11+00:00","mainEntityOfPage":{"@id":"https:\/\/fundesplai.org\/es\/informa-t\/actualitat-es\/curso-100-subvencionado-para-personas-en-situacion-de-desempleo\/"},"wordCount":157,"image":{"@id":"https:\/\/fundesplai.org\/es\/informa-t\/actualitat-es\/curso-100-subvencionado-para-personas-en-situacion-de-desempleo\/#primaryimage"},"thumbnailUrl":"https:\/\/fundesplai.org\/test-joomla\/wp-content\/uploads\/sites\/26\/2016\/12\/oficina.gif","articleSection":["Actualitat"],"inLanguage":"es"},{"@type":"WebPage","@id":"https:\/\/fundesplai.org\/es\/informa-t\/actualitat-es\/curso-100-subvencionado-para-personas-en-situacion-de-desempleo\/","url":"https:\/\/fundesplai.org\/es\/informa-t\/actualitat-es\/curso-100-subvencionado-para-personas-en-situacion-de-desempleo\/","name":"Curso 100% subvencionado para personas en situaci\u00f3n de desempleo - Fundesplai","isPartOf":{"@id":"https:\/\/fundesplai.org\/es\/#website"},"primaryImageOfPage":{"@id":"https:\/\/fundesplai.org\/es\/informa-t\/actualitat-es\/curso-100-subvencionado-para-personas-en-situacion-de-desempleo\/#primaryimage"},"image":{"@id":"https:\/\/fundesplai.org\/es\/informa-t\/actualitat-es\/curso-100-subvencionado-para-personas-en-situacion-de-desempleo\/#primaryimage"},"thumbnailUrl":"https:\/\/fundesplai.org\/test-joomla\/wp-content\/uploads\/sites\/26\/2016\/12\/oficina.gif","datePublished":"2016-12-20T13:06:11+00:00","author":{"@id":"https:\/\/fundesplai.org\/es\/#\/schema\/person\/c0e9e7466bb8ac06f5264324a6109733"},"breadcrumb":{"@id":"https:\/\/fundesplai.org\/es\/informa-t\/actualitat-es\/curso-100-subvencionado-para-personas-en-situacion-de-desempleo\/#breadcrumb"},"inLanguage":"es","potentialAction":[{"@type":"ReadAction","target":["https:\/\/fundesplai.org\/es\/informa-t\/actualitat-es\/curso-100-subvencionado-para-personas-en-situacion-de-desempleo\/"]}]},{"@type":"ImageObject","inLanguage":"es","@id":"https:\/\/fundesplai.org\/es\/informa-t\/actualitat-es\/curso-100-subvencionado-para-personas-en-situacion-de-desempleo\/#primaryimage","url":"https:\/\/fundesplai.org\/test-joomla\/wp-content\/uploads\/sites\/26\/2016\/12\/oficina.gif","contentUrl":"https:\/\/fundesplai.org\/test-joomla\/wp-content\/uploads\/sites\/26\/2016\/12\/oficina.gif"},{"@type":"BreadcrumbList","@id":"https:\/\/fundesplai.org\/es\/informa-t\/actualitat-es\/curso-100-subvencionado-para-personas-en-situacion-de-desempleo\/#breadcrumb","itemListElement":[{"@type":"ListItem","position":1,"name":"Inici","item":"https:\/\/fundesplai.org\/es\/inicio\/"},{"@type":"ListItem","position":2,"name":"Inf\u00f3rmate","item":"https:\/\/fundesplai.org\/es\/informate\/"},{"@type":"ListItem","position":3,"name":"Sin categor\u00eda","item":"https:\/\/fundesplai.org\/es\/informa-t\/category\/sin-categoria\/"},{"@type":"ListItem","position":4,"name":"Curso 100% subvencionado para personas en situaci\u00f3n de desempleo"}]},{"@type":"WebSite","@id":"https:\/\/fundesplai.org\/es\/#website","url":"https:\/\/fundesplai.org\/es\/","name":"Fundesplai","description":"Eduquem per la conviv\u00e8ncia i la sostenibilitat","potentialAction":[{"@type":"SearchAction","target":{"@type":"EntryPoint","urlTemplate":"https:\/\/fundesplai.org\/es\/?s={search_term_string}"},"query-input":{"@type":"PropertyValueSpecification","valueRequired":true,"valueName":"search_term_string"}}],"inLanguage":"es"},{"@type":"Person","@id":"https:\/\/fundesplai.org\/es\/#\/schema\/person\/c0e9e7466bb8ac06f5264324a6109733","name":"Alfons Valle","image":{"@type":"ImageObject","inLanguage":"es","@id":"https:\/\/secure.gravatar.com\/avatar\/71d95a3f99a068ba570ac1314ed6911a59c5ae3f22ffcf23631cd1a861a640bc?s=96&d=mm&r=g","url":"https:\/\/secure.gravatar.com\/avatar\/71d95a3f99a068ba570ac1314ed6911a59c5ae3f22ffcf23631cd1a861a640bc?s=96&d=mm&r=g","contentUrl":"https:\/\/secure.gravatar.com\/avatar\/71d95a3f99a068ba570ac1314ed6911a59c5ae3f22ffcf23631cd1a861a640bc?s=96&d=mm&r=g","caption":"Alfons Valle"},"url":"https:\/\/fundesplai.org\/es\/informa-t\/author\/avalle\/"}]}},"_links":{"self":[{"href":"https:\/\/fundesplai.org\/es\/wp-json\/wp\/v2\/posts\/47669","targetHints":{"allow":["GET"]}}],"collection":[{"href":"https:\/\/fundesplai.org\/es\/wp-json\/wp\/v2\/posts"}],"about":[{"href":"https:\/\/fundesplai.org\/es\/wp-json\/wp\/v2\/types\/post"}],"author":[{"embeddable":true,"href":"https:\/\/fundesplai.org\/es\/wp-json\/wp\/v2\/users\/9"}],"replies":[{"embeddable":true,"href":"https:\/\/fundesplai.org\/es\/wp-json\/wp\/v2\/comments?post=47669"}],"version-history":[{"count":0,"href":"https:\/\/fundesplai.org\/es\/wp-json\/wp\/v2\/posts\/47669\/revisions"}],"wp:attachment":[{"href":"https:\/\/fundesplai.org\/es\/wp-json\/wp\/v2\/media?parent=47669"}],"wp:term":[{"taxonomy":"category","embeddable":true,"href":"https:\/\/fundesplai.org\/es\/wp-json\/wp\/v2\/categories?post=47669"},{"taxonomy":"post_tag","embeddable":true,"href":"https:\/\/fundesplai.org\/es\/wp-json\/wp\/v2\/tags?post=47669"}],"curies":[{"name":"wp","href":"https:\/\/api.w.org\/{rel}","templated":true}]}}