{"id":47667,"date":"2016-12-19T18:36:42","date_gmt":"2016-12-19T17:36:42","guid":{"rendered":"https:\/\/fundesplai.org\/informa-t\/sense-categoria\/las-iniciativas-educativas-y-sociales-de-fundesplai-en-la-muestra-de-entidades-de-el-prat\/"},"modified":"2016-12-19T18:36:42","modified_gmt":"2016-12-19T17:36:42","slug":"las-iniciativas-educativas-y-sociales-de-fundesplai-en-la-muestra-de-entidades-de-el-prat","status":"publish","type":"post","link":"https:\/\/fundesplai.org\/es\/informa-t\/actualitat-es\/las-iniciativas-educativas-y-sociales-de-fundesplai-en-la-muestra-de-entidades-de-el-prat\/","title":{"rendered":"Las iniciativas educativas y sociales de Fundesplai, en la Muestra de Entidades de El Prat"},"content":{"rendered":"<p>La campa\u00f1a \u00abTomamos partido por la infancia\u00bb, los cursos enmarcados en la Garant\u00eda Juvenil, la labor que desarrollan los esplais o el nuevo espacio de juego para familias con ni\u00f1os peque\u00f1os de Centro Esplai fueron algunas de las iniciativas de Fundesplai que estuvieron presentes en la Muestra de Entidades de El Prat que tuvo lugar este fin de semana del 16, 17 y 18 de diciembre.<\/p>\n<p><!--more--><\/p>\n<p><img loading=\"lazy\" decoding=\"async\" class=\" alignleft size-full wp-image-3799\" style=\"margin: 5px;float: left\" src=\"https:\/\/fundesplai.org\/test-joomla\/wp-content\/uploads\/sites\/26\/2016\/12\/mostra-entitats.jpg\" alt=\"muestra entidades\" width=\"400\" height=\"225\">La campa\u00f1a \u00abTomamos partido por la infancia\u00bb, los cursos enmarcados en la Garant\u00eda Juvenil, la labor que desarrollan los esplais o el nuevo espacio de juego para familias con ni\u00f1os peque\u00f1os de Centro Esplai fueron algunas de las iniciativas de Fundesplai que estuvieron presentes en la Muestra de Entidades de El Prat que tuvo lugar este fin de semana del 16, 17 y 18 de diciembre.<\/p>\n<p>La Muestra de enmarca en la Feria Av\u00edcola y es uno de los acontecimientos de la vida ciudadana y asociativa m\u00e1s importantes de El Prat de Llobregat. Por la Muestra pasaron miles de personas durante los tres d\u00edas, que pudieron conocer de cerca la labor que realizan las entidades de la localidad, entre ellas la de Fundesplai.<\/p>\n<p>La inauguraci\u00f3n tuvo lugar el viernes 16 de diciembre a las 18h y cont\u00f3 con el alcalde de El Prat, Llu\u00eds Tejedor, y la consejera de Agricultura, Ganader\u00eda y Pesca, Meritxell Serret. Adem\u00e1s, el s\u00e1bado por la tarde, el presidente de la Generalitat, Carles Puigdemont, tambi\u00e9n visit\u00f3 la Muestra y pas\u00f3 por el stand de Fundesplai.<\/p>\n","protected":false},"excerpt":{"rendered":"<p>La campa\u00f1a \u00abTomamos partido por la infancia\u00bb, los cursos enmarcados en la Garant\u00eda Juvenil, la labor que desarrollan los esplais o el nuevo espacio de juego para familias con ni\u00f1os peque\u00f1os de Centro Esplai fueron algunas de las iniciativas de Fundesplai que estuvieron presentes en la Muestra de Entidades de El Prat que tuvo lugar [&hellip;]<\/p>\n","protected":false},"author":4,"featured_media":0,"comment_status":"closed","ping_status":"closed","sticky":false,"template":"","format":"standard","meta":{"_et_pb_use_builder":"","_et_pb_old_content":"","_et_gb_content_width":"","footnotes":""},"categories":[937],"tags":[],"class_list":["post-47667","post","type-post","status-publish","format-standard","hentry","category-actualitat-es"],"yoast_head":"<!-- This site is optimized with the Yoast SEO plugin v27.4 - https:\/\/yoast.com\/product\/yoast-seo-wordpress\/ -->\n<title>Las iniciativas educativas y sociales de Fundesplai, en la Muestra de Entidades de El Prat - Fundesplai<\/title>\n<meta name=\"robots\" content=\"index, follow, max-snippet:-1, max-image-preview:large, max-video-preview:-1\" \/>\n<link rel=\"canonical\" href=\"https:\/\/fundesplai.org\/es\/informa-t\/actualitat-es\/las-iniciativas-educativas-y-sociales-de-fundesplai-en-la-muestra-de-entidades-de-el-prat\/\" \/>\n<meta property=\"og:locale\" content=\"es_ES\" \/>\n<meta property=\"og:type\" content=\"article\" \/>\n<meta property=\"og:title\" content=\"Las iniciativas educativas y sociales de Fundesplai, en la Muestra de Entidades de El Prat - Fundesplai\" \/>\n<meta property=\"og:description\" content=\"La campa\u00f1a \u00abTomamos partido por la infancia\u00bb, los cursos enmarcados en la Garant\u00eda Juvenil, la labor que desarrollan los esplais o el nuevo espacio de juego para familias con ni\u00f1os peque\u00f1os de Centro Esplai fueron algunas de las iniciativas de Fundesplai que estuvieron presentes en la Muestra de Entidades de El Prat que tuvo lugar [&hellip;]\" \/>\n<meta property=\"og:url\" content=\"https:\/\/fundesplai.org\/es\/informa-t\/actualitat-es\/las-iniciativas-educativas-y-sociales-de-fundesplai-en-la-muestra-de-entidades-de-el-prat\/\" \/>\n<meta property=\"og:site_name\" content=\"Fundesplai\" \/>\n<meta property=\"article:published_time\" content=\"2016-12-19T17:36:42+00:00\" \/>\n<meta property=\"og:image\" content=\"https:\/\/fundesplai.org\/test-joomla\/wp-content\/uploads\/sites\/26\/2016\/12\/mostra-entitats.jpg\" \/>\n<meta name=\"author\" content=\"Ferran\" \/>\n<meta name=\"twitter:card\" content=\"summary_large_image\" \/>\n<meta name=\"twitter:label1\" content=\"Escrito por\" \/>\n\t<meta name=\"twitter:data1\" content=\"Ferran\" \/>\n\t<meta name=\"twitter:label2\" content=\"Tiempo de lectura\" \/>\n\t<meta name=\"twitter:data2\" content=\"1 minuto\" \/>\n<script type=\"application\/ld+json\" class=\"yoast-schema-graph\">{\"@context\":\"https:\\\/\\\/schema.org\",\"@graph\":[{\"@type\":\"Article\",\"@id\":\"https:\\\/\\\/fundesplai.org\\\/es\\\/informa-t\\\/actualitat-es\\\/las-iniciativas-educativas-y-sociales-de-fundesplai-en-la-muestra-de-entidades-de-el-prat\\\/#article\",\"isPartOf\":{\"@id\":\"https:\\\/\\\/fundesplai.org\\\/es\\\/informa-t\\\/actualitat-es\\\/las-iniciativas-educativas-y-sociales-de-fundesplai-en-la-muestra-de-entidades-de-el-prat\\\/\"},\"author\":{\"name\":\"Ferran\",\"@id\":\"https:\\\/\\\/fundesplai.org\\\/es\\\/#\\\/schema\\\/person\\\/67e7825d8ec54561cc24e36ba6b0f633\"},\"headline\":\"Las iniciativas educativas y sociales de Fundesplai, en la Muestra de Entidades de El Prat\",\"datePublished\":\"2016-12-19T17:36:42+00:00\",\"mainEntityOfPage\":{\"@id\":\"https:\\\/\\\/fundesplai.org\\\/es\\\/informa-t\\\/actualitat-es\\\/las-iniciativas-educativas-y-sociales-de-fundesplai-en-la-muestra-de-entidades-de-el-prat\\\/\"},\"wordCount\":270,\"image\":{\"@id\":\"https:\\\/\\\/fundesplai.org\\\/es\\\/informa-t\\\/actualitat-es\\\/las-iniciativas-educativas-y-sociales-de-fundesplai-en-la-muestra-de-entidades-de-el-prat\\\/#primaryimage\"},\"thumbnailUrl\":\"https:\\\/\\\/fundesplai.org\\\/test-joomla\\\/wp-content\\\/uploads\\\/sites\\\/26\\\/2016\\\/12\\\/mostra-entitats.jpg\",\"articleSection\":[\"Actualitat\"],\"inLanguage\":\"es\"},{\"@type\":\"WebPage\",\"@id\":\"https:\\\/\\\/fundesplai.org\\\/es\\\/informa-t\\\/actualitat-es\\\/las-iniciativas-educativas-y-sociales-de-fundesplai-en-la-muestra-de-entidades-de-el-prat\\\/\",\"url\":\"https:\\\/\\\/fundesplai.org\\\/es\\\/informa-t\\\/actualitat-es\\\/las-iniciativas-educativas-y-sociales-de-fundesplai-en-la-muestra-de-entidades-de-el-prat\\\/\",\"name\":\"Las iniciativas educativas y sociales de Fundesplai, en la Muestra de Entidades de El Prat - Fundesplai\",\"isPartOf\":{\"@id\":\"https:\\\/\\\/fundesplai.org\\\/es\\\/#website\"},\"primaryImageOfPage\":{\"@id\":\"https:\\\/\\\/fundesplai.org\\\/es\\\/informa-t\\\/actualitat-es\\\/las-iniciativas-educativas-y-sociales-de-fundesplai-en-la-muestra-de-entidades-de-el-prat\\\/#primaryimage\"},\"image\":{\"@id\":\"https:\\\/\\\/fundesplai.org\\\/es\\\/informa-t\\\/actualitat-es\\\/las-iniciativas-educativas-y-sociales-de-fundesplai-en-la-muestra-de-entidades-de-el-prat\\\/#primaryimage\"},\"thumbnailUrl\":\"https:\\\/\\\/fundesplai.org\\\/test-joomla\\\/wp-content\\\/uploads\\\/sites\\\/26\\\/2016\\\/12\\\/mostra-entitats.jpg\",\"datePublished\":\"2016-12-19T17:36:42+00:00\",\"author\":{\"@id\":\"https:\\\/\\\/fundesplai.org\\\/es\\\/#\\\/schema\\\/person\\\/67e7825d8ec54561cc24e36ba6b0f633\"},\"breadcrumb\":{\"@id\":\"https:\\\/\\\/fundesplai.org\\\/es\\\/informa-t\\\/actualitat-es\\\/las-iniciativas-educativas-y-sociales-de-fundesplai-en-la-muestra-de-entidades-de-el-prat\\\/#breadcrumb\"},\"inLanguage\":\"es\",\"potentialAction\":[{\"@type\":\"ReadAction\",\"target\":[\"https:\\\/\\\/fundesplai.org\\\/es\\\/informa-t\\\/actualitat-es\\\/las-iniciativas-educativas-y-sociales-de-fundesplai-en-la-muestra-de-entidades-de-el-prat\\\/\"]}]},{\"@type\":\"ImageObject\",\"inLanguage\":\"es\",\"@id\":\"https:\\\/\\\/fundesplai.org\\\/es\\\/informa-t\\\/actualitat-es\\\/las-iniciativas-educativas-y-sociales-de-fundesplai-en-la-muestra-de-entidades-de-el-prat\\\/#primaryimage\",\"url\":\"https:\\\/\\\/fundesplai.org\\\/test-joomla\\\/wp-content\\\/uploads\\\/sites\\\/26\\\/2016\\\/12\\\/mostra-entitats.jpg\",\"contentUrl\":\"https:\\\/\\\/fundesplai.org\\\/test-joomla\\\/wp-content\\\/uploads\\\/sites\\\/26\\\/2016\\\/12\\\/mostra-entitats.jpg\"},{\"@type\":\"BreadcrumbList\",\"@id\":\"https:\\\/\\\/fundesplai.org\\\/es\\\/informa-t\\\/actualitat-es\\\/las-iniciativas-educativas-y-sociales-de-fundesplai-en-la-muestra-de-entidades-de-el-prat\\\/#breadcrumb\",\"itemListElement\":[{\"@type\":\"ListItem\",\"position\":1,\"name\":\"Inici\",\"item\":\"https:\\\/\\\/fundesplai.org\\\/es\\\/inicio\\\/\"},{\"@type\":\"ListItem\",\"position\":2,\"name\":\"Inf\u00f3rmate\",\"item\":\"https:\\\/\\\/fundesplai.org\\\/es\\\/informate\\\/\"},{\"@type\":\"ListItem\",\"position\":3,\"name\":\"Sin categor\u00eda\",\"item\":\"https:\\\/\\\/fundesplai.org\\\/es\\\/informa-t\\\/category\\\/sin-categoria\\\/\"},{\"@type\":\"ListItem\",\"position\":4,\"name\":\"Las iniciativas educativas y sociales de Fundesplai, en la Muestra de Entidades de El Prat\"}]},{\"@type\":\"WebSite\",\"@id\":\"https:\\\/\\\/fundesplai.org\\\/es\\\/#website\",\"url\":\"https:\\\/\\\/fundesplai.org\\\/es\\\/\",\"name\":\"Fundesplai\",\"description\":\"Eduquem per la conviv\u00e8ncia i la sostenibilitat\",\"potentialAction\":[{\"@type\":\"SearchAction\",\"target\":{\"@type\":\"EntryPoint\",\"urlTemplate\":\"https:\\\/\\\/fundesplai.org\\\/es\\\/?s={search_term_string}\"},\"query-input\":{\"@type\":\"PropertyValueSpecification\",\"valueRequired\":true,\"valueName\":\"search_term_string\"}}],\"inLanguage\":\"es\"},{\"@type\":\"Person\",\"@id\":\"https:\\\/\\\/fundesplai.org\\\/es\\\/#\\\/schema\\\/person\\\/67e7825d8ec54561cc24e36ba6b0f633\",\"name\":\"Ferran\",\"image\":{\"@type\":\"ImageObject\",\"inLanguage\":\"es\",\"@id\":\"https:\\\/\\\/secure.gravatar.com\\\/avatar\\\/a3510350976b58aae6eccd1e36f066b660a69ef63f97fde3cba8205db7db816a?s=96&d=mm&r=g\",\"url\":\"https:\\\/\\\/secure.gravatar.com\\\/avatar\\\/a3510350976b58aae6eccd1e36f066b660a69ef63f97fde3cba8205db7db816a?s=96&d=mm&r=g\",\"contentUrl\":\"https:\\\/\\\/secure.gravatar.com\\\/avatar\\\/a3510350976b58aae6eccd1e36f066b660a69ef63f97fde3cba8205db7db816a?s=96&d=mm&r=g\",\"caption\":\"Ferran\"},\"url\":\"https:\\\/\\\/fundesplai.org\\\/es\\\/informa-t\\\/author\\\/fvidal\\\/\"}]}<\/script>\n<!-- \/ Yoast SEO plugin. -->","yoast_head_json":{"title":"Las iniciativas educativas y sociales de Fundesplai, en la Muestra de Entidades de El Prat - Fundesplai","robots":{"index":"index","follow":"follow","max-snippet":"max-snippet:-1","max-image-preview":"max-image-preview:large","max-video-preview":"max-video-preview:-1"},"canonical":"https:\/\/fundesplai.org\/es\/informa-t\/actualitat-es\/las-iniciativas-educativas-y-sociales-de-fundesplai-en-la-muestra-de-entidades-de-el-prat\/","og_locale":"es_ES","og_type":"article","og_title":"Las iniciativas educativas y sociales de Fundesplai, en la Muestra de Entidades de El Prat - Fundesplai","og_description":"La campa\u00f1a \u00abTomamos partido por la infancia\u00bb, los cursos enmarcados en la Garant\u00eda Juvenil, la labor que desarrollan los esplais o el nuevo espacio de juego para familias con ni\u00f1os peque\u00f1os de Centro Esplai fueron algunas de las iniciativas de Fundesplai que estuvieron presentes en la Muestra de Entidades de El Prat que tuvo lugar [&hellip;]","og_url":"https:\/\/fundesplai.org\/es\/informa-t\/actualitat-es\/las-iniciativas-educativas-y-sociales-de-fundesplai-en-la-muestra-de-entidades-de-el-prat\/","og_site_name":"Fundesplai","article_published_time":"2016-12-19T17:36:42+00:00","og_image":[{"url":"https:\/\/fundesplai.org\/test-joomla\/wp-content\/uploads\/sites\/26\/2016\/12\/mostra-entitats.jpg","type":"","width":"","height":""}],"author":"Ferran","twitter_card":"summary_large_image","twitter_misc":{"Escrito por":"Ferran","Tiempo de lectura":"1 minuto"},"schema":{"@context":"https:\/\/schema.org","@graph":[{"@type":"Article","@id":"https:\/\/fundesplai.org\/es\/informa-t\/actualitat-es\/las-iniciativas-educativas-y-sociales-de-fundesplai-en-la-muestra-de-entidades-de-el-prat\/#article","isPartOf":{"@id":"https:\/\/fundesplai.org\/es\/informa-t\/actualitat-es\/las-iniciativas-educativas-y-sociales-de-fundesplai-en-la-muestra-de-entidades-de-el-prat\/"},"author":{"name":"Ferran","@id":"https:\/\/fundesplai.org\/es\/#\/schema\/person\/67e7825d8ec54561cc24e36ba6b0f633"},"headline":"Las iniciativas educativas y sociales de Fundesplai, en la Muestra de Entidades de El Prat","datePublished":"2016-12-19T17:36:42+00:00","mainEntityOfPage":{"@id":"https:\/\/fundesplai.org\/es\/informa-t\/actualitat-es\/las-iniciativas-educativas-y-sociales-de-fundesplai-en-la-muestra-de-entidades-de-el-prat\/"},"wordCount":270,"image":{"@id":"https:\/\/fundesplai.org\/es\/informa-t\/actualitat-es\/las-iniciativas-educativas-y-sociales-de-fundesplai-en-la-muestra-de-entidades-de-el-prat\/#primaryimage"},"thumbnailUrl":"https:\/\/fundesplai.org\/test-joomla\/wp-content\/uploads\/sites\/26\/2016\/12\/mostra-entitats.jpg","articleSection":["Actualitat"],"inLanguage":"es"},{"@type":"WebPage","@id":"https:\/\/fundesplai.org\/es\/informa-t\/actualitat-es\/las-iniciativas-educativas-y-sociales-de-fundesplai-en-la-muestra-de-entidades-de-el-prat\/","url":"https:\/\/fundesplai.org\/es\/informa-t\/actualitat-es\/las-iniciativas-educativas-y-sociales-de-fundesplai-en-la-muestra-de-entidades-de-el-prat\/","name":"Las iniciativas educativas y sociales de Fundesplai, en la Muestra de Entidades de El Prat - Fundesplai","isPartOf":{"@id":"https:\/\/fundesplai.org\/es\/#website"},"primaryImageOfPage":{"@id":"https:\/\/fundesplai.org\/es\/informa-t\/actualitat-es\/las-iniciativas-educativas-y-sociales-de-fundesplai-en-la-muestra-de-entidades-de-el-prat\/#primaryimage"},"image":{"@id":"https:\/\/fundesplai.org\/es\/informa-t\/actualitat-es\/las-iniciativas-educativas-y-sociales-de-fundesplai-en-la-muestra-de-entidades-de-el-prat\/#primaryimage"},"thumbnailUrl":"https:\/\/fundesplai.org\/test-joomla\/wp-content\/uploads\/sites\/26\/2016\/12\/mostra-entitats.jpg","datePublished":"2016-12-19T17:36:42+00:00","author":{"@id":"https:\/\/fundesplai.org\/es\/#\/schema\/person\/67e7825d8ec54561cc24e36ba6b0f633"},"breadcrumb":{"@id":"https:\/\/fundesplai.org\/es\/informa-t\/actualitat-es\/las-iniciativas-educativas-y-sociales-de-fundesplai-en-la-muestra-de-entidades-de-el-prat\/#breadcrumb"},"inLanguage":"es","potentialAction":[{"@type":"ReadAction","target":["https:\/\/fundesplai.org\/es\/informa-t\/actualitat-es\/las-iniciativas-educativas-y-sociales-de-fundesplai-en-la-muestra-de-entidades-de-el-prat\/"]}]},{"@type":"ImageObject","inLanguage":"es","@id":"https:\/\/fundesplai.org\/es\/informa-t\/actualitat-es\/las-iniciativas-educativas-y-sociales-de-fundesplai-en-la-muestra-de-entidades-de-el-prat\/#primaryimage","url":"https:\/\/fundesplai.org\/test-joomla\/wp-content\/uploads\/sites\/26\/2016\/12\/mostra-entitats.jpg","contentUrl":"https:\/\/fundesplai.org\/test-joomla\/wp-content\/uploads\/sites\/26\/2016\/12\/mostra-entitats.jpg"},{"@type":"BreadcrumbList","@id":"https:\/\/fundesplai.org\/es\/informa-t\/actualitat-es\/las-iniciativas-educativas-y-sociales-de-fundesplai-en-la-muestra-de-entidades-de-el-prat\/#breadcrumb","itemListElement":[{"@type":"ListItem","position":1,"name":"Inici","item":"https:\/\/fundesplai.org\/es\/inicio\/"},{"@type":"ListItem","position":2,"name":"Inf\u00f3rmate","item":"https:\/\/fundesplai.org\/es\/informate\/"},{"@type":"ListItem","position":3,"name":"Sin categor\u00eda","item":"https:\/\/fundesplai.org\/es\/informa-t\/category\/sin-categoria\/"},{"@type":"ListItem","position":4,"name":"Las iniciativas educativas y sociales de Fundesplai, en la Muestra de Entidades de El Prat"}]},{"@type":"WebSite","@id":"https:\/\/fundesplai.org\/es\/#website","url":"https:\/\/fundesplai.org\/es\/","name":"Fundesplai","description":"Eduquem per la conviv\u00e8ncia i la sostenibilitat","potentialAction":[{"@type":"SearchAction","target":{"@type":"EntryPoint","urlTemplate":"https:\/\/fundesplai.org\/es\/?s={search_term_string}"},"query-input":{"@type":"PropertyValueSpecification","valueRequired":true,"valueName":"search_term_string"}}],"inLanguage":"es"},{"@type":"Person","@id":"https:\/\/fundesplai.org\/es\/#\/schema\/person\/67e7825d8ec54561cc24e36ba6b0f633","name":"Ferran","image":{"@type":"ImageObject","inLanguage":"es","@id":"https:\/\/secure.gravatar.com\/avatar\/a3510350976b58aae6eccd1e36f066b660a69ef63f97fde3cba8205db7db816a?s=96&d=mm&r=g","url":"https:\/\/secure.gravatar.com\/avatar\/a3510350976b58aae6eccd1e36f066b660a69ef63f97fde3cba8205db7db816a?s=96&d=mm&r=g","contentUrl":"https:\/\/secure.gravatar.com\/avatar\/a3510350976b58aae6eccd1e36f066b660a69ef63f97fde3cba8205db7db816a?s=96&d=mm&r=g","caption":"Ferran"},"url":"https:\/\/fundesplai.org\/es\/informa-t\/author\/fvidal\/"}]}},"_links":{"self":[{"href":"https:\/\/fundesplai.org\/es\/wp-json\/wp\/v2\/posts\/47667","targetHints":{"allow":["GET"]}}],"collection":[{"href":"https:\/\/fundesplai.org\/es\/wp-json\/wp\/v2\/posts"}],"about":[{"href":"https:\/\/fundesplai.org\/es\/wp-json\/wp\/v2\/types\/post"}],"author":[{"embeddable":true,"href":"https:\/\/fundesplai.org\/es\/wp-json\/wp\/v2\/users\/4"}],"replies":[{"embeddable":true,"href":"https:\/\/fundesplai.org\/es\/wp-json\/wp\/v2\/comments?post=47667"}],"version-history":[{"count":0,"href":"https:\/\/fundesplai.org\/es\/wp-json\/wp\/v2\/posts\/47667\/revisions"}],"wp:attachment":[{"href":"https:\/\/fundesplai.org\/es\/wp-json\/wp\/v2\/media?parent=47667"}],"wp:term":[{"taxonomy":"category","embeddable":true,"href":"https:\/\/fundesplai.org\/es\/wp-json\/wp\/v2\/categories?post=47667"},{"taxonomy":"post_tag","embeddable":true,"href":"https:\/\/fundesplai.org\/es\/wp-json\/wp\/v2\/tags?post=47667"}],"curies":[{"name":"wp","href":"https:\/\/api.w.org\/{rel}","templated":true}]}}