{"id":47666,"date":"2016-12-19T14:34:09","date_gmt":"2016-12-19T13:34:09","guid":{"rendered":"https:\/\/fundesplai.org\/informa-t\/sense-categoria\/fundesplai-participa-en-el-debate-sobre-la-precariedad-juvenil\/"},"modified":"2016-12-19T14:34:09","modified_gmt":"2016-12-19T13:34:09","slug":"fundesplai-participa-en-el-debate-sobre-la-precariedad-juvenil","status":"publish","type":"post","link":"https:\/\/fundesplai.org\/es\/informa-t\/actualitat-es\/fundesplai-participa-en-el-debate-sobre-la-precariedad-juvenil\/","title":{"rendered":"Fundesplai participa en el debate sobre la precariedad juvenil"},"content":{"rendered":"<p>Maria Bruno, responsable del Departamento de Acci\u00f3n Social de Fundesplai, particip\u00f3 el d\u00eda 13 de diciembre, en la presentaci\u00f3n del informe \u00abLa precariedad laboral juvenil. Una realidad inc\u00f3moda\u00bb en el marco de un nuevo debate del Ciclo &#8216;Catalu\u00f1a Social&#8217; que se celebr\u00f3 en el Ateneo Barcelon\u00e8s.<\/p>\n<p><!--more--><\/p>\n<p class=\"intro\">Maria Bruno, responsable del Departamento de Acci\u00f3n Social de Fundesplai, particip\u00f3 el d\u00eda 13 de diciembre, en la presentaci\u00f3n del informe \u00abLa precariedad laboral juvenil. Una realidad inc\u00f3moda\u00bb en el marco de un nuevo debate del Ciclo &#8216;Catalu\u00f1a Social&#8217; que se celebr\u00f3 en el Ateneo Barcelon\u00e8s.<\/p>\n<table style=\"height: 19px;width: 100%\">\n<tbody>\n<tr>\n<td style=\"width: 50%\"><img decoding=\"async\" class=\" size-full wp-image-3795\" src=\"https:\/\/fundesplai.org\/test-joomla\/wp-content\/uploads\/sites\/26\/2016\/12\/debat_taula.jpg\" alt=\"debate mesa\" width=\"100%\" height=\"NaN\"><\/td>\n<td><img decoding=\"async\" class=\" size-full wp-image-3797\" src=\"https:\/\/fundesplai.org\/test-joomla\/wp-content\/uploads\/sites\/26\/2016\/12\/debat_taula2.jpg\" alt=\"debate tabla2\" width=\"100%\" height=\"NaN\"><\/td>\n<\/tr>\n<\/tbody>\n<\/table>\n<p>El informe, elaborado por M. \u00c0ngels Cabas\u00e9s, profesora Titular de Econom\u00eda aplicada de la Universidad de Lleida, Agn\u00e8s Pardell, catedr\u00e1tica del Derecho del trabajo y de la Seguridad Social de la FGSHSCSP y Carles Ribagor\u00e7ana, catedr\u00e1tico de antropolog\u00eda Social de la UdG por encargo de la Mesa del Tercer Sector, analiza cu\u00e1l ha sido el impacto de la crisis econ\u00f3mica en el empleo juvenil, cu\u00e1l ha sido la trayectoria laboral entre generaciones, cu\u00e1l es la situaci\u00f3n laboral de las personas j\u00f3venes de m\u00e1s de 16 y menos de 30 a\u00f1os a fecha 2016 y, finalmente, eval\u00faa la implementaci\u00f3n de la Garant\u00eda Juvenil en Catalu\u00f1a.<\/p>\n<p>Las cifras del documento sirven para evidenciar, entre otros factores, que los j\u00f3venes menores de 30 a\u00f1os est\u00e1n en peores condiciones que los j\u00f3venes menores de 30 a\u00f1os del a\u00f1o 200.<\/p>\n<p><strong>Debate entre representantes de entidades que trabajan con j\u00f3venes<\/strong><\/p>\n<p>Tras la presentaci\u00f3n, se celebr\u00f3 un debate en el que participaron Carles Mart\u00ednez, director operativo de Catalu\u00f1a de la Fundaci\u00f3n Centis (ECAS), Imma Pinar, codirectora y directora t\u00e9cnica de la Fundaci\u00f3n Joia (Foro Salud Mental), y Mar\u00eda Bruno, responsable del Departamento de Acci\u00f3n Social de Fundesplai, y que estuvo moderado por Ignasi Aragay, director adjunto del Diari Ara.<\/p>\n<p>Todos los ponentes coincidieron en destacar que es necesario reforzar el trabajo en red entre entidades y entre entidades y admnistraci\u00f3n p\u00fablica e implicar m\u00e1s a las empresas para poder ofrecer m\u00e1s y mejores oportunidades a las personas j\u00f3venes. Adem\u00e1s, incidieron en que ser\u00eda necesario que los esfuerzos hechos con la Garant\u00eda Juvenil tuvieran continuidad.<\/p>\n<p>Fundesplai desarrolla proyectos de inserci\u00f3n sociolaboral para j\u00f3venes, como son Oportunidad Joven, Tresca Joven, Mentor\u00eda Social o Ama, Acompa\u00f1amiento a madres adolescentes; uno de los focos principales de los proyectos y programas es acompa\u00f1ar a los y las j\u00f3venes en su empoderamiento hacia la vida adulta. El empoderamiento es una de las claves de los proyectos que engloban el acceso a formaci\u00f3n, acceso a pr\u00e1cticas laborales y aprendizajes en habilidades sociales y personales, y fue en este sentido, que fueron las palabras de mar\u00eda Bruno: \u00abmuchos j\u00f3venes sufren la soledad, en esta etapa de la vida, y no tienen personas adultas en las que referenciarse, o que les apoyen real, contribuyendo en la mejora de su vida; es necesario que las entidades tengamos presente este hecho y encaminemos nuestras propuestas al posibilitar itinerarios de \u00e9xito a los y las j\u00f3venes m\u00e1s vulnerables, en su vida en general\u00bb.<\/p>\n<p><strong><a href=\"http:\/\/www.tercersector.cat\/sites\/www.tercersector.cat\/files\/dossier_precarietat_laboral_juvenil_web.pdf\">Acceda al informe completo.<\/a><\/strong><\/p>\n<p>V\u00eddeo sobre el debate de precariedad juvenil<\/p>\n<p><strong><strong><strong><strong><strong><strong><strong><strong><strong>{youtube}<a href=\"https:\/\/www.youtube.com\/watch?v=atC0ufyuXwQ\" target=\"_blank\" rel=\"noopener\">atC0ufyuXwQ<\/a>?showinfo=0&amp;controles=0|560|315|amerindios=0|asi\u00e1ticos=0|isle\u00f1os=0|asi\u00e1ticos=0|isle\u00f1os=0|asi\u00e1ticos=0|isle\u00f1os=0|asi\u00e1ticos=0|isle\u00f1os=0{\/youtube}<\/strong><\/strong><\/strong><\/strong><\/strong><\/strong><\/strong><\/strong><\/strong><\/p>\n","protected":false},"excerpt":{"rendered":"<p>Maria Bruno, responsable del Departamento de Acci\u00f3n Social de Fundesplai, particip\u00f3 el d\u00eda 13 de diciembre, en la presentaci\u00f3n del informe \u00abLa precariedad laboral juvenil. Una realidad inc\u00f3moda\u00bb en el marco de un nuevo debate del Ciclo &#8216;Catalu\u00f1a Social&#8217; que se celebr\u00f3 en el Ateneo Barcelon\u00e8s.<\/p>\n","protected":false},"author":4,"featured_media":0,"comment_status":"closed","ping_status":"closed","sticky":false,"template":"","format":"standard","meta":{"_et_pb_use_builder":"","_et_pb_old_content":"","_et_gb_content_width":"","footnotes":""},"categories":[937],"tags":[],"class_list":["post-47666","post","type-post","status-publish","format-standard","hentry","category-actualitat-es"],"yoast_head":"<!-- This site is optimized with the Yoast SEO plugin v27.4 - https:\/\/yoast.com\/product\/yoast-seo-wordpress\/ -->\n<title>Fundesplai participa en el debate sobre la precariedad juvenil - Fundesplai<\/title>\n<meta name=\"robots\" content=\"index, follow, max-snippet:-1, max-image-preview:large, max-video-preview:-1\" \/>\n<link rel=\"canonical\" href=\"https:\/\/fundesplai.org\/es\/informa-t\/actualitat-es\/fundesplai-participa-en-el-debate-sobre-la-precariedad-juvenil\/\" \/>\n<meta property=\"og:locale\" content=\"es_ES\" \/>\n<meta property=\"og:type\" content=\"article\" \/>\n<meta property=\"og:title\" content=\"Fundesplai participa en el debate sobre la precariedad juvenil - Fundesplai\" \/>\n<meta property=\"og:description\" content=\"Maria Bruno, responsable del Departamento de Acci\u00f3n Social de Fundesplai, particip\u00f3 el d\u00eda 13 de diciembre, en la presentaci\u00f3n del informe \u00abLa precariedad laboral juvenil. Una realidad inc\u00f3moda\u00bb en el marco de un nuevo debate del Ciclo &#8216;Catalu\u00f1a Social&#8217; que se celebr\u00f3 en el Ateneo Barcelon\u00e8s.\" \/>\n<meta property=\"og:url\" content=\"https:\/\/fundesplai.org\/es\/informa-t\/actualitat-es\/fundesplai-participa-en-el-debate-sobre-la-precariedad-juvenil\/\" \/>\n<meta property=\"og:site_name\" content=\"Fundesplai\" \/>\n<meta property=\"article:published_time\" content=\"2016-12-19T13:34:09+00:00\" \/>\n<meta property=\"og:image\" content=\"https:\/\/fundesplai.org\/test-joomla\/wp-content\/uploads\/sites\/26\/2016\/12\/debat_taula.jpg\" \/>\n<meta name=\"author\" content=\"Ferran\" \/>\n<meta name=\"twitter:card\" content=\"summary_large_image\" \/>\n<meta name=\"twitter:label1\" content=\"Escrito por\" \/>\n\t<meta name=\"twitter:data1\" content=\"Ferran\" \/>\n\t<meta name=\"twitter:label2\" content=\"Tiempo de lectura\" \/>\n\t<meta name=\"twitter:data2\" content=\"3 minutos\" \/>\n<script type=\"application\/ld+json\" class=\"yoast-schema-graph\">{\"@context\":\"https:\\\/\\\/schema.org\",\"@graph\":[{\"@type\":\"Article\",\"@id\":\"https:\\\/\\\/fundesplai.org\\\/es\\\/informa-t\\\/actualitat-es\\\/fundesplai-participa-en-el-debate-sobre-la-precariedad-juvenil\\\/#article\",\"isPartOf\":{\"@id\":\"https:\\\/\\\/fundesplai.org\\\/es\\\/informa-t\\\/actualitat-es\\\/fundesplai-participa-en-el-debate-sobre-la-precariedad-juvenil\\\/\"},\"author\":{\"name\":\"Ferran\",\"@id\":\"https:\\\/\\\/fundesplai.org\\\/es\\\/#\\\/schema\\\/person\\\/67e7825d8ec54561cc24e36ba6b0f633\"},\"headline\":\"Fundesplai participa en el debate sobre la precariedad juvenil\",\"datePublished\":\"2016-12-19T13:34:09+00:00\",\"mainEntityOfPage\":{\"@id\":\"https:\\\/\\\/fundesplai.org\\\/es\\\/informa-t\\\/actualitat-es\\\/fundesplai-participa-en-el-debate-sobre-la-precariedad-juvenil\\\/\"},\"wordCount\":599,\"image\":{\"@id\":\"https:\\\/\\\/fundesplai.org\\\/es\\\/informa-t\\\/actualitat-es\\\/fundesplai-participa-en-el-debate-sobre-la-precariedad-juvenil\\\/#primaryimage\"},\"thumbnailUrl\":\"https:\\\/\\\/fundesplai.org\\\/test-joomla\\\/wp-content\\\/uploads\\\/sites\\\/26\\\/2016\\\/12\\\/debat_taula.jpg\",\"articleSection\":[\"Actualitat\"],\"inLanguage\":\"es\"},{\"@type\":\"WebPage\",\"@id\":\"https:\\\/\\\/fundesplai.org\\\/es\\\/informa-t\\\/actualitat-es\\\/fundesplai-participa-en-el-debate-sobre-la-precariedad-juvenil\\\/\",\"url\":\"https:\\\/\\\/fundesplai.org\\\/es\\\/informa-t\\\/actualitat-es\\\/fundesplai-participa-en-el-debate-sobre-la-precariedad-juvenil\\\/\",\"name\":\"Fundesplai participa en el debate sobre la precariedad juvenil - Fundesplai\",\"isPartOf\":{\"@id\":\"https:\\\/\\\/fundesplai.org\\\/es\\\/#website\"},\"primaryImageOfPage\":{\"@id\":\"https:\\\/\\\/fundesplai.org\\\/es\\\/informa-t\\\/actualitat-es\\\/fundesplai-participa-en-el-debate-sobre-la-precariedad-juvenil\\\/#primaryimage\"},\"image\":{\"@id\":\"https:\\\/\\\/fundesplai.org\\\/es\\\/informa-t\\\/actualitat-es\\\/fundesplai-participa-en-el-debate-sobre-la-precariedad-juvenil\\\/#primaryimage\"},\"thumbnailUrl\":\"https:\\\/\\\/fundesplai.org\\\/test-joomla\\\/wp-content\\\/uploads\\\/sites\\\/26\\\/2016\\\/12\\\/debat_taula.jpg\",\"datePublished\":\"2016-12-19T13:34:09+00:00\",\"author\":{\"@id\":\"https:\\\/\\\/fundesplai.org\\\/es\\\/#\\\/schema\\\/person\\\/67e7825d8ec54561cc24e36ba6b0f633\"},\"breadcrumb\":{\"@id\":\"https:\\\/\\\/fundesplai.org\\\/es\\\/informa-t\\\/actualitat-es\\\/fundesplai-participa-en-el-debate-sobre-la-precariedad-juvenil\\\/#breadcrumb\"},\"inLanguage\":\"es\",\"potentialAction\":[{\"@type\":\"ReadAction\",\"target\":[\"https:\\\/\\\/fundesplai.org\\\/es\\\/informa-t\\\/actualitat-es\\\/fundesplai-participa-en-el-debate-sobre-la-precariedad-juvenil\\\/\"]}]},{\"@type\":\"ImageObject\",\"inLanguage\":\"es\",\"@id\":\"https:\\\/\\\/fundesplai.org\\\/es\\\/informa-t\\\/actualitat-es\\\/fundesplai-participa-en-el-debate-sobre-la-precariedad-juvenil\\\/#primaryimage\",\"url\":\"https:\\\/\\\/fundesplai.org\\\/test-joomla\\\/wp-content\\\/uploads\\\/sites\\\/26\\\/2016\\\/12\\\/debat_taula.jpg\",\"contentUrl\":\"https:\\\/\\\/fundesplai.org\\\/test-joomla\\\/wp-content\\\/uploads\\\/sites\\\/26\\\/2016\\\/12\\\/debat_taula.jpg\"},{\"@type\":\"BreadcrumbList\",\"@id\":\"https:\\\/\\\/fundesplai.org\\\/es\\\/informa-t\\\/actualitat-es\\\/fundesplai-participa-en-el-debate-sobre-la-precariedad-juvenil\\\/#breadcrumb\",\"itemListElement\":[{\"@type\":\"ListItem\",\"position\":1,\"name\":\"Inici\",\"item\":\"https:\\\/\\\/fundesplai.org\\\/es\\\/inicio\\\/\"},{\"@type\":\"ListItem\",\"position\":2,\"name\":\"Inf\u00f3rmate\",\"item\":\"https:\\\/\\\/fundesplai.org\\\/es\\\/informate\\\/\"},{\"@type\":\"ListItem\",\"position\":3,\"name\":\"Sin categor\u00eda\",\"item\":\"https:\\\/\\\/fundesplai.org\\\/es\\\/informa-t\\\/category\\\/sin-categoria\\\/\"},{\"@type\":\"ListItem\",\"position\":4,\"name\":\"Fundesplai participa en el debate sobre la precariedad juvenil\"}]},{\"@type\":\"WebSite\",\"@id\":\"https:\\\/\\\/fundesplai.org\\\/es\\\/#website\",\"url\":\"https:\\\/\\\/fundesplai.org\\\/es\\\/\",\"name\":\"Fundesplai\",\"description\":\"Eduquem per la conviv\u00e8ncia i la sostenibilitat\",\"potentialAction\":[{\"@type\":\"SearchAction\",\"target\":{\"@type\":\"EntryPoint\",\"urlTemplate\":\"https:\\\/\\\/fundesplai.org\\\/es\\\/?s={search_term_string}\"},\"query-input\":{\"@type\":\"PropertyValueSpecification\",\"valueRequired\":true,\"valueName\":\"search_term_string\"}}],\"inLanguage\":\"es\"},{\"@type\":\"Person\",\"@id\":\"https:\\\/\\\/fundesplai.org\\\/es\\\/#\\\/schema\\\/person\\\/67e7825d8ec54561cc24e36ba6b0f633\",\"name\":\"Ferran\",\"image\":{\"@type\":\"ImageObject\",\"inLanguage\":\"es\",\"@id\":\"https:\\\/\\\/secure.gravatar.com\\\/avatar\\\/a3510350976b58aae6eccd1e36f066b660a69ef63f97fde3cba8205db7db816a?s=96&d=mm&r=g\",\"url\":\"https:\\\/\\\/secure.gravatar.com\\\/avatar\\\/a3510350976b58aae6eccd1e36f066b660a69ef63f97fde3cba8205db7db816a?s=96&d=mm&r=g\",\"contentUrl\":\"https:\\\/\\\/secure.gravatar.com\\\/avatar\\\/a3510350976b58aae6eccd1e36f066b660a69ef63f97fde3cba8205db7db816a?s=96&d=mm&r=g\",\"caption\":\"Ferran\"},\"url\":\"https:\\\/\\\/fundesplai.org\\\/es\\\/informa-t\\\/author\\\/fvidal\\\/\"}]}<\/script>\n<!-- \/ Yoast SEO plugin. -->","yoast_head_json":{"title":"Fundesplai participa en el debate sobre la precariedad juvenil - Fundesplai","robots":{"index":"index","follow":"follow","max-snippet":"max-snippet:-1","max-image-preview":"max-image-preview:large","max-video-preview":"max-video-preview:-1"},"canonical":"https:\/\/fundesplai.org\/es\/informa-t\/actualitat-es\/fundesplai-participa-en-el-debate-sobre-la-precariedad-juvenil\/","og_locale":"es_ES","og_type":"article","og_title":"Fundesplai participa en el debate sobre la precariedad juvenil - Fundesplai","og_description":"Maria Bruno, responsable del Departamento de Acci\u00f3n Social de Fundesplai, particip\u00f3 el d\u00eda 13 de diciembre, en la presentaci\u00f3n del informe \u00abLa precariedad laboral juvenil. Una realidad inc\u00f3moda\u00bb en el marco de un nuevo debate del Ciclo &#8216;Catalu\u00f1a Social&#8217; que se celebr\u00f3 en el Ateneo Barcelon\u00e8s.","og_url":"https:\/\/fundesplai.org\/es\/informa-t\/actualitat-es\/fundesplai-participa-en-el-debate-sobre-la-precariedad-juvenil\/","og_site_name":"Fundesplai","article_published_time":"2016-12-19T13:34:09+00:00","og_image":[{"url":"https:\/\/fundesplai.org\/test-joomla\/wp-content\/uploads\/sites\/26\/2016\/12\/debat_taula.jpg","type":"","width":"","height":""}],"author":"Ferran","twitter_card":"summary_large_image","twitter_misc":{"Escrito por":"Ferran","Tiempo de lectura":"3 minutos"},"schema":{"@context":"https:\/\/schema.org","@graph":[{"@type":"Article","@id":"https:\/\/fundesplai.org\/es\/informa-t\/actualitat-es\/fundesplai-participa-en-el-debate-sobre-la-precariedad-juvenil\/#article","isPartOf":{"@id":"https:\/\/fundesplai.org\/es\/informa-t\/actualitat-es\/fundesplai-participa-en-el-debate-sobre-la-precariedad-juvenil\/"},"author":{"name":"Ferran","@id":"https:\/\/fundesplai.org\/es\/#\/schema\/person\/67e7825d8ec54561cc24e36ba6b0f633"},"headline":"Fundesplai participa en el debate sobre la precariedad juvenil","datePublished":"2016-12-19T13:34:09+00:00","mainEntityOfPage":{"@id":"https:\/\/fundesplai.org\/es\/informa-t\/actualitat-es\/fundesplai-participa-en-el-debate-sobre-la-precariedad-juvenil\/"},"wordCount":599,"image":{"@id":"https:\/\/fundesplai.org\/es\/informa-t\/actualitat-es\/fundesplai-participa-en-el-debate-sobre-la-precariedad-juvenil\/#primaryimage"},"thumbnailUrl":"https:\/\/fundesplai.org\/test-joomla\/wp-content\/uploads\/sites\/26\/2016\/12\/debat_taula.jpg","articleSection":["Actualitat"],"inLanguage":"es"},{"@type":"WebPage","@id":"https:\/\/fundesplai.org\/es\/informa-t\/actualitat-es\/fundesplai-participa-en-el-debate-sobre-la-precariedad-juvenil\/","url":"https:\/\/fundesplai.org\/es\/informa-t\/actualitat-es\/fundesplai-participa-en-el-debate-sobre-la-precariedad-juvenil\/","name":"Fundesplai participa en el debate sobre la precariedad juvenil - Fundesplai","isPartOf":{"@id":"https:\/\/fundesplai.org\/es\/#website"},"primaryImageOfPage":{"@id":"https:\/\/fundesplai.org\/es\/informa-t\/actualitat-es\/fundesplai-participa-en-el-debate-sobre-la-precariedad-juvenil\/#primaryimage"},"image":{"@id":"https:\/\/fundesplai.org\/es\/informa-t\/actualitat-es\/fundesplai-participa-en-el-debate-sobre-la-precariedad-juvenil\/#primaryimage"},"thumbnailUrl":"https:\/\/fundesplai.org\/test-joomla\/wp-content\/uploads\/sites\/26\/2016\/12\/debat_taula.jpg","datePublished":"2016-12-19T13:34:09+00:00","author":{"@id":"https:\/\/fundesplai.org\/es\/#\/schema\/person\/67e7825d8ec54561cc24e36ba6b0f633"},"breadcrumb":{"@id":"https:\/\/fundesplai.org\/es\/informa-t\/actualitat-es\/fundesplai-participa-en-el-debate-sobre-la-precariedad-juvenil\/#breadcrumb"},"inLanguage":"es","potentialAction":[{"@type":"ReadAction","target":["https:\/\/fundesplai.org\/es\/informa-t\/actualitat-es\/fundesplai-participa-en-el-debate-sobre-la-precariedad-juvenil\/"]}]},{"@type":"ImageObject","inLanguage":"es","@id":"https:\/\/fundesplai.org\/es\/informa-t\/actualitat-es\/fundesplai-participa-en-el-debate-sobre-la-precariedad-juvenil\/#primaryimage","url":"https:\/\/fundesplai.org\/test-joomla\/wp-content\/uploads\/sites\/26\/2016\/12\/debat_taula.jpg","contentUrl":"https:\/\/fundesplai.org\/test-joomla\/wp-content\/uploads\/sites\/26\/2016\/12\/debat_taula.jpg"},{"@type":"BreadcrumbList","@id":"https:\/\/fundesplai.org\/es\/informa-t\/actualitat-es\/fundesplai-participa-en-el-debate-sobre-la-precariedad-juvenil\/#breadcrumb","itemListElement":[{"@type":"ListItem","position":1,"name":"Inici","item":"https:\/\/fundesplai.org\/es\/inicio\/"},{"@type":"ListItem","position":2,"name":"Inf\u00f3rmate","item":"https:\/\/fundesplai.org\/es\/informate\/"},{"@type":"ListItem","position":3,"name":"Sin categor\u00eda","item":"https:\/\/fundesplai.org\/es\/informa-t\/category\/sin-categoria\/"},{"@type":"ListItem","position":4,"name":"Fundesplai participa en el debate sobre la precariedad juvenil"}]},{"@type":"WebSite","@id":"https:\/\/fundesplai.org\/es\/#website","url":"https:\/\/fundesplai.org\/es\/","name":"Fundesplai","description":"Eduquem per la conviv\u00e8ncia i la sostenibilitat","potentialAction":[{"@type":"SearchAction","target":{"@type":"EntryPoint","urlTemplate":"https:\/\/fundesplai.org\/es\/?s={search_term_string}"},"query-input":{"@type":"PropertyValueSpecification","valueRequired":true,"valueName":"search_term_string"}}],"inLanguage":"es"},{"@type":"Person","@id":"https:\/\/fundesplai.org\/es\/#\/schema\/person\/67e7825d8ec54561cc24e36ba6b0f633","name":"Ferran","image":{"@type":"ImageObject","inLanguage":"es","@id":"https:\/\/secure.gravatar.com\/avatar\/a3510350976b58aae6eccd1e36f066b660a69ef63f97fde3cba8205db7db816a?s=96&d=mm&r=g","url":"https:\/\/secure.gravatar.com\/avatar\/a3510350976b58aae6eccd1e36f066b660a69ef63f97fde3cba8205db7db816a?s=96&d=mm&r=g","contentUrl":"https:\/\/secure.gravatar.com\/avatar\/a3510350976b58aae6eccd1e36f066b660a69ef63f97fde3cba8205db7db816a?s=96&d=mm&r=g","caption":"Ferran"},"url":"https:\/\/fundesplai.org\/es\/informa-t\/author\/fvidal\/"}]}},"_links":{"self":[{"href":"https:\/\/fundesplai.org\/es\/wp-json\/wp\/v2\/posts\/47666","targetHints":{"allow":["GET"]}}],"collection":[{"href":"https:\/\/fundesplai.org\/es\/wp-json\/wp\/v2\/posts"}],"about":[{"href":"https:\/\/fundesplai.org\/es\/wp-json\/wp\/v2\/types\/post"}],"author":[{"embeddable":true,"href":"https:\/\/fundesplai.org\/es\/wp-json\/wp\/v2\/users\/4"}],"replies":[{"embeddable":true,"href":"https:\/\/fundesplai.org\/es\/wp-json\/wp\/v2\/comments?post=47666"}],"version-history":[{"count":0,"href":"https:\/\/fundesplai.org\/es\/wp-json\/wp\/v2\/posts\/47666\/revisions"}],"wp:attachment":[{"href":"https:\/\/fundesplai.org\/es\/wp-json\/wp\/v2\/media?parent=47666"}],"wp:term":[{"taxonomy":"category","embeddable":true,"href":"https:\/\/fundesplai.org\/es\/wp-json\/wp\/v2\/categories?post=47666"},{"taxonomy":"post_tag","embeddable":true,"href":"https:\/\/fundesplai.org\/es\/wp-json\/wp\/v2\/tags?post=47666"}],"curies":[{"name":"wp","href":"https:\/\/api.w.org\/{rel}","templated":true}]}}