{"id":47665,"date":"2016-12-19T13:15:58","date_gmt":"2016-12-19T12:15:58","guid":{"rendered":"https:\/\/fundesplai.org\/informa-t\/sense-categoria\/tres-anos-de-colaboracion-entre-entidades-de-cataluna-y-bolivia\/"},"modified":"2016-12-19T13:15:58","modified_gmt":"2016-12-19T12:15:58","slug":"tres-anos-de-colaboracion-entre-entidades-de-cataluna-y-bolivia","status":"publish","type":"post","link":"https:\/\/fundesplai.org\/es\/informa-t\/actualitat-es\/tres-anos-de-colaboracion-entre-entidades-de-cataluna-y-bolivia\/","title":{"rendered":"Tres a\u00f1os de colaboraci\u00f3n entre entidades de Catalu\u00f1a y Bolivia"},"content":{"rendered":"<p>Durante el mes de diciembre 2016 ha finalizado el proyecto de solidaridad y cooperaci\u00f3n compartido entre el equipo educativo y los ni\u00f1os del Esplai El Tricicle, de Sant Joan Desp\u00ed, y el equipo educativo y los ni\u00f1os del Centro Vicente Ca\u00f1as en Cochabamba, en Bolivia, de la Fundaci\u00f3n Social Uramanta, realizado en base al intercambio educativo y el conocimiento mutuo de las realidades sociales en cada lugar.<\/p>\n<p><!--more--><\/p>\n<p class=\"intro\">Durante el mes de diciembre 2016 ha finalizado el proyecto de solidaridad y cooperaci\u00f3n compartido entre el equipo educativo y los ni\u00f1os del Esplai El Tricicle, de Sant Joan Desp\u00ed, y el equipo educativo y los ni\u00f1os del Centro Vicente Ca\u00f1as en Cochabamba, en Bolivia, de la Fundaci\u00f3n Social Uramanta, realizado en base al intercambio educativo y el conocimiento mutuo de las realidades sociales en cada lugar.<\/p>\n<table style=\"height: 55px;width: 100%\" cellspacing=\"10\">\n<tbody>\n<tr>\n<td colspan=\"2\"><img decoding=\"async\" class=\" size-full wp-image-3787\" src=\"https:\/\/fundesplai.org\/test-joomla\/wp-content\/uploads\/sites\/26\/2016\/12\/excursio-al-abocador-de-KARA-KARA.jpg\" alt=\"excursio al vertedero de KARA KARA\" width=\"100%\" height=\"NaN\"><\/td>\n<\/tr>\n<tr>\n<td style=\"width: 50%\"><img decoding=\"async\" class=\" size-full wp-image-3789\" src=\"https:\/\/fundesplai.org\/test-joomla\/wp-content\/uploads\/sites\/26\/2016\/12\/RECICLANT-A-BOLIVIA-PER-MILLORAR-EL-PATI-DEL-CENTRE.jpg\" alt=\"RECICLANDO EN BOLIVIA PARA MEJORAR EL PATIO DEL CENTRO\" width=\"100%\" height=\"NaN\"><\/td>\n<td><img decoding=\"async\" class=\" size-full wp-image-3790\" src=\"https:\/\/fundesplai.org\/test-joomla\/wp-content\/uploads\/sites\/26\/2016\/12\/IMATGES-DE-LA-VIDEO-CONFERENCIA-ENTRE-INFANTS.jpg\" alt=\"IM\u00c1GENES DE LA VIDEO CONFERENCIA ENTRE NI\u00d1OS\" width=\"100%\"><\/td>\n<\/tr>\n<tr>\n<td colspan=\"2\"><img decoding=\"async\" class=\" size-full wp-image-3792\" src=\"https:\/\/fundesplai.org\/test-joomla\/wp-content\/uploads\/sites\/26\/2016\/12\/titelles-realitzades-a-Bolivia.jpg\" alt=\"t\u00edteres realizados en Bolivia\" width=\"100%\" height=\"NaN\"><\/td>\n<\/tr>\n<\/tbody>\n<\/table>\n<p><span style=\"background-color: transparent\">El proyecto de 2016 que lleva por t\u00edtulo&nbsp;<\/span><em style=\"background-color: transparent\">Generando procesos educativos que fortalecen las capacidades educativas y l\u00fadicas en Sant Joan Desp\u00ed y en Cochabamba: compartimos propuestas y actividades de mejora de nuestros barrios y entorno. VIVA El BARRIO!!<\/em><span style=\"background-color: transparent\"> ha profundizado en el conocimiento mutuo entre las dos realidades en Catalu\u00f1a y en Bolivia, y ha generado m\u00e1s lazos de amistad y afecto entre los ni\u00f1os de los dos centros. Adem\u00e1s, ha servido para que los ni\u00f1os de cada lugar conocieran m\u00e1s su entorno, la realidad en sus barrios, con propuestas que les han hecho convertirse en actores de cambio social.<\/span><\/p>\n<p><strong>Sostenibilidad y conocimiento mutuo<\/strong><\/p>\n<p>Todas las actividades realizadas se pueden seguir en el <strong><a href=\"http:\/\/projectes.fundesplai.org\/cochabambasantjoandespi\/\">bloque del proyecto<\/a>.<\/strong>&nbsp; De entre las m\u00e1s destacadas realizadas por los ni\u00f1os de Cochabamba y el equipo educativo, han sido la visita al vertedero de \u00abKara-kara\u00bb. Una excursi\u00f3n donde los ni\u00f1os pudieron vivir en primera persona la necesidad social de reciclar al m\u00e1ximo, para que los desechos lleguen al vertedero de forma m\u00e1s ordenada, y que sea m\u00e1s \u00e1gil su reciclaje. Sin embargo ni\u00f1as y ni\u00f1os del centro Vicente Ca\u00f1as de Cochabamba, que viven situaciones de vulnerabilidad, tambi\u00e9n aprendieron al respecto de la situaci\u00f3n de extrema pobreza en la que viven algunas comunidades de Bolivia, realidad que hace que muchas personas tengan su principal fuente de ingreso remendando en los desechos vendiendo lo que encuentran o comi\u00e9ndolo, tanto adultos como ni\u00f1os.<\/p>\n<p>Otras experiencias y actividades interesantes del proyecto de este a\u00f1o 2016 han sido la v\u00eddeo-conferencia realizada en verano entre los ni\u00f1os de los centros de Sant Joan Desp\u00ed y de Cochabamba: fue muy emotiva, se hicieron muchas preguntas, se conocieron en persona y disfrutaron mucho del rato.<\/p>\n<p>Tanto los ni\u00f1os del Esplai El Triciclo como el equipo educativo est\u00e1n muy contentos con la propuesta de los \u00faltimos a\u00f1os y en 2017 se quiere seguir trabajando en el proyecto y mejorar en la iniciativa.<\/p>\n<p>El proyecto ha sido posible gracias al apoyo de la convocatoria de solidaridad y cooperaci\u00f3n del Ayuntamiento de Sant Joan Desp\u00ed de 2016<\/p>\n","protected":false},"excerpt":{"rendered":"<p>Durante el mes de diciembre 2016 ha finalizado el proyecto de solidaridad y cooperaci\u00f3n compartido entre el equipo educativo y los ni\u00f1os del Esplai El Tricicle, de Sant Joan Desp\u00ed, y el equipo educativo y los ni\u00f1os del Centro Vicente Ca\u00f1as en Cochabamba, en Bolivia, de la Fundaci\u00f3n Social Uramanta, realizado en base al intercambio [&hellip;]<\/p>\n","protected":false},"author":9,"featured_media":0,"comment_status":"closed","ping_status":"closed","sticky":false,"template":"","format":"standard","meta":{"_et_pb_use_builder":"","_et_pb_old_content":"","_et_gb_content_width":"","footnotes":""},"categories":[937],"tags":[],"class_list":["post-47665","post","type-post","status-publish","format-standard","hentry","category-actualitat-es"],"yoast_head":"<!-- This site is optimized with the Yoast SEO plugin v27.4 - https:\/\/yoast.com\/product\/yoast-seo-wordpress\/ -->\n<title>Tres a\u00f1os de colaboraci\u00f3n entre entidades de Catalu\u00f1a y Bolivia - Fundesplai<\/title>\n<meta name=\"robots\" content=\"index, follow, max-snippet:-1, max-image-preview:large, max-video-preview:-1\" \/>\n<link rel=\"canonical\" href=\"https:\/\/fundesplai.org\/es\/informa-t\/actualitat-es\/tres-anos-de-colaboracion-entre-entidades-de-cataluna-y-bolivia\/\" \/>\n<meta property=\"og:locale\" content=\"es_ES\" \/>\n<meta property=\"og:type\" content=\"article\" \/>\n<meta property=\"og:title\" content=\"Tres a\u00f1os de colaboraci\u00f3n entre entidades de Catalu\u00f1a y Bolivia - Fundesplai\" \/>\n<meta property=\"og:description\" content=\"Durante el mes de diciembre 2016 ha finalizado el proyecto de solidaridad y cooperaci\u00f3n compartido entre el equipo educativo y los ni\u00f1os del Esplai El Tricicle, de Sant Joan Desp\u00ed, y el equipo educativo y los ni\u00f1os del Centro Vicente Ca\u00f1as en Cochabamba, en Bolivia, de la Fundaci\u00f3n Social Uramanta, realizado en base al intercambio [&hellip;]\" \/>\n<meta property=\"og:url\" content=\"https:\/\/fundesplai.org\/es\/informa-t\/actualitat-es\/tres-anos-de-colaboracion-entre-entidades-de-cataluna-y-bolivia\/\" \/>\n<meta property=\"og:site_name\" content=\"Fundesplai\" \/>\n<meta property=\"article:published_time\" content=\"2016-12-19T12:15:58+00:00\" \/>\n<meta property=\"og:image\" content=\"https:\/\/fundesplai.org\/test-joomla\/wp-content\/uploads\/sites\/26\/2016\/12\/excursio-al-abocador-de-KARA-KARA.jpg\" \/>\n<meta name=\"author\" content=\"Alfons Valle\" \/>\n<meta name=\"twitter:card\" content=\"summary_large_image\" \/>\n<meta name=\"twitter:label1\" content=\"Escrito por\" \/>\n\t<meta name=\"twitter:data1\" content=\"Alfons Valle\" \/>\n\t<meta name=\"twitter:label2\" content=\"Tiempo de lectura\" \/>\n\t<meta name=\"twitter:data2\" content=\"3 minutos\" \/>\n<script type=\"application\/ld+json\" class=\"yoast-schema-graph\">{\"@context\":\"https:\\\/\\\/schema.org\",\"@graph\":[{\"@type\":\"Article\",\"@id\":\"https:\\\/\\\/fundesplai.org\\\/es\\\/informa-t\\\/actualitat-es\\\/tres-anos-de-colaboracion-entre-entidades-de-cataluna-y-bolivia\\\/#article\",\"isPartOf\":{\"@id\":\"https:\\\/\\\/fundesplai.org\\\/es\\\/informa-t\\\/actualitat-es\\\/tres-anos-de-colaboracion-entre-entidades-de-cataluna-y-bolivia\\\/\"},\"author\":{\"name\":\"Alfons Valle\",\"@id\":\"https:\\\/\\\/fundesplai.org\\\/es\\\/#\\\/schema\\\/person\\\/c0e9e7466bb8ac06f5264324a6109733\"},\"headline\":\"Tres a\u00f1os de colaboraci\u00f3n entre entidades de Catalu\u00f1a y Bolivia\",\"datePublished\":\"2016-12-19T12:15:58+00:00\",\"mainEntityOfPage\":{\"@id\":\"https:\\\/\\\/fundesplai.org\\\/es\\\/informa-t\\\/actualitat-es\\\/tres-anos-de-colaboracion-entre-entidades-de-cataluna-y-bolivia\\\/\"},\"wordCount\":523,\"image\":{\"@id\":\"https:\\\/\\\/fundesplai.org\\\/es\\\/informa-t\\\/actualitat-es\\\/tres-anos-de-colaboracion-entre-entidades-de-cataluna-y-bolivia\\\/#primaryimage\"},\"thumbnailUrl\":\"https:\\\/\\\/fundesplai.org\\\/test-joomla\\\/wp-content\\\/uploads\\\/sites\\\/26\\\/2016\\\/12\\\/excursio-al-abocador-de-KARA-KARA.jpg\",\"articleSection\":[\"Actualitat\"],\"inLanguage\":\"es\"},{\"@type\":\"WebPage\",\"@id\":\"https:\\\/\\\/fundesplai.org\\\/es\\\/informa-t\\\/actualitat-es\\\/tres-anos-de-colaboracion-entre-entidades-de-cataluna-y-bolivia\\\/\",\"url\":\"https:\\\/\\\/fundesplai.org\\\/es\\\/informa-t\\\/actualitat-es\\\/tres-anos-de-colaboracion-entre-entidades-de-cataluna-y-bolivia\\\/\",\"name\":\"Tres a\u00f1os de colaboraci\u00f3n entre entidades de Catalu\u00f1a y Bolivia - Fundesplai\",\"isPartOf\":{\"@id\":\"https:\\\/\\\/fundesplai.org\\\/es\\\/#website\"},\"primaryImageOfPage\":{\"@id\":\"https:\\\/\\\/fundesplai.org\\\/es\\\/informa-t\\\/actualitat-es\\\/tres-anos-de-colaboracion-entre-entidades-de-cataluna-y-bolivia\\\/#primaryimage\"},\"image\":{\"@id\":\"https:\\\/\\\/fundesplai.org\\\/es\\\/informa-t\\\/actualitat-es\\\/tres-anos-de-colaboracion-entre-entidades-de-cataluna-y-bolivia\\\/#primaryimage\"},\"thumbnailUrl\":\"https:\\\/\\\/fundesplai.org\\\/test-joomla\\\/wp-content\\\/uploads\\\/sites\\\/26\\\/2016\\\/12\\\/excursio-al-abocador-de-KARA-KARA.jpg\",\"datePublished\":\"2016-12-19T12:15:58+00:00\",\"author\":{\"@id\":\"https:\\\/\\\/fundesplai.org\\\/es\\\/#\\\/schema\\\/person\\\/c0e9e7466bb8ac06f5264324a6109733\"},\"breadcrumb\":{\"@id\":\"https:\\\/\\\/fundesplai.org\\\/es\\\/informa-t\\\/actualitat-es\\\/tres-anos-de-colaboracion-entre-entidades-de-cataluna-y-bolivia\\\/#breadcrumb\"},\"inLanguage\":\"es\",\"potentialAction\":[{\"@type\":\"ReadAction\",\"target\":[\"https:\\\/\\\/fundesplai.org\\\/es\\\/informa-t\\\/actualitat-es\\\/tres-anos-de-colaboracion-entre-entidades-de-cataluna-y-bolivia\\\/\"]}]},{\"@type\":\"ImageObject\",\"inLanguage\":\"es\",\"@id\":\"https:\\\/\\\/fundesplai.org\\\/es\\\/informa-t\\\/actualitat-es\\\/tres-anos-de-colaboracion-entre-entidades-de-cataluna-y-bolivia\\\/#primaryimage\",\"url\":\"https:\\\/\\\/fundesplai.org\\\/test-joomla\\\/wp-content\\\/uploads\\\/sites\\\/26\\\/2016\\\/12\\\/excursio-al-abocador-de-KARA-KARA.jpg\",\"contentUrl\":\"https:\\\/\\\/fundesplai.org\\\/test-joomla\\\/wp-content\\\/uploads\\\/sites\\\/26\\\/2016\\\/12\\\/excursio-al-abocador-de-KARA-KARA.jpg\"},{\"@type\":\"BreadcrumbList\",\"@id\":\"https:\\\/\\\/fundesplai.org\\\/es\\\/informa-t\\\/actualitat-es\\\/tres-anos-de-colaboracion-entre-entidades-de-cataluna-y-bolivia\\\/#breadcrumb\",\"itemListElement\":[{\"@type\":\"ListItem\",\"position\":1,\"name\":\"Inici\",\"item\":\"https:\\\/\\\/fundesplai.org\\\/es\\\/inicio\\\/\"},{\"@type\":\"ListItem\",\"position\":2,\"name\":\"Inf\u00f3rmate\",\"item\":\"https:\\\/\\\/fundesplai.org\\\/es\\\/informate\\\/\"},{\"@type\":\"ListItem\",\"position\":3,\"name\":\"Sin categor\u00eda\",\"item\":\"https:\\\/\\\/fundesplai.org\\\/es\\\/informa-t\\\/category\\\/sin-categoria\\\/\"},{\"@type\":\"ListItem\",\"position\":4,\"name\":\"Tres a\u00f1os de colaboraci\u00f3n entre entidades de Catalu\u00f1a y Bolivia\"}]},{\"@type\":\"WebSite\",\"@id\":\"https:\\\/\\\/fundesplai.org\\\/es\\\/#website\",\"url\":\"https:\\\/\\\/fundesplai.org\\\/es\\\/\",\"name\":\"Fundesplai\",\"description\":\"Eduquem per la conviv\u00e8ncia i la sostenibilitat\",\"potentialAction\":[{\"@type\":\"SearchAction\",\"target\":{\"@type\":\"EntryPoint\",\"urlTemplate\":\"https:\\\/\\\/fundesplai.org\\\/es\\\/?s={search_term_string}\"},\"query-input\":{\"@type\":\"PropertyValueSpecification\",\"valueRequired\":true,\"valueName\":\"search_term_string\"}}],\"inLanguage\":\"es\"},{\"@type\":\"Person\",\"@id\":\"https:\\\/\\\/fundesplai.org\\\/es\\\/#\\\/schema\\\/person\\\/c0e9e7466bb8ac06f5264324a6109733\",\"name\":\"Alfons Valle\",\"image\":{\"@type\":\"ImageObject\",\"inLanguage\":\"es\",\"@id\":\"https:\\\/\\\/secure.gravatar.com\\\/avatar\\\/71d95a3f99a068ba570ac1314ed6911a59c5ae3f22ffcf23631cd1a861a640bc?s=96&d=mm&r=g\",\"url\":\"https:\\\/\\\/secure.gravatar.com\\\/avatar\\\/71d95a3f99a068ba570ac1314ed6911a59c5ae3f22ffcf23631cd1a861a640bc?s=96&d=mm&r=g\",\"contentUrl\":\"https:\\\/\\\/secure.gravatar.com\\\/avatar\\\/71d95a3f99a068ba570ac1314ed6911a59c5ae3f22ffcf23631cd1a861a640bc?s=96&d=mm&r=g\",\"caption\":\"Alfons Valle\"},\"url\":\"https:\\\/\\\/fundesplai.org\\\/es\\\/informa-t\\\/author\\\/avalle\\\/\"}]}<\/script>\n<!-- \/ Yoast SEO plugin. -->","yoast_head_json":{"title":"Tres a\u00f1os de colaboraci\u00f3n entre entidades de Catalu\u00f1a y Bolivia - Fundesplai","robots":{"index":"index","follow":"follow","max-snippet":"max-snippet:-1","max-image-preview":"max-image-preview:large","max-video-preview":"max-video-preview:-1"},"canonical":"https:\/\/fundesplai.org\/es\/informa-t\/actualitat-es\/tres-anos-de-colaboracion-entre-entidades-de-cataluna-y-bolivia\/","og_locale":"es_ES","og_type":"article","og_title":"Tres a\u00f1os de colaboraci\u00f3n entre entidades de Catalu\u00f1a y Bolivia - Fundesplai","og_description":"Durante el mes de diciembre 2016 ha finalizado el proyecto de solidaridad y cooperaci\u00f3n compartido entre el equipo educativo y los ni\u00f1os del Esplai El Tricicle, de Sant Joan Desp\u00ed, y el equipo educativo y los ni\u00f1os del Centro Vicente Ca\u00f1as en Cochabamba, en Bolivia, de la Fundaci\u00f3n Social Uramanta, realizado en base al intercambio [&hellip;]","og_url":"https:\/\/fundesplai.org\/es\/informa-t\/actualitat-es\/tres-anos-de-colaboracion-entre-entidades-de-cataluna-y-bolivia\/","og_site_name":"Fundesplai","article_published_time":"2016-12-19T12:15:58+00:00","og_image":[{"url":"https:\/\/fundesplai.org\/test-joomla\/wp-content\/uploads\/sites\/26\/2016\/12\/excursio-al-abocador-de-KARA-KARA.jpg","type":"","width":"","height":""}],"author":"Alfons Valle","twitter_card":"summary_large_image","twitter_misc":{"Escrito por":"Alfons Valle","Tiempo de lectura":"3 minutos"},"schema":{"@context":"https:\/\/schema.org","@graph":[{"@type":"Article","@id":"https:\/\/fundesplai.org\/es\/informa-t\/actualitat-es\/tres-anos-de-colaboracion-entre-entidades-de-cataluna-y-bolivia\/#article","isPartOf":{"@id":"https:\/\/fundesplai.org\/es\/informa-t\/actualitat-es\/tres-anos-de-colaboracion-entre-entidades-de-cataluna-y-bolivia\/"},"author":{"name":"Alfons Valle","@id":"https:\/\/fundesplai.org\/es\/#\/schema\/person\/c0e9e7466bb8ac06f5264324a6109733"},"headline":"Tres a\u00f1os de colaboraci\u00f3n entre entidades de Catalu\u00f1a y Bolivia","datePublished":"2016-12-19T12:15:58+00:00","mainEntityOfPage":{"@id":"https:\/\/fundesplai.org\/es\/informa-t\/actualitat-es\/tres-anos-de-colaboracion-entre-entidades-de-cataluna-y-bolivia\/"},"wordCount":523,"image":{"@id":"https:\/\/fundesplai.org\/es\/informa-t\/actualitat-es\/tres-anos-de-colaboracion-entre-entidades-de-cataluna-y-bolivia\/#primaryimage"},"thumbnailUrl":"https:\/\/fundesplai.org\/test-joomla\/wp-content\/uploads\/sites\/26\/2016\/12\/excursio-al-abocador-de-KARA-KARA.jpg","articleSection":["Actualitat"],"inLanguage":"es"},{"@type":"WebPage","@id":"https:\/\/fundesplai.org\/es\/informa-t\/actualitat-es\/tres-anos-de-colaboracion-entre-entidades-de-cataluna-y-bolivia\/","url":"https:\/\/fundesplai.org\/es\/informa-t\/actualitat-es\/tres-anos-de-colaboracion-entre-entidades-de-cataluna-y-bolivia\/","name":"Tres a\u00f1os de colaboraci\u00f3n entre entidades de Catalu\u00f1a y Bolivia - Fundesplai","isPartOf":{"@id":"https:\/\/fundesplai.org\/es\/#website"},"primaryImageOfPage":{"@id":"https:\/\/fundesplai.org\/es\/informa-t\/actualitat-es\/tres-anos-de-colaboracion-entre-entidades-de-cataluna-y-bolivia\/#primaryimage"},"image":{"@id":"https:\/\/fundesplai.org\/es\/informa-t\/actualitat-es\/tres-anos-de-colaboracion-entre-entidades-de-cataluna-y-bolivia\/#primaryimage"},"thumbnailUrl":"https:\/\/fundesplai.org\/test-joomla\/wp-content\/uploads\/sites\/26\/2016\/12\/excursio-al-abocador-de-KARA-KARA.jpg","datePublished":"2016-12-19T12:15:58+00:00","author":{"@id":"https:\/\/fundesplai.org\/es\/#\/schema\/person\/c0e9e7466bb8ac06f5264324a6109733"},"breadcrumb":{"@id":"https:\/\/fundesplai.org\/es\/informa-t\/actualitat-es\/tres-anos-de-colaboracion-entre-entidades-de-cataluna-y-bolivia\/#breadcrumb"},"inLanguage":"es","potentialAction":[{"@type":"ReadAction","target":["https:\/\/fundesplai.org\/es\/informa-t\/actualitat-es\/tres-anos-de-colaboracion-entre-entidades-de-cataluna-y-bolivia\/"]}]},{"@type":"ImageObject","inLanguage":"es","@id":"https:\/\/fundesplai.org\/es\/informa-t\/actualitat-es\/tres-anos-de-colaboracion-entre-entidades-de-cataluna-y-bolivia\/#primaryimage","url":"https:\/\/fundesplai.org\/test-joomla\/wp-content\/uploads\/sites\/26\/2016\/12\/excursio-al-abocador-de-KARA-KARA.jpg","contentUrl":"https:\/\/fundesplai.org\/test-joomla\/wp-content\/uploads\/sites\/26\/2016\/12\/excursio-al-abocador-de-KARA-KARA.jpg"},{"@type":"BreadcrumbList","@id":"https:\/\/fundesplai.org\/es\/informa-t\/actualitat-es\/tres-anos-de-colaboracion-entre-entidades-de-cataluna-y-bolivia\/#breadcrumb","itemListElement":[{"@type":"ListItem","position":1,"name":"Inici","item":"https:\/\/fundesplai.org\/es\/inicio\/"},{"@type":"ListItem","position":2,"name":"Inf\u00f3rmate","item":"https:\/\/fundesplai.org\/es\/informate\/"},{"@type":"ListItem","position":3,"name":"Sin categor\u00eda","item":"https:\/\/fundesplai.org\/es\/informa-t\/category\/sin-categoria\/"},{"@type":"ListItem","position":4,"name":"Tres a\u00f1os de colaboraci\u00f3n entre entidades de Catalu\u00f1a y Bolivia"}]},{"@type":"WebSite","@id":"https:\/\/fundesplai.org\/es\/#website","url":"https:\/\/fundesplai.org\/es\/","name":"Fundesplai","description":"Eduquem per la conviv\u00e8ncia i la sostenibilitat","potentialAction":[{"@type":"SearchAction","target":{"@type":"EntryPoint","urlTemplate":"https:\/\/fundesplai.org\/es\/?s={search_term_string}"},"query-input":{"@type":"PropertyValueSpecification","valueRequired":true,"valueName":"search_term_string"}}],"inLanguage":"es"},{"@type":"Person","@id":"https:\/\/fundesplai.org\/es\/#\/schema\/person\/c0e9e7466bb8ac06f5264324a6109733","name":"Alfons Valle","image":{"@type":"ImageObject","inLanguage":"es","@id":"https:\/\/secure.gravatar.com\/avatar\/71d95a3f99a068ba570ac1314ed6911a59c5ae3f22ffcf23631cd1a861a640bc?s=96&d=mm&r=g","url":"https:\/\/secure.gravatar.com\/avatar\/71d95a3f99a068ba570ac1314ed6911a59c5ae3f22ffcf23631cd1a861a640bc?s=96&d=mm&r=g","contentUrl":"https:\/\/secure.gravatar.com\/avatar\/71d95a3f99a068ba570ac1314ed6911a59c5ae3f22ffcf23631cd1a861a640bc?s=96&d=mm&r=g","caption":"Alfons Valle"},"url":"https:\/\/fundesplai.org\/es\/informa-t\/author\/avalle\/"}]}},"_links":{"self":[{"href":"https:\/\/fundesplai.org\/es\/wp-json\/wp\/v2\/posts\/47665","targetHints":{"allow":["GET"]}}],"collection":[{"href":"https:\/\/fundesplai.org\/es\/wp-json\/wp\/v2\/posts"}],"about":[{"href":"https:\/\/fundesplai.org\/es\/wp-json\/wp\/v2\/types\/post"}],"author":[{"embeddable":true,"href":"https:\/\/fundesplai.org\/es\/wp-json\/wp\/v2\/users\/9"}],"replies":[{"embeddable":true,"href":"https:\/\/fundesplai.org\/es\/wp-json\/wp\/v2\/comments?post=47665"}],"version-history":[{"count":0,"href":"https:\/\/fundesplai.org\/es\/wp-json\/wp\/v2\/posts\/47665\/revisions"}],"wp:attachment":[{"href":"https:\/\/fundesplai.org\/es\/wp-json\/wp\/v2\/media?parent=47665"}],"wp:term":[{"taxonomy":"category","embeddable":true,"href":"https:\/\/fundesplai.org\/es\/wp-json\/wp\/v2\/categories?post=47665"},{"taxonomy":"post_tag","embeddable":true,"href":"https:\/\/fundesplai.org\/es\/wp-json\/wp\/v2\/tags?post=47665"}],"curies":[{"name":"wp","href":"https:\/\/api.w.org\/{rel}","templated":true}]}}