{"id":47663,"date":"2016-12-12T14:47:20","date_gmt":"2016-12-12T13:47:20","guid":{"rendered":"https:\/\/fundesplai.org\/informa-t\/sense-categoria\/presentacion-de-la-2a-edicion-de-tomamos-partido-por-la-infancia-con-una-cena-solidaria-con-ada-oliveras\/"},"modified":"2016-12-12T14:47:20","modified_gmt":"2016-12-12T13:47:20","slug":"presentacion-de-la-2a-edicion-de-tomamos-partido-por-la-infancia-con-una-cena-solidaria-con-ada-oliveras","status":"publish","type":"post","link":"https:\/\/fundesplai.org\/es\/informa-t\/actualitat-es\/presentacion-de-la-2a-edicion-de-tomamos-partido-por-la-infancia-con-una-cena-solidaria-con-ada-oliveras\/","title":{"rendered":"Presentaci\u00f3n de la 2\u00aa edici\u00f3n de Tomamos partido por la infancia con una cena solidaria con Ada Oliveras"},"content":{"rendered":"<p>Este lunes 12 de diciembre Fundesplai ha iniciado la 2\u00aa edici\u00f3n de la campa\u00f1a&nbsp;<a href=\"ca\/dona\"><strong>\u00abTomamos partido por la infancia\u00bb<\/strong><\/a>&nbsp;para sensibilizar en torno a los derechos y la igualdad de oportunidades de ni\u00f1os y ni\u00f1as y recaudar fondos para becas para ni\u00f1os en situaci\u00f3n vulnerable.<\/p>\n<p><!--more--><\/p>\n<table style=\"width: 100%\">\n<tbody>\n<tr>\n<td colspan=\"2\"><img decoding=\"async\" class=\" size-full wp-image-3774\" src=\"https:\/\/fundesplai.org\/test-joomla\/wp-content\/uploads\/sites\/26\/2016\/12\/Sopara_Ada_1.jpg\" alt=\"Cena Ada 1\" width=\"100%\" height=\"NaN\"><\/td>\n<\/tr>\n<tr>\n<td style=\"width: 50%\"><img decoding=\"async\" class=\" size-full wp-image-3776\" src=\"https:\/\/fundesplai.org\/test-joomla\/wp-content\/uploads\/sites\/26\/2016\/12\/Sopara_Ada_2.jpg\" alt=\"Cena Ada 2\" width=\"100%\" height=\"NaN\"><\/td>\n<td style=\"width: 50%\"><img decoding=\"async\" class=\" size-full wp-image-3778\" src=\"https:\/\/fundesplai.org\/test-joomla\/wp-content\/uploads\/sites\/26\/2016\/12\/Sopara_Ada_3.jpg\" alt=\"Cena Ada 3\" width=\"100%\" height=\"NaN\"><\/td>\n<\/tr>\n<tr>\n<td><img decoding=\"async\" class=\" size-full wp-image-3779\" src=\"https:\/\/fundesplai.org\/test-joomla\/wp-content\/uploads\/sites\/26\/2016\/12\/Sopara_Ada_4.jpg\" alt=\"Cena Ada 4\" width=\"100%\" height=\"NaN\"><\/td>\n<td><img decoding=\"async\" class=\" size-full wp-image-3782\" src=\"https:\/\/fundesplai.org\/test-joomla\/wp-content\/uploads\/sites\/26\/2016\/12\/Sopara_Ada_5.jpg\" alt=\"Cena Ada 5\" width=\"100%\" height=\"NaN\"><\/td>\n<\/tr>\n<\/tbody>\n<\/table>\n<p class=\"intro\">El lunes 12 de diciembre Fundesplai celebr\u00f3 el acto de arranque de la segunda edici\u00f3n de la campa\u00f1a \u00abTomamos partido por la infancia\u00bb que tiene por objetivo sensibilizar en torno a los derechos y la igualdad de oportunidades de los ni\u00f1os y ni\u00f1as y recaudar fondos para poder otorgar ayudas y becas para comedores, colonias, actividades de ocio y refuerzo escolar para ni\u00f1os en situaci\u00f3n vulnerable. Las inscripciones de las 85 personas participantes y las diferentes donaciones recibidas permitieron a Fundesplai recoger m\u00e1s de 20.000 euros, que equivalen a 200 ayudas de un mes de comedor escolar para ni\u00f1os en situaci\u00f3n de vulnerabilidad.<span style=\"background-color: transparent;font-size: 13px\"><br \/><\/span><\/p>\n<p>Esta iniciativa ha supuesto el pistoletazo de salida de la segunda edici\u00f3n de la campa\u00f1a \u00abTomamos partido por la infancia\u00bb que mantiene abierta una <a href=\"ca\/dona\">web de colaboraci\u00f3n<\/a>.<\/p>\n<p>El acto de este lunes consisti\u00f3 en una cena solidaria con la colaboraci\u00f3n de la prestigiosa chef Ada Oliveras en su restaurante, el Semproniana, de la calle Rossell\u00f3, 148, de Barcelona. Ada Oliveras ha sido galardonada este a\u00f1o con&nbsp; la Creu de Sant Jordi en reconocimiento por su trayectoria en el mundo de la restauraci\u00f3n y es muy activa en los medios de comunicaci\u00f3n en la difusi\u00f3n de una alimentaci\u00f3n saludable y sostenible. Tambi\u00e9n colabor\u00f3 en este evento la Cooperativa Falset Ribagor\u00e7ana y las cavas Vallformosa.<\/p>\n<p><span style=\"background-color: transparent\">En el transcurso de la velada, Ada Oliveras ofreci\u00f3 a los asistentes una cena muy especial, consistente en una re-elaboraci\u00f3n con un toque transgresor de los <\/span><em style=\"background-color: transparent\">hits<\/em><span style=\"background-color: transparent\"> de los men\u00fas infantiles<\/span>.<span style=\"background-color: transparent\">. El importe de la cena se destin\u00f3 a la campa\u00f1a de becas de Fundesplai. El importe de la cena &nbsp;equivale al coste de una beca de un mes para comedor escolar o una ayuda de dos meses para actividades de ocio y refuerzo escolar para ni\u00f1os en situaci\u00f3n de riesgo.<\/span><\/p>\n<p><strong style=\"background-color: transparent\">\u00abTomamos partido por la infancia\u00bb para garantizar la igualdad de oportunidades<\/strong><\/p>\n<p>\u00abTomamos partido por la infancia\u00bb es el lema de la campa\u00f1a que impulsa Fundesplai desde 2015 que concentra todos los esfuerzos educativos y sociales con el fin de revertir la situaci\u00f3n de vulnerabilidad en la que se encuentra uno de cada tres ni\u00f1os de nuestro pa\u00eds. Seg\u00fan la Encuesta de Condiciones de Vida 2015 (INE-Idescat), la tasa AROPE se\u00f1ala que el 31,7% de menores de 18 a\u00f1os en Catalu\u00f1a vive en situaci\u00f3n de riesgo de pobreza. Esto quiere decir que uno de cada tres ni\u00f1os ve comprometido su acceso a todos aquellos servicios que no est\u00e1n debidamente cubiertos, como la alimentaci\u00f3n, la atenci\u00f3n y la educaci\u00f3n en el ocio.<\/p>\n<p>Desde su puesta en marcha, Fundesplai ya ha llevado a cabo diferentes iniciativas como la #botaxlainfancia, \u00ab\u00a1Un verano para todos!\u00bb, etc. con el objetivo de sensibilizar a la sociedad sobre esta cuesti\u00f3n y recoger fondos. Unos esfuerzos que, el a\u00f1o pasado, permitieron a Fundesplai otorgar 16.259 ayudas y becas para que los ni\u00f1os con m\u00e1s necesidades sociales pudieran acceder al comedor, colonias, actividades de ocio y refuerzo escolar.<\/p>\n<p>Esta movilizaci\u00f3n en favor de la infancia ha contado con el apoyo de la Generalitat, la Diputaci\u00f3n de Barcelona, el Ministerio de Sanidad, Servicios Sociales e Igualdad, diferentes ayuntamientos,&nbsp; entidades como la Obra Social \u00abla Caixa\u00bb y Fundaci\u00f3n Probitas, empresas como Avantgrup Bardet y muchas personas particulares.<\/p>\n<p>Pero las cifras a\u00fan indican que la situaci\u00f3n de vulnerabilidad de muchos ni\u00f1os contin\u00faa. Por eso Fundesplai invita a todos a \u00abtomar partido\u00bb por los derechos y la igualdad de oportunidades de los ni\u00f1os y ni\u00f1as haci\u00e9ndose voluntario, socio o haciendo una aportaci\u00f3n econ\u00f3mica.&nbsp;<\/p>\n","protected":false},"excerpt":{"rendered":"<p>Este lunes 12 de diciembre Fundesplai ha iniciado la 2\u00aa edici\u00f3n de la campa\u00f1a&nbsp;\u00abTomamos partido por la infancia\u00bb&nbsp;para sensibilizar en torno a los derechos y la igualdad de oportunidades de ni\u00f1os y ni\u00f1as y recaudar fondos para becas para ni\u00f1os en situaci\u00f3n vulnerable.<\/p>\n","protected":false},"author":9,"featured_media":0,"comment_status":"closed","ping_status":"closed","sticky":false,"template":"","format":"standard","meta":{"_et_pb_use_builder":"","_et_pb_old_content":"","_et_gb_content_width":"","footnotes":""},"categories":[937],"tags":[962],"class_list":["post-47663","post","type-post","status-publish","format-standard","hentry","category-actualitat-es","tag-fundesplai-es"],"yoast_head":"<!-- This site is optimized with the Yoast SEO plugin v27.4 - https:\/\/yoast.com\/product\/yoast-seo-wordpress\/ -->\n<title>Presentaci\u00f3n de la 2\u00aa edici\u00f3n de Tomamos partido por la infancia con una cena solidaria con Ada Oliveras - Fundesplai<\/title>\n<meta name=\"robots\" content=\"index, follow, max-snippet:-1, max-image-preview:large, max-video-preview:-1\" \/>\n<link rel=\"canonical\" href=\"https:\/\/fundesplai.org\/es\/informa-t\/actualitat-es\/presentacion-de-la-2a-edicion-de-tomamos-partido-por-la-infancia-con-una-cena-solidaria-con-ada-oliveras\/\" \/>\n<meta property=\"og:locale\" content=\"es_ES\" \/>\n<meta property=\"og:type\" content=\"article\" \/>\n<meta property=\"og:title\" content=\"Presentaci\u00f3n de la 2\u00aa edici\u00f3n de Tomamos partido por la infancia con una cena solidaria con Ada Oliveras - Fundesplai\" \/>\n<meta property=\"og:description\" content=\"Este lunes 12 de diciembre Fundesplai ha iniciado la 2\u00aa edici\u00f3n de la campa\u00f1a&nbsp;\u00abTomamos partido por la infancia\u00bb&nbsp;para sensibilizar en torno a los derechos y la igualdad de oportunidades de ni\u00f1os y ni\u00f1as y recaudar fondos para becas para ni\u00f1os en situaci\u00f3n vulnerable.\" \/>\n<meta property=\"og:url\" content=\"https:\/\/fundesplai.org\/es\/informa-t\/actualitat-es\/presentacion-de-la-2a-edicion-de-tomamos-partido-por-la-infancia-con-una-cena-solidaria-con-ada-oliveras\/\" \/>\n<meta property=\"og:site_name\" content=\"Fundesplai\" \/>\n<meta property=\"article:published_time\" content=\"2016-12-12T13:47:20+00:00\" \/>\n<meta property=\"og:image\" content=\"https:\/\/fundesplai.org\/test-joomla\/wp-content\/uploads\/sites\/26\/2016\/12\/Sopara_Ada_1.jpg\" \/>\n<meta name=\"author\" content=\"Alfons Valle\" \/>\n<meta name=\"twitter:card\" content=\"summary_large_image\" \/>\n<meta name=\"twitter:label1\" content=\"Escrito por\" \/>\n\t<meta name=\"twitter:data1\" content=\"Alfons Valle\" \/>\n\t<meta name=\"twitter:label2\" content=\"Tiempo de lectura\" \/>\n\t<meta name=\"twitter:data2\" content=\"3 minutos\" \/>\n<script type=\"application\/ld+json\" class=\"yoast-schema-graph\">{\"@context\":\"https:\\\/\\\/schema.org\",\"@graph\":[{\"@type\":\"Article\",\"@id\":\"https:\\\/\\\/fundesplai.org\\\/es\\\/informa-t\\\/actualitat-es\\\/presentacion-de-la-2a-edicion-de-tomamos-partido-por-la-infancia-con-una-cena-solidaria-con-ada-oliveras\\\/#article\",\"isPartOf\":{\"@id\":\"https:\\\/\\\/fundesplai.org\\\/es\\\/informa-t\\\/actualitat-es\\\/presentacion-de-la-2a-edicion-de-tomamos-partido-por-la-infancia-con-una-cena-solidaria-con-ada-oliveras\\\/\"},\"author\":{\"name\":\"Alfons Valle\",\"@id\":\"https:\\\/\\\/fundesplai.org\\\/es\\\/#\\\/schema\\\/person\\\/c0e9e7466bb8ac06f5264324a6109733\"},\"headline\":\"Presentaci\u00f3n de la 2\u00aa edici\u00f3n de Tomamos partido por la infancia con una cena solidaria con Ada Oliveras\",\"datePublished\":\"2016-12-12T13:47:20+00:00\",\"mainEntityOfPage\":{\"@id\":\"https:\\\/\\\/fundesplai.org\\\/es\\\/informa-t\\\/actualitat-es\\\/presentacion-de-la-2a-edicion-de-tomamos-partido-por-la-infancia-con-una-cena-solidaria-con-ada-oliveras\\\/\"},\"wordCount\":695,\"image\":{\"@id\":\"https:\\\/\\\/fundesplai.org\\\/es\\\/informa-t\\\/actualitat-es\\\/presentacion-de-la-2a-edicion-de-tomamos-partido-por-la-infancia-con-una-cena-solidaria-con-ada-oliveras\\\/#primaryimage\"},\"thumbnailUrl\":\"https:\\\/\\\/fundesplai.org\\\/test-joomla\\\/wp-content\\\/uploads\\\/sites\\\/26\\\/2016\\\/12\\\/Sopara_Ada_1.jpg\",\"keywords\":[\"fundesplai\"],\"articleSection\":[\"Actualitat\"],\"inLanguage\":\"es\"},{\"@type\":\"WebPage\",\"@id\":\"https:\\\/\\\/fundesplai.org\\\/es\\\/informa-t\\\/actualitat-es\\\/presentacion-de-la-2a-edicion-de-tomamos-partido-por-la-infancia-con-una-cena-solidaria-con-ada-oliveras\\\/\",\"url\":\"https:\\\/\\\/fundesplai.org\\\/es\\\/informa-t\\\/actualitat-es\\\/presentacion-de-la-2a-edicion-de-tomamos-partido-por-la-infancia-con-una-cena-solidaria-con-ada-oliveras\\\/\",\"name\":\"Presentaci\u00f3n de la 2\u00aa edici\u00f3n de Tomamos partido por la infancia con una cena solidaria con Ada Oliveras - Fundesplai\",\"isPartOf\":{\"@id\":\"https:\\\/\\\/fundesplai.org\\\/es\\\/#website\"},\"primaryImageOfPage\":{\"@id\":\"https:\\\/\\\/fundesplai.org\\\/es\\\/informa-t\\\/actualitat-es\\\/presentacion-de-la-2a-edicion-de-tomamos-partido-por-la-infancia-con-una-cena-solidaria-con-ada-oliveras\\\/#primaryimage\"},\"image\":{\"@id\":\"https:\\\/\\\/fundesplai.org\\\/es\\\/informa-t\\\/actualitat-es\\\/presentacion-de-la-2a-edicion-de-tomamos-partido-por-la-infancia-con-una-cena-solidaria-con-ada-oliveras\\\/#primaryimage\"},\"thumbnailUrl\":\"https:\\\/\\\/fundesplai.org\\\/test-joomla\\\/wp-content\\\/uploads\\\/sites\\\/26\\\/2016\\\/12\\\/Sopara_Ada_1.jpg\",\"datePublished\":\"2016-12-12T13:47:20+00:00\",\"author\":{\"@id\":\"https:\\\/\\\/fundesplai.org\\\/es\\\/#\\\/schema\\\/person\\\/c0e9e7466bb8ac06f5264324a6109733\"},\"breadcrumb\":{\"@id\":\"https:\\\/\\\/fundesplai.org\\\/es\\\/informa-t\\\/actualitat-es\\\/presentacion-de-la-2a-edicion-de-tomamos-partido-por-la-infancia-con-una-cena-solidaria-con-ada-oliveras\\\/#breadcrumb\"},\"inLanguage\":\"es\",\"potentialAction\":[{\"@type\":\"ReadAction\",\"target\":[\"https:\\\/\\\/fundesplai.org\\\/es\\\/informa-t\\\/actualitat-es\\\/presentacion-de-la-2a-edicion-de-tomamos-partido-por-la-infancia-con-una-cena-solidaria-con-ada-oliveras\\\/\"]}]},{\"@type\":\"ImageObject\",\"inLanguage\":\"es\",\"@id\":\"https:\\\/\\\/fundesplai.org\\\/es\\\/informa-t\\\/actualitat-es\\\/presentacion-de-la-2a-edicion-de-tomamos-partido-por-la-infancia-con-una-cena-solidaria-con-ada-oliveras\\\/#primaryimage\",\"url\":\"https:\\\/\\\/fundesplai.org\\\/test-joomla\\\/wp-content\\\/uploads\\\/sites\\\/26\\\/2016\\\/12\\\/Sopara_Ada_1.jpg\",\"contentUrl\":\"https:\\\/\\\/fundesplai.org\\\/test-joomla\\\/wp-content\\\/uploads\\\/sites\\\/26\\\/2016\\\/12\\\/Sopara_Ada_1.jpg\"},{\"@type\":\"BreadcrumbList\",\"@id\":\"https:\\\/\\\/fundesplai.org\\\/es\\\/informa-t\\\/actualitat-es\\\/presentacion-de-la-2a-edicion-de-tomamos-partido-por-la-infancia-con-una-cena-solidaria-con-ada-oliveras\\\/#breadcrumb\",\"itemListElement\":[{\"@type\":\"ListItem\",\"position\":1,\"name\":\"Inici\",\"item\":\"https:\\\/\\\/fundesplai.org\\\/es\\\/inicio\\\/\"},{\"@type\":\"ListItem\",\"position\":2,\"name\":\"Inf\u00f3rmate\",\"item\":\"https:\\\/\\\/fundesplai.org\\\/es\\\/informate\\\/\"},{\"@type\":\"ListItem\",\"position\":3,\"name\":\"Sin categor\u00eda\",\"item\":\"https:\\\/\\\/fundesplai.org\\\/es\\\/informa-t\\\/category\\\/sin-categoria\\\/\"},{\"@type\":\"ListItem\",\"position\":4,\"name\":\"Presentaci\u00f3n de la 2\u00aa edici\u00f3n de Tomamos partido por la infancia con una cena solidaria con Ada Oliveras\"}]},{\"@type\":\"WebSite\",\"@id\":\"https:\\\/\\\/fundesplai.org\\\/es\\\/#website\",\"url\":\"https:\\\/\\\/fundesplai.org\\\/es\\\/\",\"name\":\"Fundesplai\",\"description\":\"Eduquem per la conviv\u00e8ncia i la sostenibilitat\",\"potentialAction\":[{\"@type\":\"SearchAction\",\"target\":{\"@type\":\"EntryPoint\",\"urlTemplate\":\"https:\\\/\\\/fundesplai.org\\\/es\\\/?s={search_term_string}\"},\"query-input\":{\"@type\":\"PropertyValueSpecification\",\"valueRequired\":true,\"valueName\":\"search_term_string\"}}],\"inLanguage\":\"es\"},{\"@type\":\"Person\",\"@id\":\"https:\\\/\\\/fundesplai.org\\\/es\\\/#\\\/schema\\\/person\\\/c0e9e7466bb8ac06f5264324a6109733\",\"name\":\"Alfons Valle\",\"image\":{\"@type\":\"ImageObject\",\"inLanguage\":\"es\",\"@id\":\"https:\\\/\\\/secure.gravatar.com\\\/avatar\\\/71d95a3f99a068ba570ac1314ed6911a59c5ae3f22ffcf23631cd1a861a640bc?s=96&d=mm&r=g\",\"url\":\"https:\\\/\\\/secure.gravatar.com\\\/avatar\\\/71d95a3f99a068ba570ac1314ed6911a59c5ae3f22ffcf23631cd1a861a640bc?s=96&d=mm&r=g\",\"contentUrl\":\"https:\\\/\\\/secure.gravatar.com\\\/avatar\\\/71d95a3f99a068ba570ac1314ed6911a59c5ae3f22ffcf23631cd1a861a640bc?s=96&d=mm&r=g\",\"caption\":\"Alfons Valle\"},\"url\":\"https:\\\/\\\/fundesplai.org\\\/es\\\/informa-t\\\/author\\\/avalle\\\/\"}]}<\/script>\n<!-- \/ Yoast SEO plugin. -->","yoast_head_json":{"title":"Presentaci\u00f3n de la 2\u00aa edici\u00f3n de Tomamos partido por la infancia con una cena solidaria con Ada Oliveras - Fundesplai","robots":{"index":"index","follow":"follow","max-snippet":"max-snippet:-1","max-image-preview":"max-image-preview:large","max-video-preview":"max-video-preview:-1"},"canonical":"https:\/\/fundesplai.org\/es\/informa-t\/actualitat-es\/presentacion-de-la-2a-edicion-de-tomamos-partido-por-la-infancia-con-una-cena-solidaria-con-ada-oliveras\/","og_locale":"es_ES","og_type":"article","og_title":"Presentaci\u00f3n de la 2\u00aa edici\u00f3n de Tomamos partido por la infancia con una cena solidaria con Ada Oliveras - Fundesplai","og_description":"Este lunes 12 de diciembre Fundesplai ha iniciado la 2\u00aa edici\u00f3n de la campa\u00f1a&nbsp;\u00abTomamos partido por la infancia\u00bb&nbsp;para sensibilizar en torno a los derechos y la igualdad de oportunidades de ni\u00f1os y ni\u00f1as y recaudar fondos para becas para ni\u00f1os en situaci\u00f3n vulnerable.","og_url":"https:\/\/fundesplai.org\/es\/informa-t\/actualitat-es\/presentacion-de-la-2a-edicion-de-tomamos-partido-por-la-infancia-con-una-cena-solidaria-con-ada-oliveras\/","og_site_name":"Fundesplai","article_published_time":"2016-12-12T13:47:20+00:00","og_image":[{"url":"https:\/\/fundesplai.org\/test-joomla\/wp-content\/uploads\/sites\/26\/2016\/12\/Sopara_Ada_1.jpg","type":"","width":"","height":""}],"author":"Alfons Valle","twitter_card":"summary_large_image","twitter_misc":{"Escrito por":"Alfons Valle","Tiempo de lectura":"3 minutos"},"schema":{"@context":"https:\/\/schema.org","@graph":[{"@type":"Article","@id":"https:\/\/fundesplai.org\/es\/informa-t\/actualitat-es\/presentacion-de-la-2a-edicion-de-tomamos-partido-por-la-infancia-con-una-cena-solidaria-con-ada-oliveras\/#article","isPartOf":{"@id":"https:\/\/fundesplai.org\/es\/informa-t\/actualitat-es\/presentacion-de-la-2a-edicion-de-tomamos-partido-por-la-infancia-con-una-cena-solidaria-con-ada-oliveras\/"},"author":{"name":"Alfons Valle","@id":"https:\/\/fundesplai.org\/es\/#\/schema\/person\/c0e9e7466bb8ac06f5264324a6109733"},"headline":"Presentaci\u00f3n de la 2\u00aa edici\u00f3n de Tomamos partido por la infancia con una cena solidaria con Ada Oliveras","datePublished":"2016-12-12T13:47:20+00:00","mainEntityOfPage":{"@id":"https:\/\/fundesplai.org\/es\/informa-t\/actualitat-es\/presentacion-de-la-2a-edicion-de-tomamos-partido-por-la-infancia-con-una-cena-solidaria-con-ada-oliveras\/"},"wordCount":695,"image":{"@id":"https:\/\/fundesplai.org\/es\/informa-t\/actualitat-es\/presentacion-de-la-2a-edicion-de-tomamos-partido-por-la-infancia-con-una-cena-solidaria-con-ada-oliveras\/#primaryimage"},"thumbnailUrl":"https:\/\/fundesplai.org\/test-joomla\/wp-content\/uploads\/sites\/26\/2016\/12\/Sopara_Ada_1.jpg","keywords":["fundesplai"],"articleSection":["Actualitat"],"inLanguage":"es"},{"@type":"WebPage","@id":"https:\/\/fundesplai.org\/es\/informa-t\/actualitat-es\/presentacion-de-la-2a-edicion-de-tomamos-partido-por-la-infancia-con-una-cena-solidaria-con-ada-oliveras\/","url":"https:\/\/fundesplai.org\/es\/informa-t\/actualitat-es\/presentacion-de-la-2a-edicion-de-tomamos-partido-por-la-infancia-con-una-cena-solidaria-con-ada-oliveras\/","name":"Presentaci\u00f3n de la 2\u00aa edici\u00f3n de Tomamos partido por la infancia con una cena solidaria con Ada Oliveras - Fundesplai","isPartOf":{"@id":"https:\/\/fundesplai.org\/es\/#website"},"primaryImageOfPage":{"@id":"https:\/\/fundesplai.org\/es\/informa-t\/actualitat-es\/presentacion-de-la-2a-edicion-de-tomamos-partido-por-la-infancia-con-una-cena-solidaria-con-ada-oliveras\/#primaryimage"},"image":{"@id":"https:\/\/fundesplai.org\/es\/informa-t\/actualitat-es\/presentacion-de-la-2a-edicion-de-tomamos-partido-por-la-infancia-con-una-cena-solidaria-con-ada-oliveras\/#primaryimage"},"thumbnailUrl":"https:\/\/fundesplai.org\/test-joomla\/wp-content\/uploads\/sites\/26\/2016\/12\/Sopara_Ada_1.jpg","datePublished":"2016-12-12T13:47:20+00:00","author":{"@id":"https:\/\/fundesplai.org\/es\/#\/schema\/person\/c0e9e7466bb8ac06f5264324a6109733"},"breadcrumb":{"@id":"https:\/\/fundesplai.org\/es\/informa-t\/actualitat-es\/presentacion-de-la-2a-edicion-de-tomamos-partido-por-la-infancia-con-una-cena-solidaria-con-ada-oliveras\/#breadcrumb"},"inLanguage":"es","potentialAction":[{"@type":"ReadAction","target":["https:\/\/fundesplai.org\/es\/informa-t\/actualitat-es\/presentacion-de-la-2a-edicion-de-tomamos-partido-por-la-infancia-con-una-cena-solidaria-con-ada-oliveras\/"]}]},{"@type":"ImageObject","inLanguage":"es","@id":"https:\/\/fundesplai.org\/es\/informa-t\/actualitat-es\/presentacion-de-la-2a-edicion-de-tomamos-partido-por-la-infancia-con-una-cena-solidaria-con-ada-oliveras\/#primaryimage","url":"https:\/\/fundesplai.org\/test-joomla\/wp-content\/uploads\/sites\/26\/2016\/12\/Sopara_Ada_1.jpg","contentUrl":"https:\/\/fundesplai.org\/test-joomla\/wp-content\/uploads\/sites\/26\/2016\/12\/Sopara_Ada_1.jpg"},{"@type":"BreadcrumbList","@id":"https:\/\/fundesplai.org\/es\/informa-t\/actualitat-es\/presentacion-de-la-2a-edicion-de-tomamos-partido-por-la-infancia-con-una-cena-solidaria-con-ada-oliveras\/#breadcrumb","itemListElement":[{"@type":"ListItem","position":1,"name":"Inici","item":"https:\/\/fundesplai.org\/es\/inicio\/"},{"@type":"ListItem","position":2,"name":"Inf\u00f3rmate","item":"https:\/\/fundesplai.org\/es\/informate\/"},{"@type":"ListItem","position":3,"name":"Sin categor\u00eda","item":"https:\/\/fundesplai.org\/es\/informa-t\/category\/sin-categoria\/"},{"@type":"ListItem","position":4,"name":"Presentaci\u00f3n de la 2\u00aa edici\u00f3n de Tomamos partido por la infancia con una cena solidaria con Ada Oliveras"}]},{"@type":"WebSite","@id":"https:\/\/fundesplai.org\/es\/#website","url":"https:\/\/fundesplai.org\/es\/","name":"Fundesplai","description":"Eduquem per la conviv\u00e8ncia i la sostenibilitat","potentialAction":[{"@type":"SearchAction","target":{"@type":"EntryPoint","urlTemplate":"https:\/\/fundesplai.org\/es\/?s={search_term_string}"},"query-input":{"@type":"PropertyValueSpecification","valueRequired":true,"valueName":"search_term_string"}}],"inLanguage":"es"},{"@type":"Person","@id":"https:\/\/fundesplai.org\/es\/#\/schema\/person\/c0e9e7466bb8ac06f5264324a6109733","name":"Alfons Valle","image":{"@type":"ImageObject","inLanguage":"es","@id":"https:\/\/secure.gravatar.com\/avatar\/71d95a3f99a068ba570ac1314ed6911a59c5ae3f22ffcf23631cd1a861a640bc?s=96&d=mm&r=g","url":"https:\/\/secure.gravatar.com\/avatar\/71d95a3f99a068ba570ac1314ed6911a59c5ae3f22ffcf23631cd1a861a640bc?s=96&d=mm&r=g","contentUrl":"https:\/\/secure.gravatar.com\/avatar\/71d95a3f99a068ba570ac1314ed6911a59c5ae3f22ffcf23631cd1a861a640bc?s=96&d=mm&r=g","caption":"Alfons Valle"},"url":"https:\/\/fundesplai.org\/es\/informa-t\/author\/avalle\/"}]}},"_links":{"self":[{"href":"https:\/\/fundesplai.org\/es\/wp-json\/wp\/v2\/posts\/47663","targetHints":{"allow":["GET"]}}],"collection":[{"href":"https:\/\/fundesplai.org\/es\/wp-json\/wp\/v2\/posts"}],"about":[{"href":"https:\/\/fundesplai.org\/es\/wp-json\/wp\/v2\/types\/post"}],"author":[{"embeddable":true,"href":"https:\/\/fundesplai.org\/es\/wp-json\/wp\/v2\/users\/9"}],"replies":[{"embeddable":true,"href":"https:\/\/fundesplai.org\/es\/wp-json\/wp\/v2\/comments?post=47663"}],"version-history":[{"count":0,"href":"https:\/\/fundesplai.org\/es\/wp-json\/wp\/v2\/posts\/47663\/revisions"}],"wp:attachment":[{"href":"https:\/\/fundesplai.org\/es\/wp-json\/wp\/v2\/media?parent=47663"}],"wp:term":[{"taxonomy":"category","embeddable":true,"href":"https:\/\/fundesplai.org\/es\/wp-json\/wp\/v2\/categories?post=47663"},{"taxonomy":"post_tag","embeddable":true,"href":"https:\/\/fundesplai.org\/es\/wp-json\/wp\/v2\/tags?post=47663"}],"curies":[{"name":"wp","href":"https:\/\/api.w.org\/{rel}","templated":true}]}}