{"id":47657,"date":"2016-12-01T14:11:10","date_gmt":"2016-12-01T13:11:10","guid":{"rendered":"https:\/\/fundesplai.org\/informa-t\/sense-categoria\/martes-13-12-debate-sobre-la-precariedad-juvenil\/"},"modified":"2016-12-01T14:11:10","modified_gmt":"2016-12-01T13:11:10","slug":"martes-13-12-debate-sobre-la-precariedad-juvenil","status":"publish","type":"post","link":"https:\/\/fundesplai.org\/es\/informa-t\/actualitat-es\/martes-13-12-debate-sobre-la-precariedad-juvenil\/","title":{"rendered":"Martes 13\/12: Debate sobre la precariedad juvenil"},"content":{"rendered":"<p>El pr\u00f3ximo martes 13 de diciembre, a las 9.15h, la Mesa del Tercer Sector Social de Catalu\u00f1a organiza el debate&nbsp;<strong>&#8216;La precariedad laboral juvenil en Catalu\u00f1a. Una realidad inc\u00f3moda&#8217;&nbsp;<\/strong>en el Ateneo Barcelon\u00e8s.<\/p>\n<p><!--more--><\/p>\n<p><img decoding=\"async\" class=\" size-full wp-image-3749\" src=\"https:\/\/fundesplai.org\/test-joomla\/wp-content\/uploads\/sites\/26\/2016\/12\/Mailing_Debat_precarietat_laboral_juvenil.jpg\" alt=\"Mailing Debate precariedad laboral juvenil\" width=\"100%\" height=\"NaN\"><\/p>\n<p>El pr\u00f3ximo martes 13 de diciembre, a las 9.15h, la Mesa del Tercer Sector Social de Catalu\u00f1a organiza el debate <strong>&#8216;La precariedad laboral juvenil en Catalu\u00f1a. Una realidad inc\u00f3moda&#8217; <\/strong>en el Ateneo Barcelon\u00e8s.<\/p>\n<p>El debate comenzar\u00e1 con la presentaci\u00f3n del dossier sobre precariedad juvenil a&nbsp;cargo de la <strong>Dra. M. \u00c0ngels Cabas\u00e9s<\/strong>, profesora Titular de Econom\u00eda Aplicada de la Universidad de Lleida.<\/p>\n<p>Posteriormente, habr\u00e1 un debate abierto con <strong>Mar\u00eda Bruno<\/strong>, jefa de Departamento de Acci\u00f3n Social de Fundesplai,&nbsp;<strong>Carles Mart\u00ednez<\/strong>, director Operativo de Catalu\u00f1a de la Fundaci\u00f3n Gentis (ECAS), e<strong>&nbsp;Inmaculada Pinar<\/strong>, codirectora y directora t\u00e9cnica de la Fundaci\u00f3n Joya (Foro Salud Mental), que estar\u00e1 moderado por&nbsp;<strong>Elena Freixa<\/strong>, Jefa de Sociedad del Diario Ahora.<\/p>\n<p><a href=\"http:\/\/www.tercersector.cat\/debat-la-precarietat-laboral-juvenil-catalunya-una-realitat-incomode\" title=\"Inscripciones al debate sobre precariedad juvenil\"><strong>Inscripciones<\/strong><\/a><\/p>\n","protected":false},"excerpt":{"rendered":"<p>El pr\u00f3ximo martes 13 de diciembre, a las 9.15h, la Mesa del Tercer Sector Social de Catalu\u00f1a organiza el debate&nbsp;&#8216;La precariedad laboral juvenil en Catalu\u00f1a. Una realidad inc\u00f3moda&#8217;&nbsp;en el Ateneo Barcelon\u00e8s.<\/p>\n","protected":false},"author":9,"featured_media":0,"comment_status":"closed","ping_status":"closed","sticky":false,"template":"","format":"standard","meta":{"_et_pb_use_builder":"","_et_pb_old_content":"","_et_gb_content_width":"","footnotes":""},"categories":[937],"tags":[],"class_list":["post-47657","post","type-post","status-publish","format-standard","hentry","category-actualitat-es"],"yoast_head":"<!-- This site is optimized with the Yoast SEO plugin v27.4 - https:\/\/yoast.com\/product\/yoast-seo-wordpress\/ -->\n<title>Martes 13\/12: Debate sobre la precariedad juvenil - Fundesplai<\/title>\n<meta name=\"robots\" content=\"index, follow, max-snippet:-1, max-image-preview:large, max-video-preview:-1\" \/>\n<link rel=\"canonical\" href=\"https:\/\/fundesplai.org\/es\/informa-t\/actualitat-es\/martes-13-12-debate-sobre-la-precariedad-juvenil\/\" \/>\n<meta property=\"og:locale\" content=\"es_ES\" \/>\n<meta property=\"og:type\" content=\"article\" \/>\n<meta property=\"og:title\" content=\"Martes 13\/12: Debate sobre la precariedad juvenil - Fundesplai\" \/>\n<meta property=\"og:description\" content=\"El pr\u00f3ximo martes 13 de diciembre, a las 9.15h, la Mesa del Tercer Sector Social de Catalu\u00f1a organiza el debate&nbsp;&#8216;La precariedad laboral juvenil en Catalu\u00f1a. Una realidad inc\u00f3moda&#8217;&nbsp;en el Ateneo Barcelon\u00e8s.\" \/>\n<meta property=\"og:url\" content=\"https:\/\/fundesplai.org\/es\/informa-t\/actualitat-es\/martes-13-12-debate-sobre-la-precariedad-juvenil\/\" \/>\n<meta property=\"og:site_name\" content=\"Fundesplai\" \/>\n<meta property=\"article:published_time\" content=\"2016-12-01T13:11:10+00:00\" \/>\n<meta property=\"og:image\" content=\"https:\/\/fundesplai.org\/test-joomla\/wp-content\/uploads\/sites\/26\/2016\/12\/Mailing_Debat_precarietat_laboral_juvenil.jpg\" \/>\n<meta name=\"author\" content=\"Alfons Valle\" \/>\n<meta name=\"twitter:card\" content=\"summary_large_image\" \/>\n<meta name=\"twitter:label1\" content=\"Escrito por\" \/>\n\t<meta name=\"twitter:data1\" content=\"Alfons Valle\" \/>\n\t<meta name=\"twitter:label2\" content=\"Tiempo de lectura\" \/>\n\t<meta name=\"twitter:data2\" content=\"1 minuto\" \/>\n<script type=\"application\/ld+json\" class=\"yoast-schema-graph\">{\"@context\":\"https:\\\/\\\/schema.org\",\"@graph\":[{\"@type\":\"Article\",\"@id\":\"https:\\\/\\\/fundesplai.org\\\/es\\\/informa-t\\\/actualitat-es\\\/martes-13-12-debate-sobre-la-precariedad-juvenil\\\/#article\",\"isPartOf\":{\"@id\":\"https:\\\/\\\/fundesplai.org\\\/es\\\/informa-t\\\/actualitat-es\\\/martes-13-12-debate-sobre-la-precariedad-juvenil\\\/\"},\"author\":{\"name\":\"Alfons Valle\",\"@id\":\"https:\\\/\\\/fundesplai.org\\\/es\\\/#\\\/schema\\\/person\\\/c0e9e7466bb8ac06f5264324a6109733\"},\"headline\":\"Martes 13\\\/12: Debate sobre la precariedad juvenil\",\"datePublished\":\"2016-12-01T13:11:10+00:00\",\"mainEntityOfPage\":{\"@id\":\"https:\\\/\\\/fundesplai.org\\\/es\\\/informa-t\\\/actualitat-es\\\/martes-13-12-debate-sobre-la-precariedad-juvenil\\\/\"},\"wordCount\":179,\"image\":{\"@id\":\"https:\\\/\\\/fundesplai.org\\\/es\\\/informa-t\\\/actualitat-es\\\/martes-13-12-debate-sobre-la-precariedad-juvenil\\\/#primaryimage\"},\"thumbnailUrl\":\"https:\\\/\\\/fundesplai.org\\\/test-joomla\\\/wp-content\\\/uploads\\\/sites\\\/26\\\/2016\\\/12\\\/Mailing_Debat_precarietat_laboral_juvenil.jpg\",\"articleSection\":[\"Actualitat\"],\"inLanguage\":\"es\"},{\"@type\":\"WebPage\",\"@id\":\"https:\\\/\\\/fundesplai.org\\\/es\\\/informa-t\\\/actualitat-es\\\/martes-13-12-debate-sobre-la-precariedad-juvenil\\\/\",\"url\":\"https:\\\/\\\/fundesplai.org\\\/es\\\/informa-t\\\/actualitat-es\\\/martes-13-12-debate-sobre-la-precariedad-juvenil\\\/\",\"name\":\"Martes 13\\\/12: Debate sobre la precariedad juvenil - Fundesplai\",\"isPartOf\":{\"@id\":\"https:\\\/\\\/fundesplai.org\\\/es\\\/#website\"},\"primaryImageOfPage\":{\"@id\":\"https:\\\/\\\/fundesplai.org\\\/es\\\/informa-t\\\/actualitat-es\\\/martes-13-12-debate-sobre-la-precariedad-juvenil\\\/#primaryimage\"},\"image\":{\"@id\":\"https:\\\/\\\/fundesplai.org\\\/es\\\/informa-t\\\/actualitat-es\\\/martes-13-12-debate-sobre-la-precariedad-juvenil\\\/#primaryimage\"},\"thumbnailUrl\":\"https:\\\/\\\/fundesplai.org\\\/test-joomla\\\/wp-content\\\/uploads\\\/sites\\\/26\\\/2016\\\/12\\\/Mailing_Debat_precarietat_laboral_juvenil.jpg\",\"datePublished\":\"2016-12-01T13:11:10+00:00\",\"author\":{\"@id\":\"https:\\\/\\\/fundesplai.org\\\/es\\\/#\\\/schema\\\/person\\\/c0e9e7466bb8ac06f5264324a6109733\"},\"breadcrumb\":{\"@id\":\"https:\\\/\\\/fundesplai.org\\\/es\\\/informa-t\\\/actualitat-es\\\/martes-13-12-debate-sobre-la-precariedad-juvenil\\\/#breadcrumb\"},\"inLanguage\":\"es\",\"potentialAction\":[{\"@type\":\"ReadAction\",\"target\":[\"https:\\\/\\\/fundesplai.org\\\/es\\\/informa-t\\\/actualitat-es\\\/martes-13-12-debate-sobre-la-precariedad-juvenil\\\/\"]}]},{\"@type\":\"ImageObject\",\"inLanguage\":\"es\",\"@id\":\"https:\\\/\\\/fundesplai.org\\\/es\\\/informa-t\\\/actualitat-es\\\/martes-13-12-debate-sobre-la-precariedad-juvenil\\\/#primaryimage\",\"url\":\"https:\\\/\\\/fundesplai.org\\\/test-joomla\\\/wp-content\\\/uploads\\\/sites\\\/26\\\/2016\\\/12\\\/Mailing_Debat_precarietat_laboral_juvenil.jpg\",\"contentUrl\":\"https:\\\/\\\/fundesplai.org\\\/test-joomla\\\/wp-content\\\/uploads\\\/sites\\\/26\\\/2016\\\/12\\\/Mailing_Debat_precarietat_laboral_juvenil.jpg\"},{\"@type\":\"BreadcrumbList\",\"@id\":\"https:\\\/\\\/fundesplai.org\\\/es\\\/informa-t\\\/actualitat-es\\\/martes-13-12-debate-sobre-la-precariedad-juvenil\\\/#breadcrumb\",\"itemListElement\":[{\"@type\":\"ListItem\",\"position\":1,\"name\":\"Inici\",\"item\":\"https:\\\/\\\/fundesplai.org\\\/es\\\/inicio\\\/\"},{\"@type\":\"ListItem\",\"position\":2,\"name\":\"Inf\u00f3rmate\",\"item\":\"https:\\\/\\\/fundesplai.org\\\/es\\\/informate\\\/\"},{\"@type\":\"ListItem\",\"position\":3,\"name\":\"Sin categor\u00eda\",\"item\":\"https:\\\/\\\/fundesplai.org\\\/es\\\/informa-t\\\/category\\\/sin-categoria\\\/\"},{\"@type\":\"ListItem\",\"position\":4,\"name\":\"Martes 13\\\/12: Debate sobre la precariedad juvenil\"}]},{\"@type\":\"WebSite\",\"@id\":\"https:\\\/\\\/fundesplai.org\\\/es\\\/#website\",\"url\":\"https:\\\/\\\/fundesplai.org\\\/es\\\/\",\"name\":\"Fundesplai\",\"description\":\"Eduquem per la conviv\u00e8ncia i la sostenibilitat\",\"potentialAction\":[{\"@type\":\"SearchAction\",\"target\":{\"@type\":\"EntryPoint\",\"urlTemplate\":\"https:\\\/\\\/fundesplai.org\\\/es\\\/?s={search_term_string}\"},\"query-input\":{\"@type\":\"PropertyValueSpecification\",\"valueRequired\":true,\"valueName\":\"search_term_string\"}}],\"inLanguage\":\"es\"},{\"@type\":\"Person\",\"@id\":\"https:\\\/\\\/fundesplai.org\\\/es\\\/#\\\/schema\\\/person\\\/c0e9e7466bb8ac06f5264324a6109733\",\"name\":\"Alfons Valle\",\"image\":{\"@type\":\"ImageObject\",\"inLanguage\":\"es\",\"@id\":\"https:\\\/\\\/secure.gravatar.com\\\/avatar\\\/71d95a3f99a068ba570ac1314ed6911a59c5ae3f22ffcf23631cd1a861a640bc?s=96&d=mm&r=g\",\"url\":\"https:\\\/\\\/secure.gravatar.com\\\/avatar\\\/71d95a3f99a068ba570ac1314ed6911a59c5ae3f22ffcf23631cd1a861a640bc?s=96&d=mm&r=g\",\"contentUrl\":\"https:\\\/\\\/secure.gravatar.com\\\/avatar\\\/71d95a3f99a068ba570ac1314ed6911a59c5ae3f22ffcf23631cd1a861a640bc?s=96&d=mm&r=g\",\"caption\":\"Alfons Valle\"},\"url\":\"https:\\\/\\\/fundesplai.org\\\/es\\\/informa-t\\\/author\\\/avalle\\\/\"}]}<\/script>\n<!-- \/ Yoast SEO plugin. -->","yoast_head_json":{"title":"Martes 13\/12: Debate sobre la precariedad juvenil - Fundesplai","robots":{"index":"index","follow":"follow","max-snippet":"max-snippet:-1","max-image-preview":"max-image-preview:large","max-video-preview":"max-video-preview:-1"},"canonical":"https:\/\/fundesplai.org\/es\/informa-t\/actualitat-es\/martes-13-12-debate-sobre-la-precariedad-juvenil\/","og_locale":"es_ES","og_type":"article","og_title":"Martes 13\/12: Debate sobre la precariedad juvenil - Fundesplai","og_description":"El pr\u00f3ximo martes 13 de diciembre, a las 9.15h, la Mesa del Tercer Sector Social de Catalu\u00f1a organiza el debate&nbsp;&#8216;La precariedad laboral juvenil en Catalu\u00f1a. Una realidad inc\u00f3moda&#8217;&nbsp;en el Ateneo Barcelon\u00e8s.","og_url":"https:\/\/fundesplai.org\/es\/informa-t\/actualitat-es\/martes-13-12-debate-sobre-la-precariedad-juvenil\/","og_site_name":"Fundesplai","article_published_time":"2016-12-01T13:11:10+00:00","og_image":[{"url":"https:\/\/fundesplai.org\/test-joomla\/wp-content\/uploads\/sites\/26\/2016\/12\/Mailing_Debat_precarietat_laboral_juvenil.jpg","type":"","width":"","height":""}],"author":"Alfons Valle","twitter_card":"summary_large_image","twitter_misc":{"Escrito por":"Alfons Valle","Tiempo de lectura":"1 minuto"},"schema":{"@context":"https:\/\/schema.org","@graph":[{"@type":"Article","@id":"https:\/\/fundesplai.org\/es\/informa-t\/actualitat-es\/martes-13-12-debate-sobre-la-precariedad-juvenil\/#article","isPartOf":{"@id":"https:\/\/fundesplai.org\/es\/informa-t\/actualitat-es\/martes-13-12-debate-sobre-la-precariedad-juvenil\/"},"author":{"name":"Alfons Valle","@id":"https:\/\/fundesplai.org\/es\/#\/schema\/person\/c0e9e7466bb8ac06f5264324a6109733"},"headline":"Martes 13\/12: Debate sobre la precariedad juvenil","datePublished":"2016-12-01T13:11:10+00:00","mainEntityOfPage":{"@id":"https:\/\/fundesplai.org\/es\/informa-t\/actualitat-es\/martes-13-12-debate-sobre-la-precariedad-juvenil\/"},"wordCount":179,"image":{"@id":"https:\/\/fundesplai.org\/es\/informa-t\/actualitat-es\/martes-13-12-debate-sobre-la-precariedad-juvenil\/#primaryimage"},"thumbnailUrl":"https:\/\/fundesplai.org\/test-joomla\/wp-content\/uploads\/sites\/26\/2016\/12\/Mailing_Debat_precarietat_laboral_juvenil.jpg","articleSection":["Actualitat"],"inLanguage":"es"},{"@type":"WebPage","@id":"https:\/\/fundesplai.org\/es\/informa-t\/actualitat-es\/martes-13-12-debate-sobre-la-precariedad-juvenil\/","url":"https:\/\/fundesplai.org\/es\/informa-t\/actualitat-es\/martes-13-12-debate-sobre-la-precariedad-juvenil\/","name":"Martes 13\/12: Debate sobre la precariedad juvenil - Fundesplai","isPartOf":{"@id":"https:\/\/fundesplai.org\/es\/#website"},"primaryImageOfPage":{"@id":"https:\/\/fundesplai.org\/es\/informa-t\/actualitat-es\/martes-13-12-debate-sobre-la-precariedad-juvenil\/#primaryimage"},"image":{"@id":"https:\/\/fundesplai.org\/es\/informa-t\/actualitat-es\/martes-13-12-debate-sobre-la-precariedad-juvenil\/#primaryimage"},"thumbnailUrl":"https:\/\/fundesplai.org\/test-joomla\/wp-content\/uploads\/sites\/26\/2016\/12\/Mailing_Debat_precarietat_laboral_juvenil.jpg","datePublished":"2016-12-01T13:11:10+00:00","author":{"@id":"https:\/\/fundesplai.org\/es\/#\/schema\/person\/c0e9e7466bb8ac06f5264324a6109733"},"breadcrumb":{"@id":"https:\/\/fundesplai.org\/es\/informa-t\/actualitat-es\/martes-13-12-debate-sobre-la-precariedad-juvenil\/#breadcrumb"},"inLanguage":"es","potentialAction":[{"@type":"ReadAction","target":["https:\/\/fundesplai.org\/es\/informa-t\/actualitat-es\/martes-13-12-debate-sobre-la-precariedad-juvenil\/"]}]},{"@type":"ImageObject","inLanguage":"es","@id":"https:\/\/fundesplai.org\/es\/informa-t\/actualitat-es\/martes-13-12-debate-sobre-la-precariedad-juvenil\/#primaryimage","url":"https:\/\/fundesplai.org\/test-joomla\/wp-content\/uploads\/sites\/26\/2016\/12\/Mailing_Debat_precarietat_laboral_juvenil.jpg","contentUrl":"https:\/\/fundesplai.org\/test-joomla\/wp-content\/uploads\/sites\/26\/2016\/12\/Mailing_Debat_precarietat_laboral_juvenil.jpg"},{"@type":"BreadcrumbList","@id":"https:\/\/fundesplai.org\/es\/informa-t\/actualitat-es\/martes-13-12-debate-sobre-la-precariedad-juvenil\/#breadcrumb","itemListElement":[{"@type":"ListItem","position":1,"name":"Inici","item":"https:\/\/fundesplai.org\/es\/inicio\/"},{"@type":"ListItem","position":2,"name":"Inf\u00f3rmate","item":"https:\/\/fundesplai.org\/es\/informate\/"},{"@type":"ListItem","position":3,"name":"Sin categor\u00eda","item":"https:\/\/fundesplai.org\/es\/informa-t\/category\/sin-categoria\/"},{"@type":"ListItem","position":4,"name":"Martes 13\/12: Debate sobre la precariedad juvenil"}]},{"@type":"WebSite","@id":"https:\/\/fundesplai.org\/es\/#website","url":"https:\/\/fundesplai.org\/es\/","name":"Fundesplai","description":"Eduquem per la conviv\u00e8ncia i la sostenibilitat","potentialAction":[{"@type":"SearchAction","target":{"@type":"EntryPoint","urlTemplate":"https:\/\/fundesplai.org\/es\/?s={search_term_string}"},"query-input":{"@type":"PropertyValueSpecification","valueRequired":true,"valueName":"search_term_string"}}],"inLanguage":"es"},{"@type":"Person","@id":"https:\/\/fundesplai.org\/es\/#\/schema\/person\/c0e9e7466bb8ac06f5264324a6109733","name":"Alfons Valle","image":{"@type":"ImageObject","inLanguage":"es","@id":"https:\/\/secure.gravatar.com\/avatar\/71d95a3f99a068ba570ac1314ed6911a59c5ae3f22ffcf23631cd1a861a640bc?s=96&d=mm&r=g","url":"https:\/\/secure.gravatar.com\/avatar\/71d95a3f99a068ba570ac1314ed6911a59c5ae3f22ffcf23631cd1a861a640bc?s=96&d=mm&r=g","contentUrl":"https:\/\/secure.gravatar.com\/avatar\/71d95a3f99a068ba570ac1314ed6911a59c5ae3f22ffcf23631cd1a861a640bc?s=96&d=mm&r=g","caption":"Alfons Valle"},"url":"https:\/\/fundesplai.org\/es\/informa-t\/author\/avalle\/"}]}},"_links":{"self":[{"href":"https:\/\/fundesplai.org\/es\/wp-json\/wp\/v2\/posts\/47657","targetHints":{"allow":["GET"]}}],"collection":[{"href":"https:\/\/fundesplai.org\/es\/wp-json\/wp\/v2\/posts"}],"about":[{"href":"https:\/\/fundesplai.org\/es\/wp-json\/wp\/v2\/types\/post"}],"author":[{"embeddable":true,"href":"https:\/\/fundesplai.org\/es\/wp-json\/wp\/v2\/users\/9"}],"replies":[{"embeddable":true,"href":"https:\/\/fundesplai.org\/es\/wp-json\/wp\/v2\/comments?post=47657"}],"version-history":[{"count":0,"href":"https:\/\/fundesplai.org\/es\/wp-json\/wp\/v2\/posts\/47657\/revisions"}],"wp:attachment":[{"href":"https:\/\/fundesplai.org\/es\/wp-json\/wp\/v2\/media?parent=47657"}],"wp:term":[{"taxonomy":"category","embeddable":true,"href":"https:\/\/fundesplai.org\/es\/wp-json\/wp\/v2\/categories?post=47657"},{"taxonomy":"post_tag","embeddable":true,"href":"https:\/\/fundesplai.org\/es\/wp-json\/wp\/v2\/tags?post=47657"}],"curies":[{"name":"wp","href":"https:\/\/api.w.org\/{rel}","templated":true}]}}