{"id":47656,"date":"2016-12-01T13:52:01","date_gmt":"2016-12-01T12:52:01","guid":{"rendered":"https:\/\/fundesplai.org\/informa-t\/sense-categoria\/mas-de-10-500-ninos-participaron-en-los-actos-por-el-dia-universal-de-los-derechos-de-los-ninos\/"},"modified":"2016-12-01T13:52:01","modified_gmt":"2016-12-01T12:52:01","slug":"mas-de-10-500-ninos-participaron-en-los-actos-por-el-dia-universal-de-los-derechos-de-los-ninos","status":"publish","type":"post","link":"https:\/\/fundesplai.org\/es\/informa-t\/actualitat-es\/mas-de-10-500-ninos-participaron-en-los-actos-por-el-dia-universal-de-los-derechos-de-los-ninos\/","title":{"rendered":"M\u00e1s de 10.500 ni\u00f1os participaron en los actos por el D\u00eda Universal de los Derechos de los Ni\u00f1os"},"content":{"rendered":"<p>El domingo 20 de noviembre se celebr\u00f3 el D\u00eda Universal de los Derechos de los Ni\u00f1os, una fecha en la que m\u00e1s de 10.500 ni\u00f1os de escuelas donde Fundesplai est\u00e1 presente y recreos de la Federaci\u00f3n Catalana del Esplai aprovecharon esta efem\u00e9ride para reivindicar el&nbsp;<strong>derecho al ocio<\/strong>, la&nbsp;<strong>participaci\u00f3n<\/strong>&nbsp;y la<strong>&nbsp;igualdad de oportunidades<\/strong>&nbsp;de todos los ni\u00f1os.<\/p>\n<p><!--more--><\/p>\n<table style=\"height: 55px;width: 100%\">\n<tbody>\n<tr>\n<td colspan=\"2\"><img decoding=\"async\" class=\" size-full wp-image-3741\" src=\"https:\/\/fundesplai.org\/test-joomla\/wp-content\/uploads\/sites\/26\/2016\/12\/perevila.jpg\" alt=\"perevila\" width=\"100%\" height=\"NaN\"><\/td>\n<\/tr>\n<tr>\n<td style=\"width: 50%\"><img decoding=\"async\" class=\" size-full wp-image-3743\" src=\"https:\/\/fundesplai.org\/test-joomla\/wp-content\/uploads\/sites\/26\/2016\/12\/escola.jpg\" alt=\"escuela\" width=\"100%\" height=\"NaN\"><\/td>\n<td style=\"width: 50%\"><img decoding=\"async\" class=\" size-full wp-image-283\" src=\"https:\/\/fundesplai.org\/test-joomla\/wp-content\/uploads\/sites\/26\/2014\/02\/esplai.jpg\" alt=\"esplai\" width=\"100%\" height=\"NaN\"><\/td>\n<\/tr>\n<tr>\n<td style=\"width: 50%\"><img decoding=\"async\" class=\" size-full wp-image-3746\" src=\"https:\/\/fundesplai.org\/test-joomla\/wp-content\/uploads\/sites\/26\/2016\/12\/pingui.jpg\" alt=\"pingui\" width=\"100%\" height=\"NaN\"><\/td>\n<td style=\"width: 50%\"><img decoding=\"async\" class=\" size-full wp-image-3747\" src=\"https:\/\/fundesplai.org\/test-joomla\/wp-content\/uploads\/sites\/26\/2016\/12\/endinisat.jpg\" alt=\"adinisado\" width=\"100%\" height=\"NaN\"><\/td>\n<\/tr>\n<\/tbody>\n<\/table>\n<p>El domingo 20 de noviembre se celebr\u00f3 el D\u00eda Universal de los Derechos de los Ni\u00f1os, una fecha en la que m\u00e1s de 10.500 ni\u00f1os de escuelas donde Fundesplai est\u00e1 presente y esplais de la Federaci\u00f3n Catalana del Esplai aprovecharon esta efem\u00e9ride para reivindicar el <strong>derecho al ocio<\/strong>, la <strong>participaci\u00f3n<\/strong> y la<strong> igualdad de oportunidades<\/strong> de todos los ni\u00f1os. Un derecho que muchas ni\u00f1as y ni\u00f1os hoy y aqu\u00ed todav\u00eda no tienen garantizado y que establece la Convenci\u00f3n de los Derechos de los Ni\u00f1os aprobada por Naciones Unidas un 20 de noviembre de 1989.<\/p>\n<p><strong>30 esplais y 45 escuelas har\u00e1n actos y cortar\u00e1n calles para llenarlos de juegos <\/strong><\/p>\n<p>En esta iniciativa, liderada por Fundesplai y la Federaci\u00f3n Catalana del Esplai participaron &nbsp;<strong>m\u00e1s de 10.500 ni\u00f1os,30 <\/strong>&nbsp; recreos y 45 escuelas de diferentes poblaciones de Catalu\u00f1a, as\u00ed como 10 entidades de todo el Estado.<\/p>\n<p>Algunas de las 45 escuelas lo celebraron con el&nbsp;<em>lib dub<\/em> de la canci\u00f3n \u00abLa Escuela que queremos\u00bb del grupo \u00abXiula\u00bb. De esta manera se quiso reivindicar el derecho de los ni\u00f1os y las ni\u00f1as a opinar y ser escuchados en los aspectos que les afectan, como la educaci\u00f3n.<\/p>\n<p>Por su parte, los 30 recreos participantes organizaron actos durante todo el fin de semana bajo el lema #DretalLleure. En la mayor\u00eda de casos los actos consistieron en cortes de calles para recuperar espacios para el ocio y los juegos de los ni\u00f1os. <a href=\"http:\/\/esplai.fundesplai.org\/noticies\/dretallleure-en-imatges\/\">En este enlace pod\u00e9is acceder a la recopilaci\u00f3n de im\u00e1genes de las actividades que organizaron los recreos para este d\u00eda.<\/a><\/p>\n<p><span style=\"background-color: transparent\">Justamente para ilustrar esta campa\u00f1a se utiliz\u00f3 una vi\u00f1eta del pedagogo e ilustrador Francesco Tonucci, Frato, con el mensaje \u00abDisculpe las molestias, estamos jugando por vosotros\u00bb.<\/span><\/p>\n<p><strong style=\"background-color: transparent\">Sensibilizar y captar fondos para los ni\u00f1os con m\u00e1s necesidades<\/strong><\/p>\n<p>Estas movilizaciones se realizan en un contexto en el que en nuestro pa\u00eds casi uno de cada tres ni\u00f1os vive por debajo del umbral de la pobreza. Seg\u00fan la Encuesta de Condiciones de Vida 2015 (INE-IDESCAT), la tasa Arope de los menores de 18 a\u00f1os en Catalu\u00f1a es del 31,7%. Esto compromete su acceso a los recursos de alimentaci\u00f3n, atenci\u00f3n, formaci\u00f3n y ocio, que&nbsp; est\u00e1n \u00edntimamente relacionados&nbsp; con&nbsp; la salud, crecimiento y felicidad de los ni\u00f1os. Por eso desde Fundesplai, adem\u00e1s de campa\u00f1as de sensibilizaci\u00f3n, el a\u00f1o&nbsp; pasado <strong>otorgamos 16.000 ayudas y becas<\/strong> para que los ni\u00f1os con m\u00e1s necesidades sociales puedan acceder al comedor, colonias, actividades de ocio y refuerzo escolar. Pero para continuar, necesitamos la colaboraci\u00f3n de todos! Por eso tenemos abierta durante todo el a\u00f1o la campa\u00f1a de captaci\u00f3n de fondos <strong>\u00ab\u00a1Tomamos partido por la infancia!\u00bb<\/strong> con la que pedimos que todo el que quiera hacerse voluntario, hacer una aportaci\u00f3n puntual o hacerse socio, que lo haga entrando en el hospital. <a href=\"http:\/\/www.fundesplai.org\/dona\">www.fundesplai.org\/dona<\/a> o llamando al 93 551 17 71<\/p>\n","protected":false},"excerpt":{"rendered":"<p>El domingo 20 de noviembre se celebr\u00f3 el D\u00eda Universal de los Derechos de los Ni\u00f1os, una fecha en la que m\u00e1s de 10.500 ni\u00f1os de escuelas donde Fundesplai est\u00e1 presente y recreos de la Federaci\u00f3n Catalana del Esplai aprovecharon esta efem\u00e9ride para reivindicar el&nbsp;derecho al ocio, la&nbsp;participaci\u00f3n&nbsp;y la&nbsp;igualdad de oportunidades&nbsp;de todos los ni\u00f1os.<\/p>\n","protected":false},"author":4,"featured_media":0,"comment_status":"closed","ping_status":"closed","sticky":false,"template":"","format":"standard","meta":{"_et_pb_use_builder":"","_et_pb_old_content":"","_et_gb_content_width":"","footnotes":""},"categories":[937],"tags":[978,962],"class_list":["post-47656","post","type-post","status-publish","format-standard","hentry","category-actualitat-es","tag-esplai-es","tag-fundesplai-es"],"yoast_head":"<!-- This site is optimized with the Yoast SEO plugin v27.4 - https:\/\/yoast.com\/product\/yoast-seo-wordpress\/ -->\n<title>M\u00e1s de 10.500 ni\u00f1os participaron en los actos por el D\u00eda Universal de los Derechos de los Ni\u00f1os - Fundesplai<\/title>\n<meta name=\"robots\" content=\"index, follow, max-snippet:-1, max-image-preview:large, max-video-preview:-1\" \/>\n<link rel=\"canonical\" href=\"https:\/\/fundesplai.org\/es\/informa-t\/actualitat-es\/mas-de-10-500-ninos-participaron-en-los-actos-por-el-dia-universal-de-los-derechos-de-los-ninos\/\" \/>\n<meta property=\"og:locale\" content=\"es_ES\" \/>\n<meta property=\"og:type\" content=\"article\" \/>\n<meta property=\"og:title\" content=\"M\u00e1s de 10.500 ni\u00f1os participaron en los actos por el D\u00eda Universal de los Derechos de los Ni\u00f1os - Fundesplai\" \/>\n<meta property=\"og:description\" content=\"El domingo 20 de noviembre se celebr\u00f3 el D\u00eda Universal de los Derechos de los Ni\u00f1os, una fecha en la que m\u00e1s de 10.500 ni\u00f1os de escuelas donde Fundesplai est\u00e1 presente y recreos de la Federaci\u00f3n Catalana del Esplai aprovecharon esta efem\u00e9ride para reivindicar el&nbsp;derecho al ocio, la&nbsp;participaci\u00f3n&nbsp;y la&nbsp;igualdad de oportunidades&nbsp;de todos los ni\u00f1os.\" \/>\n<meta property=\"og:url\" content=\"https:\/\/fundesplai.org\/es\/informa-t\/actualitat-es\/mas-de-10-500-ninos-participaron-en-los-actos-por-el-dia-universal-de-los-derechos-de-los-ninos\/\" \/>\n<meta property=\"og:site_name\" content=\"Fundesplai\" \/>\n<meta property=\"article:published_time\" content=\"2016-12-01T12:52:01+00:00\" \/>\n<meta property=\"og:image\" content=\"https:\/\/fundesplai.org\/test-joomla\/wp-content\/uploads\/sites\/26\/2016\/12\/perevila.jpg\" \/>\n<meta name=\"author\" content=\"Ferran\" \/>\n<meta name=\"twitter:card\" content=\"summary_large_image\" \/>\n<meta name=\"twitter:label1\" content=\"Escrito por\" \/>\n\t<meta name=\"twitter:data1\" content=\"Ferran\" \/>\n\t<meta name=\"twitter:label2\" content=\"Tiempo de lectura\" \/>\n\t<meta name=\"twitter:data2\" content=\"3 minutos\" \/>\n<script type=\"application\/ld+json\" class=\"yoast-schema-graph\">{\"@context\":\"https:\\\/\\\/schema.org\",\"@graph\":[{\"@type\":\"Article\",\"@id\":\"https:\\\/\\\/fundesplai.org\\\/es\\\/informa-t\\\/actualitat-es\\\/mas-de-10-500-ninos-participaron-en-los-actos-por-el-dia-universal-de-los-derechos-de-los-ninos\\\/#article\",\"isPartOf\":{\"@id\":\"https:\\\/\\\/fundesplai.org\\\/es\\\/informa-t\\\/actualitat-es\\\/mas-de-10-500-ninos-participaron-en-los-actos-por-el-dia-universal-de-los-derechos-de-los-ninos\\\/\"},\"author\":{\"name\":\"Ferran\",\"@id\":\"https:\\\/\\\/fundesplai.org\\\/es\\\/#\\\/schema\\\/person\\\/67e7825d8ec54561cc24e36ba6b0f633\"},\"headline\":\"M\u00e1s de 10.500 ni\u00f1os participaron en los actos por el D\u00eda Universal de los Derechos de los Ni\u00f1os\",\"datePublished\":\"2016-12-01T12:52:01+00:00\",\"mainEntityOfPage\":{\"@id\":\"https:\\\/\\\/fundesplai.org\\\/es\\\/informa-t\\\/actualitat-es\\\/mas-de-10-500-ninos-participaron-en-los-actos-por-el-dia-universal-de-los-derechos-de-los-ninos\\\/\"},\"wordCount\":598,\"image\":{\"@id\":\"https:\\\/\\\/fundesplai.org\\\/es\\\/informa-t\\\/actualitat-es\\\/mas-de-10-500-ninos-participaron-en-los-actos-por-el-dia-universal-de-los-derechos-de-los-ninos\\\/#primaryimage\"},\"thumbnailUrl\":\"https:\\\/\\\/fundesplai.org\\\/test-joomla\\\/wp-content\\\/uploads\\\/sites\\\/26\\\/2016\\\/12\\\/perevila.jpg\",\"keywords\":[\"esplai\",\"fundesplai\"],\"articleSection\":[\"Actualitat\"],\"inLanguage\":\"es\"},{\"@type\":\"WebPage\",\"@id\":\"https:\\\/\\\/fundesplai.org\\\/es\\\/informa-t\\\/actualitat-es\\\/mas-de-10-500-ninos-participaron-en-los-actos-por-el-dia-universal-de-los-derechos-de-los-ninos\\\/\",\"url\":\"https:\\\/\\\/fundesplai.org\\\/es\\\/informa-t\\\/actualitat-es\\\/mas-de-10-500-ninos-participaron-en-los-actos-por-el-dia-universal-de-los-derechos-de-los-ninos\\\/\",\"name\":\"M\u00e1s de 10.500 ni\u00f1os participaron en los actos por el D\u00eda Universal de los Derechos de los Ni\u00f1os - Fundesplai\",\"isPartOf\":{\"@id\":\"https:\\\/\\\/fundesplai.org\\\/es\\\/#website\"},\"primaryImageOfPage\":{\"@id\":\"https:\\\/\\\/fundesplai.org\\\/es\\\/informa-t\\\/actualitat-es\\\/mas-de-10-500-ninos-participaron-en-los-actos-por-el-dia-universal-de-los-derechos-de-los-ninos\\\/#primaryimage\"},\"image\":{\"@id\":\"https:\\\/\\\/fundesplai.org\\\/es\\\/informa-t\\\/actualitat-es\\\/mas-de-10-500-ninos-participaron-en-los-actos-por-el-dia-universal-de-los-derechos-de-los-ninos\\\/#primaryimage\"},\"thumbnailUrl\":\"https:\\\/\\\/fundesplai.org\\\/test-joomla\\\/wp-content\\\/uploads\\\/sites\\\/26\\\/2016\\\/12\\\/perevila.jpg\",\"datePublished\":\"2016-12-01T12:52:01+00:00\",\"author\":{\"@id\":\"https:\\\/\\\/fundesplai.org\\\/es\\\/#\\\/schema\\\/person\\\/67e7825d8ec54561cc24e36ba6b0f633\"},\"breadcrumb\":{\"@id\":\"https:\\\/\\\/fundesplai.org\\\/es\\\/informa-t\\\/actualitat-es\\\/mas-de-10-500-ninos-participaron-en-los-actos-por-el-dia-universal-de-los-derechos-de-los-ninos\\\/#breadcrumb\"},\"inLanguage\":\"es\",\"potentialAction\":[{\"@type\":\"ReadAction\",\"target\":[\"https:\\\/\\\/fundesplai.org\\\/es\\\/informa-t\\\/actualitat-es\\\/mas-de-10-500-ninos-participaron-en-los-actos-por-el-dia-universal-de-los-derechos-de-los-ninos\\\/\"]}]},{\"@type\":\"ImageObject\",\"inLanguage\":\"es\",\"@id\":\"https:\\\/\\\/fundesplai.org\\\/es\\\/informa-t\\\/actualitat-es\\\/mas-de-10-500-ninos-participaron-en-los-actos-por-el-dia-universal-de-los-derechos-de-los-ninos\\\/#primaryimage\",\"url\":\"https:\\\/\\\/fundesplai.org\\\/test-joomla\\\/wp-content\\\/uploads\\\/sites\\\/26\\\/2016\\\/12\\\/perevila.jpg\",\"contentUrl\":\"https:\\\/\\\/fundesplai.org\\\/test-joomla\\\/wp-content\\\/uploads\\\/sites\\\/26\\\/2016\\\/12\\\/perevila.jpg\"},{\"@type\":\"BreadcrumbList\",\"@id\":\"https:\\\/\\\/fundesplai.org\\\/es\\\/informa-t\\\/actualitat-es\\\/mas-de-10-500-ninos-participaron-en-los-actos-por-el-dia-universal-de-los-derechos-de-los-ninos\\\/#breadcrumb\",\"itemListElement\":[{\"@type\":\"ListItem\",\"position\":1,\"name\":\"Inici\",\"item\":\"https:\\\/\\\/fundesplai.org\\\/es\\\/inicio\\\/\"},{\"@type\":\"ListItem\",\"position\":2,\"name\":\"Inf\u00f3rmate\",\"item\":\"https:\\\/\\\/fundesplai.org\\\/es\\\/informate\\\/\"},{\"@type\":\"ListItem\",\"position\":3,\"name\":\"Sin categor\u00eda\",\"item\":\"https:\\\/\\\/fundesplai.org\\\/es\\\/informa-t\\\/category\\\/sin-categoria\\\/\"},{\"@type\":\"ListItem\",\"position\":4,\"name\":\"M\u00e1s de 10.500 ni\u00f1os participaron en los actos por el D\u00eda Universal de los Derechos de los Ni\u00f1os\"}]},{\"@type\":\"WebSite\",\"@id\":\"https:\\\/\\\/fundesplai.org\\\/es\\\/#website\",\"url\":\"https:\\\/\\\/fundesplai.org\\\/es\\\/\",\"name\":\"Fundesplai\",\"description\":\"Eduquem per la conviv\u00e8ncia i la sostenibilitat\",\"potentialAction\":[{\"@type\":\"SearchAction\",\"target\":{\"@type\":\"EntryPoint\",\"urlTemplate\":\"https:\\\/\\\/fundesplai.org\\\/es\\\/?s={search_term_string}\"},\"query-input\":{\"@type\":\"PropertyValueSpecification\",\"valueRequired\":true,\"valueName\":\"search_term_string\"}}],\"inLanguage\":\"es\"},{\"@type\":\"Person\",\"@id\":\"https:\\\/\\\/fundesplai.org\\\/es\\\/#\\\/schema\\\/person\\\/67e7825d8ec54561cc24e36ba6b0f633\",\"name\":\"Ferran\",\"image\":{\"@type\":\"ImageObject\",\"inLanguage\":\"es\",\"@id\":\"https:\\\/\\\/secure.gravatar.com\\\/avatar\\\/a3510350976b58aae6eccd1e36f066b660a69ef63f97fde3cba8205db7db816a?s=96&d=mm&r=g\",\"url\":\"https:\\\/\\\/secure.gravatar.com\\\/avatar\\\/a3510350976b58aae6eccd1e36f066b660a69ef63f97fde3cba8205db7db816a?s=96&d=mm&r=g\",\"contentUrl\":\"https:\\\/\\\/secure.gravatar.com\\\/avatar\\\/a3510350976b58aae6eccd1e36f066b660a69ef63f97fde3cba8205db7db816a?s=96&d=mm&r=g\",\"caption\":\"Ferran\"},\"url\":\"https:\\\/\\\/fundesplai.org\\\/es\\\/informa-t\\\/author\\\/fvidal\\\/\"}]}<\/script>\n<!-- \/ Yoast SEO plugin. -->","yoast_head_json":{"title":"M\u00e1s de 10.500 ni\u00f1os participaron en los actos por el D\u00eda Universal de los Derechos de los Ni\u00f1os - Fundesplai","robots":{"index":"index","follow":"follow","max-snippet":"max-snippet:-1","max-image-preview":"max-image-preview:large","max-video-preview":"max-video-preview:-1"},"canonical":"https:\/\/fundesplai.org\/es\/informa-t\/actualitat-es\/mas-de-10-500-ninos-participaron-en-los-actos-por-el-dia-universal-de-los-derechos-de-los-ninos\/","og_locale":"es_ES","og_type":"article","og_title":"M\u00e1s de 10.500 ni\u00f1os participaron en los actos por el D\u00eda Universal de los Derechos de los Ni\u00f1os - Fundesplai","og_description":"El domingo 20 de noviembre se celebr\u00f3 el D\u00eda Universal de los Derechos de los Ni\u00f1os, una fecha en la que m\u00e1s de 10.500 ni\u00f1os de escuelas donde Fundesplai est\u00e1 presente y recreos de la Federaci\u00f3n Catalana del Esplai aprovecharon esta efem\u00e9ride para reivindicar el&nbsp;derecho al ocio, la&nbsp;participaci\u00f3n&nbsp;y la&nbsp;igualdad de oportunidades&nbsp;de todos los ni\u00f1os.","og_url":"https:\/\/fundesplai.org\/es\/informa-t\/actualitat-es\/mas-de-10-500-ninos-participaron-en-los-actos-por-el-dia-universal-de-los-derechos-de-los-ninos\/","og_site_name":"Fundesplai","article_published_time":"2016-12-01T12:52:01+00:00","og_image":[{"url":"https:\/\/fundesplai.org\/test-joomla\/wp-content\/uploads\/sites\/26\/2016\/12\/perevila.jpg","type":"","width":"","height":""}],"author":"Ferran","twitter_card":"summary_large_image","twitter_misc":{"Escrito por":"Ferran","Tiempo de lectura":"3 minutos"},"schema":{"@context":"https:\/\/schema.org","@graph":[{"@type":"Article","@id":"https:\/\/fundesplai.org\/es\/informa-t\/actualitat-es\/mas-de-10-500-ninos-participaron-en-los-actos-por-el-dia-universal-de-los-derechos-de-los-ninos\/#article","isPartOf":{"@id":"https:\/\/fundesplai.org\/es\/informa-t\/actualitat-es\/mas-de-10-500-ninos-participaron-en-los-actos-por-el-dia-universal-de-los-derechos-de-los-ninos\/"},"author":{"name":"Ferran","@id":"https:\/\/fundesplai.org\/es\/#\/schema\/person\/67e7825d8ec54561cc24e36ba6b0f633"},"headline":"M\u00e1s de 10.500 ni\u00f1os participaron en los actos por el D\u00eda Universal de los Derechos de los Ni\u00f1os","datePublished":"2016-12-01T12:52:01+00:00","mainEntityOfPage":{"@id":"https:\/\/fundesplai.org\/es\/informa-t\/actualitat-es\/mas-de-10-500-ninos-participaron-en-los-actos-por-el-dia-universal-de-los-derechos-de-los-ninos\/"},"wordCount":598,"image":{"@id":"https:\/\/fundesplai.org\/es\/informa-t\/actualitat-es\/mas-de-10-500-ninos-participaron-en-los-actos-por-el-dia-universal-de-los-derechos-de-los-ninos\/#primaryimage"},"thumbnailUrl":"https:\/\/fundesplai.org\/test-joomla\/wp-content\/uploads\/sites\/26\/2016\/12\/perevila.jpg","keywords":["esplai","fundesplai"],"articleSection":["Actualitat"],"inLanguage":"es"},{"@type":"WebPage","@id":"https:\/\/fundesplai.org\/es\/informa-t\/actualitat-es\/mas-de-10-500-ninos-participaron-en-los-actos-por-el-dia-universal-de-los-derechos-de-los-ninos\/","url":"https:\/\/fundesplai.org\/es\/informa-t\/actualitat-es\/mas-de-10-500-ninos-participaron-en-los-actos-por-el-dia-universal-de-los-derechos-de-los-ninos\/","name":"M\u00e1s de 10.500 ni\u00f1os participaron en los actos por el D\u00eda Universal de los Derechos de los Ni\u00f1os - Fundesplai","isPartOf":{"@id":"https:\/\/fundesplai.org\/es\/#website"},"primaryImageOfPage":{"@id":"https:\/\/fundesplai.org\/es\/informa-t\/actualitat-es\/mas-de-10-500-ninos-participaron-en-los-actos-por-el-dia-universal-de-los-derechos-de-los-ninos\/#primaryimage"},"image":{"@id":"https:\/\/fundesplai.org\/es\/informa-t\/actualitat-es\/mas-de-10-500-ninos-participaron-en-los-actos-por-el-dia-universal-de-los-derechos-de-los-ninos\/#primaryimage"},"thumbnailUrl":"https:\/\/fundesplai.org\/test-joomla\/wp-content\/uploads\/sites\/26\/2016\/12\/perevila.jpg","datePublished":"2016-12-01T12:52:01+00:00","author":{"@id":"https:\/\/fundesplai.org\/es\/#\/schema\/person\/67e7825d8ec54561cc24e36ba6b0f633"},"breadcrumb":{"@id":"https:\/\/fundesplai.org\/es\/informa-t\/actualitat-es\/mas-de-10-500-ninos-participaron-en-los-actos-por-el-dia-universal-de-los-derechos-de-los-ninos\/#breadcrumb"},"inLanguage":"es","potentialAction":[{"@type":"ReadAction","target":["https:\/\/fundesplai.org\/es\/informa-t\/actualitat-es\/mas-de-10-500-ninos-participaron-en-los-actos-por-el-dia-universal-de-los-derechos-de-los-ninos\/"]}]},{"@type":"ImageObject","inLanguage":"es","@id":"https:\/\/fundesplai.org\/es\/informa-t\/actualitat-es\/mas-de-10-500-ninos-participaron-en-los-actos-por-el-dia-universal-de-los-derechos-de-los-ninos\/#primaryimage","url":"https:\/\/fundesplai.org\/test-joomla\/wp-content\/uploads\/sites\/26\/2016\/12\/perevila.jpg","contentUrl":"https:\/\/fundesplai.org\/test-joomla\/wp-content\/uploads\/sites\/26\/2016\/12\/perevila.jpg"},{"@type":"BreadcrumbList","@id":"https:\/\/fundesplai.org\/es\/informa-t\/actualitat-es\/mas-de-10-500-ninos-participaron-en-los-actos-por-el-dia-universal-de-los-derechos-de-los-ninos\/#breadcrumb","itemListElement":[{"@type":"ListItem","position":1,"name":"Inici","item":"https:\/\/fundesplai.org\/es\/inicio\/"},{"@type":"ListItem","position":2,"name":"Inf\u00f3rmate","item":"https:\/\/fundesplai.org\/es\/informate\/"},{"@type":"ListItem","position":3,"name":"Sin categor\u00eda","item":"https:\/\/fundesplai.org\/es\/informa-t\/category\/sin-categoria\/"},{"@type":"ListItem","position":4,"name":"M\u00e1s de 10.500 ni\u00f1os participaron en los actos por el D\u00eda Universal de los Derechos de los Ni\u00f1os"}]},{"@type":"WebSite","@id":"https:\/\/fundesplai.org\/es\/#website","url":"https:\/\/fundesplai.org\/es\/","name":"Fundesplai","description":"Eduquem per la conviv\u00e8ncia i la sostenibilitat","potentialAction":[{"@type":"SearchAction","target":{"@type":"EntryPoint","urlTemplate":"https:\/\/fundesplai.org\/es\/?s={search_term_string}"},"query-input":{"@type":"PropertyValueSpecification","valueRequired":true,"valueName":"search_term_string"}}],"inLanguage":"es"},{"@type":"Person","@id":"https:\/\/fundesplai.org\/es\/#\/schema\/person\/67e7825d8ec54561cc24e36ba6b0f633","name":"Ferran","image":{"@type":"ImageObject","inLanguage":"es","@id":"https:\/\/secure.gravatar.com\/avatar\/a3510350976b58aae6eccd1e36f066b660a69ef63f97fde3cba8205db7db816a?s=96&d=mm&r=g","url":"https:\/\/secure.gravatar.com\/avatar\/a3510350976b58aae6eccd1e36f066b660a69ef63f97fde3cba8205db7db816a?s=96&d=mm&r=g","contentUrl":"https:\/\/secure.gravatar.com\/avatar\/a3510350976b58aae6eccd1e36f066b660a69ef63f97fde3cba8205db7db816a?s=96&d=mm&r=g","caption":"Ferran"},"url":"https:\/\/fundesplai.org\/es\/informa-t\/author\/fvidal\/"}]}},"_links":{"self":[{"href":"https:\/\/fundesplai.org\/es\/wp-json\/wp\/v2\/posts\/47656","targetHints":{"allow":["GET"]}}],"collection":[{"href":"https:\/\/fundesplai.org\/es\/wp-json\/wp\/v2\/posts"}],"about":[{"href":"https:\/\/fundesplai.org\/es\/wp-json\/wp\/v2\/types\/post"}],"author":[{"embeddable":true,"href":"https:\/\/fundesplai.org\/es\/wp-json\/wp\/v2\/users\/4"}],"replies":[{"embeddable":true,"href":"https:\/\/fundesplai.org\/es\/wp-json\/wp\/v2\/comments?post=47656"}],"version-history":[{"count":0,"href":"https:\/\/fundesplai.org\/es\/wp-json\/wp\/v2\/posts\/47656\/revisions"}],"wp:attachment":[{"href":"https:\/\/fundesplai.org\/es\/wp-json\/wp\/v2\/media?parent=47656"}],"wp:term":[{"taxonomy":"category","embeddable":true,"href":"https:\/\/fundesplai.org\/es\/wp-json\/wp\/v2\/categories?post=47656"},{"taxonomy":"post_tag","embeddable":true,"href":"https:\/\/fundesplai.org\/es\/wp-json\/wp\/v2\/tags?post=47656"}],"curies":[{"name":"wp","href":"https:\/\/api.w.org\/{rel}","templated":true}]}}