{"id":47652,"date":"2016-11-23T14:20:27","date_gmt":"2016-11-23T13:20:27","guid":{"rendered":"https:\/\/fundesplai.org\/informa-t\/sense-categoria\/2o-cena-solidaria-con-ada-oliveras\/"},"modified":"2016-11-23T14:20:27","modified_gmt":"2016-11-23T13:20:27","slug":"2o-cena-solidaria-con-ada-oliveras","status":"publish","type":"post","link":"https:\/\/fundesplai.org\/es\/informa-t\/actualitat-es\/2o-cena-solidaria-con-ada-oliveras\/","title":{"rendered":"2\u00ba cena solidaria con Ada Oliveras"},"content":{"rendered":"<p>En el marco de la campa\u00f1a <strong>\u00abTomamos partido por la infancia\u00bb<\/strong>, Fundesplai organiza el <strong>segundo<\/strong>&nbsp;<strong>cena solidaria<\/strong> con la colaboraci\u00f3n de la prestigiosa chef <strong>Ada Oliveras<\/strong> en CENTRO ESPLAI (R\u00edo Anoia 42-54, 08820 El Prat de Llobregat), el lunes 11 de diciembre a las 20.30h. La recaudaci\u00f3n se destinar\u00e1 a la infancia vulnerable.<\/p>\n<p><!--more--><\/p>\n<h3 class=\"intro\"><img decoding=\"async\" class=\" size-full wp-image-3710\" src=\"https:\/\/fundesplai.org\/test-joomla\/wp-content\/uploads\/sites\/26\/2016\/11\/sopar_ada_parellada_2017.jpg\" alt=\"cena ada parejada 2017\" width=\"100%\" height=\"NaN\"><\/h3>\n<h3 class=\"intro\">Lunes 11 de diciembre, a las 20.30h, en CENTRO ESPLAI (calle Riu Anoia, 42-54, 08820 El Prat de Llobregat)<\/h3>\n<table style=\"height: 77px;margin: 10px 5px 15px 20px;border-radius: 15px 50px;background-color: #006400;width: 196px;font-size: 18px\" cellpadding=\"10\" align=\"right\">\n<tbody>\n<tr>\n<td><a href=\"https:\/\/donacions.fundesplai.org\/moduls\/soparsolidari\/sopar.php\"><img loading=\"lazy\" decoding=\"async\" class=\" size-full wp-image-3713\" src=\"https:\/\/fundesplai.org\/test-joomla\/wp-content\/uploads\/sites\/26\/2016\/11\/here.png\" alt=\"here\" width=\"30\" height=\"39\"><\/a><\/td>\n<td style=\"text-align: center\"><a href=\"https:\/\/donacions.fundesplai.org\/moduls\/soparsolidari\/sopar.php\"><span style=\"color: #ffffff\"><strong><span style=\"color: #ffffff\">INSCRIPCIONES&nbsp;Y DONATIVOS<\/span><\/strong><\/span><\/a><span style=\"color: #ffffff\"><strong><br \/><\/strong><\/span><\/td>\n<\/tr>\n<\/tbody>\n<\/table>\n<p>En el marco de la campa\u00f1a&nbsp;<a href=\"ca\/nosaltres\/et-necessitem\/prenem-partit-per-la-infancia\"><strong>\u00abTomamos partido por la infancia\u00bb<\/strong><\/a>, <strong>Fundesplai<\/strong>&nbsp;organiza&nbsp; <strong>la 2\u00ba <\/strong>&nbsp;<strong>cena solidaria<\/strong>&nbsp; con la colaboraci\u00f3n de la prestigiosa chef&nbsp;<strong>Ada Oliveras <\/strong>&nbsp;en CENTRO ESPLAI (Riu Anoia 42-54, 08820 El Prat de Llobregat), el lunes 11 de diciembre a las 20.30h.<\/p>\n<p>Este a\u00f1o, el objetivo de la convocatoria es doble: por un lado recaudar fondos para la campa\u00f1a. <a href=\"ca\/nosaltres\/et-necessitem\/prenem-partit-per-la-infancia\"><strong>\u00ab\u00a1Tomamos partido por la infancia!\u00bb<\/strong><\/a> con el fin de garantizar los derechos y la igualdad de oportunidades de los ni\u00f1os en situaci\u00f3n de vulnerabilidad; y en segundo lugar, celebrar los <strong>10 a\u00f1os de la inauguraci\u00f3n de CENTRO ESPLAI<\/strong>, nuestra sede en el barrio de Sant Cosme en El Prat de Llobregat.<\/p>\n<p class=\"intro\"><strong>Cena, show cooking y muchas sorpresas!<\/strong><\/p>\n<p>Tras <a href=\"https:\/\/youtu.be\/28bsU6-sbzM\">el \u00e9xito de la primera edici\u00f3n<\/a>, este a\u00f1o tambi\u00e9n disfrutaremos de una cena muy especial, un <em>show cooking<\/em>, actuaciones musicales y muchas sorpresas m\u00e1s!<\/p>\n<p>El importe de la cena es de <strong>100 \u20ac*<\/strong> y el dinero que se recaude lo destinaremos a becas y ayudas para comedores, colonias, actividades de ocio y refuerzo escolar para ni\u00f1os en situaci\u00f3n vulnerable.<\/p>\n<p class=\"intro\"><strong>Mesa de Empresa Solidaria<\/strong><\/p>\n<p>Adem\u00e1s, este a\u00f1o ponemos a vuestra disposici\u00f3n la opci\u00f3n de reservar una <strong>Mesa de Empresa Solidaria<\/strong> (6, 8 o 10 comensales) convirtiendo as\u00ed la tradicional cena de Navidad de empresa en un acto lleno de valores y solidaridad.<\/p>\n<p class=\"intro\"><strong>Las plazas son limitadas y&nbsp;hay que hacer reserva previa.<\/strong><\/p>\n<p class=\"intro text-petit\"><span style=\"color: #000000\">*&nbsp;De este importe, se considera como donativo con derecho a desgravaci\u00f3n la cantidad de 70 \u20ac (<a href=\"ca\/nosaltres\/et-necessitem\/donacions\/avantatges-fiscals-de-les-donacions\">ver ventajas fiscales de los donativos<\/a>). Los 30 \u20ac restantes corresponden a la valoraci\u00f3n de la cena y, por lo tanto, no se pueden desgravar.<\/span><\/p>\n<p class=\"intro\"><strong>V\u00eddeo Tomamos partido por la infancia<\/strong><\/p>\n<p class=\"intro\"><strong><strong><strong><strong><strong><strong><strong><strong><strong>{youtube}-Sa2McQro54?showinfo=0&amp;gnis=0|560|315|condado_\u00fanico =no}}{\/youtube}<\/strong><\/strong><\/strong><\/strong><\/strong><\/strong><\/strong><\/strong><\/strong><\/p>\n<p>&nbsp;&nbsp;<\/p>\n<table style=\"height: 253px;width: 100%;background-color: #ffffff\">\n<tbody>\n<tr>\n<td style=\"background-color: #006400;border-radius: 15px 50px;width: 50%;font-size: 16px;font-family: Sans-serif\">\n<p style=\"text-align: center\"><span style=\"color: #ffffff\"><strong><img loading=\"lazy\" decoding=\"async\" class=\" size-full wp-image-3714\" src=\"https:\/\/fundesplai.org\/test-joomla\/wp-content\/uploads\/sites\/26\/2016\/11\/calendar.png\" alt=\"calendar\" width=\"30\" height=\"32\">&nbsp; Lunes 11 de diciembre<\/strong><\/span><\/p>\n<p style=\"text-align: center\"><span style=\"color: #ffffff\"><strong><img loading=\"lazy\" decoding=\"async\" class=\" size-full wp-image-3721\" src=\"https:\/\/fundesplai.org\/test-joomla\/wp-content\/uploads\/sites\/26\/2016\/11\/hour.png\" alt=\"hour\" width=\"30\" height=\"41\">&nbsp;20.30 h<\/strong><\/span><\/p>\n<p style=\"text-align: center\"><span style=\"color: #ffffff\"><strong><img loading=\"lazy\" decoding=\"async\" class=\" size-full wp-image-3723\" src=\"https:\/\/fundesplai.org\/test-joomla\/wp-content\/uploads\/sites\/26\/2016\/11\/location.png\" alt=\"location\" width=\"30\" height=\"32\">&nbsp;CENTRE ESPLAI<\/strong><\/span><\/p>\n<p style=\"text-align: center\"><span style=\"color: #ffffff\"><strong><strong><img loading=\"lazy\" decoding=\"async\" class=\" size-full wp-image-3724\" src=\"https:\/\/fundesplai.org\/test-joomla\/wp-content\/uploads\/sites\/26\/2016\/11\/map2.png\" alt=\"map2\" width=\"30\" height=\"40\">&nbsp;<\/strong>C. Riu Anoia, 42-54,El&nbsp; Prat de Llobregat&nbsp;<\/strong><\/span><\/p>\n<p style=\"text-align: center\"><span style=\"color: #ffffff\"><strong>PRECIO: 100 \u20ac<\/strong><\/span><\/p>\n<\/td>\n<td style=\"background-color: #228b22;border-radius: 15px 50px;text-align: center;font-size: 16px;font-family: Sans-serif\">\n<p><strong><span style=\"color: #ffffff\">M\u00e1s informaci\u00f3n, <\/span><\/strong><\/p>\n<p><strong><span style=\"color: #ffffff\">reservas y\/o donativos<\/span><\/strong><\/p>\n<p><strong><span style=\"color: #ffffff\">Tel\u00e9fono 93 551 17 71<\/span><\/strong><\/p>\n<p><strong><span style=\"color: #ffffff\"> www.fundesplai.org&nbsp;<\/span><\/strong><\/p>\n<\/td>\n<\/tr>\n<\/tbody>\n<\/table>\n<p class=\"intro\"><strong>C\u00f3mo llegar<\/strong><\/p>\n<p class=\"intro\">&nbsp;<\/p>\n<p>&nbsp;<\/p>\n<table style=\"height: 19px;width: 100%\">\n<tbody>\n<tr>\n<td style=\"width: 25%;border-radius: 15px 50px;background-color: #006400;text-align: center\" colspan=\"4\" valign=\"top\">\n<h4><span style=\"color: #ffffff;font-size: 16px;font-family: Helvetica, Open Sans, Verdana\"><strong>HAN TOMADO PARTIDO POR LA INFANCIA<\/strong><\/span><\/h4>\n<\/td>\n<\/tr>\n<tr>\n<td style=\"width: 25%\">&nbsp;<img loading=\"lazy\" decoding=\"async\" class=\" size-full wp-image-3725\" style=\"display: block;margin-left: auto;margin-right: auto\" src=\"https:\/\/fundesplai.org\/test-joomla\/wp-content\/uploads\/sites\/26\/2016\/11\/Carme_SanMiguel.jpg\" alt=\"Carme SanMiguel\" width=\"90\" height=\"90\"><\/td>\n<td style=\"width: 25%\">&nbsp;<img loading=\"lazy\" decoding=\"async\" class=\" size-full wp-image-3726\" style=\"display: block;margin-left: auto;margin-right: auto\" src=\"https:\/\/fundesplai.org\/test-joomla\/wp-content\/uploads\/sites\/26\/2016\/11\/Isabel_Montraveta.jpg\" alt=\"Isabel Montraveta\" width=\"90\" height=\"90\"><\/td>\n<td style=\"width: 25%\" rowspan=\"2\" colspan=\"2\">&nbsp;<img loading=\"lazy\" decoding=\"async\" class=\" size-full wp-image-3727\" style=\"display: block;margin-left: auto;margin-right: auto\" src=\"https:\/\/fundesplai.org\/test-joomla\/wp-content\/uploads\/sites\/26\/2016\/11\/Rosa_Cristo.jpg\" alt=\"Rosa Cristo\" width=\"90\" height=\"90\"><\/p>\n<p style=\"text-align: center;border-radius: 15px 50px;background-color: #f5f5f5\"><em>&nbsp;Donde el Estado no llega, somos los particulares los que debemos ser solidarios para promover la igualdad.\u00bb<\/em><\/p>\n<p style=\"text-align: center\"><strong>ROSA CRISTO<\/strong><\/p>\n<p style=\"text-align: center;border-radius: 15px 50px;background-color: #f5f5f5\"><em>&nbsp;<\/em><\/p>\n<\/td>\n<\/tr>\n<tr>\n<td valign=\"top\">\n<p style=\"text-align: center;border-radius: 15px 50px;background-color: #f5f5f5\"><em>\u00abUna<\/em><em>&nbsp;parte muy importante de la formaci\u00f3n&nbsp;<\/em><em>y el crecimiento de los ni\u00f1os pasa por el &nbsp;<\/em><em>ocio\u00bb<\/em><\/p>\n<p style=\"text-align: center\"><strong>CARME SANMIGUEL<\/strong><\/p>\n<\/td>\n<td valign=\"top\">\n<p style=\"text-align: center;border-radius: 15px 50px;background-color: #f5f5f5\"><em>Creo que las mayores desigualdades hoy no se&nbsp;dan entre las personas mayores, sino entre los ni\u00f1os y&nbsp; j\u00f3venes.<\/em><\/p>\n<p style=\"text-align: center;font-size: 12px\"><strong>ISABEL MONTRAVETA<\/strong><\/p>\n<\/td>\n<\/tr>\n<\/tbody>\n<\/table>\n<p>Gracias a la colaboraci\u00f3n:<\/p>\n<hr>\n<p>&nbsp;<\/p>\n<table style=\"height: 19px;width: 194px\" cellspacing=\"20\">\n<tbody>\n<tr>\n<td>&nbsp;<a href=\"http:\/\/semproniana.net\/\"><img loading=\"lazy\" decoding=\"async\" class=\" size-full wp-image-3730\" src=\"https:\/\/fundesplai.org\/test-joomla\/wp-content\/uploads\/sites\/26\/2016\/11\/semproniana-forquilla-home-logo.png\" alt=\"semproniana horquilla home logo\" width=\"150\" height=\"79\"><\/a><\/td>\n<td>&nbsp;<a href=\"http:\/\/www.etim.cat\/\"><img loading=\"lazy\" decoding=\"async\" class=\" size-full wp-image-3731\" src=\"https:\/\/fundesplai.org\/test-joomla\/wp-content\/uploads\/sites\/26\/2016\/11\/logo_final_amb_gotims-02.png\" alt=\"logo final con gotimos 02\" width=\"190\" height=\"72\"><\/a><\/td>\n<td><a href=\"http:\/\/www.elperiodico.com\/es\/\"><img loading=\"lazy\" decoding=\"async\" class=\" size-full wp-image-3169\" src=\"https:\/\/fundesplai.org\/test-joomla\/wp-content\/uploads\/sites\/26\/2016\/04\/EPC_color-copia.png\" alt=\"EPC color copia\" width=\"184\" height=\"29\"><\/a><\/td>\n<td>&nbsp;<\/td>\n<\/tr>\n<\/tbody>\n<\/table>\n","protected":false},"excerpt":{"rendered":"<p>En el marco de la campa\u00f1a \u00abTomamos partido por la infancia\u00bb, Fundesplai organiza el segundo&nbsp;cena solidaria con la colaboraci\u00f3n de la prestigiosa chef Ada Oliveras en CENTRO ESPLAI (R\u00edo Anoia 42-54, 08820 El Prat de Llobregat), el lunes 11 de diciembre a las 20.30h. La recaudaci\u00f3n se destinar\u00e1 a la infancia vulnerable.<\/p>\n","protected":false},"author":9,"featured_media":0,"comment_status":"closed","ping_status":"closed","sticky":false,"template":"","format":"standard","meta":{"_et_pb_use_builder":"","_et_pb_old_content":"","_et_gb_content_width":"","footnotes":""},"categories":[937],"tags":[],"class_list":["post-47652","post","type-post","status-publish","format-standard","hentry","category-actualitat-es"],"yoast_head":"<!-- This site is optimized with the Yoast SEO plugin v27.4 - https:\/\/yoast.com\/product\/yoast-seo-wordpress\/ -->\n<title>2\u00ba cena solidaria con Ada Oliveras - Fundesplai<\/title>\n<meta name=\"robots\" content=\"index, follow, max-snippet:-1, max-image-preview:large, max-video-preview:-1\" \/>\n<link rel=\"canonical\" href=\"https:\/\/fundesplai.org\/es\/informa-t\/actualitat-es\/2o-cena-solidaria-con-ada-oliveras\/\" \/>\n<meta property=\"og:locale\" content=\"es_ES\" \/>\n<meta property=\"og:type\" content=\"article\" \/>\n<meta property=\"og:title\" content=\"2\u00ba cena solidaria con Ada Oliveras - Fundesplai\" \/>\n<meta property=\"og:description\" content=\"En el marco de la campa\u00f1a \u00abTomamos partido por la infancia\u00bb, Fundesplai organiza el segundo&nbsp;cena solidaria con la colaboraci\u00f3n de la prestigiosa chef Ada Oliveras en CENTRO ESPLAI (R\u00edo Anoia 42-54, 08820 El Prat de Llobregat), el lunes 11 de diciembre a las 20.30h. La recaudaci\u00f3n se destinar\u00e1 a la infancia vulnerable.\" \/>\n<meta property=\"og:url\" content=\"https:\/\/fundesplai.org\/es\/informa-t\/actualitat-es\/2o-cena-solidaria-con-ada-oliveras\/\" \/>\n<meta property=\"og:site_name\" content=\"Fundesplai\" \/>\n<meta property=\"article:published_time\" content=\"2016-11-23T13:20:27+00:00\" \/>\n<meta property=\"og:image\" content=\"https:\/\/fundesplai.org\/test-joomla\/wp-content\/uploads\/sites\/26\/2016\/11\/sopar_ada_parellada_2017.jpg\" \/>\n<meta name=\"author\" content=\"Alfons Valle\" \/>\n<meta name=\"twitter:card\" content=\"summary_large_image\" \/>\n<meta name=\"twitter:label1\" content=\"Escrito por\" \/>\n\t<meta name=\"twitter:data1\" content=\"Alfons Valle\" \/>\n\t<meta name=\"twitter:label2\" content=\"Tiempo de lectura\" \/>\n\t<meta name=\"twitter:data2\" content=\"3 minutos\" \/>\n<script type=\"application\/ld+json\" class=\"yoast-schema-graph\">{\"@context\":\"https:\\\/\\\/schema.org\",\"@graph\":[{\"@type\":\"Article\",\"@id\":\"https:\\\/\\\/fundesplai.org\\\/es\\\/informa-t\\\/actualitat-es\\\/2o-cena-solidaria-con-ada-oliveras\\\/#article\",\"isPartOf\":{\"@id\":\"https:\\\/\\\/fundesplai.org\\\/es\\\/informa-t\\\/actualitat-es\\\/2o-cena-solidaria-con-ada-oliveras\\\/\"},\"author\":{\"name\":\"Alfons Valle\",\"@id\":\"https:\\\/\\\/fundesplai.org\\\/es\\\/#\\\/schema\\\/person\\\/c0e9e7466bb8ac06f5264324a6109733\"},\"headline\":\"2\u00ba cena solidaria con Ada Oliveras\",\"datePublished\":\"2016-11-23T13:20:27+00:00\",\"mainEntityOfPage\":{\"@id\":\"https:\\\/\\\/fundesplai.org\\\/es\\\/informa-t\\\/actualitat-es\\\/2o-cena-solidaria-con-ada-oliveras\\\/\"},\"wordCount\":517,\"image\":{\"@id\":\"https:\\\/\\\/fundesplai.org\\\/es\\\/informa-t\\\/actualitat-es\\\/2o-cena-solidaria-con-ada-oliveras\\\/#primaryimage\"},\"thumbnailUrl\":\"https:\\\/\\\/fundesplai.org\\\/test-joomla\\\/wp-content\\\/uploads\\\/sites\\\/26\\\/2016\\\/11\\\/sopar_ada_parellada_2017.jpg\",\"articleSection\":[\"Actualitat\"],\"inLanguage\":\"es\"},{\"@type\":\"WebPage\",\"@id\":\"https:\\\/\\\/fundesplai.org\\\/es\\\/informa-t\\\/actualitat-es\\\/2o-cena-solidaria-con-ada-oliveras\\\/\",\"url\":\"https:\\\/\\\/fundesplai.org\\\/es\\\/informa-t\\\/actualitat-es\\\/2o-cena-solidaria-con-ada-oliveras\\\/\",\"name\":\"2\u00ba cena solidaria con Ada Oliveras - Fundesplai\",\"isPartOf\":{\"@id\":\"https:\\\/\\\/fundesplai.org\\\/es\\\/#website\"},\"primaryImageOfPage\":{\"@id\":\"https:\\\/\\\/fundesplai.org\\\/es\\\/informa-t\\\/actualitat-es\\\/2o-cena-solidaria-con-ada-oliveras\\\/#primaryimage\"},\"image\":{\"@id\":\"https:\\\/\\\/fundesplai.org\\\/es\\\/informa-t\\\/actualitat-es\\\/2o-cena-solidaria-con-ada-oliveras\\\/#primaryimage\"},\"thumbnailUrl\":\"https:\\\/\\\/fundesplai.org\\\/test-joomla\\\/wp-content\\\/uploads\\\/sites\\\/26\\\/2016\\\/11\\\/sopar_ada_parellada_2017.jpg\",\"datePublished\":\"2016-11-23T13:20:27+00:00\",\"author\":{\"@id\":\"https:\\\/\\\/fundesplai.org\\\/es\\\/#\\\/schema\\\/person\\\/c0e9e7466bb8ac06f5264324a6109733\"},\"breadcrumb\":{\"@id\":\"https:\\\/\\\/fundesplai.org\\\/es\\\/informa-t\\\/actualitat-es\\\/2o-cena-solidaria-con-ada-oliveras\\\/#breadcrumb\"},\"inLanguage\":\"es\",\"potentialAction\":[{\"@type\":\"ReadAction\",\"target\":[\"https:\\\/\\\/fundesplai.org\\\/es\\\/informa-t\\\/actualitat-es\\\/2o-cena-solidaria-con-ada-oliveras\\\/\"]}]},{\"@type\":\"ImageObject\",\"inLanguage\":\"es\",\"@id\":\"https:\\\/\\\/fundesplai.org\\\/es\\\/informa-t\\\/actualitat-es\\\/2o-cena-solidaria-con-ada-oliveras\\\/#primaryimage\",\"url\":\"https:\\\/\\\/fundesplai.org\\\/test-joomla\\\/wp-content\\\/uploads\\\/sites\\\/26\\\/2016\\\/11\\\/sopar_ada_parellada_2017.jpg\",\"contentUrl\":\"https:\\\/\\\/fundesplai.org\\\/test-joomla\\\/wp-content\\\/uploads\\\/sites\\\/26\\\/2016\\\/11\\\/sopar_ada_parellada_2017.jpg\"},{\"@type\":\"BreadcrumbList\",\"@id\":\"https:\\\/\\\/fundesplai.org\\\/es\\\/informa-t\\\/actualitat-es\\\/2o-cena-solidaria-con-ada-oliveras\\\/#breadcrumb\",\"itemListElement\":[{\"@type\":\"ListItem\",\"position\":1,\"name\":\"Inici\",\"item\":\"https:\\\/\\\/fundesplai.org\\\/es\\\/inicio\\\/\"},{\"@type\":\"ListItem\",\"position\":2,\"name\":\"Inf\u00f3rmate\",\"item\":\"https:\\\/\\\/fundesplai.org\\\/es\\\/informate\\\/\"},{\"@type\":\"ListItem\",\"position\":3,\"name\":\"Sin categor\u00eda\",\"item\":\"https:\\\/\\\/fundesplai.org\\\/es\\\/informa-t\\\/category\\\/sin-categoria\\\/\"},{\"@type\":\"ListItem\",\"position\":4,\"name\":\"2\u00ba cena solidaria con Ada Oliveras\"}]},{\"@type\":\"WebSite\",\"@id\":\"https:\\\/\\\/fundesplai.org\\\/es\\\/#website\",\"url\":\"https:\\\/\\\/fundesplai.org\\\/es\\\/\",\"name\":\"Fundesplai\",\"description\":\"Eduquem per la conviv\u00e8ncia i la sostenibilitat\",\"potentialAction\":[{\"@type\":\"SearchAction\",\"target\":{\"@type\":\"EntryPoint\",\"urlTemplate\":\"https:\\\/\\\/fundesplai.org\\\/es\\\/?s={search_term_string}\"},\"query-input\":{\"@type\":\"PropertyValueSpecification\",\"valueRequired\":true,\"valueName\":\"search_term_string\"}}],\"inLanguage\":\"es\"},{\"@type\":\"Person\",\"@id\":\"https:\\\/\\\/fundesplai.org\\\/es\\\/#\\\/schema\\\/person\\\/c0e9e7466bb8ac06f5264324a6109733\",\"name\":\"Alfons Valle\",\"image\":{\"@type\":\"ImageObject\",\"inLanguage\":\"es\",\"@id\":\"https:\\\/\\\/secure.gravatar.com\\\/avatar\\\/71d95a3f99a068ba570ac1314ed6911a59c5ae3f22ffcf23631cd1a861a640bc?s=96&d=mm&r=g\",\"url\":\"https:\\\/\\\/secure.gravatar.com\\\/avatar\\\/71d95a3f99a068ba570ac1314ed6911a59c5ae3f22ffcf23631cd1a861a640bc?s=96&d=mm&r=g\",\"contentUrl\":\"https:\\\/\\\/secure.gravatar.com\\\/avatar\\\/71d95a3f99a068ba570ac1314ed6911a59c5ae3f22ffcf23631cd1a861a640bc?s=96&d=mm&r=g\",\"caption\":\"Alfons Valle\"},\"url\":\"https:\\\/\\\/fundesplai.org\\\/es\\\/informa-t\\\/author\\\/avalle\\\/\"}]}<\/script>\n<!-- \/ Yoast SEO plugin. -->","yoast_head_json":{"title":"2\u00ba cena solidaria con Ada Oliveras - Fundesplai","robots":{"index":"index","follow":"follow","max-snippet":"max-snippet:-1","max-image-preview":"max-image-preview:large","max-video-preview":"max-video-preview:-1"},"canonical":"https:\/\/fundesplai.org\/es\/informa-t\/actualitat-es\/2o-cena-solidaria-con-ada-oliveras\/","og_locale":"es_ES","og_type":"article","og_title":"2\u00ba cena solidaria con Ada Oliveras - Fundesplai","og_description":"En el marco de la campa\u00f1a \u00abTomamos partido por la infancia\u00bb, Fundesplai organiza el segundo&nbsp;cena solidaria con la colaboraci\u00f3n de la prestigiosa chef Ada Oliveras en CENTRO ESPLAI (R\u00edo Anoia 42-54, 08820 El Prat de Llobregat), el lunes 11 de diciembre a las 20.30h. La recaudaci\u00f3n se destinar\u00e1 a la infancia vulnerable.","og_url":"https:\/\/fundesplai.org\/es\/informa-t\/actualitat-es\/2o-cena-solidaria-con-ada-oliveras\/","og_site_name":"Fundesplai","article_published_time":"2016-11-23T13:20:27+00:00","og_image":[{"url":"https:\/\/fundesplai.org\/test-joomla\/wp-content\/uploads\/sites\/26\/2016\/11\/sopar_ada_parellada_2017.jpg","type":"","width":"","height":""}],"author":"Alfons Valle","twitter_card":"summary_large_image","twitter_misc":{"Escrito por":"Alfons Valle","Tiempo de lectura":"3 minutos"},"schema":{"@context":"https:\/\/schema.org","@graph":[{"@type":"Article","@id":"https:\/\/fundesplai.org\/es\/informa-t\/actualitat-es\/2o-cena-solidaria-con-ada-oliveras\/#article","isPartOf":{"@id":"https:\/\/fundesplai.org\/es\/informa-t\/actualitat-es\/2o-cena-solidaria-con-ada-oliveras\/"},"author":{"name":"Alfons Valle","@id":"https:\/\/fundesplai.org\/es\/#\/schema\/person\/c0e9e7466bb8ac06f5264324a6109733"},"headline":"2\u00ba cena solidaria con Ada Oliveras","datePublished":"2016-11-23T13:20:27+00:00","mainEntityOfPage":{"@id":"https:\/\/fundesplai.org\/es\/informa-t\/actualitat-es\/2o-cena-solidaria-con-ada-oliveras\/"},"wordCount":517,"image":{"@id":"https:\/\/fundesplai.org\/es\/informa-t\/actualitat-es\/2o-cena-solidaria-con-ada-oliveras\/#primaryimage"},"thumbnailUrl":"https:\/\/fundesplai.org\/test-joomla\/wp-content\/uploads\/sites\/26\/2016\/11\/sopar_ada_parellada_2017.jpg","articleSection":["Actualitat"],"inLanguage":"es"},{"@type":"WebPage","@id":"https:\/\/fundesplai.org\/es\/informa-t\/actualitat-es\/2o-cena-solidaria-con-ada-oliveras\/","url":"https:\/\/fundesplai.org\/es\/informa-t\/actualitat-es\/2o-cena-solidaria-con-ada-oliveras\/","name":"2\u00ba cena solidaria con Ada Oliveras - Fundesplai","isPartOf":{"@id":"https:\/\/fundesplai.org\/es\/#website"},"primaryImageOfPage":{"@id":"https:\/\/fundesplai.org\/es\/informa-t\/actualitat-es\/2o-cena-solidaria-con-ada-oliveras\/#primaryimage"},"image":{"@id":"https:\/\/fundesplai.org\/es\/informa-t\/actualitat-es\/2o-cena-solidaria-con-ada-oliveras\/#primaryimage"},"thumbnailUrl":"https:\/\/fundesplai.org\/test-joomla\/wp-content\/uploads\/sites\/26\/2016\/11\/sopar_ada_parellada_2017.jpg","datePublished":"2016-11-23T13:20:27+00:00","author":{"@id":"https:\/\/fundesplai.org\/es\/#\/schema\/person\/c0e9e7466bb8ac06f5264324a6109733"},"breadcrumb":{"@id":"https:\/\/fundesplai.org\/es\/informa-t\/actualitat-es\/2o-cena-solidaria-con-ada-oliveras\/#breadcrumb"},"inLanguage":"es","potentialAction":[{"@type":"ReadAction","target":["https:\/\/fundesplai.org\/es\/informa-t\/actualitat-es\/2o-cena-solidaria-con-ada-oliveras\/"]}]},{"@type":"ImageObject","inLanguage":"es","@id":"https:\/\/fundesplai.org\/es\/informa-t\/actualitat-es\/2o-cena-solidaria-con-ada-oliveras\/#primaryimage","url":"https:\/\/fundesplai.org\/test-joomla\/wp-content\/uploads\/sites\/26\/2016\/11\/sopar_ada_parellada_2017.jpg","contentUrl":"https:\/\/fundesplai.org\/test-joomla\/wp-content\/uploads\/sites\/26\/2016\/11\/sopar_ada_parellada_2017.jpg"},{"@type":"BreadcrumbList","@id":"https:\/\/fundesplai.org\/es\/informa-t\/actualitat-es\/2o-cena-solidaria-con-ada-oliveras\/#breadcrumb","itemListElement":[{"@type":"ListItem","position":1,"name":"Inici","item":"https:\/\/fundesplai.org\/es\/inicio\/"},{"@type":"ListItem","position":2,"name":"Inf\u00f3rmate","item":"https:\/\/fundesplai.org\/es\/informate\/"},{"@type":"ListItem","position":3,"name":"Sin categor\u00eda","item":"https:\/\/fundesplai.org\/es\/informa-t\/category\/sin-categoria\/"},{"@type":"ListItem","position":4,"name":"2\u00ba cena solidaria con Ada Oliveras"}]},{"@type":"WebSite","@id":"https:\/\/fundesplai.org\/es\/#website","url":"https:\/\/fundesplai.org\/es\/","name":"Fundesplai","description":"Eduquem per la conviv\u00e8ncia i la sostenibilitat","potentialAction":[{"@type":"SearchAction","target":{"@type":"EntryPoint","urlTemplate":"https:\/\/fundesplai.org\/es\/?s={search_term_string}"},"query-input":{"@type":"PropertyValueSpecification","valueRequired":true,"valueName":"search_term_string"}}],"inLanguage":"es"},{"@type":"Person","@id":"https:\/\/fundesplai.org\/es\/#\/schema\/person\/c0e9e7466bb8ac06f5264324a6109733","name":"Alfons Valle","image":{"@type":"ImageObject","inLanguage":"es","@id":"https:\/\/secure.gravatar.com\/avatar\/71d95a3f99a068ba570ac1314ed6911a59c5ae3f22ffcf23631cd1a861a640bc?s=96&d=mm&r=g","url":"https:\/\/secure.gravatar.com\/avatar\/71d95a3f99a068ba570ac1314ed6911a59c5ae3f22ffcf23631cd1a861a640bc?s=96&d=mm&r=g","contentUrl":"https:\/\/secure.gravatar.com\/avatar\/71d95a3f99a068ba570ac1314ed6911a59c5ae3f22ffcf23631cd1a861a640bc?s=96&d=mm&r=g","caption":"Alfons Valle"},"url":"https:\/\/fundesplai.org\/es\/informa-t\/author\/avalle\/"}]}},"_links":{"self":[{"href":"https:\/\/fundesplai.org\/es\/wp-json\/wp\/v2\/posts\/47652","targetHints":{"allow":["GET"]}}],"collection":[{"href":"https:\/\/fundesplai.org\/es\/wp-json\/wp\/v2\/posts"}],"about":[{"href":"https:\/\/fundesplai.org\/es\/wp-json\/wp\/v2\/types\/post"}],"author":[{"embeddable":true,"href":"https:\/\/fundesplai.org\/es\/wp-json\/wp\/v2\/users\/9"}],"replies":[{"embeddable":true,"href":"https:\/\/fundesplai.org\/es\/wp-json\/wp\/v2\/comments?post=47652"}],"version-history":[{"count":0,"href":"https:\/\/fundesplai.org\/es\/wp-json\/wp\/v2\/posts\/47652\/revisions"}],"wp:attachment":[{"href":"https:\/\/fundesplai.org\/es\/wp-json\/wp\/v2\/media?parent=47652"}],"wp:term":[{"taxonomy":"category","embeddable":true,"href":"https:\/\/fundesplai.org\/es\/wp-json\/wp\/v2\/categories?post=47652"},{"taxonomy":"post_tag","embeddable":true,"href":"https:\/\/fundesplai.org\/es\/wp-json\/wp\/v2\/tags?post=47652"}],"curies":[{"name":"wp","href":"https:\/\/api.w.org\/{rel}","templated":true}]}}