{"id":47289,"date":"2014-06-11T13:22:44","date_gmt":"2014-06-11T11:22:44","guid":{"rendered":"https:\/\/fundesplai.org\/informa-t\/sense-categoria\/inauguracion-del-proyecto-de-mejora-del-espacio-publico-la-placeta-de-sant-cosme-llevado-a-cabo-por-los-ninos-y-ninas-del-esplai-gisc\/"},"modified":"2014-06-11T13:22:44","modified_gmt":"2014-06-11T11:22:44","slug":"inauguracion-del-proyecto-de-mejora-del-espacio-publico-la-placeta-de-sant-cosme-llevado-a-cabo-por-los-ninos-y-ninas-del-esplai-gisc","status":"publish","type":"post","link":"https:\/\/fundesplai.org\/es\/informa-t\/actualitat-es\/inauguracion-del-proyecto-de-mejora-del-espacio-publico-la-placeta-de-sant-cosme-llevado-a-cabo-por-los-ninos-y-ninas-del-esplai-gisc\/","title":{"rendered":"Inauguraci\u00f3n del proyecto de mejora del espacio p\u00fablico \u00abLa Placeta\u00bb de Sant Cosme llevado a cabo por los ni\u00f1os y ni\u00f1as del Esplai GISC"},"content":{"rendered":"<p style=\"text-align: justify\" align=\"center\">Este viernes 13 de junio, a las 18h, en el Esplai GISC (Grupo Infantil Sant Cosme), en la calle Ebre s\/n de El Prat de Llobregat, se inaugura el proyecto de aprendizaje servicio de mejora del espacio p\u00fablico \u00abLa Placeta\u00bb&#8230;<\/p>\n<p><!--more--><\/p>\n<table align=\"left\">\n<tbody>\n<tr>\n<td>&nbsp;<img loading=\"lazy\" decoding=\"async\" class=\" size-full wp-image-749\" src=\"https:\/\/fundesplai.org\/test-joomla\/wp-content\/uploads\/sites\/26\/2014\/06\/Placeta.jpg\" alt=\"Placeta\" width=\"200\" height=\"153\"><\/td>\n<\/tr>\n<tr>\n<td>&nbsp;<img loading=\"lazy\" decoding=\"async\" class=\" size-full wp-image-758\" src=\"https:\/\/fundesplai.org\/test-joomla\/wp-content\/uploads\/sites\/26\/2014\/06\/Placeta2.jpg\" alt=\"Placeta2\" width=\"200\" height=\"268\"><\/td>\n<\/tr>\n<tr>\n<td>&nbsp;<img loading=\"lazy\" decoding=\"async\" class=\" size-full wp-image-762\" src=\"https:\/\/fundesplai.org\/test-joomla\/wp-content\/uploads\/sites\/26\/2014\/06\/Placeta3.jpg\" alt=\"Placeta3\" width=\"200\" height=\"267\"><\/td>\n<\/tr>\n<\/tbody>\n<\/table>\n<p style=\"text-align: justify\" align=\"center\"><span style=\"text-align: left;background-color: transparent\">Este viernes 13 de junio, a las 18h, en el Esplai GISC (Grupo Infantil Sant Cosme), en la calle Ebre s\/n de El Prat de Llobregat, se inaugura el proyecto de aprendizaje servicio de mejora del espacio p\u00fablico \u00abLa Placeta\u00bb, en el que los propios ni\u00f1os y ni\u00f1as del esplai junto con los vecinos y vecinas del barrio y el apoyo del Ayuntamiento han rehabilitado la plazoleta situada delante de la entidad.<\/span><\/p>\n<p>La iniciativa comenz\u00f3 en el curso 2012-13 y en todo este tiempo han participado cerca de veinte ni\u00f1os y ni\u00f1as del grupo \u00abDraco\u00bb, los ni\u00f1os de 8 a 12 a\u00f1os, del esplai. En este periodo, las ni\u00f1as y ni\u00f1os se imaginaron como les gustar\u00eda que fuera la plaza, dise\u00f1aron una maqueta, recogieron opiniones de las entidades del barrio, se reunieron con el Ayuntamiento de El Prat y, finalmente, realizaron diferentes acciones de mejora sobre el espacio p\u00fablico: rehabilitar bancos, se\u00f1alizar espacios, establecer zonas de juego infantil o mejorar los espacios verdes&#8230;<\/p>\n<p><strong>&nbsp;<\/strong><strong>Experiencia de aprendizaje servicio<\/strong><\/p>\n<p>Este proyecto finalizar\u00e1 este viernes 13 con algunas acciones pendientes como pulir los sillares, repintar juegos infantiles, y hacer difusi\u00f3n entre el barrio. Adem\u00e1s, para celebrar la rehabilitaci\u00f3n de \u00abLa Placeta\u00bb se realizar\u00e1 una fiesta abierta en el barrio con la colaboraci\u00f3n de la Fundaci\u00f3n La Roda y se entregar\u00e1n los diplomas de reconocimiento a los ni\u00f1os participantes en el proyecto.<\/p>\n<p>El proyecto \u00abRehabilitem La Placeta del barrio de Sant Cosme\u00bb es una de las experiencias de aprendizaje servicio que se enmarca dentro de la propuesta educativa \u00abTeixint Ciutadania Compromesa\u00bb de la Federaci\u00f3n Catalana del Esplai.<\/p>\n<p>El Grupo Infantil Sant Cosme es una entidades sin \u00e1nimo de lucro que forma parte la Federaci\u00f3n Catalana del Esplai, y que desde el a\u00f1o 1973 desarrolla una labor social y educativa continuada y reconocida en el barrio de Sant Cosme del Prat de Llobregat y que este a\u00f1o celebrar\u00e1 su 40\u00ba aniversario.<\/p>\n","protected":false},"excerpt":{"rendered":"<p>Este viernes 13 de junio, a las 18h, en el Esplai GISC (Grupo Infantil Sant Cosme), en la calle Ebre s\/n de El Prat de Llobregat, se inaugura el proyecto de aprendizaje servicio de mejora del espacio p\u00fablico \u00abLa Placeta\u00bb&#8230;<\/p>\n","protected":false},"author":9,"featured_media":0,"comment_status":"closed","ping_status":"closed","sticky":false,"template":"","format":"standard","meta":{"_et_pb_use_builder":"","_et_pb_old_content":"","_et_gb_content_width":"","footnotes":""},"categories":[937],"tags":[],"class_list":["post-47289","post","type-post","status-publish","format-standard","hentry","category-actualitat-es"],"yoast_head":"<!-- This site is optimized with the Yoast SEO plugin v27.4 - https:\/\/yoast.com\/product\/yoast-seo-wordpress\/ -->\n<title>Inauguraci\u00f3n del proyecto de mejora del espacio p\u00fablico &quot;La Placeta&quot; de Sant Cosme llevado a cabo por los ni\u00f1os y ni\u00f1as del Esplai GISC - Fundesplai<\/title>\n<meta name=\"robots\" content=\"index, follow, max-snippet:-1, max-image-preview:large, max-video-preview:-1\" \/>\n<link rel=\"canonical\" href=\"https:\/\/fundesplai.org\/es\/informa-t\/actualitat-es\/inauguracion-del-proyecto-de-mejora-del-espacio-publico-la-placeta-de-sant-cosme-llevado-a-cabo-por-los-ninos-y-ninas-del-esplai-gisc\/\" \/>\n<meta property=\"og:locale\" content=\"es_ES\" \/>\n<meta property=\"og:type\" content=\"article\" \/>\n<meta property=\"og:title\" content=\"Inauguraci\u00f3n del proyecto de mejora del espacio p\u00fablico &quot;La Placeta&quot; de Sant Cosme llevado a cabo por los ni\u00f1os y ni\u00f1as del Esplai GISC - Fundesplai\" \/>\n<meta property=\"og:description\" content=\"Este viernes 13 de junio, a las 18h, en el Esplai GISC (Grupo Infantil Sant Cosme), en la calle Ebre s\/n de El Prat de Llobregat, se inaugura el proyecto de aprendizaje servicio de mejora del espacio p\u00fablico \u00abLa Placeta\u00bb&#8230;\" \/>\n<meta property=\"og:url\" content=\"https:\/\/fundesplai.org\/es\/informa-t\/actualitat-es\/inauguracion-del-proyecto-de-mejora-del-espacio-publico-la-placeta-de-sant-cosme-llevado-a-cabo-por-los-ninos-y-ninas-del-esplai-gisc\/\" \/>\n<meta property=\"og:site_name\" content=\"Fundesplai\" \/>\n<meta property=\"article:published_time\" content=\"2014-06-11T11:22:44+00:00\" \/>\n<meta property=\"og:image\" content=\"https:\/\/fundesplai.org\/test-joomla\/wp-content\/uploads\/sites\/26\/2014\/06\/Placeta.jpg\" \/>\n<meta name=\"author\" content=\"Alfons Valle\" \/>\n<meta name=\"twitter:card\" content=\"summary_large_image\" \/>\n<meta name=\"twitter:label1\" content=\"Escrito por\" \/>\n\t<meta name=\"twitter:data1\" content=\"Alfons Valle\" \/>\n\t<meta name=\"twitter:label2\" content=\"Tiempo de lectura\" \/>\n\t<meta name=\"twitter:data2\" content=\"2 minutos\" \/>\n<script type=\"application\/ld+json\" class=\"yoast-schema-graph\">{\"@context\":\"https:\\\/\\\/schema.org\",\"@graph\":[{\"@type\":\"Article\",\"@id\":\"https:\\\/\\\/fundesplai.org\\\/es\\\/informa-t\\\/actualitat-es\\\/inauguracion-del-proyecto-de-mejora-del-espacio-publico-la-placeta-de-sant-cosme-llevado-a-cabo-por-los-ninos-y-ninas-del-esplai-gisc\\\/#article\",\"isPartOf\":{\"@id\":\"https:\\\/\\\/fundesplai.org\\\/es\\\/informa-t\\\/actualitat-es\\\/inauguracion-del-proyecto-de-mejora-del-espacio-publico-la-placeta-de-sant-cosme-llevado-a-cabo-por-los-ninos-y-ninas-del-esplai-gisc\\\/\"},\"author\":{\"name\":\"Alfons Valle\",\"@id\":\"https:\\\/\\\/fundesplai.org\\\/es\\\/#\\\/schema\\\/person\\\/c0e9e7466bb8ac06f5264324a6109733\"},\"headline\":\"Inauguraci\u00f3n del proyecto de mejora del espacio p\u00fablico \u00abLa Placeta\u00bb de Sant Cosme llevado a cabo por los ni\u00f1os y ni\u00f1as del Esplai GISC\",\"datePublished\":\"2014-06-11T11:22:44+00:00\",\"mainEntityOfPage\":{\"@id\":\"https:\\\/\\\/fundesplai.org\\\/es\\\/informa-t\\\/actualitat-es\\\/inauguracion-del-proyecto-de-mejora-del-espacio-publico-la-placeta-de-sant-cosme-llevado-a-cabo-por-los-ninos-y-ninas-del-esplai-gisc\\\/\"},\"wordCount\":408,\"image\":{\"@id\":\"https:\\\/\\\/fundesplai.org\\\/es\\\/informa-t\\\/actualitat-es\\\/inauguracion-del-proyecto-de-mejora-del-espacio-publico-la-placeta-de-sant-cosme-llevado-a-cabo-por-los-ninos-y-ninas-del-esplai-gisc\\\/#primaryimage\"},\"thumbnailUrl\":\"https:\\\/\\\/fundesplai.org\\\/test-joomla\\\/wp-content\\\/uploads\\\/sites\\\/26\\\/2014\\\/06\\\/Placeta.jpg\",\"articleSection\":[\"Actualitat\"],\"inLanguage\":\"es\"},{\"@type\":\"WebPage\",\"@id\":\"https:\\\/\\\/fundesplai.org\\\/es\\\/informa-t\\\/actualitat-es\\\/inauguracion-del-proyecto-de-mejora-del-espacio-publico-la-placeta-de-sant-cosme-llevado-a-cabo-por-los-ninos-y-ninas-del-esplai-gisc\\\/\",\"url\":\"https:\\\/\\\/fundesplai.org\\\/es\\\/informa-t\\\/actualitat-es\\\/inauguracion-del-proyecto-de-mejora-del-espacio-publico-la-placeta-de-sant-cosme-llevado-a-cabo-por-los-ninos-y-ninas-del-esplai-gisc\\\/\",\"name\":\"Inauguraci\u00f3n del proyecto de mejora del espacio p\u00fablico \\\"La Placeta\\\" de Sant Cosme llevado a cabo por los ni\u00f1os y ni\u00f1as del Esplai GISC - Fundesplai\",\"isPartOf\":{\"@id\":\"https:\\\/\\\/fundesplai.org\\\/es\\\/#website\"},\"primaryImageOfPage\":{\"@id\":\"https:\\\/\\\/fundesplai.org\\\/es\\\/informa-t\\\/actualitat-es\\\/inauguracion-del-proyecto-de-mejora-del-espacio-publico-la-placeta-de-sant-cosme-llevado-a-cabo-por-los-ninos-y-ninas-del-esplai-gisc\\\/#primaryimage\"},\"image\":{\"@id\":\"https:\\\/\\\/fundesplai.org\\\/es\\\/informa-t\\\/actualitat-es\\\/inauguracion-del-proyecto-de-mejora-del-espacio-publico-la-placeta-de-sant-cosme-llevado-a-cabo-por-los-ninos-y-ninas-del-esplai-gisc\\\/#primaryimage\"},\"thumbnailUrl\":\"https:\\\/\\\/fundesplai.org\\\/test-joomla\\\/wp-content\\\/uploads\\\/sites\\\/26\\\/2014\\\/06\\\/Placeta.jpg\",\"datePublished\":\"2014-06-11T11:22:44+00:00\",\"author\":{\"@id\":\"https:\\\/\\\/fundesplai.org\\\/es\\\/#\\\/schema\\\/person\\\/c0e9e7466bb8ac06f5264324a6109733\"},\"breadcrumb\":{\"@id\":\"https:\\\/\\\/fundesplai.org\\\/es\\\/informa-t\\\/actualitat-es\\\/inauguracion-del-proyecto-de-mejora-del-espacio-publico-la-placeta-de-sant-cosme-llevado-a-cabo-por-los-ninos-y-ninas-del-esplai-gisc\\\/#breadcrumb\"},\"inLanguage\":\"es\",\"potentialAction\":[{\"@type\":\"ReadAction\",\"target\":[\"https:\\\/\\\/fundesplai.org\\\/es\\\/informa-t\\\/actualitat-es\\\/inauguracion-del-proyecto-de-mejora-del-espacio-publico-la-placeta-de-sant-cosme-llevado-a-cabo-por-los-ninos-y-ninas-del-esplai-gisc\\\/\"]}]},{\"@type\":\"ImageObject\",\"inLanguage\":\"es\",\"@id\":\"https:\\\/\\\/fundesplai.org\\\/es\\\/informa-t\\\/actualitat-es\\\/inauguracion-del-proyecto-de-mejora-del-espacio-publico-la-placeta-de-sant-cosme-llevado-a-cabo-por-los-ninos-y-ninas-del-esplai-gisc\\\/#primaryimage\",\"url\":\"https:\\\/\\\/fundesplai.org\\\/test-joomla\\\/wp-content\\\/uploads\\\/sites\\\/26\\\/2014\\\/06\\\/Placeta.jpg\",\"contentUrl\":\"https:\\\/\\\/fundesplai.org\\\/test-joomla\\\/wp-content\\\/uploads\\\/sites\\\/26\\\/2014\\\/06\\\/Placeta.jpg\"},{\"@type\":\"BreadcrumbList\",\"@id\":\"https:\\\/\\\/fundesplai.org\\\/es\\\/informa-t\\\/actualitat-es\\\/inauguracion-del-proyecto-de-mejora-del-espacio-publico-la-placeta-de-sant-cosme-llevado-a-cabo-por-los-ninos-y-ninas-del-esplai-gisc\\\/#breadcrumb\",\"itemListElement\":[{\"@type\":\"ListItem\",\"position\":1,\"name\":\"Inici\",\"item\":\"https:\\\/\\\/fundesplai.org\\\/es\\\/inicio\\\/\"},{\"@type\":\"ListItem\",\"position\":2,\"name\":\"Inf\u00f3rmate\",\"item\":\"https:\\\/\\\/fundesplai.org\\\/es\\\/informate\\\/\"},{\"@type\":\"ListItem\",\"position\":3,\"name\":\"Sin categor\u00eda\",\"item\":\"https:\\\/\\\/fundesplai.org\\\/es\\\/informa-t\\\/category\\\/sin-categoria\\\/\"},{\"@type\":\"ListItem\",\"position\":4,\"name\":\"Inauguraci\u00f3n del proyecto de mejora del espacio p\u00fablico &#8220;La Placeta&#8221; de Sant Cosme llevado a cabo por los ni\u00f1os y ni\u00f1as del Esplai GISC\"}]},{\"@type\":\"WebSite\",\"@id\":\"https:\\\/\\\/fundesplai.org\\\/es\\\/#website\",\"url\":\"https:\\\/\\\/fundesplai.org\\\/es\\\/\",\"name\":\"Fundesplai\",\"description\":\"Eduquem per la conviv\u00e8ncia i la sostenibilitat\",\"potentialAction\":[{\"@type\":\"SearchAction\",\"target\":{\"@type\":\"EntryPoint\",\"urlTemplate\":\"https:\\\/\\\/fundesplai.org\\\/es\\\/?s={search_term_string}\"},\"query-input\":{\"@type\":\"PropertyValueSpecification\",\"valueRequired\":true,\"valueName\":\"search_term_string\"}}],\"inLanguage\":\"es\"},{\"@type\":\"Person\",\"@id\":\"https:\\\/\\\/fundesplai.org\\\/es\\\/#\\\/schema\\\/person\\\/c0e9e7466bb8ac06f5264324a6109733\",\"name\":\"Alfons Valle\",\"image\":{\"@type\":\"ImageObject\",\"inLanguage\":\"es\",\"@id\":\"https:\\\/\\\/secure.gravatar.com\\\/avatar\\\/71d95a3f99a068ba570ac1314ed6911a59c5ae3f22ffcf23631cd1a861a640bc?s=96&d=mm&r=g\",\"url\":\"https:\\\/\\\/secure.gravatar.com\\\/avatar\\\/71d95a3f99a068ba570ac1314ed6911a59c5ae3f22ffcf23631cd1a861a640bc?s=96&d=mm&r=g\",\"contentUrl\":\"https:\\\/\\\/secure.gravatar.com\\\/avatar\\\/71d95a3f99a068ba570ac1314ed6911a59c5ae3f22ffcf23631cd1a861a640bc?s=96&d=mm&r=g\",\"caption\":\"Alfons Valle\"},\"url\":\"https:\\\/\\\/fundesplai.org\\\/es\\\/informa-t\\\/author\\\/avalle\\\/\"}]}<\/script>\n<!-- \/ Yoast SEO plugin. -->","yoast_head_json":{"title":"Inauguraci\u00f3n del proyecto de mejora del espacio p\u00fablico \"La Placeta\" de Sant Cosme llevado a cabo por los ni\u00f1os y ni\u00f1as del Esplai GISC - Fundesplai","robots":{"index":"index","follow":"follow","max-snippet":"max-snippet:-1","max-image-preview":"max-image-preview:large","max-video-preview":"max-video-preview:-1"},"canonical":"https:\/\/fundesplai.org\/es\/informa-t\/actualitat-es\/inauguracion-del-proyecto-de-mejora-del-espacio-publico-la-placeta-de-sant-cosme-llevado-a-cabo-por-los-ninos-y-ninas-del-esplai-gisc\/","og_locale":"es_ES","og_type":"article","og_title":"Inauguraci\u00f3n del proyecto de mejora del espacio p\u00fablico \"La Placeta\" de Sant Cosme llevado a cabo por los ni\u00f1os y ni\u00f1as del Esplai GISC - Fundesplai","og_description":"Este viernes 13 de junio, a las 18h, en el Esplai GISC (Grupo Infantil Sant Cosme), en la calle Ebre s\/n de El Prat de Llobregat, se inaugura el proyecto de aprendizaje servicio de mejora del espacio p\u00fablico \u00abLa Placeta\u00bb&#8230;","og_url":"https:\/\/fundesplai.org\/es\/informa-t\/actualitat-es\/inauguracion-del-proyecto-de-mejora-del-espacio-publico-la-placeta-de-sant-cosme-llevado-a-cabo-por-los-ninos-y-ninas-del-esplai-gisc\/","og_site_name":"Fundesplai","article_published_time":"2014-06-11T11:22:44+00:00","og_image":[{"url":"https:\/\/fundesplai.org\/test-joomla\/wp-content\/uploads\/sites\/26\/2014\/06\/Placeta.jpg","type":"","width":"","height":""}],"author":"Alfons Valle","twitter_card":"summary_large_image","twitter_misc":{"Escrito por":"Alfons Valle","Tiempo de lectura":"2 minutos"},"schema":{"@context":"https:\/\/schema.org","@graph":[{"@type":"Article","@id":"https:\/\/fundesplai.org\/es\/informa-t\/actualitat-es\/inauguracion-del-proyecto-de-mejora-del-espacio-publico-la-placeta-de-sant-cosme-llevado-a-cabo-por-los-ninos-y-ninas-del-esplai-gisc\/#article","isPartOf":{"@id":"https:\/\/fundesplai.org\/es\/informa-t\/actualitat-es\/inauguracion-del-proyecto-de-mejora-del-espacio-publico-la-placeta-de-sant-cosme-llevado-a-cabo-por-los-ninos-y-ninas-del-esplai-gisc\/"},"author":{"name":"Alfons Valle","@id":"https:\/\/fundesplai.org\/es\/#\/schema\/person\/c0e9e7466bb8ac06f5264324a6109733"},"headline":"Inauguraci\u00f3n del proyecto de mejora del espacio p\u00fablico \u00abLa Placeta\u00bb de Sant Cosme llevado a cabo por los ni\u00f1os y ni\u00f1as del Esplai GISC","datePublished":"2014-06-11T11:22:44+00:00","mainEntityOfPage":{"@id":"https:\/\/fundesplai.org\/es\/informa-t\/actualitat-es\/inauguracion-del-proyecto-de-mejora-del-espacio-publico-la-placeta-de-sant-cosme-llevado-a-cabo-por-los-ninos-y-ninas-del-esplai-gisc\/"},"wordCount":408,"image":{"@id":"https:\/\/fundesplai.org\/es\/informa-t\/actualitat-es\/inauguracion-del-proyecto-de-mejora-del-espacio-publico-la-placeta-de-sant-cosme-llevado-a-cabo-por-los-ninos-y-ninas-del-esplai-gisc\/#primaryimage"},"thumbnailUrl":"https:\/\/fundesplai.org\/test-joomla\/wp-content\/uploads\/sites\/26\/2014\/06\/Placeta.jpg","articleSection":["Actualitat"],"inLanguage":"es"},{"@type":"WebPage","@id":"https:\/\/fundesplai.org\/es\/informa-t\/actualitat-es\/inauguracion-del-proyecto-de-mejora-del-espacio-publico-la-placeta-de-sant-cosme-llevado-a-cabo-por-los-ninos-y-ninas-del-esplai-gisc\/","url":"https:\/\/fundesplai.org\/es\/informa-t\/actualitat-es\/inauguracion-del-proyecto-de-mejora-del-espacio-publico-la-placeta-de-sant-cosme-llevado-a-cabo-por-los-ninos-y-ninas-del-esplai-gisc\/","name":"Inauguraci\u00f3n del proyecto de mejora del espacio p\u00fablico \"La Placeta\" de Sant Cosme llevado a cabo por los ni\u00f1os y ni\u00f1as del Esplai GISC - Fundesplai","isPartOf":{"@id":"https:\/\/fundesplai.org\/es\/#website"},"primaryImageOfPage":{"@id":"https:\/\/fundesplai.org\/es\/informa-t\/actualitat-es\/inauguracion-del-proyecto-de-mejora-del-espacio-publico-la-placeta-de-sant-cosme-llevado-a-cabo-por-los-ninos-y-ninas-del-esplai-gisc\/#primaryimage"},"image":{"@id":"https:\/\/fundesplai.org\/es\/informa-t\/actualitat-es\/inauguracion-del-proyecto-de-mejora-del-espacio-publico-la-placeta-de-sant-cosme-llevado-a-cabo-por-los-ninos-y-ninas-del-esplai-gisc\/#primaryimage"},"thumbnailUrl":"https:\/\/fundesplai.org\/test-joomla\/wp-content\/uploads\/sites\/26\/2014\/06\/Placeta.jpg","datePublished":"2014-06-11T11:22:44+00:00","author":{"@id":"https:\/\/fundesplai.org\/es\/#\/schema\/person\/c0e9e7466bb8ac06f5264324a6109733"},"breadcrumb":{"@id":"https:\/\/fundesplai.org\/es\/informa-t\/actualitat-es\/inauguracion-del-proyecto-de-mejora-del-espacio-publico-la-placeta-de-sant-cosme-llevado-a-cabo-por-los-ninos-y-ninas-del-esplai-gisc\/#breadcrumb"},"inLanguage":"es","potentialAction":[{"@type":"ReadAction","target":["https:\/\/fundesplai.org\/es\/informa-t\/actualitat-es\/inauguracion-del-proyecto-de-mejora-del-espacio-publico-la-placeta-de-sant-cosme-llevado-a-cabo-por-los-ninos-y-ninas-del-esplai-gisc\/"]}]},{"@type":"ImageObject","inLanguage":"es","@id":"https:\/\/fundesplai.org\/es\/informa-t\/actualitat-es\/inauguracion-del-proyecto-de-mejora-del-espacio-publico-la-placeta-de-sant-cosme-llevado-a-cabo-por-los-ninos-y-ninas-del-esplai-gisc\/#primaryimage","url":"https:\/\/fundesplai.org\/test-joomla\/wp-content\/uploads\/sites\/26\/2014\/06\/Placeta.jpg","contentUrl":"https:\/\/fundesplai.org\/test-joomla\/wp-content\/uploads\/sites\/26\/2014\/06\/Placeta.jpg"},{"@type":"BreadcrumbList","@id":"https:\/\/fundesplai.org\/es\/informa-t\/actualitat-es\/inauguracion-del-proyecto-de-mejora-del-espacio-publico-la-placeta-de-sant-cosme-llevado-a-cabo-por-los-ninos-y-ninas-del-esplai-gisc\/#breadcrumb","itemListElement":[{"@type":"ListItem","position":1,"name":"Inici","item":"https:\/\/fundesplai.org\/es\/inicio\/"},{"@type":"ListItem","position":2,"name":"Inf\u00f3rmate","item":"https:\/\/fundesplai.org\/es\/informate\/"},{"@type":"ListItem","position":3,"name":"Sin categor\u00eda","item":"https:\/\/fundesplai.org\/es\/informa-t\/category\/sin-categoria\/"},{"@type":"ListItem","position":4,"name":"Inauguraci\u00f3n del proyecto de mejora del espacio p\u00fablico &#8220;La Placeta&#8221; de Sant Cosme llevado a cabo por los ni\u00f1os y ni\u00f1as del Esplai GISC"}]},{"@type":"WebSite","@id":"https:\/\/fundesplai.org\/es\/#website","url":"https:\/\/fundesplai.org\/es\/","name":"Fundesplai","description":"Eduquem per la conviv\u00e8ncia i la sostenibilitat","potentialAction":[{"@type":"SearchAction","target":{"@type":"EntryPoint","urlTemplate":"https:\/\/fundesplai.org\/es\/?s={search_term_string}"},"query-input":{"@type":"PropertyValueSpecification","valueRequired":true,"valueName":"search_term_string"}}],"inLanguage":"es"},{"@type":"Person","@id":"https:\/\/fundesplai.org\/es\/#\/schema\/person\/c0e9e7466bb8ac06f5264324a6109733","name":"Alfons Valle","image":{"@type":"ImageObject","inLanguage":"es","@id":"https:\/\/secure.gravatar.com\/avatar\/71d95a3f99a068ba570ac1314ed6911a59c5ae3f22ffcf23631cd1a861a640bc?s=96&d=mm&r=g","url":"https:\/\/secure.gravatar.com\/avatar\/71d95a3f99a068ba570ac1314ed6911a59c5ae3f22ffcf23631cd1a861a640bc?s=96&d=mm&r=g","contentUrl":"https:\/\/secure.gravatar.com\/avatar\/71d95a3f99a068ba570ac1314ed6911a59c5ae3f22ffcf23631cd1a861a640bc?s=96&d=mm&r=g","caption":"Alfons Valle"},"url":"https:\/\/fundesplai.org\/es\/informa-t\/author\/avalle\/"}]}},"_links":{"self":[{"href":"https:\/\/fundesplai.org\/es\/wp-json\/wp\/v2\/posts\/47289","targetHints":{"allow":["GET"]}}],"collection":[{"href":"https:\/\/fundesplai.org\/es\/wp-json\/wp\/v2\/posts"}],"about":[{"href":"https:\/\/fundesplai.org\/es\/wp-json\/wp\/v2\/types\/post"}],"author":[{"embeddable":true,"href":"https:\/\/fundesplai.org\/es\/wp-json\/wp\/v2\/users\/9"}],"replies":[{"embeddable":true,"href":"https:\/\/fundesplai.org\/es\/wp-json\/wp\/v2\/comments?post=47289"}],"version-history":[{"count":0,"href":"https:\/\/fundesplai.org\/es\/wp-json\/wp\/v2\/posts\/47289\/revisions"}],"wp:attachment":[{"href":"https:\/\/fundesplai.org\/es\/wp-json\/wp\/v2\/media?parent=47289"}],"wp:term":[{"taxonomy":"category","embeddable":true,"href":"https:\/\/fundesplai.org\/es\/wp-json\/wp\/v2\/categories?post=47289"},{"taxonomy":"post_tag","embeddable":true,"href":"https:\/\/fundesplai.org\/es\/wp-json\/wp\/v2\/tags?post=47289"}],"curies":[{"name":"wp","href":"https:\/\/api.w.org\/{rel}","templated":true}]}}