{"id":47277,"date":"2014-05-28T12:04:48","date_gmt":"2014-05-28T10:04:48","guid":{"rendered":"https:\/\/fundesplai.org\/informa-t\/sense-categoria\/el-ayuntamiento-de-oviedo-y-fundacion-esplai-colaboran-en-la-telecentro-multimedia-academy\/"},"modified":"2023-08-07T10:48:52","modified_gmt":"2023-08-07T08:48:52","slug":"el-ayuntamiento-de-oviedo-y-fundacion-esplai-colaboran-en-la-telecentro-multimedia-academy","status":"publish","type":"post","link":"https:\/\/fundesplai.org\/es\/informa-t\/actualitat-es\/el-ayuntamiento-de-oviedo-y-fundacion-esplai-colaboran-en-la-telecentro-multimedia-academy\/","title":{"rendered":"El Ayuntamiento de Oviedo y Fundaci\u00f3n Esplai colaboran en la Telecentro Multimedia Academy"},"content":{"rendered":"<div>Ya est\u00e1 en marcha el proyecto europeo <a href=\"http:\/\/tma.telecentre-europe.org\/\">Telecentro Multimedia Academy<\/a> y el centro de referencia en Espa\u00f1a, que estar\u00e1 en Oviedo y que impulsan el <a href=\"http:\/\/www.oviedo.es\/\">Ayuntamiento de Oviedo<\/a> y&nbsp; <a href=\"http:\/\/fundacionesplai.org\/\">Fundaci\u00f3n Esplai<\/a>.&nbsp;<\/div>\n<p><!--more--><\/p>\n<div><img loading=\"lazy\" decoding=\"async\" class=\" alignleft size-full wp-image-689\" style=\"margin: 5px;float: left\" src=\"https:\/\/fundesplai.org\/test-joomla\/wp-content\/uploads\/sites\/26\/2014\/05\/TMA.jpg\" alt=\"TMA\" width=\"300\" height=\"229\">Ya est\u00e1 en marcha el proyecto europeo&nbsp;<a href=\"http:\/\/tma.telecentre-europe.org\/\">Telecentro Multimedia Academy<\/a>&nbsp;y el centro de referencia en Espa\u00f1a, que estar\u00e1 en Oviedo y que impulsan el <a href=\"http:\/\/www.oviedo.es\/\">Ayuntamiento de Oviedo<\/a>&nbsp;y&nbsp; <a href=\"http:\/\/fundacionesplai.org\/\">Fundaci\u00f3n Esplai<\/a>.<\/div>\n<div>El TMA es un proyecto europeo que busca formar a las personas adultas en habilidades para utilizar los recursos multimedia basados en las tecnolog\u00edas de la informaci\u00f3n y la comunicaci\u00f3n y que est\u00e1 promoviendo la creaci\u00f3n de centros formativos de referencia para diferentes pa\u00edses europeos. En Espa\u00f1a, estar\u00e1 en Oviedo. El Ayuntamiento de Oviedo se encargar\u00e1 de coordinar este centro y Fundaci\u00f3n Esplai ha formado a las personas dinamizadoras y ha facilitado el material multimedia.<\/div>\n<div>&nbsp;<\/div>\n<div><strong>Recursos multimedia<\/strong><\/div>\n<div>Despu\u00e9s de haber recibido m\u00e1s de siete propuestas de telecentros interesados en participar en la prueba piloto del proyecto, empieza a funcionar el centro que ser\u00e1 el responsable de la formaci\u00f3n en temas multimedia es el Ayuntamiento de Oviedo.<\/div>\n<div>Para la elecci\u00f3n del centro m\u00e1s id\u00f3neo para llevar a cabo los cursos multimedia de nivel b\u00e1sico se han tenido en cuenta una serie de criterios entre los que se encuentran: el perfil de los profesionales que desarrollar\u00e1n la formaci\u00f3n, la barrera idiom\u00e1tica, la oferta formativa realizada hasta el momento en temas multimedia, la capacidad de trabajo de la entidad escogida y el uso que se le dar\u00e1 al material formativo ofrecido as\u00ed como recursos materiales ofrecidos.<\/div>\n<div>Desde el \u00e1rea de E-Inclusi\u00f3n de Fundaci\u00f3n Esplai valoran muy positivamente comenzar esta nueva aventura con el equipo de profesionales del Ayuntamiento de Oviedo y est\u00e1n muy agradecidos a todas las entidades que se han acercado a nosotros mostrando su inter\u00e9s y entusiasmo a col \u00b7 laborar en este proyecto europeo .<\/div>\n<div>&nbsp;<\/div>\n<div><em>Alba Agull\u00f3. Coordinadora t\u00e9cnica de proyectos internacionales del \u00c1rea de E-inclusi\u00f3n<\/em><\/div>\n","protected":false},"excerpt":{"rendered":"<p>Ya est\u00e1 en marcha el proyecto europeo Telecentro Multimedia Academy y el centro de referencia en Espa\u00f1a, que estar\u00e1 en Oviedo y que impulsan el Ayuntamiento de Oviedo y&nbsp; Fundaci\u00f3n Esplai.&nbsp;<\/p>\n","protected":false},"author":9,"featured_media":0,"comment_status":"closed","ping_status":"closed","sticky":false,"template":"","format":"standard","meta":{"_et_pb_use_builder":"","_et_pb_old_content":"","_et_gb_content_width":"","footnotes":""},"categories":[937],"tags":[],"class_list":["post-47277","post","type-post","status-publish","format-standard","hentry","category-actualitat-es"],"yoast_head":"<!-- This site is optimized with the Yoast SEO plugin v27.4 - https:\/\/yoast.com\/product\/yoast-seo-wordpress\/ -->\n<title>El Ayuntamiento de Oviedo y Fundaci\u00f3n Esplai colaboran en la Telecentro Multimedia Academy - Fundesplai<\/title>\n<meta name=\"robots\" content=\"index, follow, max-snippet:-1, max-image-preview:large, max-video-preview:-1\" \/>\n<link rel=\"canonical\" href=\"https:\/\/fundesplai.org\/es\/informa-t\/actualitat-es\/el-ayuntamiento-de-oviedo-y-fundacion-esplai-colaboran-en-la-telecentro-multimedia-academy\/\" \/>\n<meta property=\"og:locale\" content=\"es_ES\" \/>\n<meta property=\"og:type\" content=\"article\" \/>\n<meta property=\"og:title\" content=\"El Ayuntamiento de Oviedo y Fundaci\u00f3n Esplai colaboran en la Telecentro Multimedia Academy - Fundesplai\" \/>\n<meta property=\"og:description\" content=\"Ya est\u00e1 en marcha el proyecto europeo Telecentro Multimedia Academy y el centro de referencia en Espa\u00f1a, que estar\u00e1 en Oviedo y que impulsan el Ayuntamiento de Oviedo y&nbsp; Fundaci\u00f3n Esplai.&nbsp;\" \/>\n<meta property=\"og:url\" content=\"https:\/\/fundesplai.org\/es\/informa-t\/actualitat-es\/el-ayuntamiento-de-oviedo-y-fundacion-esplai-colaboran-en-la-telecentro-multimedia-academy\/\" \/>\n<meta property=\"og:site_name\" content=\"Fundesplai\" \/>\n<meta property=\"article:published_time\" content=\"2014-05-28T10:04:48+00:00\" \/>\n<meta property=\"article:modified_time\" content=\"2023-08-07T08:48:52+00:00\" \/>\n<meta property=\"og:image\" content=\"https:\/\/fundesplai.org\/test-joomla\/wp-content\/uploads\/sites\/26\/2014\/05\/TMA.jpg\" \/>\n<meta name=\"author\" content=\"Alfons Valle\" \/>\n<meta name=\"twitter:card\" content=\"summary_large_image\" \/>\n<meta name=\"twitter:label1\" content=\"Escrito por\" \/>\n\t<meta name=\"twitter:data1\" content=\"Alfons Valle\" \/>\n\t<meta name=\"twitter:label2\" content=\"Tiempo de lectura\" \/>\n\t<meta name=\"twitter:data2\" content=\"2 minutos\" \/>\n<script type=\"application\/ld+json\" class=\"yoast-schema-graph\">{\"@context\":\"https:\\\/\\\/schema.org\",\"@graph\":[{\"@type\":\"Article\",\"@id\":\"https:\\\/\\\/fundesplai.org\\\/es\\\/informa-t\\\/actualitat-es\\\/el-ayuntamiento-de-oviedo-y-fundacion-esplai-colaboran-en-la-telecentro-multimedia-academy\\\/#article\",\"isPartOf\":{\"@id\":\"https:\\\/\\\/fundesplai.org\\\/es\\\/informa-t\\\/actualitat-es\\\/el-ayuntamiento-de-oviedo-y-fundacion-esplai-colaboran-en-la-telecentro-multimedia-academy\\\/\"},\"author\":{\"name\":\"Alfons Valle\",\"@id\":\"https:\\\/\\\/fundesplai.org\\\/es\\\/#\\\/schema\\\/person\\\/c0e9e7466bb8ac06f5264324a6109733\"},\"headline\":\"El Ayuntamiento de Oviedo y Fundaci\u00f3n Esplai colaboran en la Telecentro Multimedia Academy\",\"datePublished\":\"2014-05-28T10:04:48+00:00\",\"dateModified\":\"2023-08-07T08:48:52+00:00\",\"mainEntityOfPage\":{\"@id\":\"https:\\\/\\\/fundesplai.org\\\/es\\\/informa-t\\\/actualitat-es\\\/el-ayuntamiento-de-oviedo-y-fundacion-esplai-colaboran-en-la-telecentro-multimedia-academy\\\/\"},\"wordCount\":365,\"image\":{\"@id\":\"https:\\\/\\\/fundesplai.org\\\/es\\\/informa-t\\\/actualitat-es\\\/el-ayuntamiento-de-oviedo-y-fundacion-esplai-colaboran-en-la-telecentro-multimedia-academy\\\/#primaryimage\"},\"thumbnailUrl\":\"https:\\\/\\\/fundesplai.org\\\/test-joomla\\\/wp-content\\\/uploads\\\/sites\\\/26\\\/2014\\\/05\\\/TMA.jpg\",\"articleSection\":[\"Actualitat\"],\"inLanguage\":\"es\"},{\"@type\":\"WebPage\",\"@id\":\"https:\\\/\\\/fundesplai.org\\\/es\\\/informa-t\\\/actualitat-es\\\/el-ayuntamiento-de-oviedo-y-fundacion-esplai-colaboran-en-la-telecentro-multimedia-academy\\\/\",\"url\":\"https:\\\/\\\/fundesplai.org\\\/es\\\/informa-t\\\/actualitat-es\\\/el-ayuntamiento-de-oviedo-y-fundacion-esplai-colaboran-en-la-telecentro-multimedia-academy\\\/\",\"name\":\"El Ayuntamiento de Oviedo y Fundaci\u00f3n Esplai colaboran en la Telecentro Multimedia Academy - Fundesplai\",\"isPartOf\":{\"@id\":\"https:\\\/\\\/fundesplai.org\\\/es\\\/#website\"},\"primaryImageOfPage\":{\"@id\":\"https:\\\/\\\/fundesplai.org\\\/es\\\/informa-t\\\/actualitat-es\\\/el-ayuntamiento-de-oviedo-y-fundacion-esplai-colaboran-en-la-telecentro-multimedia-academy\\\/#primaryimage\"},\"image\":{\"@id\":\"https:\\\/\\\/fundesplai.org\\\/es\\\/informa-t\\\/actualitat-es\\\/el-ayuntamiento-de-oviedo-y-fundacion-esplai-colaboran-en-la-telecentro-multimedia-academy\\\/#primaryimage\"},\"thumbnailUrl\":\"https:\\\/\\\/fundesplai.org\\\/test-joomla\\\/wp-content\\\/uploads\\\/sites\\\/26\\\/2014\\\/05\\\/TMA.jpg\",\"datePublished\":\"2014-05-28T10:04:48+00:00\",\"dateModified\":\"2023-08-07T08:48:52+00:00\",\"author\":{\"@id\":\"https:\\\/\\\/fundesplai.org\\\/es\\\/#\\\/schema\\\/person\\\/c0e9e7466bb8ac06f5264324a6109733\"},\"breadcrumb\":{\"@id\":\"https:\\\/\\\/fundesplai.org\\\/es\\\/informa-t\\\/actualitat-es\\\/el-ayuntamiento-de-oviedo-y-fundacion-esplai-colaboran-en-la-telecentro-multimedia-academy\\\/#breadcrumb\"},\"inLanguage\":\"es\",\"potentialAction\":[{\"@type\":\"ReadAction\",\"target\":[\"https:\\\/\\\/fundesplai.org\\\/es\\\/informa-t\\\/actualitat-es\\\/el-ayuntamiento-de-oviedo-y-fundacion-esplai-colaboran-en-la-telecentro-multimedia-academy\\\/\"]}]},{\"@type\":\"ImageObject\",\"inLanguage\":\"es\",\"@id\":\"https:\\\/\\\/fundesplai.org\\\/es\\\/informa-t\\\/actualitat-es\\\/el-ayuntamiento-de-oviedo-y-fundacion-esplai-colaboran-en-la-telecentro-multimedia-academy\\\/#primaryimage\",\"url\":\"https:\\\/\\\/fundesplai.org\\\/test-joomla\\\/wp-content\\\/uploads\\\/sites\\\/26\\\/2014\\\/05\\\/TMA.jpg\",\"contentUrl\":\"https:\\\/\\\/fundesplai.org\\\/test-joomla\\\/wp-content\\\/uploads\\\/sites\\\/26\\\/2014\\\/05\\\/TMA.jpg\"},{\"@type\":\"BreadcrumbList\",\"@id\":\"https:\\\/\\\/fundesplai.org\\\/es\\\/informa-t\\\/actualitat-es\\\/el-ayuntamiento-de-oviedo-y-fundacion-esplai-colaboran-en-la-telecentro-multimedia-academy\\\/#breadcrumb\",\"itemListElement\":[{\"@type\":\"ListItem\",\"position\":1,\"name\":\"Inici\",\"item\":\"https:\\\/\\\/fundesplai.org\\\/es\\\/inicio\\\/\"},{\"@type\":\"ListItem\",\"position\":2,\"name\":\"Inf\u00f3rmate\",\"item\":\"https:\\\/\\\/fundesplai.org\\\/es\\\/informate\\\/\"},{\"@type\":\"ListItem\",\"position\":3,\"name\":\"Actualitat\",\"item\":\"https:\\\/\\\/fundesplai.org\\\/es\\\/informa-t\\\/category\\\/actualitat-es\\\/\"},{\"@type\":\"ListItem\",\"position\":4,\"name\":\"El Ayuntamiento de Oviedo y Fundaci\u00f3n Esplai colaboran en la Telecentro Multimedia Academy\"}]},{\"@type\":\"WebSite\",\"@id\":\"https:\\\/\\\/fundesplai.org\\\/es\\\/#website\",\"url\":\"https:\\\/\\\/fundesplai.org\\\/es\\\/\",\"name\":\"Fundesplai\",\"description\":\"Eduquem per la conviv\u00e8ncia i la sostenibilitat\",\"potentialAction\":[{\"@type\":\"SearchAction\",\"target\":{\"@type\":\"EntryPoint\",\"urlTemplate\":\"https:\\\/\\\/fundesplai.org\\\/es\\\/?s={search_term_string}\"},\"query-input\":{\"@type\":\"PropertyValueSpecification\",\"valueRequired\":true,\"valueName\":\"search_term_string\"}}],\"inLanguage\":\"es\"},{\"@type\":\"Person\",\"@id\":\"https:\\\/\\\/fundesplai.org\\\/es\\\/#\\\/schema\\\/person\\\/c0e9e7466bb8ac06f5264324a6109733\",\"name\":\"Alfons Valle\",\"image\":{\"@type\":\"ImageObject\",\"inLanguage\":\"es\",\"@id\":\"https:\\\/\\\/secure.gravatar.com\\\/avatar\\\/71d95a3f99a068ba570ac1314ed6911a59c5ae3f22ffcf23631cd1a861a640bc?s=96&d=mm&r=g\",\"url\":\"https:\\\/\\\/secure.gravatar.com\\\/avatar\\\/71d95a3f99a068ba570ac1314ed6911a59c5ae3f22ffcf23631cd1a861a640bc?s=96&d=mm&r=g\",\"contentUrl\":\"https:\\\/\\\/secure.gravatar.com\\\/avatar\\\/71d95a3f99a068ba570ac1314ed6911a59c5ae3f22ffcf23631cd1a861a640bc?s=96&d=mm&r=g\",\"caption\":\"Alfons Valle\"},\"url\":\"https:\\\/\\\/fundesplai.org\\\/es\\\/informa-t\\\/author\\\/avalle\\\/\"}]}<\/script>\n<!-- \/ Yoast SEO plugin. -->","yoast_head_json":{"title":"El Ayuntamiento de Oviedo y Fundaci\u00f3n Esplai colaboran en la Telecentro Multimedia Academy - Fundesplai","robots":{"index":"index","follow":"follow","max-snippet":"max-snippet:-1","max-image-preview":"max-image-preview:large","max-video-preview":"max-video-preview:-1"},"canonical":"https:\/\/fundesplai.org\/es\/informa-t\/actualitat-es\/el-ayuntamiento-de-oviedo-y-fundacion-esplai-colaboran-en-la-telecentro-multimedia-academy\/","og_locale":"es_ES","og_type":"article","og_title":"El Ayuntamiento de Oviedo y Fundaci\u00f3n Esplai colaboran en la Telecentro Multimedia Academy - Fundesplai","og_description":"Ya est\u00e1 en marcha el proyecto europeo Telecentro Multimedia Academy y el centro de referencia en Espa\u00f1a, que estar\u00e1 en Oviedo y que impulsan el Ayuntamiento de Oviedo y&nbsp; Fundaci\u00f3n Esplai.&nbsp;","og_url":"https:\/\/fundesplai.org\/es\/informa-t\/actualitat-es\/el-ayuntamiento-de-oviedo-y-fundacion-esplai-colaboran-en-la-telecentro-multimedia-academy\/","og_site_name":"Fundesplai","article_published_time":"2014-05-28T10:04:48+00:00","article_modified_time":"2023-08-07T08:48:52+00:00","og_image":[{"url":"https:\/\/fundesplai.org\/test-joomla\/wp-content\/uploads\/sites\/26\/2014\/05\/TMA.jpg","type":"","width":"","height":""}],"author":"Alfons Valle","twitter_card":"summary_large_image","twitter_misc":{"Escrito por":"Alfons Valle","Tiempo de lectura":"2 minutos"},"schema":{"@context":"https:\/\/schema.org","@graph":[{"@type":"Article","@id":"https:\/\/fundesplai.org\/es\/informa-t\/actualitat-es\/el-ayuntamiento-de-oviedo-y-fundacion-esplai-colaboran-en-la-telecentro-multimedia-academy\/#article","isPartOf":{"@id":"https:\/\/fundesplai.org\/es\/informa-t\/actualitat-es\/el-ayuntamiento-de-oviedo-y-fundacion-esplai-colaboran-en-la-telecentro-multimedia-academy\/"},"author":{"name":"Alfons Valle","@id":"https:\/\/fundesplai.org\/es\/#\/schema\/person\/c0e9e7466bb8ac06f5264324a6109733"},"headline":"El Ayuntamiento de Oviedo y Fundaci\u00f3n Esplai colaboran en la Telecentro Multimedia Academy","datePublished":"2014-05-28T10:04:48+00:00","dateModified":"2023-08-07T08:48:52+00:00","mainEntityOfPage":{"@id":"https:\/\/fundesplai.org\/es\/informa-t\/actualitat-es\/el-ayuntamiento-de-oviedo-y-fundacion-esplai-colaboran-en-la-telecentro-multimedia-academy\/"},"wordCount":365,"image":{"@id":"https:\/\/fundesplai.org\/es\/informa-t\/actualitat-es\/el-ayuntamiento-de-oviedo-y-fundacion-esplai-colaboran-en-la-telecentro-multimedia-academy\/#primaryimage"},"thumbnailUrl":"https:\/\/fundesplai.org\/test-joomla\/wp-content\/uploads\/sites\/26\/2014\/05\/TMA.jpg","articleSection":["Actualitat"],"inLanguage":"es"},{"@type":"WebPage","@id":"https:\/\/fundesplai.org\/es\/informa-t\/actualitat-es\/el-ayuntamiento-de-oviedo-y-fundacion-esplai-colaboran-en-la-telecentro-multimedia-academy\/","url":"https:\/\/fundesplai.org\/es\/informa-t\/actualitat-es\/el-ayuntamiento-de-oviedo-y-fundacion-esplai-colaboran-en-la-telecentro-multimedia-academy\/","name":"El Ayuntamiento de Oviedo y Fundaci\u00f3n Esplai colaboran en la Telecentro Multimedia Academy - Fundesplai","isPartOf":{"@id":"https:\/\/fundesplai.org\/es\/#website"},"primaryImageOfPage":{"@id":"https:\/\/fundesplai.org\/es\/informa-t\/actualitat-es\/el-ayuntamiento-de-oviedo-y-fundacion-esplai-colaboran-en-la-telecentro-multimedia-academy\/#primaryimage"},"image":{"@id":"https:\/\/fundesplai.org\/es\/informa-t\/actualitat-es\/el-ayuntamiento-de-oviedo-y-fundacion-esplai-colaboran-en-la-telecentro-multimedia-academy\/#primaryimage"},"thumbnailUrl":"https:\/\/fundesplai.org\/test-joomla\/wp-content\/uploads\/sites\/26\/2014\/05\/TMA.jpg","datePublished":"2014-05-28T10:04:48+00:00","dateModified":"2023-08-07T08:48:52+00:00","author":{"@id":"https:\/\/fundesplai.org\/es\/#\/schema\/person\/c0e9e7466bb8ac06f5264324a6109733"},"breadcrumb":{"@id":"https:\/\/fundesplai.org\/es\/informa-t\/actualitat-es\/el-ayuntamiento-de-oviedo-y-fundacion-esplai-colaboran-en-la-telecentro-multimedia-academy\/#breadcrumb"},"inLanguage":"es","potentialAction":[{"@type":"ReadAction","target":["https:\/\/fundesplai.org\/es\/informa-t\/actualitat-es\/el-ayuntamiento-de-oviedo-y-fundacion-esplai-colaboran-en-la-telecentro-multimedia-academy\/"]}]},{"@type":"ImageObject","inLanguage":"es","@id":"https:\/\/fundesplai.org\/es\/informa-t\/actualitat-es\/el-ayuntamiento-de-oviedo-y-fundacion-esplai-colaboran-en-la-telecentro-multimedia-academy\/#primaryimage","url":"https:\/\/fundesplai.org\/test-joomla\/wp-content\/uploads\/sites\/26\/2014\/05\/TMA.jpg","contentUrl":"https:\/\/fundesplai.org\/test-joomla\/wp-content\/uploads\/sites\/26\/2014\/05\/TMA.jpg"},{"@type":"BreadcrumbList","@id":"https:\/\/fundesplai.org\/es\/informa-t\/actualitat-es\/el-ayuntamiento-de-oviedo-y-fundacion-esplai-colaboran-en-la-telecentro-multimedia-academy\/#breadcrumb","itemListElement":[{"@type":"ListItem","position":1,"name":"Inici","item":"https:\/\/fundesplai.org\/es\/inicio\/"},{"@type":"ListItem","position":2,"name":"Inf\u00f3rmate","item":"https:\/\/fundesplai.org\/es\/informate\/"},{"@type":"ListItem","position":3,"name":"Actualitat","item":"https:\/\/fundesplai.org\/es\/informa-t\/category\/actualitat-es\/"},{"@type":"ListItem","position":4,"name":"El Ayuntamiento de Oviedo y Fundaci\u00f3n Esplai colaboran en la Telecentro Multimedia Academy"}]},{"@type":"WebSite","@id":"https:\/\/fundesplai.org\/es\/#website","url":"https:\/\/fundesplai.org\/es\/","name":"Fundesplai","description":"Eduquem per la conviv\u00e8ncia i la sostenibilitat","potentialAction":[{"@type":"SearchAction","target":{"@type":"EntryPoint","urlTemplate":"https:\/\/fundesplai.org\/es\/?s={search_term_string}"},"query-input":{"@type":"PropertyValueSpecification","valueRequired":true,"valueName":"search_term_string"}}],"inLanguage":"es"},{"@type":"Person","@id":"https:\/\/fundesplai.org\/es\/#\/schema\/person\/c0e9e7466bb8ac06f5264324a6109733","name":"Alfons Valle","image":{"@type":"ImageObject","inLanguage":"es","@id":"https:\/\/secure.gravatar.com\/avatar\/71d95a3f99a068ba570ac1314ed6911a59c5ae3f22ffcf23631cd1a861a640bc?s=96&d=mm&r=g","url":"https:\/\/secure.gravatar.com\/avatar\/71d95a3f99a068ba570ac1314ed6911a59c5ae3f22ffcf23631cd1a861a640bc?s=96&d=mm&r=g","contentUrl":"https:\/\/secure.gravatar.com\/avatar\/71d95a3f99a068ba570ac1314ed6911a59c5ae3f22ffcf23631cd1a861a640bc?s=96&d=mm&r=g","caption":"Alfons Valle"},"url":"https:\/\/fundesplai.org\/es\/informa-t\/author\/avalle\/"}]}},"_links":{"self":[{"href":"https:\/\/fundesplai.org\/es\/wp-json\/wp\/v2\/posts\/47277","targetHints":{"allow":["GET"]}}],"collection":[{"href":"https:\/\/fundesplai.org\/es\/wp-json\/wp\/v2\/posts"}],"about":[{"href":"https:\/\/fundesplai.org\/es\/wp-json\/wp\/v2\/types\/post"}],"author":[{"embeddable":true,"href":"https:\/\/fundesplai.org\/es\/wp-json\/wp\/v2\/users\/9"}],"replies":[{"embeddable":true,"href":"https:\/\/fundesplai.org\/es\/wp-json\/wp\/v2\/comments?post=47277"}],"version-history":[{"count":1,"href":"https:\/\/fundesplai.org\/es\/wp-json\/wp\/v2\/posts\/47277\/revisions"}],"predecessor-version":[{"id":47279,"href":"https:\/\/fundesplai.org\/es\/wp-json\/wp\/v2\/posts\/47277\/revisions\/47279"}],"wp:attachment":[{"href":"https:\/\/fundesplai.org\/es\/wp-json\/wp\/v2\/media?parent=47277"}],"wp:term":[{"taxonomy":"category","embeddable":true,"href":"https:\/\/fundesplai.org\/es\/wp-json\/wp\/v2\/categories?post=47277"},{"taxonomy":"post_tag","embeddable":true,"href":"https:\/\/fundesplai.org\/es\/wp-json\/wp\/v2\/tags?post=47277"}],"curies":[{"name":"wp","href":"https:\/\/api.w.org\/{rel}","templated":true}]}}