{"id":47275,"date":"2014-05-27T18:54:00","date_gmt":"2014-05-27T16:54:00","guid":{"rendered":"https:\/\/fundesplai.org\/informa-t\/sense-categoria\/learn-to-teach-un-proyecto-para-integrar-a-los-sociales-media-en-el-aula\/"},"modified":"2014-05-27T18:54:00","modified_gmt":"2014-05-27T16:54:00","slug":"learn-to-teach-un-proyecto-para-integrar-a-los-sociales-media-en-el-aula","status":"publish","type":"post","link":"https:\/\/fundesplai.org\/es\/informa-t\/actualitat-es\/learn-to-teach-un-proyecto-para-integrar-a-los-sociales-media-en-el-aula\/","title":{"rendered":"\u00abLearn to teach\u00bb, un proyecto para integrar a los sociales media en el aula"},"content":{"rendered":"<p>Capacitar profesores\/as para que puedan integrar los social media, las aplicaciones de Internet que permiten a generaci\u00f3n de contenidos por parte de los usuarios, en el aula como una herramienta m\u00e1s de aprendizaje de los alumnos.<\/p>\n<p><!--more--><\/p>\n<p><img loading=\"lazy\" decoding=\"async\" class=\" size-full wp-image-727\" style=\"vertical-align: middle;display: block;margin-left: auto;margin-right: auto\" src=\"https:\/\/fundesplai.org\/test-joomla\/wp-content\/uploads\/sites\/26\/2014\/05\/copy-cropped-logo-v4.jpg\" alt=\"copy-cropped-logo-v4\" width=\"550\" height=\"156\"><\/p>\n<p>Capacitar profesores\/as para que puedan integrar los social media, las aplicaciones de Internet que permiten a generaci\u00f3n de contenidos por parte de los usuarios, en el aula como una herramienta m\u00e1s de aprendizaje de los alumnos. Este es el objetivo del proyecto \u00abLearn to teach\u00bb, ense\u00f1ar a aprender, donde participan 11 organizaciones de 7 pa\u00edses europeos, entre ellas Fundaci\u00f3n Esplai e IES La Sisla, en Espa\u00f1a.<\/p>\n<p>Esta iniciativa busca aplicar un enfoque pedag\u00f3gico a todos los sociales media (wikis, blogs, foros&#8230;) para que los educadores puedan descubrir la potencialidad de su uso en el contexto educativo y ante un alumnado cada d\u00eda m\u00e1s.<\/p>\n<p>As\u00ed, el L2T refuerza las habilidades digitales de profesores y alumnos y el uso pedag\u00f3gico de los sociales media, a la vez que contribuye a disminuir la brecha digital.<\/p>\n<p><strong>M\u00e1s informaci\u00f3n: <a href=\"http:\/\/www.learn2teach.eu\/es\/home\/\">Learn to Teach<\/a><\/strong><\/p>\n<p><strong><a href=\"http:\/\/canal.fundesplai.org\/butlletins\/canal-esplai-443\">&lt;&lt;<\/a><a href=\"http:\/\/canal.fundesplai.org\/butlletins\/canal-esplai-443\">Vuelve al Canal Esplai<\/a><\/strong><\/p>\n","protected":false},"excerpt":{"rendered":"<p>Capacitar profesores\/as para que puedan integrar los social media, las aplicaciones de Internet que permiten a generaci\u00f3n de contenidos por parte de los usuarios, en el aula como una herramienta m\u00e1s de aprendizaje de los alumnos.<\/p>\n","protected":false},"author":9,"featured_media":0,"comment_status":"closed","ping_status":"closed","sticky":false,"template":"","format":"standard","meta":{"_et_pb_use_builder":"","_et_pb_old_content":"","_et_gb_content_width":"","footnotes":""},"categories":[937],"tags":[],"class_list":["post-47275","post","type-post","status-publish","format-standard","hentry","category-actualitat-es"],"yoast_head":"<!-- This site is optimized with the Yoast SEO plugin v27.4 - https:\/\/yoast.com\/product\/yoast-seo-wordpress\/ -->\n<title>&quot;Learn to teach&quot;, un proyecto para integrar a los sociales media en el aula - Fundesplai<\/title>\n<meta name=\"robots\" content=\"index, follow, max-snippet:-1, max-image-preview:large, max-video-preview:-1\" \/>\n<link rel=\"canonical\" href=\"https:\/\/fundesplai.org\/es\/informa-t\/actualitat-es\/learn-to-teach-un-proyecto-para-integrar-a-los-sociales-media-en-el-aula\/\" \/>\n<meta property=\"og:locale\" content=\"es_ES\" \/>\n<meta property=\"og:type\" content=\"article\" \/>\n<meta property=\"og:title\" content=\"&quot;Learn to teach&quot;, un proyecto para integrar a los sociales media en el aula - Fundesplai\" \/>\n<meta property=\"og:description\" content=\"Capacitar profesores\/as para que puedan integrar los social media, las aplicaciones de Internet que permiten a generaci\u00f3n de contenidos por parte de los usuarios, en el aula como una herramienta m\u00e1s de aprendizaje de los alumnos.\" \/>\n<meta property=\"og:url\" content=\"https:\/\/fundesplai.org\/es\/informa-t\/actualitat-es\/learn-to-teach-un-proyecto-para-integrar-a-los-sociales-media-en-el-aula\/\" \/>\n<meta property=\"og:site_name\" content=\"Fundesplai\" \/>\n<meta property=\"article:published_time\" content=\"2014-05-27T16:54:00+00:00\" \/>\n<meta property=\"og:image\" content=\"https:\/\/fundesplai.org\/test-joomla\/wp-content\/uploads\/sites\/26\/2014\/05\/copy-cropped-logo-v4.jpg\" \/>\n<meta name=\"author\" content=\"Alfons Valle\" \/>\n<meta name=\"twitter:card\" content=\"summary_large_image\" \/>\n<meta name=\"twitter:label1\" content=\"Escrito por\" \/>\n\t<meta name=\"twitter:data1\" content=\"Alfons Valle\" \/>\n\t<meta name=\"twitter:label2\" content=\"Tiempo de lectura\" \/>\n\t<meta name=\"twitter:data2\" content=\"1 minuto\" \/>\n<script type=\"application\/ld+json\" class=\"yoast-schema-graph\">{\"@context\":\"https:\\\/\\\/schema.org\",\"@graph\":[{\"@type\":\"Article\",\"@id\":\"https:\\\/\\\/fundesplai.org\\\/es\\\/informa-t\\\/actualitat-es\\\/learn-to-teach-un-proyecto-para-integrar-a-los-sociales-media-en-el-aula\\\/#article\",\"isPartOf\":{\"@id\":\"https:\\\/\\\/fundesplai.org\\\/es\\\/informa-t\\\/actualitat-es\\\/learn-to-teach-un-proyecto-para-integrar-a-los-sociales-media-en-el-aula\\\/\"},\"author\":{\"name\":\"Alfons Valle\",\"@id\":\"https:\\\/\\\/fundesplai.org\\\/es\\\/#\\\/schema\\\/person\\\/c0e9e7466bb8ac06f5264324a6109733\"},\"headline\":\"\u00abLearn to teach\u00bb, un proyecto para integrar a los sociales media en el aula\",\"datePublished\":\"2014-05-27T16:54:00+00:00\",\"mainEntityOfPage\":{\"@id\":\"https:\\\/\\\/fundesplai.org\\\/es\\\/informa-t\\\/actualitat-es\\\/learn-to-teach-un-proyecto-para-integrar-a-los-sociales-media-en-el-aula\\\/\"},\"wordCount\":208,\"image\":{\"@id\":\"https:\\\/\\\/fundesplai.org\\\/es\\\/informa-t\\\/actualitat-es\\\/learn-to-teach-un-proyecto-para-integrar-a-los-sociales-media-en-el-aula\\\/#primaryimage\"},\"thumbnailUrl\":\"https:\\\/\\\/fundesplai.org\\\/test-joomla\\\/wp-content\\\/uploads\\\/sites\\\/26\\\/2014\\\/05\\\/copy-cropped-logo-v4.jpg\",\"articleSection\":[\"Actualitat\"],\"inLanguage\":\"es\"},{\"@type\":\"WebPage\",\"@id\":\"https:\\\/\\\/fundesplai.org\\\/es\\\/informa-t\\\/actualitat-es\\\/learn-to-teach-un-proyecto-para-integrar-a-los-sociales-media-en-el-aula\\\/\",\"url\":\"https:\\\/\\\/fundesplai.org\\\/es\\\/informa-t\\\/actualitat-es\\\/learn-to-teach-un-proyecto-para-integrar-a-los-sociales-media-en-el-aula\\\/\",\"name\":\"\\\"Learn to teach\\\", un proyecto para integrar a los sociales media en el aula - Fundesplai\",\"isPartOf\":{\"@id\":\"https:\\\/\\\/fundesplai.org\\\/es\\\/#website\"},\"primaryImageOfPage\":{\"@id\":\"https:\\\/\\\/fundesplai.org\\\/es\\\/informa-t\\\/actualitat-es\\\/learn-to-teach-un-proyecto-para-integrar-a-los-sociales-media-en-el-aula\\\/#primaryimage\"},\"image\":{\"@id\":\"https:\\\/\\\/fundesplai.org\\\/es\\\/informa-t\\\/actualitat-es\\\/learn-to-teach-un-proyecto-para-integrar-a-los-sociales-media-en-el-aula\\\/#primaryimage\"},\"thumbnailUrl\":\"https:\\\/\\\/fundesplai.org\\\/test-joomla\\\/wp-content\\\/uploads\\\/sites\\\/26\\\/2014\\\/05\\\/copy-cropped-logo-v4.jpg\",\"datePublished\":\"2014-05-27T16:54:00+00:00\",\"author\":{\"@id\":\"https:\\\/\\\/fundesplai.org\\\/es\\\/#\\\/schema\\\/person\\\/c0e9e7466bb8ac06f5264324a6109733\"},\"breadcrumb\":{\"@id\":\"https:\\\/\\\/fundesplai.org\\\/es\\\/informa-t\\\/actualitat-es\\\/learn-to-teach-un-proyecto-para-integrar-a-los-sociales-media-en-el-aula\\\/#breadcrumb\"},\"inLanguage\":\"es\",\"potentialAction\":[{\"@type\":\"ReadAction\",\"target\":[\"https:\\\/\\\/fundesplai.org\\\/es\\\/informa-t\\\/actualitat-es\\\/learn-to-teach-un-proyecto-para-integrar-a-los-sociales-media-en-el-aula\\\/\"]}]},{\"@type\":\"ImageObject\",\"inLanguage\":\"es\",\"@id\":\"https:\\\/\\\/fundesplai.org\\\/es\\\/informa-t\\\/actualitat-es\\\/learn-to-teach-un-proyecto-para-integrar-a-los-sociales-media-en-el-aula\\\/#primaryimage\",\"url\":\"https:\\\/\\\/fundesplai.org\\\/test-joomla\\\/wp-content\\\/uploads\\\/sites\\\/26\\\/2014\\\/05\\\/copy-cropped-logo-v4.jpg\",\"contentUrl\":\"https:\\\/\\\/fundesplai.org\\\/test-joomla\\\/wp-content\\\/uploads\\\/sites\\\/26\\\/2014\\\/05\\\/copy-cropped-logo-v4.jpg\"},{\"@type\":\"BreadcrumbList\",\"@id\":\"https:\\\/\\\/fundesplai.org\\\/es\\\/informa-t\\\/actualitat-es\\\/learn-to-teach-un-proyecto-para-integrar-a-los-sociales-media-en-el-aula\\\/#breadcrumb\",\"itemListElement\":[{\"@type\":\"ListItem\",\"position\":1,\"name\":\"Inici\",\"item\":\"https:\\\/\\\/fundesplai.org\\\/es\\\/inicio\\\/\"},{\"@type\":\"ListItem\",\"position\":2,\"name\":\"Inf\u00f3rmate\",\"item\":\"https:\\\/\\\/fundesplai.org\\\/es\\\/informate\\\/\"},{\"@type\":\"ListItem\",\"position\":3,\"name\":\"Sin categor\u00eda\",\"item\":\"https:\\\/\\\/fundesplai.org\\\/es\\\/informa-t\\\/category\\\/sin-categoria\\\/\"},{\"@type\":\"ListItem\",\"position\":4,\"name\":\"&#8220;Learn to teach&#8221;, un proyecto para integrar a los sociales media en el aula\"}]},{\"@type\":\"WebSite\",\"@id\":\"https:\\\/\\\/fundesplai.org\\\/es\\\/#website\",\"url\":\"https:\\\/\\\/fundesplai.org\\\/es\\\/\",\"name\":\"Fundesplai\",\"description\":\"Eduquem per la conviv\u00e8ncia i la sostenibilitat\",\"potentialAction\":[{\"@type\":\"SearchAction\",\"target\":{\"@type\":\"EntryPoint\",\"urlTemplate\":\"https:\\\/\\\/fundesplai.org\\\/es\\\/?s={search_term_string}\"},\"query-input\":{\"@type\":\"PropertyValueSpecification\",\"valueRequired\":true,\"valueName\":\"search_term_string\"}}],\"inLanguage\":\"es\"},{\"@type\":\"Person\",\"@id\":\"https:\\\/\\\/fundesplai.org\\\/es\\\/#\\\/schema\\\/person\\\/c0e9e7466bb8ac06f5264324a6109733\",\"name\":\"Alfons Valle\",\"image\":{\"@type\":\"ImageObject\",\"inLanguage\":\"es\",\"@id\":\"https:\\\/\\\/secure.gravatar.com\\\/avatar\\\/71d95a3f99a068ba570ac1314ed6911a59c5ae3f22ffcf23631cd1a861a640bc?s=96&d=mm&r=g\",\"url\":\"https:\\\/\\\/secure.gravatar.com\\\/avatar\\\/71d95a3f99a068ba570ac1314ed6911a59c5ae3f22ffcf23631cd1a861a640bc?s=96&d=mm&r=g\",\"contentUrl\":\"https:\\\/\\\/secure.gravatar.com\\\/avatar\\\/71d95a3f99a068ba570ac1314ed6911a59c5ae3f22ffcf23631cd1a861a640bc?s=96&d=mm&r=g\",\"caption\":\"Alfons Valle\"},\"url\":\"https:\\\/\\\/fundesplai.org\\\/es\\\/informa-t\\\/author\\\/avalle\\\/\"}]}<\/script>\n<!-- \/ Yoast SEO plugin. -->","yoast_head_json":{"title":"\"Learn to teach\", un proyecto para integrar a los sociales media en el aula - Fundesplai","robots":{"index":"index","follow":"follow","max-snippet":"max-snippet:-1","max-image-preview":"max-image-preview:large","max-video-preview":"max-video-preview:-1"},"canonical":"https:\/\/fundesplai.org\/es\/informa-t\/actualitat-es\/learn-to-teach-un-proyecto-para-integrar-a-los-sociales-media-en-el-aula\/","og_locale":"es_ES","og_type":"article","og_title":"\"Learn to teach\", un proyecto para integrar a los sociales media en el aula - Fundesplai","og_description":"Capacitar profesores\/as para que puedan integrar los social media, las aplicaciones de Internet que permiten a generaci\u00f3n de contenidos por parte de los usuarios, en el aula como una herramienta m\u00e1s de aprendizaje de los alumnos.","og_url":"https:\/\/fundesplai.org\/es\/informa-t\/actualitat-es\/learn-to-teach-un-proyecto-para-integrar-a-los-sociales-media-en-el-aula\/","og_site_name":"Fundesplai","article_published_time":"2014-05-27T16:54:00+00:00","og_image":[{"url":"https:\/\/fundesplai.org\/test-joomla\/wp-content\/uploads\/sites\/26\/2014\/05\/copy-cropped-logo-v4.jpg","type":"","width":"","height":""}],"author":"Alfons Valle","twitter_card":"summary_large_image","twitter_misc":{"Escrito por":"Alfons Valle","Tiempo de lectura":"1 minuto"},"schema":{"@context":"https:\/\/schema.org","@graph":[{"@type":"Article","@id":"https:\/\/fundesplai.org\/es\/informa-t\/actualitat-es\/learn-to-teach-un-proyecto-para-integrar-a-los-sociales-media-en-el-aula\/#article","isPartOf":{"@id":"https:\/\/fundesplai.org\/es\/informa-t\/actualitat-es\/learn-to-teach-un-proyecto-para-integrar-a-los-sociales-media-en-el-aula\/"},"author":{"name":"Alfons Valle","@id":"https:\/\/fundesplai.org\/es\/#\/schema\/person\/c0e9e7466bb8ac06f5264324a6109733"},"headline":"\u00abLearn to teach\u00bb, un proyecto para integrar a los sociales media en el aula","datePublished":"2014-05-27T16:54:00+00:00","mainEntityOfPage":{"@id":"https:\/\/fundesplai.org\/es\/informa-t\/actualitat-es\/learn-to-teach-un-proyecto-para-integrar-a-los-sociales-media-en-el-aula\/"},"wordCount":208,"image":{"@id":"https:\/\/fundesplai.org\/es\/informa-t\/actualitat-es\/learn-to-teach-un-proyecto-para-integrar-a-los-sociales-media-en-el-aula\/#primaryimage"},"thumbnailUrl":"https:\/\/fundesplai.org\/test-joomla\/wp-content\/uploads\/sites\/26\/2014\/05\/copy-cropped-logo-v4.jpg","articleSection":["Actualitat"],"inLanguage":"es"},{"@type":"WebPage","@id":"https:\/\/fundesplai.org\/es\/informa-t\/actualitat-es\/learn-to-teach-un-proyecto-para-integrar-a-los-sociales-media-en-el-aula\/","url":"https:\/\/fundesplai.org\/es\/informa-t\/actualitat-es\/learn-to-teach-un-proyecto-para-integrar-a-los-sociales-media-en-el-aula\/","name":"\"Learn to teach\", un proyecto para integrar a los sociales media en el aula - Fundesplai","isPartOf":{"@id":"https:\/\/fundesplai.org\/es\/#website"},"primaryImageOfPage":{"@id":"https:\/\/fundesplai.org\/es\/informa-t\/actualitat-es\/learn-to-teach-un-proyecto-para-integrar-a-los-sociales-media-en-el-aula\/#primaryimage"},"image":{"@id":"https:\/\/fundesplai.org\/es\/informa-t\/actualitat-es\/learn-to-teach-un-proyecto-para-integrar-a-los-sociales-media-en-el-aula\/#primaryimage"},"thumbnailUrl":"https:\/\/fundesplai.org\/test-joomla\/wp-content\/uploads\/sites\/26\/2014\/05\/copy-cropped-logo-v4.jpg","datePublished":"2014-05-27T16:54:00+00:00","author":{"@id":"https:\/\/fundesplai.org\/es\/#\/schema\/person\/c0e9e7466bb8ac06f5264324a6109733"},"breadcrumb":{"@id":"https:\/\/fundesplai.org\/es\/informa-t\/actualitat-es\/learn-to-teach-un-proyecto-para-integrar-a-los-sociales-media-en-el-aula\/#breadcrumb"},"inLanguage":"es","potentialAction":[{"@type":"ReadAction","target":["https:\/\/fundesplai.org\/es\/informa-t\/actualitat-es\/learn-to-teach-un-proyecto-para-integrar-a-los-sociales-media-en-el-aula\/"]}]},{"@type":"ImageObject","inLanguage":"es","@id":"https:\/\/fundesplai.org\/es\/informa-t\/actualitat-es\/learn-to-teach-un-proyecto-para-integrar-a-los-sociales-media-en-el-aula\/#primaryimage","url":"https:\/\/fundesplai.org\/test-joomla\/wp-content\/uploads\/sites\/26\/2014\/05\/copy-cropped-logo-v4.jpg","contentUrl":"https:\/\/fundesplai.org\/test-joomla\/wp-content\/uploads\/sites\/26\/2014\/05\/copy-cropped-logo-v4.jpg"},{"@type":"BreadcrumbList","@id":"https:\/\/fundesplai.org\/es\/informa-t\/actualitat-es\/learn-to-teach-un-proyecto-para-integrar-a-los-sociales-media-en-el-aula\/#breadcrumb","itemListElement":[{"@type":"ListItem","position":1,"name":"Inici","item":"https:\/\/fundesplai.org\/es\/inicio\/"},{"@type":"ListItem","position":2,"name":"Inf\u00f3rmate","item":"https:\/\/fundesplai.org\/es\/informate\/"},{"@type":"ListItem","position":3,"name":"Sin categor\u00eda","item":"https:\/\/fundesplai.org\/es\/informa-t\/category\/sin-categoria\/"},{"@type":"ListItem","position":4,"name":"&#8220;Learn to teach&#8221;, un proyecto para integrar a los sociales media en el aula"}]},{"@type":"WebSite","@id":"https:\/\/fundesplai.org\/es\/#website","url":"https:\/\/fundesplai.org\/es\/","name":"Fundesplai","description":"Eduquem per la conviv\u00e8ncia i la sostenibilitat","potentialAction":[{"@type":"SearchAction","target":{"@type":"EntryPoint","urlTemplate":"https:\/\/fundesplai.org\/es\/?s={search_term_string}"},"query-input":{"@type":"PropertyValueSpecification","valueRequired":true,"valueName":"search_term_string"}}],"inLanguage":"es"},{"@type":"Person","@id":"https:\/\/fundesplai.org\/es\/#\/schema\/person\/c0e9e7466bb8ac06f5264324a6109733","name":"Alfons Valle","image":{"@type":"ImageObject","inLanguage":"es","@id":"https:\/\/secure.gravatar.com\/avatar\/71d95a3f99a068ba570ac1314ed6911a59c5ae3f22ffcf23631cd1a861a640bc?s=96&d=mm&r=g","url":"https:\/\/secure.gravatar.com\/avatar\/71d95a3f99a068ba570ac1314ed6911a59c5ae3f22ffcf23631cd1a861a640bc?s=96&d=mm&r=g","contentUrl":"https:\/\/secure.gravatar.com\/avatar\/71d95a3f99a068ba570ac1314ed6911a59c5ae3f22ffcf23631cd1a861a640bc?s=96&d=mm&r=g","caption":"Alfons Valle"},"url":"https:\/\/fundesplai.org\/es\/informa-t\/author\/avalle\/"}]}},"_links":{"self":[{"href":"https:\/\/fundesplai.org\/es\/wp-json\/wp\/v2\/posts\/47275","targetHints":{"allow":["GET"]}}],"collection":[{"href":"https:\/\/fundesplai.org\/es\/wp-json\/wp\/v2\/posts"}],"about":[{"href":"https:\/\/fundesplai.org\/es\/wp-json\/wp\/v2\/types\/post"}],"author":[{"embeddable":true,"href":"https:\/\/fundesplai.org\/es\/wp-json\/wp\/v2\/users\/9"}],"replies":[{"embeddable":true,"href":"https:\/\/fundesplai.org\/es\/wp-json\/wp\/v2\/comments?post=47275"}],"version-history":[{"count":0,"href":"https:\/\/fundesplai.org\/es\/wp-json\/wp\/v2\/posts\/47275\/revisions"}],"wp:attachment":[{"href":"https:\/\/fundesplai.org\/es\/wp-json\/wp\/v2\/media?parent=47275"}],"wp:term":[{"taxonomy":"category","embeddable":true,"href":"https:\/\/fundesplai.org\/es\/wp-json\/wp\/v2\/categories?post=47275"},{"taxonomy":"post_tag","embeddable":true,"href":"https:\/\/fundesplai.org\/es\/wp-json\/wp\/v2\/tags?post=47275"}],"curies":[{"name":"wp","href":"https:\/\/api.w.org\/{rel}","templated":true}]}}