{"id":47266,"date":"2014-05-16T11:28:19","date_gmt":"2014-05-16T09:28:19","guid":{"rendered":"https:\/\/fundesplai.org\/informa-t\/sense-categoria\/sesion-respiro-en-red-de-la-fundacion-roger-torne\/"},"modified":"2014-05-16T11:28:19","modified_gmt":"2014-05-16T09:28:19","slug":"sesion-respiro-en-red-de-la-fundacion-roger-torne","status":"publish","type":"post","link":"https:\/\/fundesplai.org\/es\/informa-t\/actualitat-es\/sesion-respiro-en-red-de-la-fundacion-roger-torne\/","title":{"rendered":"Sesi\u00f3n Respiro en red de la Fundaci\u00f3n Roger Torn\u00e9"},"content":{"rendered":"<p>La <a href=\"http:\/\/www.fundrogertorne.org\/\">Fundaci\u00f3n Roger Torn\u00e9<\/a> organiza ma\u00f1ana una nueva sesi\u00f3n de Respiro en Red, en el equipamiento ambiental de <a href=\"ca\/albergs-i-cases-de-colonies\/casa-de-colonies-les-codines\">Les Codines<\/a> (Montesquiu), la segunda que hacen con ni\u00f1os de Nou Barris, que se han incorporado recientemente al programa.<\/p>\n<p><!--more--><\/p>\n<p><img loading=\"lazy\" decoding=\"async\" class=\" alignleft size-full wp-image-610\" style=\"margin: 5px;float: left\" src=\"https:\/\/fundesplai.org\/test-joomla\/wp-content\/uploads\/sites\/26\/2014\/05\/RX-Nou-Barris.jpg\" alt=\"RX-Nou-Barris\" width=\"380\" height=\"290\">La <a href=\"http:\/\/www.fundrogertorne.org\/\">Fundaci\u00f3n Roger Torn\u00e9<\/a> organiza ma\u00f1ana una nueva sesi\u00f3n de Respiro en Red, en el equipamiento ambiental de <a href=\"ca\/albergs-i-cases-de-colonies\/casa-de-colonies-les-codines\">Les Codines<\/a> (Montesquiu), la segunda que hacen con ni\u00f1os y ni\u00f1as de Nou Barris, que se han incorporado recientemente al programa.<\/p>\n<p>En esta ocasi\u00f3n har\u00e1n un juego de ma\u00f1ana con el que trabajaremos los valores que transmite la naturaleza que les permitir\u00e1 correr y hacer actividad f\u00edsica por la zona, de manera que puedan seguir conoci\u00e9ndola.<\/p>\n<p>Ya por la tarde, despu\u00e9s de comer, har\u00e1n dos talleres: uno de respiraci\u00f3n, para que aprendan a relajarse, y otro de pintura, porque trabajan la psicomotricidad fina y la concentraci\u00f3n.<\/p>\n<p>La Fundaci\u00f3n Roger Torn\u00e9 tiene como prioridad la protecci\u00f3n de la infancia, poniendo de manifiesto su vulnerabilidad ante la influencia del medio ambiente en su salud.<\/p>\n","protected":false},"excerpt":{"rendered":"<p>La Fundaci\u00f3n Roger Torn\u00e9 organiza ma\u00f1ana una nueva sesi\u00f3n de Respiro en Red, en el equipamiento ambiental de Les Codines (Montesquiu), la segunda que hacen con ni\u00f1os de Nou Barris, que se han incorporado recientemente al programa.<\/p>\n","protected":false},"author":9,"featured_media":0,"comment_status":"closed","ping_status":"closed","sticky":false,"template":"","format":"standard","meta":{"_et_pb_use_builder":"","_et_pb_old_content":"","_et_gb_content_width":"","footnotes":""},"categories":[937],"tags":[],"class_list":["post-47266","post","type-post","status-publish","format-standard","hentry","category-actualitat-es"],"yoast_head":"<!-- This site is optimized with the Yoast SEO plugin v27.4 - https:\/\/yoast.com\/product\/yoast-seo-wordpress\/ -->\n<title>Sesi\u00f3n Respiro en red de la Fundaci\u00f3n Roger Torn\u00e9 - Fundesplai<\/title>\n<meta name=\"robots\" content=\"index, follow, max-snippet:-1, max-image-preview:large, max-video-preview:-1\" \/>\n<link rel=\"canonical\" href=\"https:\/\/fundesplai.org\/es\/informa-t\/actualitat-es\/sesion-respiro-en-red-de-la-fundacion-roger-torne\/\" \/>\n<meta property=\"og:locale\" content=\"es_ES\" \/>\n<meta property=\"og:type\" content=\"article\" \/>\n<meta property=\"og:title\" content=\"Sesi\u00f3n Respiro en red de la Fundaci\u00f3n Roger Torn\u00e9 - Fundesplai\" \/>\n<meta property=\"og:description\" content=\"La Fundaci\u00f3n Roger Torn\u00e9 organiza ma\u00f1ana una nueva sesi\u00f3n de Respiro en Red, en el equipamiento ambiental de Les Codines (Montesquiu), la segunda que hacen con ni\u00f1os de Nou Barris, que se han incorporado recientemente al programa.\" \/>\n<meta property=\"og:url\" content=\"https:\/\/fundesplai.org\/es\/informa-t\/actualitat-es\/sesion-respiro-en-red-de-la-fundacion-roger-torne\/\" \/>\n<meta property=\"og:site_name\" content=\"Fundesplai\" \/>\n<meta property=\"article:published_time\" content=\"2014-05-16T09:28:19+00:00\" \/>\n<meta property=\"og:image\" content=\"https:\/\/fundesplai.org\/test-joomla\/wp-content\/uploads\/sites\/26\/2014\/05\/RX-Nou-Barris.jpg\" \/>\n<meta name=\"author\" content=\"Alfons Valle\" \/>\n<meta name=\"twitter:card\" content=\"summary_large_image\" \/>\n<meta name=\"twitter:label1\" content=\"Escrito por\" \/>\n\t<meta name=\"twitter:data1\" content=\"Alfons Valle\" \/>\n\t<meta name=\"twitter:label2\" content=\"Tiempo de lectura\" \/>\n\t<meta name=\"twitter:data2\" content=\"1 minuto\" \/>\n<script type=\"application\/ld+json\" class=\"yoast-schema-graph\">{\"@context\":\"https:\\\/\\\/schema.org\",\"@graph\":[{\"@type\":\"Article\",\"@id\":\"https:\\\/\\\/fundesplai.org\\\/es\\\/informa-t\\\/actualitat-es\\\/sesion-respiro-en-red-de-la-fundacion-roger-torne\\\/#article\",\"isPartOf\":{\"@id\":\"https:\\\/\\\/fundesplai.org\\\/es\\\/informa-t\\\/actualitat-es\\\/sesion-respiro-en-red-de-la-fundacion-roger-torne\\\/\"},\"author\":{\"name\":\"Alfons Valle\",\"@id\":\"https:\\\/\\\/fundesplai.org\\\/es\\\/#\\\/schema\\\/person\\\/c0e9e7466bb8ac06f5264324a6109733\"},\"headline\":\"Sesi\u00f3n Respiro en red de la Fundaci\u00f3n Roger Torn\u00e9\",\"datePublished\":\"2014-05-16T09:28:19+00:00\",\"mainEntityOfPage\":{\"@id\":\"https:\\\/\\\/fundesplai.org\\\/es\\\/informa-t\\\/actualitat-es\\\/sesion-respiro-en-red-de-la-fundacion-roger-torne\\\/\"},\"wordCount\":198,\"image\":{\"@id\":\"https:\\\/\\\/fundesplai.org\\\/es\\\/informa-t\\\/actualitat-es\\\/sesion-respiro-en-red-de-la-fundacion-roger-torne\\\/#primaryimage\"},\"thumbnailUrl\":\"https:\\\/\\\/fundesplai.org\\\/test-joomla\\\/wp-content\\\/uploads\\\/sites\\\/26\\\/2014\\\/05\\\/RX-Nou-Barris.jpg\",\"articleSection\":[\"Actualitat\"],\"inLanguage\":\"es\"},{\"@type\":\"WebPage\",\"@id\":\"https:\\\/\\\/fundesplai.org\\\/es\\\/informa-t\\\/actualitat-es\\\/sesion-respiro-en-red-de-la-fundacion-roger-torne\\\/\",\"url\":\"https:\\\/\\\/fundesplai.org\\\/es\\\/informa-t\\\/actualitat-es\\\/sesion-respiro-en-red-de-la-fundacion-roger-torne\\\/\",\"name\":\"Sesi\u00f3n Respiro en red de la Fundaci\u00f3n Roger Torn\u00e9 - Fundesplai\",\"isPartOf\":{\"@id\":\"https:\\\/\\\/fundesplai.org\\\/es\\\/#website\"},\"primaryImageOfPage\":{\"@id\":\"https:\\\/\\\/fundesplai.org\\\/es\\\/informa-t\\\/actualitat-es\\\/sesion-respiro-en-red-de-la-fundacion-roger-torne\\\/#primaryimage\"},\"image\":{\"@id\":\"https:\\\/\\\/fundesplai.org\\\/es\\\/informa-t\\\/actualitat-es\\\/sesion-respiro-en-red-de-la-fundacion-roger-torne\\\/#primaryimage\"},\"thumbnailUrl\":\"https:\\\/\\\/fundesplai.org\\\/test-joomla\\\/wp-content\\\/uploads\\\/sites\\\/26\\\/2014\\\/05\\\/RX-Nou-Barris.jpg\",\"datePublished\":\"2014-05-16T09:28:19+00:00\",\"author\":{\"@id\":\"https:\\\/\\\/fundesplai.org\\\/es\\\/#\\\/schema\\\/person\\\/c0e9e7466bb8ac06f5264324a6109733\"},\"breadcrumb\":{\"@id\":\"https:\\\/\\\/fundesplai.org\\\/es\\\/informa-t\\\/actualitat-es\\\/sesion-respiro-en-red-de-la-fundacion-roger-torne\\\/#breadcrumb\"},\"inLanguage\":\"es\",\"potentialAction\":[{\"@type\":\"ReadAction\",\"target\":[\"https:\\\/\\\/fundesplai.org\\\/es\\\/informa-t\\\/actualitat-es\\\/sesion-respiro-en-red-de-la-fundacion-roger-torne\\\/\"]}]},{\"@type\":\"ImageObject\",\"inLanguage\":\"es\",\"@id\":\"https:\\\/\\\/fundesplai.org\\\/es\\\/informa-t\\\/actualitat-es\\\/sesion-respiro-en-red-de-la-fundacion-roger-torne\\\/#primaryimage\",\"url\":\"https:\\\/\\\/fundesplai.org\\\/test-joomla\\\/wp-content\\\/uploads\\\/sites\\\/26\\\/2014\\\/05\\\/RX-Nou-Barris.jpg\",\"contentUrl\":\"https:\\\/\\\/fundesplai.org\\\/test-joomla\\\/wp-content\\\/uploads\\\/sites\\\/26\\\/2014\\\/05\\\/RX-Nou-Barris.jpg\"},{\"@type\":\"BreadcrumbList\",\"@id\":\"https:\\\/\\\/fundesplai.org\\\/es\\\/informa-t\\\/actualitat-es\\\/sesion-respiro-en-red-de-la-fundacion-roger-torne\\\/#breadcrumb\",\"itemListElement\":[{\"@type\":\"ListItem\",\"position\":1,\"name\":\"Inici\",\"item\":\"https:\\\/\\\/fundesplai.org\\\/es\\\/inicio\\\/\"},{\"@type\":\"ListItem\",\"position\":2,\"name\":\"Inf\u00f3rmate\",\"item\":\"https:\\\/\\\/fundesplai.org\\\/es\\\/informate\\\/\"},{\"@type\":\"ListItem\",\"position\":3,\"name\":\"Sin categor\u00eda\",\"item\":\"https:\\\/\\\/fundesplai.org\\\/es\\\/informa-t\\\/category\\\/sin-categoria\\\/\"},{\"@type\":\"ListItem\",\"position\":4,\"name\":\"Sesi\u00f3n Respiro en red de la Fundaci\u00f3n Roger Torn\u00e9\"}]},{\"@type\":\"WebSite\",\"@id\":\"https:\\\/\\\/fundesplai.org\\\/es\\\/#website\",\"url\":\"https:\\\/\\\/fundesplai.org\\\/es\\\/\",\"name\":\"Fundesplai\",\"description\":\"Eduquem per la conviv\u00e8ncia i la sostenibilitat\",\"potentialAction\":[{\"@type\":\"SearchAction\",\"target\":{\"@type\":\"EntryPoint\",\"urlTemplate\":\"https:\\\/\\\/fundesplai.org\\\/es\\\/?s={search_term_string}\"},\"query-input\":{\"@type\":\"PropertyValueSpecification\",\"valueRequired\":true,\"valueName\":\"search_term_string\"}}],\"inLanguage\":\"es\"},{\"@type\":\"Person\",\"@id\":\"https:\\\/\\\/fundesplai.org\\\/es\\\/#\\\/schema\\\/person\\\/c0e9e7466bb8ac06f5264324a6109733\",\"name\":\"Alfons Valle\",\"image\":{\"@type\":\"ImageObject\",\"inLanguage\":\"es\",\"@id\":\"https:\\\/\\\/secure.gravatar.com\\\/avatar\\\/71d95a3f99a068ba570ac1314ed6911a59c5ae3f22ffcf23631cd1a861a640bc?s=96&d=mm&r=g\",\"url\":\"https:\\\/\\\/secure.gravatar.com\\\/avatar\\\/71d95a3f99a068ba570ac1314ed6911a59c5ae3f22ffcf23631cd1a861a640bc?s=96&d=mm&r=g\",\"contentUrl\":\"https:\\\/\\\/secure.gravatar.com\\\/avatar\\\/71d95a3f99a068ba570ac1314ed6911a59c5ae3f22ffcf23631cd1a861a640bc?s=96&d=mm&r=g\",\"caption\":\"Alfons Valle\"},\"url\":\"https:\\\/\\\/fundesplai.org\\\/es\\\/informa-t\\\/author\\\/avalle\\\/\"}]}<\/script>\n<!-- \/ Yoast SEO plugin. -->","yoast_head_json":{"title":"Sesi\u00f3n Respiro en red de la Fundaci\u00f3n Roger Torn\u00e9 - Fundesplai","robots":{"index":"index","follow":"follow","max-snippet":"max-snippet:-1","max-image-preview":"max-image-preview:large","max-video-preview":"max-video-preview:-1"},"canonical":"https:\/\/fundesplai.org\/es\/informa-t\/actualitat-es\/sesion-respiro-en-red-de-la-fundacion-roger-torne\/","og_locale":"es_ES","og_type":"article","og_title":"Sesi\u00f3n Respiro en red de la Fundaci\u00f3n Roger Torn\u00e9 - Fundesplai","og_description":"La Fundaci\u00f3n Roger Torn\u00e9 organiza ma\u00f1ana una nueva sesi\u00f3n de Respiro en Red, en el equipamiento ambiental de Les Codines (Montesquiu), la segunda que hacen con ni\u00f1os de Nou Barris, que se han incorporado recientemente al programa.","og_url":"https:\/\/fundesplai.org\/es\/informa-t\/actualitat-es\/sesion-respiro-en-red-de-la-fundacion-roger-torne\/","og_site_name":"Fundesplai","article_published_time":"2014-05-16T09:28:19+00:00","og_image":[{"url":"https:\/\/fundesplai.org\/test-joomla\/wp-content\/uploads\/sites\/26\/2014\/05\/RX-Nou-Barris.jpg","type":"","width":"","height":""}],"author":"Alfons Valle","twitter_card":"summary_large_image","twitter_misc":{"Escrito por":"Alfons Valle","Tiempo de lectura":"1 minuto"},"schema":{"@context":"https:\/\/schema.org","@graph":[{"@type":"Article","@id":"https:\/\/fundesplai.org\/es\/informa-t\/actualitat-es\/sesion-respiro-en-red-de-la-fundacion-roger-torne\/#article","isPartOf":{"@id":"https:\/\/fundesplai.org\/es\/informa-t\/actualitat-es\/sesion-respiro-en-red-de-la-fundacion-roger-torne\/"},"author":{"name":"Alfons Valle","@id":"https:\/\/fundesplai.org\/es\/#\/schema\/person\/c0e9e7466bb8ac06f5264324a6109733"},"headline":"Sesi\u00f3n Respiro en red de la Fundaci\u00f3n Roger Torn\u00e9","datePublished":"2014-05-16T09:28:19+00:00","mainEntityOfPage":{"@id":"https:\/\/fundesplai.org\/es\/informa-t\/actualitat-es\/sesion-respiro-en-red-de-la-fundacion-roger-torne\/"},"wordCount":198,"image":{"@id":"https:\/\/fundesplai.org\/es\/informa-t\/actualitat-es\/sesion-respiro-en-red-de-la-fundacion-roger-torne\/#primaryimage"},"thumbnailUrl":"https:\/\/fundesplai.org\/test-joomla\/wp-content\/uploads\/sites\/26\/2014\/05\/RX-Nou-Barris.jpg","articleSection":["Actualitat"],"inLanguage":"es"},{"@type":"WebPage","@id":"https:\/\/fundesplai.org\/es\/informa-t\/actualitat-es\/sesion-respiro-en-red-de-la-fundacion-roger-torne\/","url":"https:\/\/fundesplai.org\/es\/informa-t\/actualitat-es\/sesion-respiro-en-red-de-la-fundacion-roger-torne\/","name":"Sesi\u00f3n Respiro en red de la Fundaci\u00f3n Roger Torn\u00e9 - Fundesplai","isPartOf":{"@id":"https:\/\/fundesplai.org\/es\/#website"},"primaryImageOfPage":{"@id":"https:\/\/fundesplai.org\/es\/informa-t\/actualitat-es\/sesion-respiro-en-red-de-la-fundacion-roger-torne\/#primaryimage"},"image":{"@id":"https:\/\/fundesplai.org\/es\/informa-t\/actualitat-es\/sesion-respiro-en-red-de-la-fundacion-roger-torne\/#primaryimage"},"thumbnailUrl":"https:\/\/fundesplai.org\/test-joomla\/wp-content\/uploads\/sites\/26\/2014\/05\/RX-Nou-Barris.jpg","datePublished":"2014-05-16T09:28:19+00:00","author":{"@id":"https:\/\/fundesplai.org\/es\/#\/schema\/person\/c0e9e7466bb8ac06f5264324a6109733"},"breadcrumb":{"@id":"https:\/\/fundesplai.org\/es\/informa-t\/actualitat-es\/sesion-respiro-en-red-de-la-fundacion-roger-torne\/#breadcrumb"},"inLanguage":"es","potentialAction":[{"@type":"ReadAction","target":["https:\/\/fundesplai.org\/es\/informa-t\/actualitat-es\/sesion-respiro-en-red-de-la-fundacion-roger-torne\/"]}]},{"@type":"ImageObject","inLanguage":"es","@id":"https:\/\/fundesplai.org\/es\/informa-t\/actualitat-es\/sesion-respiro-en-red-de-la-fundacion-roger-torne\/#primaryimage","url":"https:\/\/fundesplai.org\/test-joomla\/wp-content\/uploads\/sites\/26\/2014\/05\/RX-Nou-Barris.jpg","contentUrl":"https:\/\/fundesplai.org\/test-joomla\/wp-content\/uploads\/sites\/26\/2014\/05\/RX-Nou-Barris.jpg"},{"@type":"BreadcrumbList","@id":"https:\/\/fundesplai.org\/es\/informa-t\/actualitat-es\/sesion-respiro-en-red-de-la-fundacion-roger-torne\/#breadcrumb","itemListElement":[{"@type":"ListItem","position":1,"name":"Inici","item":"https:\/\/fundesplai.org\/es\/inicio\/"},{"@type":"ListItem","position":2,"name":"Inf\u00f3rmate","item":"https:\/\/fundesplai.org\/es\/informate\/"},{"@type":"ListItem","position":3,"name":"Sin categor\u00eda","item":"https:\/\/fundesplai.org\/es\/informa-t\/category\/sin-categoria\/"},{"@type":"ListItem","position":4,"name":"Sesi\u00f3n Respiro en red de la Fundaci\u00f3n Roger Torn\u00e9"}]},{"@type":"WebSite","@id":"https:\/\/fundesplai.org\/es\/#website","url":"https:\/\/fundesplai.org\/es\/","name":"Fundesplai","description":"Eduquem per la conviv\u00e8ncia i la sostenibilitat","potentialAction":[{"@type":"SearchAction","target":{"@type":"EntryPoint","urlTemplate":"https:\/\/fundesplai.org\/es\/?s={search_term_string}"},"query-input":{"@type":"PropertyValueSpecification","valueRequired":true,"valueName":"search_term_string"}}],"inLanguage":"es"},{"@type":"Person","@id":"https:\/\/fundesplai.org\/es\/#\/schema\/person\/c0e9e7466bb8ac06f5264324a6109733","name":"Alfons Valle","image":{"@type":"ImageObject","inLanguage":"es","@id":"https:\/\/secure.gravatar.com\/avatar\/71d95a3f99a068ba570ac1314ed6911a59c5ae3f22ffcf23631cd1a861a640bc?s=96&d=mm&r=g","url":"https:\/\/secure.gravatar.com\/avatar\/71d95a3f99a068ba570ac1314ed6911a59c5ae3f22ffcf23631cd1a861a640bc?s=96&d=mm&r=g","contentUrl":"https:\/\/secure.gravatar.com\/avatar\/71d95a3f99a068ba570ac1314ed6911a59c5ae3f22ffcf23631cd1a861a640bc?s=96&d=mm&r=g","caption":"Alfons Valle"},"url":"https:\/\/fundesplai.org\/es\/informa-t\/author\/avalle\/"}]}},"_links":{"self":[{"href":"https:\/\/fundesplai.org\/es\/wp-json\/wp\/v2\/posts\/47266","targetHints":{"allow":["GET"]}}],"collection":[{"href":"https:\/\/fundesplai.org\/es\/wp-json\/wp\/v2\/posts"}],"about":[{"href":"https:\/\/fundesplai.org\/es\/wp-json\/wp\/v2\/types\/post"}],"author":[{"embeddable":true,"href":"https:\/\/fundesplai.org\/es\/wp-json\/wp\/v2\/users\/9"}],"replies":[{"embeddable":true,"href":"https:\/\/fundesplai.org\/es\/wp-json\/wp\/v2\/comments?post=47266"}],"version-history":[{"count":0,"href":"https:\/\/fundesplai.org\/es\/wp-json\/wp\/v2\/posts\/47266\/revisions"}],"wp:attachment":[{"href":"https:\/\/fundesplai.org\/es\/wp-json\/wp\/v2\/media?parent=47266"}],"wp:term":[{"taxonomy":"category","embeddable":true,"href":"https:\/\/fundesplai.org\/es\/wp-json\/wp\/v2\/categories?post=47266"},{"taxonomy":"post_tag","embeddable":true,"href":"https:\/\/fundesplai.org\/es\/wp-json\/wp\/v2\/tags?post=47266"}],"curies":[{"name":"wp","href":"https:\/\/api.w.org\/{rel}","templated":true}]}}