{"id":47264,"date":"2014-05-12T17:37:17","date_gmt":"2014-05-12T15:37:17","guid":{"rendered":"https:\/\/fundesplai.org\/informa-t\/sense-categoria\/fiesta-esplai-inicia-un-verano-para-todos\/"},"modified":"2014-05-12T17:37:17","modified_gmt":"2014-05-12T15:37:17","slug":"fiesta-esplai-inicia-un-verano-para-todos","status":"publish","type":"post","link":"https:\/\/fundesplai.org\/es\/informa-t\/actualitat-es\/fiesta-esplai-inicia-un-verano-para-todos\/","title":{"rendered":"Fiesta Esplai inicia Un verano para todos!"},"content":{"rendered":"<p>Este domingo 11 de mayo, el Parc Nou del Prat de Llobregat ha acogido la 28\u00aa edici\u00f3n de Fiesta Esplai, la gran fiesta que organiza Fundesplai&#8230;<\/p>\n<p><!--more--><\/p>\n<table cellspacing=\"5\" align=\"left\">\n<tbody>\n<tr>\n<td><a href=\"http:\/\/youtu.be\/xS3KenjpmKY\"><img loading=\"lazy\" decoding=\"async\" class=\" size-full wp-image-595\" src=\"https:\/\/fundesplai.org\/test-joomla\/wp-content\/uploads\/sites\/26\/2014\/05\/Video_Festa_Esplai_2014.jpg\" alt=\"Video Fiesta Esplai 2014\" width=\"300\" height=\"229\"><\/a>&nbsp;<\/td>\n<\/tr>\n<tr>\n<td>&nbsp;<a href=\"http:\/\/youtu.be\/xS3KenjpmKY\" class=\"text-petit\">\u00a1Mira el v\u00eddeo de Fiesta Esplai!<\/a><\/td>\n<\/tr>\n<tr>\n<td>&nbsp;<a href=\"https:\/\/plus.google.com\/u\/0\/b\/101777439817571527018\/photos\/+EsplaiCat\/albums\/6012480066894444385\"><img loading=\"lazy\" decoding=\"async\" class=\" size-full wp-image-596\" src=\"https:\/\/fundesplai.org\/test-joomla\/wp-content\/uploads\/sites\/26\/2014\/05\/FestaEsplai2014.jpg\" alt=\"Fiesta Esplai2014\" width=\"300\" height=\"229\"><\/a><\/td>\n<\/tr>\n<tr>\n<td>&nbsp;<a href=\"https:\/\/plus.google.com\/u\/0\/b\/101777439817571527018\/photos\/+EsplaiCat\/albums\/6012480066894444385\">Mira el \u00e1lbum de fotos<\/a><\/td>\n<\/tr>\n<tr>\n<td><a href=\"http:\/\/estiu.fundesplai.org\/gimcana\/\"><img loading=\"lazy\" decoding=\"async\" class=\" size-full wp-image-597\" src=\"https:\/\/fundesplai.org\/test-joomla\/wp-content\/uploads\/sites\/26\/2014\/05\/logo-gimcana-estiu-CANAL.png\" alt=\"logo-gimnasia-verano-CANAL\" width=\"144\" height=\"135\"><\/a><\/td>\n<\/tr>\n<tr class=\"text-petit\">\n<td><a href=\"http:\/\/estiu.fundesplai.org\/gimcana\/\">Participa!<\/a><\/td>\n<\/tr>\n<tr class=\"text-petit\">\n<td><a href=\"http:\/\/estiu.fundesplai.org\/gimcana\/moduls\/donacions\/donacio.php\"><img loading=\"lazy\" decoding=\"async\" class=\" size-full wp-image-600\" src=\"https:\/\/fundesplai.org\/test-joomla\/wp-content\/uploads\/sites\/26\/2014\/05\/Donatiu.jpg\" alt=\"Donativo\" width=\"144\" height=\"144\"><\/a><\/td>\n<\/tr>\n<tr class=\"text-petit\">\n<td><a href=\"http:\/\/estiu.fundesplai.org\/gimcana\/moduls\/donacions\/donacio.php\">\u00a1Colabora!<\/a><\/td>\n<\/tr>\n<tr class=\"text-petit\">\n<td><a href=\"http:\/\/www.estiu.fundesplai.org\/pagines\/canco-estiu-2014\"><img loading=\"lazy\" decoding=\"async\" class=\" size-full wp-image-602\" src=\"https:\/\/fundesplai.org\/test-joomla\/wp-content\/uploads\/sites\/26\/2014\/05\/Tema_estiu_2014.jpg\" alt=\"Tema verano 2014\" width=\"144\" height=\"144\"><\/a><\/td>\n<\/tr>\n<tr class=\"text-petit\">\n<td><a href=\"http:\/\/www.estiu.fundesplai.org\/pagines\/canco-estiu-2014\">Bajate la canci\u00f3n<\/a><\/td>\n<\/tr>\n<tr class=\"text-petit\">\n<td><a href=\"http:\/\/estiu.fundesplai.org\/\"><img loading=\"lazy\" decoding=\"async\" class=\" size-full wp-image-603\" src=\"https:\/\/fundesplai.org\/test-joomla\/wp-content\/uploads\/sites\/26\/2014\/05\/Activitats.jpg\" alt=\"Actividades\" width=\"144\" height=\"144\"><\/a><\/td>\n<\/tr>\n<tr class=\"text-petit\">\n<td><a href=\"http:\/\/estiu.fundesplai.org\/\">Actividades<\/a><\/td>\n<\/tr>\n<\/tbody>\n<\/table>\n<p>Este domingo 11 de mayo, el Parc Nou de El Prat de Llobregat ha acogido la 28\u00aa edici\u00f3n de <a href=\"ca\/inici-ca\/70-serveis\/infants-i-joves\/130-festa-esplai\">Fiesta Esplai<\/a>, la gran fiesta de la educaci\u00f3n en el ocio que organiza <a href=\"http:\/\/www.fundesplai.org\/\"><strong>Fundesplai<\/strong><\/a> (Fundaci\u00f3n Catalana del Esplai) y que ha reunido a unas 10.000 personas, que han podido disfrutar de las m\u00e1s de 50 actividades l\u00fadicas y educativas. <a href=\"http:\/\/canal.fundesplai.org\/continguts\/recull-de-premsa-festa-esplai-2014\"><br \/><\/a><\/p>\n<div>Fiesta Esplai es el inicio de <a href=\"http:\/\/estiu.fundesplai.org\/\"><strong>\u00abAcierta el Verano &#8211; Un verano para todos\u00bb<\/strong><\/a>, la campa\u00f1a de actividades de verano de <strong>Fundesplai<\/strong> que incluye la campa\u00f1a de becas para garantizar que todos los ni\u00f1os podr\u00e1n disfrutar de actividades de ocio educativo este verano.<\/div>\n<div>&nbsp;<\/div>\n<div>Este a\u00f1o Fundesplai calcula que <strong>la demanda de becas para ir de colonias aumentar\u00e1 en torno a un 25%<\/strong>. Tambi\u00e9n se prev\u00e9 un aumento en la demanda de <strong>centros sociales durante el mes de agosto<\/strong> para garantizar la atenci\u00f3n y alimentaci\u00f3n de ni\u00f1os que se encuentran en situaci\u00f3n de riesgo. Para atender este incremento, <strong>Fundesplai<\/strong> impulsa diferentes iniciativas:<\/div>\n<ul>\n<li>Campa\u00f1a de captaci\u00f3n de fondos de administraciones, empresas y particulares para otorgar becas para los hijos e hijas de familias afectadas por la crisis. En estos momentos ya se cuenta con fondos aportados por la <strong>Diputaci\u00f3n de Barcelona; <\/strong>por el <strong>Ministerio de Sanidad, Servicios Sociales e Igualdad<\/strong>, a trav\u00e9s del 0&#8217;7% para fines sociales, la <strong>Generalidad de Catalu\u00f1a<\/strong> y algunas empresas como <strong>Gr\u00edfols<\/strong>.<\/li>\n<li>Organiza la <a href=\"http:\/\/estiu.fundesplai.org\/pagines\/gimcana-solidaria-de-l-estiu\">Gimcana Solidaria del Verano<\/a>, una competici\u00f3n por equipos en la que el a\u00f1o pasado participaron 30 grupos que consiguieron 43.000 euros.<\/li>\n<li>Llama para que todo el mundo se pueda <a href=\"http:\/\/estiu.fundesplai.org\/pagines\/canco-estiu-2014\">bajar la canci\u00f3n \u00abUn verano para todos\u00bb<\/a>, enviando un sms con la palabra <strong>fundesplai<\/strong> al <strong>27171<\/strong> colaborando as\u00ed en la campa\u00f1a de becas.<\/li>\n<\/ul>\n<div>Con estas medidas, <strong>Fundesplai<\/strong> espera conseguir otorgar directamente <strong>4.000 becas para colonias y centros, un 25% m\u00e1s que el verano pasado<\/strong>, en el que se otorgaron 3.100.<\/div>\n<div>&nbsp;<\/div>\n<div>Aparte de estos fondos para becas y ayudas que canaliza directamente Fundesplai, algunos de los m\u00e1s de 60 centros de esplai adheridos tambi\u00e9n reciben ayudas de sus ayuntamientos o de la Obra Social de la Fundaci\u00f3n \u00abla Caixa\u00bb, a trav\u00e9s del programa ProInfancia.&nbsp;<\/div>\n<div>&nbsp;<\/div>\n<div>Finalmente, Fundesplai pone al alcance de todas las familias que inscriban a sus hijos e hijas en las colonias y casales un colegio.<strong> sistema de autofinanciaci\u00f3n<\/strong> con lo que se puede<strong> recuperar el 100% del coste de la actividad<\/strong> mediante la venta de n\u00fameros para una rifa en la que se puede ganar estancias para familias en las casas de colonias.<\/div>\n<div>&nbsp;<\/div>\n<div>Quien quiera colaborar, solicitar una beca o informarse de las actividades del verano, puede hacerlo a trav\u00e9s de la web <a href=\"http:\/\/estiu.fundesplai.org\"><strong>http:\/\/estiu.fundesplai.org<\/strong><\/a>.<\/div>\n","protected":false},"excerpt":{"rendered":"<p>Este domingo 11 de mayo, el Parc Nou del Prat de Llobregat ha acogido la 28\u00aa edici\u00f3n de Fiesta Esplai, la gran fiesta que organiza Fundesplai&#8230;<\/p>\n","protected":false},"author":9,"featured_media":0,"comment_status":"closed","ping_status":"closed","sticky":false,"template":"","format":"standard","meta":{"_et_pb_use_builder":"","_et_pb_old_content":"","_et_gb_content_width":"","footnotes":""},"categories":[937],"tags":[],"class_list":["post-47264","post","type-post","status-publish","format-standard","hentry","category-actualitat-es"],"yoast_head":"<!-- This site is optimized with the Yoast SEO plugin v27.4 - https:\/\/yoast.com\/product\/yoast-seo-wordpress\/ -->\n<title>Fiesta Esplai inicia Un verano para todos! - Fundesplai<\/title>\n<meta name=\"robots\" content=\"index, follow, max-snippet:-1, max-image-preview:large, max-video-preview:-1\" \/>\n<link rel=\"canonical\" href=\"https:\/\/fundesplai.org\/es\/informa-t\/actualitat-es\/fiesta-esplai-inicia-un-verano-para-todos\/\" \/>\n<meta property=\"og:locale\" content=\"es_ES\" \/>\n<meta property=\"og:type\" content=\"article\" \/>\n<meta property=\"og:title\" content=\"Fiesta Esplai inicia Un verano para todos! - Fundesplai\" \/>\n<meta property=\"og:description\" content=\"Este domingo 11 de mayo, el Parc Nou del Prat de Llobregat ha acogido la 28\u00aa edici\u00f3n de Fiesta Esplai, la gran fiesta que organiza Fundesplai&#8230;\" \/>\n<meta property=\"og:url\" content=\"https:\/\/fundesplai.org\/es\/informa-t\/actualitat-es\/fiesta-esplai-inicia-un-verano-para-todos\/\" \/>\n<meta property=\"og:site_name\" content=\"Fundesplai\" \/>\n<meta property=\"article:published_time\" content=\"2014-05-12T15:37:17+00:00\" \/>\n<meta property=\"og:image\" content=\"https:\/\/fundesplai.org\/test-joomla\/wp-content\/uploads\/sites\/26\/2014\/05\/Video_Festa_Esplai_2014.jpg\" \/>\n<meta name=\"author\" content=\"Alfons Valle\" \/>\n<meta name=\"twitter:card\" content=\"summary_large_image\" \/>\n<meta name=\"twitter:label1\" content=\"Escrito por\" \/>\n\t<meta name=\"twitter:data1\" content=\"Alfons Valle\" \/>\n\t<meta name=\"twitter:label2\" content=\"Tiempo de lectura\" \/>\n\t<meta name=\"twitter:data2\" content=\"3 minutos\" \/>\n<script type=\"application\/ld+json\" class=\"yoast-schema-graph\">{\"@context\":\"https:\\\/\\\/schema.org\",\"@graph\":[{\"@type\":\"Article\",\"@id\":\"https:\\\/\\\/fundesplai.org\\\/es\\\/informa-t\\\/actualitat-es\\\/fiesta-esplai-inicia-un-verano-para-todos\\\/#article\",\"isPartOf\":{\"@id\":\"https:\\\/\\\/fundesplai.org\\\/es\\\/informa-t\\\/actualitat-es\\\/fiesta-esplai-inicia-un-verano-para-todos\\\/\"},\"author\":{\"name\":\"Alfons Valle\",\"@id\":\"https:\\\/\\\/fundesplai.org\\\/es\\\/#\\\/schema\\\/person\\\/c0e9e7466bb8ac06f5264324a6109733\"},\"headline\":\"Fiesta Esplai inicia Un verano para todos!\",\"datePublished\":\"2014-05-12T15:37:17+00:00\",\"mainEntityOfPage\":{\"@id\":\"https:\\\/\\\/fundesplai.org\\\/es\\\/informa-t\\\/actualitat-es\\\/fiesta-esplai-inicia-un-verano-para-todos\\\/\"},\"wordCount\":510,\"image\":{\"@id\":\"https:\\\/\\\/fundesplai.org\\\/es\\\/informa-t\\\/actualitat-es\\\/fiesta-esplai-inicia-un-verano-para-todos\\\/#primaryimage\"},\"thumbnailUrl\":\"https:\\\/\\\/fundesplai.org\\\/test-joomla\\\/wp-content\\\/uploads\\\/sites\\\/26\\\/2014\\\/05\\\/Video_Festa_Esplai_2014.jpg\",\"articleSection\":[\"Actualitat\"],\"inLanguage\":\"es\"},{\"@type\":\"WebPage\",\"@id\":\"https:\\\/\\\/fundesplai.org\\\/es\\\/informa-t\\\/actualitat-es\\\/fiesta-esplai-inicia-un-verano-para-todos\\\/\",\"url\":\"https:\\\/\\\/fundesplai.org\\\/es\\\/informa-t\\\/actualitat-es\\\/fiesta-esplai-inicia-un-verano-para-todos\\\/\",\"name\":\"Fiesta Esplai inicia Un verano para todos! - Fundesplai\",\"isPartOf\":{\"@id\":\"https:\\\/\\\/fundesplai.org\\\/es\\\/#website\"},\"primaryImageOfPage\":{\"@id\":\"https:\\\/\\\/fundesplai.org\\\/es\\\/informa-t\\\/actualitat-es\\\/fiesta-esplai-inicia-un-verano-para-todos\\\/#primaryimage\"},\"image\":{\"@id\":\"https:\\\/\\\/fundesplai.org\\\/es\\\/informa-t\\\/actualitat-es\\\/fiesta-esplai-inicia-un-verano-para-todos\\\/#primaryimage\"},\"thumbnailUrl\":\"https:\\\/\\\/fundesplai.org\\\/test-joomla\\\/wp-content\\\/uploads\\\/sites\\\/26\\\/2014\\\/05\\\/Video_Festa_Esplai_2014.jpg\",\"datePublished\":\"2014-05-12T15:37:17+00:00\",\"author\":{\"@id\":\"https:\\\/\\\/fundesplai.org\\\/es\\\/#\\\/schema\\\/person\\\/c0e9e7466bb8ac06f5264324a6109733\"},\"breadcrumb\":{\"@id\":\"https:\\\/\\\/fundesplai.org\\\/es\\\/informa-t\\\/actualitat-es\\\/fiesta-esplai-inicia-un-verano-para-todos\\\/#breadcrumb\"},\"inLanguage\":\"es\",\"potentialAction\":[{\"@type\":\"ReadAction\",\"target\":[\"https:\\\/\\\/fundesplai.org\\\/es\\\/informa-t\\\/actualitat-es\\\/fiesta-esplai-inicia-un-verano-para-todos\\\/\"]}]},{\"@type\":\"ImageObject\",\"inLanguage\":\"es\",\"@id\":\"https:\\\/\\\/fundesplai.org\\\/es\\\/informa-t\\\/actualitat-es\\\/fiesta-esplai-inicia-un-verano-para-todos\\\/#primaryimage\",\"url\":\"https:\\\/\\\/fundesplai.org\\\/test-joomla\\\/wp-content\\\/uploads\\\/sites\\\/26\\\/2014\\\/05\\\/Video_Festa_Esplai_2014.jpg\",\"contentUrl\":\"https:\\\/\\\/fundesplai.org\\\/test-joomla\\\/wp-content\\\/uploads\\\/sites\\\/26\\\/2014\\\/05\\\/Video_Festa_Esplai_2014.jpg\"},{\"@type\":\"BreadcrumbList\",\"@id\":\"https:\\\/\\\/fundesplai.org\\\/es\\\/informa-t\\\/actualitat-es\\\/fiesta-esplai-inicia-un-verano-para-todos\\\/#breadcrumb\",\"itemListElement\":[{\"@type\":\"ListItem\",\"position\":1,\"name\":\"Inici\",\"item\":\"https:\\\/\\\/fundesplai.org\\\/es\\\/inicio\\\/\"},{\"@type\":\"ListItem\",\"position\":2,\"name\":\"Inf\u00f3rmate\",\"item\":\"https:\\\/\\\/fundesplai.org\\\/es\\\/informate\\\/\"},{\"@type\":\"ListItem\",\"position\":3,\"name\":\"Sin categor\u00eda\",\"item\":\"https:\\\/\\\/fundesplai.org\\\/es\\\/informa-t\\\/category\\\/sin-categoria\\\/\"},{\"@type\":\"ListItem\",\"position\":4,\"name\":\"Fiesta Esplai inicia Un verano para todos!\"}]},{\"@type\":\"WebSite\",\"@id\":\"https:\\\/\\\/fundesplai.org\\\/es\\\/#website\",\"url\":\"https:\\\/\\\/fundesplai.org\\\/es\\\/\",\"name\":\"Fundesplai\",\"description\":\"Eduquem per la conviv\u00e8ncia i la sostenibilitat\",\"potentialAction\":[{\"@type\":\"SearchAction\",\"target\":{\"@type\":\"EntryPoint\",\"urlTemplate\":\"https:\\\/\\\/fundesplai.org\\\/es\\\/?s={search_term_string}\"},\"query-input\":{\"@type\":\"PropertyValueSpecification\",\"valueRequired\":true,\"valueName\":\"search_term_string\"}}],\"inLanguage\":\"es\"},{\"@type\":\"Person\",\"@id\":\"https:\\\/\\\/fundesplai.org\\\/es\\\/#\\\/schema\\\/person\\\/c0e9e7466bb8ac06f5264324a6109733\",\"name\":\"Alfons Valle\",\"image\":{\"@type\":\"ImageObject\",\"inLanguage\":\"es\",\"@id\":\"https:\\\/\\\/secure.gravatar.com\\\/avatar\\\/71d95a3f99a068ba570ac1314ed6911a59c5ae3f22ffcf23631cd1a861a640bc?s=96&d=mm&r=g\",\"url\":\"https:\\\/\\\/secure.gravatar.com\\\/avatar\\\/71d95a3f99a068ba570ac1314ed6911a59c5ae3f22ffcf23631cd1a861a640bc?s=96&d=mm&r=g\",\"contentUrl\":\"https:\\\/\\\/secure.gravatar.com\\\/avatar\\\/71d95a3f99a068ba570ac1314ed6911a59c5ae3f22ffcf23631cd1a861a640bc?s=96&d=mm&r=g\",\"caption\":\"Alfons Valle\"},\"url\":\"https:\\\/\\\/fundesplai.org\\\/es\\\/informa-t\\\/author\\\/avalle\\\/\"}]}<\/script>\n<!-- \/ Yoast SEO plugin. -->","yoast_head_json":{"title":"Fiesta Esplai inicia Un verano para todos! - Fundesplai","robots":{"index":"index","follow":"follow","max-snippet":"max-snippet:-1","max-image-preview":"max-image-preview:large","max-video-preview":"max-video-preview:-1"},"canonical":"https:\/\/fundesplai.org\/es\/informa-t\/actualitat-es\/fiesta-esplai-inicia-un-verano-para-todos\/","og_locale":"es_ES","og_type":"article","og_title":"Fiesta Esplai inicia Un verano para todos! - Fundesplai","og_description":"Este domingo 11 de mayo, el Parc Nou del Prat de Llobregat ha acogido la 28\u00aa edici\u00f3n de Fiesta Esplai, la gran fiesta que organiza Fundesplai&#8230;","og_url":"https:\/\/fundesplai.org\/es\/informa-t\/actualitat-es\/fiesta-esplai-inicia-un-verano-para-todos\/","og_site_name":"Fundesplai","article_published_time":"2014-05-12T15:37:17+00:00","og_image":[{"url":"https:\/\/fundesplai.org\/test-joomla\/wp-content\/uploads\/sites\/26\/2014\/05\/Video_Festa_Esplai_2014.jpg","type":"","width":"","height":""}],"author":"Alfons Valle","twitter_card":"summary_large_image","twitter_misc":{"Escrito por":"Alfons Valle","Tiempo de lectura":"3 minutos"},"schema":{"@context":"https:\/\/schema.org","@graph":[{"@type":"Article","@id":"https:\/\/fundesplai.org\/es\/informa-t\/actualitat-es\/fiesta-esplai-inicia-un-verano-para-todos\/#article","isPartOf":{"@id":"https:\/\/fundesplai.org\/es\/informa-t\/actualitat-es\/fiesta-esplai-inicia-un-verano-para-todos\/"},"author":{"name":"Alfons Valle","@id":"https:\/\/fundesplai.org\/es\/#\/schema\/person\/c0e9e7466bb8ac06f5264324a6109733"},"headline":"Fiesta Esplai inicia Un verano para todos!","datePublished":"2014-05-12T15:37:17+00:00","mainEntityOfPage":{"@id":"https:\/\/fundesplai.org\/es\/informa-t\/actualitat-es\/fiesta-esplai-inicia-un-verano-para-todos\/"},"wordCount":510,"image":{"@id":"https:\/\/fundesplai.org\/es\/informa-t\/actualitat-es\/fiesta-esplai-inicia-un-verano-para-todos\/#primaryimage"},"thumbnailUrl":"https:\/\/fundesplai.org\/test-joomla\/wp-content\/uploads\/sites\/26\/2014\/05\/Video_Festa_Esplai_2014.jpg","articleSection":["Actualitat"],"inLanguage":"es"},{"@type":"WebPage","@id":"https:\/\/fundesplai.org\/es\/informa-t\/actualitat-es\/fiesta-esplai-inicia-un-verano-para-todos\/","url":"https:\/\/fundesplai.org\/es\/informa-t\/actualitat-es\/fiesta-esplai-inicia-un-verano-para-todos\/","name":"Fiesta Esplai inicia Un verano para todos! - Fundesplai","isPartOf":{"@id":"https:\/\/fundesplai.org\/es\/#website"},"primaryImageOfPage":{"@id":"https:\/\/fundesplai.org\/es\/informa-t\/actualitat-es\/fiesta-esplai-inicia-un-verano-para-todos\/#primaryimage"},"image":{"@id":"https:\/\/fundesplai.org\/es\/informa-t\/actualitat-es\/fiesta-esplai-inicia-un-verano-para-todos\/#primaryimage"},"thumbnailUrl":"https:\/\/fundesplai.org\/test-joomla\/wp-content\/uploads\/sites\/26\/2014\/05\/Video_Festa_Esplai_2014.jpg","datePublished":"2014-05-12T15:37:17+00:00","author":{"@id":"https:\/\/fundesplai.org\/es\/#\/schema\/person\/c0e9e7466bb8ac06f5264324a6109733"},"breadcrumb":{"@id":"https:\/\/fundesplai.org\/es\/informa-t\/actualitat-es\/fiesta-esplai-inicia-un-verano-para-todos\/#breadcrumb"},"inLanguage":"es","potentialAction":[{"@type":"ReadAction","target":["https:\/\/fundesplai.org\/es\/informa-t\/actualitat-es\/fiesta-esplai-inicia-un-verano-para-todos\/"]}]},{"@type":"ImageObject","inLanguage":"es","@id":"https:\/\/fundesplai.org\/es\/informa-t\/actualitat-es\/fiesta-esplai-inicia-un-verano-para-todos\/#primaryimage","url":"https:\/\/fundesplai.org\/test-joomla\/wp-content\/uploads\/sites\/26\/2014\/05\/Video_Festa_Esplai_2014.jpg","contentUrl":"https:\/\/fundesplai.org\/test-joomla\/wp-content\/uploads\/sites\/26\/2014\/05\/Video_Festa_Esplai_2014.jpg"},{"@type":"BreadcrumbList","@id":"https:\/\/fundesplai.org\/es\/informa-t\/actualitat-es\/fiesta-esplai-inicia-un-verano-para-todos\/#breadcrumb","itemListElement":[{"@type":"ListItem","position":1,"name":"Inici","item":"https:\/\/fundesplai.org\/es\/inicio\/"},{"@type":"ListItem","position":2,"name":"Inf\u00f3rmate","item":"https:\/\/fundesplai.org\/es\/informate\/"},{"@type":"ListItem","position":3,"name":"Sin categor\u00eda","item":"https:\/\/fundesplai.org\/es\/informa-t\/category\/sin-categoria\/"},{"@type":"ListItem","position":4,"name":"Fiesta Esplai inicia Un verano para todos!"}]},{"@type":"WebSite","@id":"https:\/\/fundesplai.org\/es\/#website","url":"https:\/\/fundesplai.org\/es\/","name":"Fundesplai","description":"Eduquem per la conviv\u00e8ncia i la sostenibilitat","potentialAction":[{"@type":"SearchAction","target":{"@type":"EntryPoint","urlTemplate":"https:\/\/fundesplai.org\/es\/?s={search_term_string}"},"query-input":{"@type":"PropertyValueSpecification","valueRequired":true,"valueName":"search_term_string"}}],"inLanguage":"es"},{"@type":"Person","@id":"https:\/\/fundesplai.org\/es\/#\/schema\/person\/c0e9e7466bb8ac06f5264324a6109733","name":"Alfons Valle","image":{"@type":"ImageObject","inLanguage":"es","@id":"https:\/\/secure.gravatar.com\/avatar\/71d95a3f99a068ba570ac1314ed6911a59c5ae3f22ffcf23631cd1a861a640bc?s=96&d=mm&r=g","url":"https:\/\/secure.gravatar.com\/avatar\/71d95a3f99a068ba570ac1314ed6911a59c5ae3f22ffcf23631cd1a861a640bc?s=96&d=mm&r=g","contentUrl":"https:\/\/secure.gravatar.com\/avatar\/71d95a3f99a068ba570ac1314ed6911a59c5ae3f22ffcf23631cd1a861a640bc?s=96&d=mm&r=g","caption":"Alfons Valle"},"url":"https:\/\/fundesplai.org\/es\/informa-t\/author\/avalle\/"}]}},"_links":{"self":[{"href":"https:\/\/fundesplai.org\/es\/wp-json\/wp\/v2\/posts\/47264","targetHints":{"allow":["GET"]}}],"collection":[{"href":"https:\/\/fundesplai.org\/es\/wp-json\/wp\/v2\/posts"}],"about":[{"href":"https:\/\/fundesplai.org\/es\/wp-json\/wp\/v2\/types\/post"}],"author":[{"embeddable":true,"href":"https:\/\/fundesplai.org\/es\/wp-json\/wp\/v2\/users\/9"}],"replies":[{"embeddable":true,"href":"https:\/\/fundesplai.org\/es\/wp-json\/wp\/v2\/comments?post=47264"}],"version-history":[{"count":0,"href":"https:\/\/fundesplai.org\/es\/wp-json\/wp\/v2\/posts\/47264\/revisions"}],"wp:attachment":[{"href":"https:\/\/fundesplai.org\/es\/wp-json\/wp\/v2\/media?parent=47264"}],"wp:term":[{"taxonomy":"category","embeddable":true,"href":"https:\/\/fundesplai.org\/es\/wp-json\/wp\/v2\/categories?post=47264"},{"taxonomy":"post_tag","embeddable":true,"href":"https:\/\/fundesplai.org\/es\/wp-json\/wp\/v2\/tags?post=47264"}],"curies":[{"name":"wp","href":"https:\/\/api.w.org\/{rel}","templated":true}]}}