{"id":47257,"date":"2014-04-24T19:42:00","date_gmt":"2014-04-24T17:42:00","guid":{"rendered":"https:\/\/fundesplai.org\/informa-t\/sense-categoria\/fundesplai-inaugura-las-obras-de-mejora-del-albergue-de-la-rectoria-de-la-selva\/"},"modified":"2023-08-07T10:34:01","modified_gmt":"2023-08-07T08:34:01","slug":"fundesplai-inaugura-las-obras-de-mejora-del-albergue-de-la-rectoria-de-la-selva","status":"publish","type":"post","link":"https:\/\/fundesplai.org\/es\/informa-t\/actualitat-es\/fundesplai-inaugura-las-obras-de-mejora-del-albergue-de-la-rectoria-de-la-selva\/","title":{"rendered":"Fundesplai inaugura las obras de mejora del Albergue de la Rector\u00eda de la Selva"},"content":{"rendered":"<p>Este 21 de abril, se ha celebrado la inauguraci\u00f3n de las obras de mejora que Fundesplai (Fundaci\u00f3n Catalana del Esplai) ha efectuado en la segunda planta y tejado del Albergue de la Rector\u00eda de La Selva, en Riudarenes (Solson\u00e9s).<\/p>\n<p><!--more--><\/p>\n<p class=\"intro\">El acto, donde han participado unas 200 personas, &nbsp;ha contado con la presencia del Obispo de Solsona, el alcalde de Riudarenes y el presidente de Fundesplai (Fundaci\u00f3n Catalana del Esplai)<\/p>\n<p class=\"intro\">Fundesplai ha invertido 360.000 euros, provenientes de ayudas de la Uni\u00f3n Europea y del Ministerio de Sanidad, Servicios Sociales e Igualdad<\/p>\n<table cellspacing=\"5\" align=\"left\">\n<tbody>\n<tr>\n<td><img loading=\"lazy\" decoding=\"async\" class=\" size-full wp-image-505\" src=\"https:\/\/fundesplai.org\/test-joomla\/wp-content\/uploads\/sites\/26\/2014\/04\/Fundesplai-trabucaire_web.jpg\" alt=\"Fundesplai-trabucaire web\" width=\"380\" height=\"290\">&nbsp;<\/td>\n<\/tr>\n<tr>\n<td>&nbsp;<img loading=\"lazy\" decoding=\"async\" class=\" size-full wp-image-507\" src=\"https:\/\/fundesplai.org\/test-joomla\/wp-content\/uploads\/sites\/26\/2014\/04\/Fundesplai-caramelles-desquenes_web.jpg\" alt=\"Fundesplai-caramelles-desquenes web\" width=\"380\" height=\"290\"><\/td>\n<\/tr>\n<tr class=\"intro\">\n<td><strong>Haz click en la imagen inferior para ver el \u00e1lbum de fotos<\/strong><\/td>\n<\/tr>\n<tr>\n<td><a href=\"https:\/\/plus.google.com\/photos\/101777439817571527018\/albums\/6005049450816531809\"><img loading=\"lazy\" decoding=\"async\" class=\" size-full wp-image-509\" src=\"https:\/\/fundesplai.org\/test-joomla\/wp-content\/uploads\/sites\/26\/2014\/04\/Rectoria_album.jpg\" alt=\"Rector\u00eda album\" width=\"380\" height=\"290\"><\/a><\/td>\n<\/tr>\n<\/tbody>\n<\/table>\n<p>Este 21 de abril, Lunes de Pascua, se ha celebrado la inauguraci\u00f3n de las obras de mejora que <strong>Fundesplai<\/strong> (Fundaci\u00f3n Catalana del Esplai) ha efectuado en la segunda planta y tejado del Albergue de la Rector\u00eda de La Selva, en Riudarenes (Solson\u00e9s).<\/p>\n<p>La inauguraci\u00f3n y visita al Albergue se han enmarcado dentro de la celebraci\u00f3n tradicional de los vecinos y vecinas de Riudarenes, que los Lunes de Pascua suben a la Rector\u00eda de la Selva para oir la misa, que este a\u00f1o ha oficiado el Obispo de Solsona.<\/p>\n<p>Antes del oficio religioso se ha visitado &nbsp;la casa y, a continuaci\u00f3n, se ha disfrutado de la tambi\u00e9n tradicional cantada y bailada de caramelos.<\/p>\n<p>A la celebraci\u00f3n, a la que ha asistido el Alcalde de Riudarenes,&nbsp; Josep M. Casafont y el presidente de Fundesplai, Josep Gass\u00f3,&nbsp; ha participado unas 200 personas, entre vecinos y asistentes a la inauguraci\u00f3n.<\/p>\n<p><strong>Fundesplai invierte 360.000 euros<\/strong><\/p>\n<p>En estas obras de mejora, Fundesplai ha invertido 360.000 euros, que ha conseguido gracias al programa LEADER de la Uni\u00f3n Europea dirigidos a la diversificaci\u00f3n econ\u00f3mica de las zonas rurales, as\u00ed como a trav\u00e9s de los fondos del IRPF del Ministerio de Sanidad, Servicios Sociales e Igualdad.<\/p>\n<p>Fundesplai gestiona el Albergue de la Rector\u00eda de la Selva desde 2008. En este periodo ya efectu\u00f3 unas mejoras de la piscina y la actuaci\u00f3n que se inaugurar\u00e1 el lunes. Actualmente se est\u00e1n haciendo gestiones para conseguir m\u00e1s ayudas que permitan concluir la remodelaci\u00f3n integral del equipamiento.<\/p>\n<p>La Rector\u00eda de la Selva acoge un albergue, unos terrenos de acampada y una escuela de naturaleza, con piscina y pistas deportivas, situados en un punto despejado de alta monta\u00f1a bajo los espectaculares riscos de Busa, en un espacio de un alto inter\u00e9s natural y paisaj\u00edstico. El equipamiento ofrece un espacio para el encuentro, el ocio y la educaci\u00f3n de ni\u00f1os, ni\u00f1as, j\u00f3venes, familias y grupos.<\/p>\n","protected":false},"excerpt":{"rendered":"<p>Este 21 de abril, se ha celebrado la inauguraci\u00f3n de las obras de mejora que Fundesplai (Fundaci\u00f3n Catalana del Esplai) ha efectuado en la segunda planta y tejado del Albergue de la Rector\u00eda de La Selva, en Riudarenes (Solson\u00e9s).<\/p>\n","protected":false},"author":9,"featured_media":0,"comment_status":"closed","ping_status":"closed","sticky":false,"template":"","format":"standard","meta":{"_et_pb_use_builder":"","_et_pb_old_content":"","_et_gb_content_width":"","footnotes":""},"categories":[937],"tags":[],"class_list":["post-47257","post","type-post","status-publish","format-standard","hentry","category-actualitat-es"],"yoast_head":"<!-- This site is optimized with the Yoast SEO plugin v27.4 - https:\/\/yoast.com\/product\/yoast-seo-wordpress\/ -->\n<title>Fundesplai inaugura las obras de mejora del Albergue de la Rector\u00eda de la Selva - Fundesplai<\/title>\n<meta name=\"robots\" content=\"index, follow, max-snippet:-1, max-image-preview:large, max-video-preview:-1\" \/>\n<link rel=\"canonical\" href=\"https:\/\/fundesplai.org\/es\/informa-t\/actualitat-es\/fundesplai-inaugura-las-obras-de-mejora-del-albergue-de-la-rectoria-de-la-selva\/\" \/>\n<meta property=\"og:locale\" content=\"es_ES\" \/>\n<meta property=\"og:type\" content=\"article\" \/>\n<meta property=\"og:title\" content=\"Fundesplai inaugura las obras de mejora del Albergue de la Rector\u00eda de la Selva - Fundesplai\" \/>\n<meta property=\"og:description\" content=\"Este 21 de abril, se ha celebrado la inauguraci\u00f3n de las obras de mejora que Fundesplai (Fundaci\u00f3n Catalana del Esplai) ha efectuado en la segunda planta y tejado del Albergue de la Rector\u00eda de La Selva, en Riudarenes (Solson\u00e9s).\" \/>\n<meta property=\"og:url\" content=\"https:\/\/fundesplai.org\/es\/informa-t\/actualitat-es\/fundesplai-inaugura-las-obras-de-mejora-del-albergue-de-la-rectoria-de-la-selva\/\" \/>\n<meta property=\"og:site_name\" content=\"Fundesplai\" \/>\n<meta property=\"article:published_time\" content=\"2014-04-24T17:42:00+00:00\" \/>\n<meta property=\"article:modified_time\" content=\"2023-08-07T08:34:01+00:00\" \/>\n<meta property=\"og:image\" content=\"https:\/\/fundesplai.org\/test-joomla\/wp-content\/uploads\/sites\/26\/2014\/04\/Fundesplai-trabucaire_web.jpg\" \/>\n<meta name=\"author\" content=\"Alfons Valle\" \/>\n<meta name=\"twitter:card\" content=\"summary_large_image\" \/>\n<meta name=\"twitter:label1\" content=\"Escrito por\" \/>\n\t<meta name=\"twitter:data1\" content=\"Alfons Valle\" \/>\n\t<meta name=\"twitter:label2\" content=\"Tiempo de lectura\" \/>\n\t<meta name=\"twitter:data2\" content=\"2 minutos\" \/>\n<script type=\"application\/ld+json\" class=\"yoast-schema-graph\">{\"@context\":\"https:\\\/\\\/schema.org\",\"@graph\":[{\"@type\":\"Article\",\"@id\":\"https:\\\/\\\/fundesplai.org\\\/es\\\/informa-t\\\/actualitat-es\\\/fundesplai-inaugura-las-obras-de-mejora-del-albergue-de-la-rectoria-de-la-selva\\\/#article\",\"isPartOf\":{\"@id\":\"https:\\\/\\\/fundesplai.org\\\/es\\\/informa-t\\\/actualitat-es\\\/fundesplai-inaugura-las-obras-de-mejora-del-albergue-de-la-rectoria-de-la-selva\\\/\"},\"author\":{\"name\":\"Alfons Valle\",\"@id\":\"https:\\\/\\\/fundesplai.org\\\/es\\\/#\\\/schema\\\/person\\\/c0e9e7466bb8ac06f5264324a6109733\"},\"headline\":\"Fundesplai inaugura las obras de mejora del Albergue de la Rector\u00eda de la Selva\",\"datePublished\":\"2014-04-24T17:42:00+00:00\",\"dateModified\":\"2023-08-07T08:34:01+00:00\",\"mainEntityOfPage\":{\"@id\":\"https:\\\/\\\/fundesplai.org\\\/es\\\/informa-t\\\/actualitat-es\\\/fundesplai-inaugura-las-obras-de-mejora-del-albergue-de-la-rectoria-de-la-selva\\\/\"},\"wordCount\":460,\"image\":{\"@id\":\"https:\\\/\\\/fundesplai.org\\\/es\\\/informa-t\\\/actualitat-es\\\/fundesplai-inaugura-las-obras-de-mejora-del-albergue-de-la-rectoria-de-la-selva\\\/#primaryimage\"},\"thumbnailUrl\":\"https:\\\/\\\/fundesplai.org\\\/test-joomla\\\/wp-content\\\/uploads\\\/sites\\\/26\\\/2014\\\/04\\\/Fundesplai-trabucaire_web.jpg\",\"articleSection\":[\"Actualitat\"],\"inLanguage\":\"es\"},{\"@type\":\"WebPage\",\"@id\":\"https:\\\/\\\/fundesplai.org\\\/es\\\/informa-t\\\/actualitat-es\\\/fundesplai-inaugura-las-obras-de-mejora-del-albergue-de-la-rectoria-de-la-selva\\\/\",\"url\":\"https:\\\/\\\/fundesplai.org\\\/es\\\/informa-t\\\/actualitat-es\\\/fundesplai-inaugura-las-obras-de-mejora-del-albergue-de-la-rectoria-de-la-selva\\\/\",\"name\":\"Fundesplai inaugura las obras de mejora del Albergue de la Rector\u00eda de la Selva - Fundesplai\",\"isPartOf\":{\"@id\":\"https:\\\/\\\/fundesplai.org\\\/es\\\/#website\"},\"primaryImageOfPage\":{\"@id\":\"https:\\\/\\\/fundesplai.org\\\/es\\\/informa-t\\\/actualitat-es\\\/fundesplai-inaugura-las-obras-de-mejora-del-albergue-de-la-rectoria-de-la-selva\\\/#primaryimage\"},\"image\":{\"@id\":\"https:\\\/\\\/fundesplai.org\\\/es\\\/informa-t\\\/actualitat-es\\\/fundesplai-inaugura-las-obras-de-mejora-del-albergue-de-la-rectoria-de-la-selva\\\/#primaryimage\"},\"thumbnailUrl\":\"https:\\\/\\\/fundesplai.org\\\/test-joomla\\\/wp-content\\\/uploads\\\/sites\\\/26\\\/2014\\\/04\\\/Fundesplai-trabucaire_web.jpg\",\"datePublished\":\"2014-04-24T17:42:00+00:00\",\"dateModified\":\"2023-08-07T08:34:01+00:00\",\"author\":{\"@id\":\"https:\\\/\\\/fundesplai.org\\\/es\\\/#\\\/schema\\\/person\\\/c0e9e7466bb8ac06f5264324a6109733\"},\"breadcrumb\":{\"@id\":\"https:\\\/\\\/fundesplai.org\\\/es\\\/informa-t\\\/actualitat-es\\\/fundesplai-inaugura-las-obras-de-mejora-del-albergue-de-la-rectoria-de-la-selva\\\/#breadcrumb\"},\"inLanguage\":\"es\",\"potentialAction\":[{\"@type\":\"ReadAction\",\"target\":[\"https:\\\/\\\/fundesplai.org\\\/es\\\/informa-t\\\/actualitat-es\\\/fundesplai-inaugura-las-obras-de-mejora-del-albergue-de-la-rectoria-de-la-selva\\\/\"]}]},{\"@type\":\"ImageObject\",\"inLanguage\":\"es\",\"@id\":\"https:\\\/\\\/fundesplai.org\\\/es\\\/informa-t\\\/actualitat-es\\\/fundesplai-inaugura-las-obras-de-mejora-del-albergue-de-la-rectoria-de-la-selva\\\/#primaryimage\",\"url\":\"https:\\\/\\\/fundesplai.org\\\/test-joomla\\\/wp-content\\\/uploads\\\/sites\\\/26\\\/2014\\\/04\\\/Fundesplai-trabucaire_web.jpg\",\"contentUrl\":\"https:\\\/\\\/fundesplai.org\\\/test-joomla\\\/wp-content\\\/uploads\\\/sites\\\/26\\\/2014\\\/04\\\/Fundesplai-trabucaire_web.jpg\"},{\"@type\":\"BreadcrumbList\",\"@id\":\"https:\\\/\\\/fundesplai.org\\\/es\\\/informa-t\\\/actualitat-es\\\/fundesplai-inaugura-las-obras-de-mejora-del-albergue-de-la-rectoria-de-la-selva\\\/#breadcrumb\",\"itemListElement\":[{\"@type\":\"ListItem\",\"position\":1,\"name\":\"Inici\",\"item\":\"https:\\\/\\\/fundesplai.org\\\/es\\\/inicio\\\/\"},{\"@type\":\"ListItem\",\"position\":2,\"name\":\"Inf\u00f3rmate\",\"item\":\"https:\\\/\\\/fundesplai.org\\\/es\\\/informate\\\/\"},{\"@type\":\"ListItem\",\"position\":3,\"name\":\"Actualitat\",\"item\":\"https:\\\/\\\/fundesplai.org\\\/es\\\/informa-t\\\/category\\\/actualitat-es\\\/\"},{\"@type\":\"ListItem\",\"position\":4,\"name\":\"Fundesplai inaugura las obras de mejora del Albergue de la Rector\u00eda de la Selva\"}]},{\"@type\":\"WebSite\",\"@id\":\"https:\\\/\\\/fundesplai.org\\\/es\\\/#website\",\"url\":\"https:\\\/\\\/fundesplai.org\\\/es\\\/\",\"name\":\"Fundesplai\",\"description\":\"Eduquem per la conviv\u00e8ncia i la sostenibilitat\",\"potentialAction\":[{\"@type\":\"SearchAction\",\"target\":{\"@type\":\"EntryPoint\",\"urlTemplate\":\"https:\\\/\\\/fundesplai.org\\\/es\\\/?s={search_term_string}\"},\"query-input\":{\"@type\":\"PropertyValueSpecification\",\"valueRequired\":true,\"valueName\":\"search_term_string\"}}],\"inLanguage\":\"es\"},{\"@type\":\"Person\",\"@id\":\"https:\\\/\\\/fundesplai.org\\\/es\\\/#\\\/schema\\\/person\\\/c0e9e7466bb8ac06f5264324a6109733\",\"name\":\"Alfons Valle\",\"image\":{\"@type\":\"ImageObject\",\"inLanguage\":\"es\",\"@id\":\"https:\\\/\\\/secure.gravatar.com\\\/avatar\\\/71d95a3f99a068ba570ac1314ed6911a59c5ae3f22ffcf23631cd1a861a640bc?s=96&d=mm&r=g\",\"url\":\"https:\\\/\\\/secure.gravatar.com\\\/avatar\\\/71d95a3f99a068ba570ac1314ed6911a59c5ae3f22ffcf23631cd1a861a640bc?s=96&d=mm&r=g\",\"contentUrl\":\"https:\\\/\\\/secure.gravatar.com\\\/avatar\\\/71d95a3f99a068ba570ac1314ed6911a59c5ae3f22ffcf23631cd1a861a640bc?s=96&d=mm&r=g\",\"caption\":\"Alfons Valle\"},\"url\":\"https:\\\/\\\/fundesplai.org\\\/es\\\/informa-t\\\/author\\\/avalle\\\/\"}]}<\/script>\n<!-- \/ Yoast SEO plugin. -->","yoast_head_json":{"title":"Fundesplai inaugura las obras de mejora del Albergue de la Rector\u00eda de la Selva - Fundesplai","robots":{"index":"index","follow":"follow","max-snippet":"max-snippet:-1","max-image-preview":"max-image-preview:large","max-video-preview":"max-video-preview:-1"},"canonical":"https:\/\/fundesplai.org\/es\/informa-t\/actualitat-es\/fundesplai-inaugura-las-obras-de-mejora-del-albergue-de-la-rectoria-de-la-selva\/","og_locale":"es_ES","og_type":"article","og_title":"Fundesplai inaugura las obras de mejora del Albergue de la Rector\u00eda de la Selva - Fundesplai","og_description":"Este 21 de abril, se ha celebrado la inauguraci\u00f3n de las obras de mejora que Fundesplai (Fundaci\u00f3n Catalana del Esplai) ha efectuado en la segunda planta y tejado del Albergue de la Rector\u00eda de La Selva, en Riudarenes (Solson\u00e9s).","og_url":"https:\/\/fundesplai.org\/es\/informa-t\/actualitat-es\/fundesplai-inaugura-las-obras-de-mejora-del-albergue-de-la-rectoria-de-la-selva\/","og_site_name":"Fundesplai","article_published_time":"2014-04-24T17:42:00+00:00","article_modified_time":"2023-08-07T08:34:01+00:00","og_image":[{"url":"https:\/\/fundesplai.org\/test-joomla\/wp-content\/uploads\/sites\/26\/2014\/04\/Fundesplai-trabucaire_web.jpg","type":"","width":"","height":""}],"author":"Alfons Valle","twitter_card":"summary_large_image","twitter_misc":{"Escrito por":"Alfons Valle","Tiempo de lectura":"2 minutos"},"schema":{"@context":"https:\/\/schema.org","@graph":[{"@type":"Article","@id":"https:\/\/fundesplai.org\/es\/informa-t\/actualitat-es\/fundesplai-inaugura-las-obras-de-mejora-del-albergue-de-la-rectoria-de-la-selva\/#article","isPartOf":{"@id":"https:\/\/fundesplai.org\/es\/informa-t\/actualitat-es\/fundesplai-inaugura-las-obras-de-mejora-del-albergue-de-la-rectoria-de-la-selva\/"},"author":{"name":"Alfons Valle","@id":"https:\/\/fundesplai.org\/es\/#\/schema\/person\/c0e9e7466bb8ac06f5264324a6109733"},"headline":"Fundesplai inaugura las obras de mejora del Albergue de la Rector\u00eda de la Selva","datePublished":"2014-04-24T17:42:00+00:00","dateModified":"2023-08-07T08:34:01+00:00","mainEntityOfPage":{"@id":"https:\/\/fundesplai.org\/es\/informa-t\/actualitat-es\/fundesplai-inaugura-las-obras-de-mejora-del-albergue-de-la-rectoria-de-la-selva\/"},"wordCount":460,"image":{"@id":"https:\/\/fundesplai.org\/es\/informa-t\/actualitat-es\/fundesplai-inaugura-las-obras-de-mejora-del-albergue-de-la-rectoria-de-la-selva\/#primaryimage"},"thumbnailUrl":"https:\/\/fundesplai.org\/test-joomla\/wp-content\/uploads\/sites\/26\/2014\/04\/Fundesplai-trabucaire_web.jpg","articleSection":["Actualitat"],"inLanguage":"es"},{"@type":"WebPage","@id":"https:\/\/fundesplai.org\/es\/informa-t\/actualitat-es\/fundesplai-inaugura-las-obras-de-mejora-del-albergue-de-la-rectoria-de-la-selva\/","url":"https:\/\/fundesplai.org\/es\/informa-t\/actualitat-es\/fundesplai-inaugura-las-obras-de-mejora-del-albergue-de-la-rectoria-de-la-selva\/","name":"Fundesplai inaugura las obras de mejora del Albergue de la Rector\u00eda de la Selva - Fundesplai","isPartOf":{"@id":"https:\/\/fundesplai.org\/es\/#website"},"primaryImageOfPage":{"@id":"https:\/\/fundesplai.org\/es\/informa-t\/actualitat-es\/fundesplai-inaugura-las-obras-de-mejora-del-albergue-de-la-rectoria-de-la-selva\/#primaryimage"},"image":{"@id":"https:\/\/fundesplai.org\/es\/informa-t\/actualitat-es\/fundesplai-inaugura-las-obras-de-mejora-del-albergue-de-la-rectoria-de-la-selva\/#primaryimage"},"thumbnailUrl":"https:\/\/fundesplai.org\/test-joomla\/wp-content\/uploads\/sites\/26\/2014\/04\/Fundesplai-trabucaire_web.jpg","datePublished":"2014-04-24T17:42:00+00:00","dateModified":"2023-08-07T08:34:01+00:00","author":{"@id":"https:\/\/fundesplai.org\/es\/#\/schema\/person\/c0e9e7466bb8ac06f5264324a6109733"},"breadcrumb":{"@id":"https:\/\/fundesplai.org\/es\/informa-t\/actualitat-es\/fundesplai-inaugura-las-obras-de-mejora-del-albergue-de-la-rectoria-de-la-selva\/#breadcrumb"},"inLanguage":"es","potentialAction":[{"@type":"ReadAction","target":["https:\/\/fundesplai.org\/es\/informa-t\/actualitat-es\/fundesplai-inaugura-las-obras-de-mejora-del-albergue-de-la-rectoria-de-la-selva\/"]}]},{"@type":"ImageObject","inLanguage":"es","@id":"https:\/\/fundesplai.org\/es\/informa-t\/actualitat-es\/fundesplai-inaugura-las-obras-de-mejora-del-albergue-de-la-rectoria-de-la-selva\/#primaryimage","url":"https:\/\/fundesplai.org\/test-joomla\/wp-content\/uploads\/sites\/26\/2014\/04\/Fundesplai-trabucaire_web.jpg","contentUrl":"https:\/\/fundesplai.org\/test-joomla\/wp-content\/uploads\/sites\/26\/2014\/04\/Fundesplai-trabucaire_web.jpg"},{"@type":"BreadcrumbList","@id":"https:\/\/fundesplai.org\/es\/informa-t\/actualitat-es\/fundesplai-inaugura-las-obras-de-mejora-del-albergue-de-la-rectoria-de-la-selva\/#breadcrumb","itemListElement":[{"@type":"ListItem","position":1,"name":"Inici","item":"https:\/\/fundesplai.org\/es\/inicio\/"},{"@type":"ListItem","position":2,"name":"Inf\u00f3rmate","item":"https:\/\/fundesplai.org\/es\/informate\/"},{"@type":"ListItem","position":3,"name":"Actualitat","item":"https:\/\/fundesplai.org\/es\/informa-t\/category\/actualitat-es\/"},{"@type":"ListItem","position":4,"name":"Fundesplai inaugura las obras de mejora del Albergue de la Rector\u00eda de la Selva"}]},{"@type":"WebSite","@id":"https:\/\/fundesplai.org\/es\/#website","url":"https:\/\/fundesplai.org\/es\/","name":"Fundesplai","description":"Eduquem per la conviv\u00e8ncia i la sostenibilitat","potentialAction":[{"@type":"SearchAction","target":{"@type":"EntryPoint","urlTemplate":"https:\/\/fundesplai.org\/es\/?s={search_term_string}"},"query-input":{"@type":"PropertyValueSpecification","valueRequired":true,"valueName":"search_term_string"}}],"inLanguage":"es"},{"@type":"Person","@id":"https:\/\/fundesplai.org\/es\/#\/schema\/person\/c0e9e7466bb8ac06f5264324a6109733","name":"Alfons Valle","image":{"@type":"ImageObject","inLanguage":"es","@id":"https:\/\/secure.gravatar.com\/avatar\/71d95a3f99a068ba570ac1314ed6911a59c5ae3f22ffcf23631cd1a861a640bc?s=96&d=mm&r=g","url":"https:\/\/secure.gravatar.com\/avatar\/71d95a3f99a068ba570ac1314ed6911a59c5ae3f22ffcf23631cd1a861a640bc?s=96&d=mm&r=g","contentUrl":"https:\/\/secure.gravatar.com\/avatar\/71d95a3f99a068ba570ac1314ed6911a59c5ae3f22ffcf23631cd1a861a640bc?s=96&d=mm&r=g","caption":"Alfons Valle"},"url":"https:\/\/fundesplai.org\/es\/informa-t\/author\/avalle\/"}]}},"_links":{"self":[{"href":"https:\/\/fundesplai.org\/es\/wp-json\/wp\/v2\/posts\/47257","targetHints":{"allow":["GET"]}}],"collection":[{"href":"https:\/\/fundesplai.org\/es\/wp-json\/wp\/v2\/posts"}],"about":[{"href":"https:\/\/fundesplai.org\/es\/wp-json\/wp\/v2\/types\/post"}],"author":[{"embeddable":true,"href":"https:\/\/fundesplai.org\/es\/wp-json\/wp\/v2\/users\/9"}],"replies":[{"embeddable":true,"href":"https:\/\/fundesplai.org\/es\/wp-json\/wp\/v2\/comments?post=47257"}],"version-history":[{"count":1,"href":"https:\/\/fundesplai.org\/es\/wp-json\/wp\/v2\/posts\/47257\/revisions"}],"predecessor-version":[{"id":47258,"href":"https:\/\/fundesplai.org\/es\/wp-json\/wp\/v2\/posts\/47257\/revisions\/47258"}],"wp:attachment":[{"href":"https:\/\/fundesplai.org\/es\/wp-json\/wp\/v2\/media?parent=47257"}],"wp:term":[{"taxonomy":"category","embeddable":true,"href":"https:\/\/fundesplai.org\/es\/wp-json\/wp\/v2\/categories?post=47257"},{"taxonomy":"post_tag","embeddable":true,"href":"https:\/\/fundesplai.org\/es\/wp-json\/wp\/v2\/tags?post=47257"}],"curies":[{"name":"wp","href":"https:\/\/api.w.org\/{rel}","templated":true}]}}