{"id":47249,"date":"2014-04-24T15:20:24","date_gmt":"2014-04-24T13:20:24","guid":{"rendered":"https:\/\/fundesplai.org\/informa-t\/sense-categoria\/el-tresca-europe-tambien-en-portugal\/"},"modified":"2023-08-07T10:26:28","modified_gmt":"2023-08-07T08:26:28","slug":"el-tresca-europe-tambien-en-portugal","status":"publish","type":"post","link":"https:\/\/fundesplai.org\/es\/informa-t\/actualitat-es\/el-tresca-europe-tambien-en-portugal\/","title":{"rendered":"El Tresca Europe tambi\u00e9n en Portugal"},"content":{"rendered":"<p>En el marco de las acciones internacionales del proyecto <a href=\"ca\/infants-i-joves\/projectes-infants-i-joves\/tresca-jove\">Tresca Europe<\/a>, impulsado por Fundaci\u00f3n Esplai y financiado por Stavros Niarchos Foundation, el equipo de trabajo del Tresca visit\u00f3 la entidad socia del proyecto en Portugal, <a href=\"http:\/\/www.fjuventude.pt\/\">Funda\u00e7ao da Joventude<\/a> con sede en Porto.<\/p>\n<p><!--more--><\/p>\n<table style=\"width: 380px\" cellspacing=\"5\" align=\"left\">\n<tbody>\n<tr>\n<td><img loading=\"lazy\" decoding=\"async\" class=\" size-full wp-image-515\" src=\"https:\/\/fundesplai.org\/test-joomla\/wp-content\/uploads\/sites\/26\/2014\/04\/06.3-10.04.2014-Visita-Portugal.jpg\" alt=\"06.3-10.04.2014-Visita-Portugal\" width=\"380\" height=\"290\">&nbsp;<\/td>\n<\/tr>\n<tr>\n<td><strong><span class=\"text-petit\">De izquierda a derecha, Remei S\u00e1ez y Maria Bruno, de Fundesplai, con las representantes de Funda\u00e7ao Da Joventude<\/span><\/strong><\/td>\n<\/tr>\n<\/tbody>\n<\/table>\n<p>En el marco de las acciones internacionales del proyecto <a href=\"ca\/infants-i-joves\/projectes-infants-i-joves\/tresca-jove\">Tresca Europe<\/a>, impulsado por Fundaci\u00f3n Esplai y financiado por Stavros Niarchos Foundation, el equipo de trabajo del Tresca visit\u00f3 la entidad socia del proyecto en Portugal, <a href=\"http:\/\/www.fjuventude.pt\/\">Funda\u00e7ao da Joventude<\/a> con sede en Porto.<\/p>\n<p>El proyecto Tresca Europe consiste en la transferencia del programa de inclusi\u00f3n sociolaboral de j\u00f3venes&nbsp;<strong>Tresca Joven<\/strong>&nbsp;que hasta ahora ha desarrollado<a href=\"http:\/\/www.fundesplai.org\" target=\"_blank\" rel=\"noopener\"> Fundesplai<\/a> (Fundaci\u00f3n Catalana del Esplai) en Catalu\u00f1a a entidades sociales de Espa\u00f1a, Portugal e Italia y con la participaci\u00f3n de 350 j\u00f3venes. Un total de 25 j\u00f3venes ya han iniciado la formaci\u00f3n en Portugal durante el mes de abril con la entidad.&nbsp;<a href=\"http:\/\/www.fjuventude.pt\/pt\/destaques\/421\/tresca-europe.aspx\" target=\"_blank\" rel=\"noopener\">Funda\u00e7ao Da Joventude<\/a>&nbsp;como socia local.<\/p>\n<p>La visita de trabajo&nbsp; de los d\u00edas&nbsp; 8, 9 y 10 de abril tuvo como principales objetivos generar un espacio de trabajo com\u00fan presencial entre el equipo Tresca Europe en Porto y Tresca Europe en Barcelona; visitar y conocer de primera mano c\u00f3mo se est\u00e1 desarrollando el Tresca Europe en Porto; compartir las herramientas y documentaci\u00f3n de trabajo en el marco del proyecto, y las mejoras en las que se ha avanzado desde noviembre 2013 hasta ahora; validar los procesos de trabajo del socio Funda\u00e7ao da Joventude, visualizar propuestas de acompa\u00f1amiento y mejora al desarrollo del proyecto por primera vez en Portugal y conocer de primera mano las impresiones de los y las j\u00f3venes participantes en el proyecto.<\/p>\n<p>La visita cont\u00f3 con la participaci\u00f3n de Maria Bruno, coordinadora y responsable del proyecto Tresca, y Remei Saez, t\u00e9cnica del proyecto Tresca.&nbsp; En los pr\u00f3ximos meses est\u00e1 previsto&nbsp; poder incorporar al proyecto a&nbsp; la entidad socia italiana Arci, para comenzar con la transferencia de modelo del Tresca, tal y como se hizo con el socio Funda\u00e7ao da Joventude, hace unos meses.<\/p>\n","protected":false},"excerpt":{"rendered":"<p>En el marco de las acciones internacionales del proyecto Tresca Europe, impulsado por Fundaci\u00f3n Esplai y financiado por Stavros Niarchos Foundation, el equipo de trabajo del Tresca visit\u00f3 la entidad socia del proyecto en Portugal, Funda\u00e7ao da Joventude con sede en Porto.<\/p>\n","protected":false},"author":9,"featured_media":0,"comment_status":"closed","ping_status":"closed","sticky":false,"template":"","format":"standard","meta":{"_et_pb_use_builder":"","_et_pb_old_content":"","_et_gb_content_width":"","footnotes":""},"categories":[937],"tags":[],"class_list":["post-47249","post","type-post","status-publish","format-standard","hentry","category-actualitat-es"],"yoast_head":"<!-- This site is optimized with the Yoast SEO plugin v27.4 - https:\/\/yoast.com\/product\/yoast-seo-wordpress\/ -->\n<title>El Tresca Europe tambi\u00e9n en Portugal - Fundesplai<\/title>\n<meta name=\"robots\" content=\"index, follow, max-snippet:-1, max-image-preview:large, max-video-preview:-1\" \/>\n<link rel=\"canonical\" href=\"https:\/\/fundesplai.org\/es\/informa-t\/actualitat-es\/el-tresca-europe-tambien-en-portugal\/\" \/>\n<meta property=\"og:locale\" content=\"es_ES\" \/>\n<meta property=\"og:type\" content=\"article\" \/>\n<meta property=\"og:title\" content=\"El Tresca Europe tambi\u00e9n en Portugal - Fundesplai\" \/>\n<meta property=\"og:description\" content=\"En el marco de las acciones internacionales del proyecto Tresca Europe, impulsado por Fundaci\u00f3n Esplai y financiado por Stavros Niarchos Foundation, el equipo de trabajo del Tresca visit\u00f3 la entidad socia del proyecto en Portugal, Funda\u00e7ao da Joventude con sede en Porto.\" \/>\n<meta property=\"og:url\" content=\"https:\/\/fundesplai.org\/es\/informa-t\/actualitat-es\/el-tresca-europe-tambien-en-portugal\/\" \/>\n<meta property=\"og:site_name\" content=\"Fundesplai\" \/>\n<meta property=\"article:published_time\" content=\"2014-04-24T13:20:24+00:00\" \/>\n<meta property=\"article:modified_time\" content=\"2023-08-07T08:26:28+00:00\" \/>\n<meta property=\"og:image\" content=\"https:\/\/fundesplai.org\/test-joomla\/wp-content\/uploads\/sites\/26\/2014\/04\/06.3-10.04.2014-Visita-Portugal.jpg\" \/>\n<meta name=\"author\" content=\"Alfons Valle\" \/>\n<meta name=\"twitter:card\" content=\"summary_large_image\" \/>\n<meta name=\"twitter:label1\" content=\"Escrito por\" \/>\n\t<meta name=\"twitter:data1\" content=\"Alfons Valle\" \/>\n\t<meta name=\"twitter:label2\" content=\"Tiempo de lectura\" \/>\n\t<meta name=\"twitter:data2\" content=\"2 minutos\" \/>\n<script type=\"application\/ld+json\" class=\"yoast-schema-graph\">{\"@context\":\"https:\\\/\\\/schema.org\",\"@graph\":[{\"@type\":\"Article\",\"@id\":\"https:\\\/\\\/fundesplai.org\\\/es\\\/informa-t\\\/actualitat-es\\\/el-tresca-europe-tambien-en-portugal\\\/#article\",\"isPartOf\":{\"@id\":\"https:\\\/\\\/fundesplai.org\\\/es\\\/informa-t\\\/actualitat-es\\\/el-tresca-europe-tambien-en-portugal\\\/\"},\"author\":{\"name\":\"Alfons Valle\",\"@id\":\"https:\\\/\\\/fundesplai.org\\\/es\\\/#\\\/schema\\\/person\\\/c0e9e7466bb8ac06f5264324a6109733\"},\"headline\":\"El Tresca Europe tambi\u00e9n en Portugal\",\"datePublished\":\"2014-04-24T13:20:24+00:00\",\"dateModified\":\"2023-08-07T08:26:28+00:00\",\"mainEntityOfPage\":{\"@id\":\"https:\\\/\\\/fundesplai.org\\\/es\\\/informa-t\\\/actualitat-es\\\/el-tresca-europe-tambien-en-portugal\\\/\"},\"wordCount\":389,\"image\":{\"@id\":\"https:\\\/\\\/fundesplai.org\\\/es\\\/informa-t\\\/actualitat-es\\\/el-tresca-europe-tambien-en-portugal\\\/#primaryimage\"},\"thumbnailUrl\":\"https:\\\/\\\/fundesplai.org\\\/test-joomla\\\/wp-content\\\/uploads\\\/sites\\\/26\\\/2014\\\/04\\\/06.3-10.04.2014-Visita-Portugal.jpg\",\"articleSection\":[\"Actualitat\"],\"inLanguage\":\"es\"},{\"@type\":\"WebPage\",\"@id\":\"https:\\\/\\\/fundesplai.org\\\/es\\\/informa-t\\\/actualitat-es\\\/el-tresca-europe-tambien-en-portugal\\\/\",\"url\":\"https:\\\/\\\/fundesplai.org\\\/es\\\/informa-t\\\/actualitat-es\\\/el-tresca-europe-tambien-en-portugal\\\/\",\"name\":\"El Tresca Europe tambi\u00e9n en Portugal - Fundesplai\",\"isPartOf\":{\"@id\":\"https:\\\/\\\/fundesplai.org\\\/es\\\/#website\"},\"primaryImageOfPage\":{\"@id\":\"https:\\\/\\\/fundesplai.org\\\/es\\\/informa-t\\\/actualitat-es\\\/el-tresca-europe-tambien-en-portugal\\\/#primaryimage\"},\"image\":{\"@id\":\"https:\\\/\\\/fundesplai.org\\\/es\\\/informa-t\\\/actualitat-es\\\/el-tresca-europe-tambien-en-portugal\\\/#primaryimage\"},\"thumbnailUrl\":\"https:\\\/\\\/fundesplai.org\\\/test-joomla\\\/wp-content\\\/uploads\\\/sites\\\/26\\\/2014\\\/04\\\/06.3-10.04.2014-Visita-Portugal.jpg\",\"datePublished\":\"2014-04-24T13:20:24+00:00\",\"dateModified\":\"2023-08-07T08:26:28+00:00\",\"author\":{\"@id\":\"https:\\\/\\\/fundesplai.org\\\/es\\\/#\\\/schema\\\/person\\\/c0e9e7466bb8ac06f5264324a6109733\"},\"breadcrumb\":{\"@id\":\"https:\\\/\\\/fundesplai.org\\\/es\\\/informa-t\\\/actualitat-es\\\/el-tresca-europe-tambien-en-portugal\\\/#breadcrumb\"},\"inLanguage\":\"es\",\"potentialAction\":[{\"@type\":\"ReadAction\",\"target\":[\"https:\\\/\\\/fundesplai.org\\\/es\\\/informa-t\\\/actualitat-es\\\/el-tresca-europe-tambien-en-portugal\\\/\"]}]},{\"@type\":\"ImageObject\",\"inLanguage\":\"es\",\"@id\":\"https:\\\/\\\/fundesplai.org\\\/es\\\/informa-t\\\/actualitat-es\\\/el-tresca-europe-tambien-en-portugal\\\/#primaryimage\",\"url\":\"https:\\\/\\\/fundesplai.org\\\/test-joomla\\\/wp-content\\\/uploads\\\/sites\\\/26\\\/2014\\\/04\\\/06.3-10.04.2014-Visita-Portugal.jpg\",\"contentUrl\":\"https:\\\/\\\/fundesplai.org\\\/test-joomla\\\/wp-content\\\/uploads\\\/sites\\\/26\\\/2014\\\/04\\\/06.3-10.04.2014-Visita-Portugal.jpg\"},{\"@type\":\"BreadcrumbList\",\"@id\":\"https:\\\/\\\/fundesplai.org\\\/es\\\/informa-t\\\/actualitat-es\\\/el-tresca-europe-tambien-en-portugal\\\/#breadcrumb\",\"itemListElement\":[{\"@type\":\"ListItem\",\"position\":1,\"name\":\"Inici\",\"item\":\"https:\\\/\\\/fundesplai.org\\\/es\\\/inicio\\\/\"},{\"@type\":\"ListItem\",\"position\":2,\"name\":\"Inf\u00f3rmate\",\"item\":\"https:\\\/\\\/fundesplai.org\\\/es\\\/informate\\\/\"},{\"@type\":\"ListItem\",\"position\":3,\"name\":\"Actualitat\",\"item\":\"https:\\\/\\\/fundesplai.org\\\/es\\\/informa-t\\\/category\\\/actualitat-es\\\/\"},{\"@type\":\"ListItem\",\"position\":4,\"name\":\"El Tresca Europe tambi\u00e9n en Portugal\"}]},{\"@type\":\"WebSite\",\"@id\":\"https:\\\/\\\/fundesplai.org\\\/es\\\/#website\",\"url\":\"https:\\\/\\\/fundesplai.org\\\/es\\\/\",\"name\":\"Fundesplai\",\"description\":\"Eduquem per la conviv\u00e8ncia i la sostenibilitat\",\"potentialAction\":[{\"@type\":\"SearchAction\",\"target\":{\"@type\":\"EntryPoint\",\"urlTemplate\":\"https:\\\/\\\/fundesplai.org\\\/es\\\/?s={search_term_string}\"},\"query-input\":{\"@type\":\"PropertyValueSpecification\",\"valueRequired\":true,\"valueName\":\"search_term_string\"}}],\"inLanguage\":\"es\"},{\"@type\":\"Person\",\"@id\":\"https:\\\/\\\/fundesplai.org\\\/es\\\/#\\\/schema\\\/person\\\/c0e9e7466bb8ac06f5264324a6109733\",\"name\":\"Alfons Valle\",\"image\":{\"@type\":\"ImageObject\",\"inLanguage\":\"es\",\"@id\":\"https:\\\/\\\/secure.gravatar.com\\\/avatar\\\/71d95a3f99a068ba570ac1314ed6911a59c5ae3f22ffcf23631cd1a861a640bc?s=96&d=mm&r=g\",\"url\":\"https:\\\/\\\/secure.gravatar.com\\\/avatar\\\/71d95a3f99a068ba570ac1314ed6911a59c5ae3f22ffcf23631cd1a861a640bc?s=96&d=mm&r=g\",\"contentUrl\":\"https:\\\/\\\/secure.gravatar.com\\\/avatar\\\/71d95a3f99a068ba570ac1314ed6911a59c5ae3f22ffcf23631cd1a861a640bc?s=96&d=mm&r=g\",\"caption\":\"Alfons Valle\"},\"url\":\"https:\\\/\\\/fundesplai.org\\\/es\\\/informa-t\\\/author\\\/avalle\\\/\"}]}<\/script>\n<!-- \/ Yoast SEO plugin. -->","yoast_head_json":{"title":"El Tresca Europe tambi\u00e9n en Portugal - Fundesplai","robots":{"index":"index","follow":"follow","max-snippet":"max-snippet:-1","max-image-preview":"max-image-preview:large","max-video-preview":"max-video-preview:-1"},"canonical":"https:\/\/fundesplai.org\/es\/informa-t\/actualitat-es\/el-tresca-europe-tambien-en-portugal\/","og_locale":"es_ES","og_type":"article","og_title":"El Tresca Europe tambi\u00e9n en Portugal - Fundesplai","og_description":"En el marco de las acciones internacionales del proyecto Tresca Europe, impulsado por Fundaci\u00f3n Esplai y financiado por Stavros Niarchos Foundation, el equipo de trabajo del Tresca visit\u00f3 la entidad socia del proyecto en Portugal, Funda\u00e7ao da Joventude con sede en Porto.","og_url":"https:\/\/fundesplai.org\/es\/informa-t\/actualitat-es\/el-tresca-europe-tambien-en-portugal\/","og_site_name":"Fundesplai","article_published_time":"2014-04-24T13:20:24+00:00","article_modified_time":"2023-08-07T08:26:28+00:00","og_image":[{"url":"https:\/\/fundesplai.org\/test-joomla\/wp-content\/uploads\/sites\/26\/2014\/04\/06.3-10.04.2014-Visita-Portugal.jpg","type":"","width":"","height":""}],"author":"Alfons Valle","twitter_card":"summary_large_image","twitter_misc":{"Escrito por":"Alfons Valle","Tiempo de lectura":"2 minutos"},"schema":{"@context":"https:\/\/schema.org","@graph":[{"@type":"Article","@id":"https:\/\/fundesplai.org\/es\/informa-t\/actualitat-es\/el-tresca-europe-tambien-en-portugal\/#article","isPartOf":{"@id":"https:\/\/fundesplai.org\/es\/informa-t\/actualitat-es\/el-tresca-europe-tambien-en-portugal\/"},"author":{"name":"Alfons Valle","@id":"https:\/\/fundesplai.org\/es\/#\/schema\/person\/c0e9e7466bb8ac06f5264324a6109733"},"headline":"El Tresca Europe tambi\u00e9n en Portugal","datePublished":"2014-04-24T13:20:24+00:00","dateModified":"2023-08-07T08:26:28+00:00","mainEntityOfPage":{"@id":"https:\/\/fundesplai.org\/es\/informa-t\/actualitat-es\/el-tresca-europe-tambien-en-portugal\/"},"wordCount":389,"image":{"@id":"https:\/\/fundesplai.org\/es\/informa-t\/actualitat-es\/el-tresca-europe-tambien-en-portugal\/#primaryimage"},"thumbnailUrl":"https:\/\/fundesplai.org\/test-joomla\/wp-content\/uploads\/sites\/26\/2014\/04\/06.3-10.04.2014-Visita-Portugal.jpg","articleSection":["Actualitat"],"inLanguage":"es"},{"@type":"WebPage","@id":"https:\/\/fundesplai.org\/es\/informa-t\/actualitat-es\/el-tresca-europe-tambien-en-portugal\/","url":"https:\/\/fundesplai.org\/es\/informa-t\/actualitat-es\/el-tresca-europe-tambien-en-portugal\/","name":"El Tresca Europe tambi\u00e9n en Portugal - Fundesplai","isPartOf":{"@id":"https:\/\/fundesplai.org\/es\/#website"},"primaryImageOfPage":{"@id":"https:\/\/fundesplai.org\/es\/informa-t\/actualitat-es\/el-tresca-europe-tambien-en-portugal\/#primaryimage"},"image":{"@id":"https:\/\/fundesplai.org\/es\/informa-t\/actualitat-es\/el-tresca-europe-tambien-en-portugal\/#primaryimage"},"thumbnailUrl":"https:\/\/fundesplai.org\/test-joomla\/wp-content\/uploads\/sites\/26\/2014\/04\/06.3-10.04.2014-Visita-Portugal.jpg","datePublished":"2014-04-24T13:20:24+00:00","dateModified":"2023-08-07T08:26:28+00:00","author":{"@id":"https:\/\/fundesplai.org\/es\/#\/schema\/person\/c0e9e7466bb8ac06f5264324a6109733"},"breadcrumb":{"@id":"https:\/\/fundesplai.org\/es\/informa-t\/actualitat-es\/el-tresca-europe-tambien-en-portugal\/#breadcrumb"},"inLanguage":"es","potentialAction":[{"@type":"ReadAction","target":["https:\/\/fundesplai.org\/es\/informa-t\/actualitat-es\/el-tresca-europe-tambien-en-portugal\/"]}]},{"@type":"ImageObject","inLanguage":"es","@id":"https:\/\/fundesplai.org\/es\/informa-t\/actualitat-es\/el-tresca-europe-tambien-en-portugal\/#primaryimage","url":"https:\/\/fundesplai.org\/test-joomla\/wp-content\/uploads\/sites\/26\/2014\/04\/06.3-10.04.2014-Visita-Portugal.jpg","contentUrl":"https:\/\/fundesplai.org\/test-joomla\/wp-content\/uploads\/sites\/26\/2014\/04\/06.3-10.04.2014-Visita-Portugal.jpg"},{"@type":"BreadcrumbList","@id":"https:\/\/fundesplai.org\/es\/informa-t\/actualitat-es\/el-tresca-europe-tambien-en-portugal\/#breadcrumb","itemListElement":[{"@type":"ListItem","position":1,"name":"Inici","item":"https:\/\/fundesplai.org\/es\/inicio\/"},{"@type":"ListItem","position":2,"name":"Inf\u00f3rmate","item":"https:\/\/fundesplai.org\/es\/informate\/"},{"@type":"ListItem","position":3,"name":"Actualitat","item":"https:\/\/fundesplai.org\/es\/informa-t\/category\/actualitat-es\/"},{"@type":"ListItem","position":4,"name":"El Tresca Europe tambi\u00e9n en Portugal"}]},{"@type":"WebSite","@id":"https:\/\/fundesplai.org\/es\/#website","url":"https:\/\/fundesplai.org\/es\/","name":"Fundesplai","description":"Eduquem per la conviv\u00e8ncia i la sostenibilitat","potentialAction":[{"@type":"SearchAction","target":{"@type":"EntryPoint","urlTemplate":"https:\/\/fundesplai.org\/es\/?s={search_term_string}"},"query-input":{"@type":"PropertyValueSpecification","valueRequired":true,"valueName":"search_term_string"}}],"inLanguage":"es"},{"@type":"Person","@id":"https:\/\/fundesplai.org\/es\/#\/schema\/person\/c0e9e7466bb8ac06f5264324a6109733","name":"Alfons Valle","image":{"@type":"ImageObject","inLanguage":"es","@id":"https:\/\/secure.gravatar.com\/avatar\/71d95a3f99a068ba570ac1314ed6911a59c5ae3f22ffcf23631cd1a861a640bc?s=96&d=mm&r=g","url":"https:\/\/secure.gravatar.com\/avatar\/71d95a3f99a068ba570ac1314ed6911a59c5ae3f22ffcf23631cd1a861a640bc?s=96&d=mm&r=g","contentUrl":"https:\/\/secure.gravatar.com\/avatar\/71d95a3f99a068ba570ac1314ed6911a59c5ae3f22ffcf23631cd1a861a640bc?s=96&d=mm&r=g","caption":"Alfons Valle"},"url":"https:\/\/fundesplai.org\/es\/informa-t\/author\/avalle\/"}]}},"_links":{"self":[{"href":"https:\/\/fundesplai.org\/es\/wp-json\/wp\/v2\/posts\/47249","targetHints":{"allow":["GET"]}}],"collection":[{"href":"https:\/\/fundesplai.org\/es\/wp-json\/wp\/v2\/posts"}],"about":[{"href":"https:\/\/fundesplai.org\/es\/wp-json\/wp\/v2\/types\/post"}],"author":[{"embeddable":true,"href":"https:\/\/fundesplai.org\/es\/wp-json\/wp\/v2\/users\/9"}],"replies":[{"embeddable":true,"href":"https:\/\/fundesplai.org\/es\/wp-json\/wp\/v2\/comments?post=47249"}],"version-history":[{"count":1,"href":"https:\/\/fundesplai.org\/es\/wp-json\/wp\/v2\/posts\/47249\/revisions"}],"predecessor-version":[{"id":47250,"href":"https:\/\/fundesplai.org\/es\/wp-json\/wp\/v2\/posts\/47249\/revisions\/47250"}],"wp:attachment":[{"href":"https:\/\/fundesplai.org\/es\/wp-json\/wp\/v2\/media?parent=47249"}],"wp:term":[{"taxonomy":"category","embeddable":true,"href":"https:\/\/fundesplai.org\/es\/wp-json\/wp\/v2\/categories?post=47249"},{"taxonomy":"post_tag","embeddable":true,"href":"https:\/\/fundesplai.org\/es\/wp-json\/wp\/v2\/tags?post=47249"}],"curies":[{"name":"wp","href":"https:\/\/api.w.org\/{rel}","templated":true}]}}