{"id":47243,"date":"2014-04-14T15:35:19","date_gmt":"2014-04-14T13:35:19","guid":{"rendered":"https:\/\/fundesplai.org\/informa-t\/sense-categoria\/la-fundacion-estrena-nombre-y-dominio\/"},"modified":"2023-08-07T10:22:20","modified_gmt":"2023-08-07T08:22:20","slug":"la-fundacion-estrena-nombre-y-dominio","status":"publish","type":"post","link":"https:\/\/fundesplai.org\/es\/informa-t\/actualitat-es\/la-fundacion-estrena-nombre-y-dominio\/","title":{"rendered":"La Fundaci\u00f3n estrena nombre y dominio"},"content":{"rendered":"<div>La <strong>Fundaci\u00f3 Catalana del Esplai<\/strong> pone en marcha una nueva etapa que se&nbsp; caracterizar\u00e1 &nbsp;por la potenciaci\u00f3n de sus programas socio-educativos.<\/div>\n<p><!--more--><\/p>\n<div>La <strong>Fundaci\u00f3 Catalana del Esplai<\/strong> pone en marcha una nueva etapa que se&nbsp; caracterizar\u00e1 &nbsp;por la potenciaci\u00f3n de sus programas socio-educativos, para llegar a m\u00e1s y m\u00e1s gente y por la movilizaci\u00f3n de la sociedad a favor de la transformaci\u00f3n y la cohesi\u00f3n social.<\/div>\n<div>&nbsp;<\/div>\n<div>En este sentido, y con el objetivo de potenciar el impacto educativo y social en el marco escolar, la Fundaci\u00f3n ha asumido directamente los programas que se desarrollan&nbsp; en los centros de educaci\u00f3n primaria y secundaria de Catalu\u00f1a. Actualmente la Fundaci\u00f3n est\u00e1 presente en 926 escuelas catalanas.<\/div>\n<div>&nbsp;<\/div>\n<p>Igualmente, el pasado 26 de marzo, la Comisi\u00f3n Delegada del Patronato de la Fundaci\u00f3n, aprob\u00f3 la nueva marca <strong>Fundesplai<\/strong>, que a partir de ahora ser\u00e1 la manera con que la Fundaci\u00f3n se presentar\u00e1 ante la sociedad. Esta es la nueva imagen:<\/p>\n<p><img loading=\"lazy\" decoding=\"async\" class=\" size-full wp-image-496\" style=\"vertical-align: middle;display: block;margin-left: auto;margin-right: auto\" src=\"https:\/\/fundesplai.org\/test-joomla\/wp-content\/uploads\/sites\/26\/2014\/04\/Fundesplai.jpg\" alt=\"Fundesplai\" width=\"500\" height=\"133\"><\/p>\n<p>Con la marca <strong>Fundesplai<\/strong> tambi\u00e9n se denominar\u00e1 a las entidades que se re\u00fanen en torno a la Fundaci\u00f3n (Asociaci\u00f3n Catalana Casas de Colonias, Centro de Estudios del Recreo y Apoyo Asociativo) as\u00ed como la Federaci\u00f3n Catalana del Recreo.<\/p>\n<p><img loading=\"lazy\" decoding=\"async\" class=\" size-full wp-image-500\" style=\"display: block;margin-left: auto;margin-right: auto\" src=\"https:\/\/fundesplai.org\/test-joomla\/wp-content\/uploads\/sites\/26\/2014\/04\/entitats.png\" alt=\"entidades\" width=\"383\" height=\"340\"><\/p>\n<div><strong>Fundesplai<\/strong> tambi\u00e9n ser\u00e1 el nuevo dominio web del grupo, que&nbsp; pasar\u00e1 a ser&nbsp; <a href=\"http:\/\/www.fundesplai.org\">www.fundesplai.org<\/a>, y de las direcciones de <strong>correo electr\u00f3nico,<\/strong> que pasar\u00e1n a ser <a href=\"mailto:nomusuari@fundesplai.org\">nomusuari@fundesplai.org<\/a>.&nbsp;<\/div>\n<div>&nbsp;<\/div>\n<div>Esperamos que este cambio os guste y, por encima de todo,&nbsp; esperamos contar&nbsp; con vuestro apoyo para seguir avanzando en nuestra misi\u00f3n a favor de los ni\u00f1os, ni\u00f1as, los j\u00f3venes y sus familias.<\/div>\n","protected":false},"excerpt":{"rendered":"<p>La Fundaci\u00f3 Catalana del Esplai pone en marcha una nueva etapa que se&nbsp; caracterizar\u00e1 &nbsp;por la potenciaci\u00f3n de sus programas socio-educativos.<\/p>\n","protected":false},"author":9,"featured_media":0,"comment_status":"closed","ping_status":"closed","sticky":false,"template":"","format":"standard","meta":{"_et_pb_use_builder":"","_et_pb_old_content":"","_et_gb_content_width":"","footnotes":""},"categories":[937],"tags":[],"class_list":["post-47243","post","type-post","status-publish","format-standard","hentry","category-actualitat-es"],"yoast_head":"<!-- This site is optimized with the Yoast SEO plugin v27.4 - https:\/\/yoast.com\/product\/yoast-seo-wordpress\/ -->\n<title>La Fundaci\u00f3n estrena nombre y dominio - Fundesplai<\/title>\n<meta name=\"robots\" content=\"index, follow, max-snippet:-1, max-image-preview:large, max-video-preview:-1\" \/>\n<link rel=\"canonical\" href=\"https:\/\/fundesplai.org\/es\/informa-t\/actualitat-es\/la-fundacion-estrena-nombre-y-dominio\/\" \/>\n<meta property=\"og:locale\" content=\"es_ES\" \/>\n<meta property=\"og:type\" content=\"article\" \/>\n<meta property=\"og:title\" content=\"La Fundaci\u00f3n estrena nombre y dominio - Fundesplai\" \/>\n<meta property=\"og:description\" content=\"La Fundaci\u00f3 Catalana del Esplai pone en marcha una nueva etapa que se&nbsp; caracterizar\u00e1 &nbsp;por la potenciaci\u00f3n de sus programas socio-educativos.\" \/>\n<meta property=\"og:url\" content=\"https:\/\/fundesplai.org\/es\/informa-t\/actualitat-es\/la-fundacion-estrena-nombre-y-dominio\/\" \/>\n<meta property=\"og:site_name\" content=\"Fundesplai\" \/>\n<meta property=\"article:published_time\" content=\"2014-04-14T13:35:19+00:00\" \/>\n<meta property=\"article:modified_time\" content=\"2023-08-07T08:22:20+00:00\" \/>\n<meta property=\"og:image\" content=\"https:\/\/fundesplai.org\/test-joomla\/wp-content\/uploads\/sites\/26\/2014\/04\/Fundesplai.jpg\" \/>\n<meta name=\"author\" content=\"Alfons Valle\" \/>\n<meta name=\"twitter:card\" content=\"summary_large_image\" \/>\n<meta name=\"twitter:label1\" content=\"Escrito por\" \/>\n\t<meta name=\"twitter:data1\" content=\"Alfons Valle\" \/>\n\t<meta name=\"twitter:label2\" content=\"Tiempo de lectura\" \/>\n\t<meta name=\"twitter:data2\" content=\"1 minuto\" \/>\n<script type=\"application\/ld+json\" class=\"yoast-schema-graph\">{\"@context\":\"https:\\\/\\\/schema.org\",\"@graph\":[{\"@type\":\"Article\",\"@id\":\"https:\\\/\\\/fundesplai.org\\\/es\\\/informa-t\\\/actualitat-es\\\/la-fundacion-estrena-nombre-y-dominio\\\/#article\",\"isPartOf\":{\"@id\":\"https:\\\/\\\/fundesplai.org\\\/es\\\/informa-t\\\/actualitat-es\\\/la-fundacion-estrena-nombre-y-dominio\\\/\"},\"author\":{\"name\":\"Alfons Valle\",\"@id\":\"https:\\\/\\\/fundesplai.org\\\/es\\\/#\\\/schema\\\/person\\\/c0e9e7466bb8ac06f5264324a6109733\"},\"headline\":\"La Fundaci\u00f3n estrena nombre y dominio\",\"datePublished\":\"2014-04-14T13:35:19+00:00\",\"dateModified\":\"2023-08-07T08:22:20+00:00\",\"mainEntityOfPage\":{\"@id\":\"https:\\\/\\\/fundesplai.org\\\/es\\\/informa-t\\\/actualitat-es\\\/la-fundacion-estrena-nombre-y-dominio\\\/\"},\"wordCount\":298,\"image\":{\"@id\":\"https:\\\/\\\/fundesplai.org\\\/es\\\/informa-t\\\/actualitat-es\\\/la-fundacion-estrena-nombre-y-dominio\\\/#primaryimage\"},\"thumbnailUrl\":\"https:\\\/\\\/fundesplai.org\\\/test-joomla\\\/wp-content\\\/uploads\\\/sites\\\/26\\\/2014\\\/04\\\/Fundesplai.jpg\",\"articleSection\":[\"Actualitat\"],\"inLanguage\":\"es\"},{\"@type\":\"WebPage\",\"@id\":\"https:\\\/\\\/fundesplai.org\\\/es\\\/informa-t\\\/actualitat-es\\\/la-fundacion-estrena-nombre-y-dominio\\\/\",\"url\":\"https:\\\/\\\/fundesplai.org\\\/es\\\/informa-t\\\/actualitat-es\\\/la-fundacion-estrena-nombre-y-dominio\\\/\",\"name\":\"La Fundaci\u00f3n estrena nombre y dominio - Fundesplai\",\"isPartOf\":{\"@id\":\"https:\\\/\\\/fundesplai.org\\\/es\\\/#website\"},\"primaryImageOfPage\":{\"@id\":\"https:\\\/\\\/fundesplai.org\\\/es\\\/informa-t\\\/actualitat-es\\\/la-fundacion-estrena-nombre-y-dominio\\\/#primaryimage\"},\"image\":{\"@id\":\"https:\\\/\\\/fundesplai.org\\\/es\\\/informa-t\\\/actualitat-es\\\/la-fundacion-estrena-nombre-y-dominio\\\/#primaryimage\"},\"thumbnailUrl\":\"https:\\\/\\\/fundesplai.org\\\/test-joomla\\\/wp-content\\\/uploads\\\/sites\\\/26\\\/2014\\\/04\\\/Fundesplai.jpg\",\"datePublished\":\"2014-04-14T13:35:19+00:00\",\"dateModified\":\"2023-08-07T08:22:20+00:00\",\"author\":{\"@id\":\"https:\\\/\\\/fundesplai.org\\\/es\\\/#\\\/schema\\\/person\\\/c0e9e7466bb8ac06f5264324a6109733\"},\"breadcrumb\":{\"@id\":\"https:\\\/\\\/fundesplai.org\\\/es\\\/informa-t\\\/actualitat-es\\\/la-fundacion-estrena-nombre-y-dominio\\\/#breadcrumb\"},\"inLanguage\":\"es\",\"potentialAction\":[{\"@type\":\"ReadAction\",\"target\":[\"https:\\\/\\\/fundesplai.org\\\/es\\\/informa-t\\\/actualitat-es\\\/la-fundacion-estrena-nombre-y-dominio\\\/\"]}]},{\"@type\":\"ImageObject\",\"inLanguage\":\"es\",\"@id\":\"https:\\\/\\\/fundesplai.org\\\/es\\\/informa-t\\\/actualitat-es\\\/la-fundacion-estrena-nombre-y-dominio\\\/#primaryimage\",\"url\":\"https:\\\/\\\/fundesplai.org\\\/test-joomla\\\/wp-content\\\/uploads\\\/sites\\\/26\\\/2014\\\/04\\\/Fundesplai.jpg\",\"contentUrl\":\"https:\\\/\\\/fundesplai.org\\\/test-joomla\\\/wp-content\\\/uploads\\\/sites\\\/26\\\/2014\\\/04\\\/Fundesplai.jpg\"},{\"@type\":\"BreadcrumbList\",\"@id\":\"https:\\\/\\\/fundesplai.org\\\/es\\\/informa-t\\\/actualitat-es\\\/la-fundacion-estrena-nombre-y-dominio\\\/#breadcrumb\",\"itemListElement\":[{\"@type\":\"ListItem\",\"position\":1,\"name\":\"Inici\",\"item\":\"https:\\\/\\\/fundesplai.org\\\/es\\\/inicio\\\/\"},{\"@type\":\"ListItem\",\"position\":2,\"name\":\"Inf\u00f3rmate\",\"item\":\"https:\\\/\\\/fundesplai.org\\\/es\\\/informate\\\/\"},{\"@type\":\"ListItem\",\"position\":3,\"name\":\"Actualitat\",\"item\":\"https:\\\/\\\/fundesplai.org\\\/es\\\/informa-t\\\/category\\\/actualitat-es\\\/\"},{\"@type\":\"ListItem\",\"position\":4,\"name\":\"La Fundaci\u00f3n estrena nombre y dominio\"}]},{\"@type\":\"WebSite\",\"@id\":\"https:\\\/\\\/fundesplai.org\\\/es\\\/#website\",\"url\":\"https:\\\/\\\/fundesplai.org\\\/es\\\/\",\"name\":\"Fundesplai\",\"description\":\"Eduquem per la conviv\u00e8ncia i la sostenibilitat\",\"potentialAction\":[{\"@type\":\"SearchAction\",\"target\":{\"@type\":\"EntryPoint\",\"urlTemplate\":\"https:\\\/\\\/fundesplai.org\\\/es\\\/?s={search_term_string}\"},\"query-input\":{\"@type\":\"PropertyValueSpecification\",\"valueRequired\":true,\"valueName\":\"search_term_string\"}}],\"inLanguage\":\"es\"},{\"@type\":\"Person\",\"@id\":\"https:\\\/\\\/fundesplai.org\\\/es\\\/#\\\/schema\\\/person\\\/c0e9e7466bb8ac06f5264324a6109733\",\"name\":\"Alfons Valle\",\"image\":{\"@type\":\"ImageObject\",\"inLanguage\":\"es\",\"@id\":\"https:\\\/\\\/secure.gravatar.com\\\/avatar\\\/71d95a3f99a068ba570ac1314ed6911a59c5ae3f22ffcf23631cd1a861a640bc?s=96&d=mm&r=g\",\"url\":\"https:\\\/\\\/secure.gravatar.com\\\/avatar\\\/71d95a3f99a068ba570ac1314ed6911a59c5ae3f22ffcf23631cd1a861a640bc?s=96&d=mm&r=g\",\"contentUrl\":\"https:\\\/\\\/secure.gravatar.com\\\/avatar\\\/71d95a3f99a068ba570ac1314ed6911a59c5ae3f22ffcf23631cd1a861a640bc?s=96&d=mm&r=g\",\"caption\":\"Alfons Valle\"},\"url\":\"https:\\\/\\\/fundesplai.org\\\/es\\\/informa-t\\\/author\\\/avalle\\\/\"}]}<\/script>\n<!-- \/ Yoast SEO plugin. -->","yoast_head_json":{"title":"La Fundaci\u00f3n estrena nombre y dominio - Fundesplai","robots":{"index":"index","follow":"follow","max-snippet":"max-snippet:-1","max-image-preview":"max-image-preview:large","max-video-preview":"max-video-preview:-1"},"canonical":"https:\/\/fundesplai.org\/es\/informa-t\/actualitat-es\/la-fundacion-estrena-nombre-y-dominio\/","og_locale":"es_ES","og_type":"article","og_title":"La Fundaci\u00f3n estrena nombre y dominio - Fundesplai","og_description":"La Fundaci\u00f3 Catalana del Esplai pone en marcha una nueva etapa que se&nbsp; caracterizar\u00e1 &nbsp;por la potenciaci\u00f3n de sus programas socio-educativos.","og_url":"https:\/\/fundesplai.org\/es\/informa-t\/actualitat-es\/la-fundacion-estrena-nombre-y-dominio\/","og_site_name":"Fundesplai","article_published_time":"2014-04-14T13:35:19+00:00","article_modified_time":"2023-08-07T08:22:20+00:00","og_image":[{"url":"https:\/\/fundesplai.org\/test-joomla\/wp-content\/uploads\/sites\/26\/2014\/04\/Fundesplai.jpg","type":"","width":"","height":""}],"author":"Alfons Valle","twitter_card":"summary_large_image","twitter_misc":{"Escrito por":"Alfons Valle","Tiempo de lectura":"1 minuto"},"schema":{"@context":"https:\/\/schema.org","@graph":[{"@type":"Article","@id":"https:\/\/fundesplai.org\/es\/informa-t\/actualitat-es\/la-fundacion-estrena-nombre-y-dominio\/#article","isPartOf":{"@id":"https:\/\/fundesplai.org\/es\/informa-t\/actualitat-es\/la-fundacion-estrena-nombre-y-dominio\/"},"author":{"name":"Alfons Valle","@id":"https:\/\/fundesplai.org\/es\/#\/schema\/person\/c0e9e7466bb8ac06f5264324a6109733"},"headline":"La Fundaci\u00f3n estrena nombre y dominio","datePublished":"2014-04-14T13:35:19+00:00","dateModified":"2023-08-07T08:22:20+00:00","mainEntityOfPage":{"@id":"https:\/\/fundesplai.org\/es\/informa-t\/actualitat-es\/la-fundacion-estrena-nombre-y-dominio\/"},"wordCount":298,"image":{"@id":"https:\/\/fundesplai.org\/es\/informa-t\/actualitat-es\/la-fundacion-estrena-nombre-y-dominio\/#primaryimage"},"thumbnailUrl":"https:\/\/fundesplai.org\/test-joomla\/wp-content\/uploads\/sites\/26\/2014\/04\/Fundesplai.jpg","articleSection":["Actualitat"],"inLanguage":"es"},{"@type":"WebPage","@id":"https:\/\/fundesplai.org\/es\/informa-t\/actualitat-es\/la-fundacion-estrena-nombre-y-dominio\/","url":"https:\/\/fundesplai.org\/es\/informa-t\/actualitat-es\/la-fundacion-estrena-nombre-y-dominio\/","name":"La Fundaci\u00f3n estrena nombre y dominio - Fundesplai","isPartOf":{"@id":"https:\/\/fundesplai.org\/es\/#website"},"primaryImageOfPage":{"@id":"https:\/\/fundesplai.org\/es\/informa-t\/actualitat-es\/la-fundacion-estrena-nombre-y-dominio\/#primaryimage"},"image":{"@id":"https:\/\/fundesplai.org\/es\/informa-t\/actualitat-es\/la-fundacion-estrena-nombre-y-dominio\/#primaryimage"},"thumbnailUrl":"https:\/\/fundesplai.org\/test-joomla\/wp-content\/uploads\/sites\/26\/2014\/04\/Fundesplai.jpg","datePublished":"2014-04-14T13:35:19+00:00","dateModified":"2023-08-07T08:22:20+00:00","author":{"@id":"https:\/\/fundesplai.org\/es\/#\/schema\/person\/c0e9e7466bb8ac06f5264324a6109733"},"breadcrumb":{"@id":"https:\/\/fundesplai.org\/es\/informa-t\/actualitat-es\/la-fundacion-estrena-nombre-y-dominio\/#breadcrumb"},"inLanguage":"es","potentialAction":[{"@type":"ReadAction","target":["https:\/\/fundesplai.org\/es\/informa-t\/actualitat-es\/la-fundacion-estrena-nombre-y-dominio\/"]}]},{"@type":"ImageObject","inLanguage":"es","@id":"https:\/\/fundesplai.org\/es\/informa-t\/actualitat-es\/la-fundacion-estrena-nombre-y-dominio\/#primaryimage","url":"https:\/\/fundesplai.org\/test-joomla\/wp-content\/uploads\/sites\/26\/2014\/04\/Fundesplai.jpg","contentUrl":"https:\/\/fundesplai.org\/test-joomla\/wp-content\/uploads\/sites\/26\/2014\/04\/Fundesplai.jpg"},{"@type":"BreadcrumbList","@id":"https:\/\/fundesplai.org\/es\/informa-t\/actualitat-es\/la-fundacion-estrena-nombre-y-dominio\/#breadcrumb","itemListElement":[{"@type":"ListItem","position":1,"name":"Inici","item":"https:\/\/fundesplai.org\/es\/inicio\/"},{"@type":"ListItem","position":2,"name":"Inf\u00f3rmate","item":"https:\/\/fundesplai.org\/es\/informate\/"},{"@type":"ListItem","position":3,"name":"Actualitat","item":"https:\/\/fundesplai.org\/es\/informa-t\/category\/actualitat-es\/"},{"@type":"ListItem","position":4,"name":"La Fundaci\u00f3n estrena nombre y dominio"}]},{"@type":"WebSite","@id":"https:\/\/fundesplai.org\/es\/#website","url":"https:\/\/fundesplai.org\/es\/","name":"Fundesplai","description":"Eduquem per la conviv\u00e8ncia i la sostenibilitat","potentialAction":[{"@type":"SearchAction","target":{"@type":"EntryPoint","urlTemplate":"https:\/\/fundesplai.org\/es\/?s={search_term_string}"},"query-input":{"@type":"PropertyValueSpecification","valueRequired":true,"valueName":"search_term_string"}}],"inLanguage":"es"},{"@type":"Person","@id":"https:\/\/fundesplai.org\/es\/#\/schema\/person\/c0e9e7466bb8ac06f5264324a6109733","name":"Alfons Valle","image":{"@type":"ImageObject","inLanguage":"es","@id":"https:\/\/secure.gravatar.com\/avatar\/71d95a3f99a068ba570ac1314ed6911a59c5ae3f22ffcf23631cd1a861a640bc?s=96&d=mm&r=g","url":"https:\/\/secure.gravatar.com\/avatar\/71d95a3f99a068ba570ac1314ed6911a59c5ae3f22ffcf23631cd1a861a640bc?s=96&d=mm&r=g","contentUrl":"https:\/\/secure.gravatar.com\/avatar\/71d95a3f99a068ba570ac1314ed6911a59c5ae3f22ffcf23631cd1a861a640bc?s=96&d=mm&r=g","caption":"Alfons Valle"},"url":"https:\/\/fundesplai.org\/es\/informa-t\/author\/avalle\/"}]}},"_links":{"self":[{"href":"https:\/\/fundesplai.org\/es\/wp-json\/wp\/v2\/posts\/47243","targetHints":{"allow":["GET"]}}],"collection":[{"href":"https:\/\/fundesplai.org\/es\/wp-json\/wp\/v2\/posts"}],"about":[{"href":"https:\/\/fundesplai.org\/es\/wp-json\/wp\/v2\/types\/post"}],"author":[{"embeddable":true,"href":"https:\/\/fundesplai.org\/es\/wp-json\/wp\/v2\/users\/9"}],"replies":[{"embeddable":true,"href":"https:\/\/fundesplai.org\/es\/wp-json\/wp\/v2\/comments?post=47243"}],"version-history":[{"count":1,"href":"https:\/\/fundesplai.org\/es\/wp-json\/wp\/v2\/posts\/47243\/revisions"}],"predecessor-version":[{"id":47245,"href":"https:\/\/fundesplai.org\/es\/wp-json\/wp\/v2\/posts\/47243\/revisions\/47245"}],"wp:attachment":[{"href":"https:\/\/fundesplai.org\/es\/wp-json\/wp\/v2\/media?parent=47243"}],"wp:term":[{"taxonomy":"category","embeddable":true,"href":"https:\/\/fundesplai.org\/es\/wp-json\/wp\/v2\/categories?post=47243"},{"taxonomy":"post_tag","embeddable":true,"href":"https:\/\/fundesplai.org\/es\/wp-json\/wp\/v2\/tags?post=47243"}],"curies":[{"name":"wp","href":"https:\/\/api.w.org\/{rel}","templated":true}]}}