{"id":47240,"date":"2014-04-05T09:49:14","date_gmt":"2014-04-05T07:49:14","guid":{"rendered":"https:\/\/fundesplai.org\/informa-t\/sense-categoria\/8-de-abril-ciudadania-y-calidad-democratica-en-madrid\/"},"modified":"2023-08-07T10:20:08","modified_gmt":"2023-08-07T08:20:08","slug":"8-de-abril-ciudadania-y-calidad-democratica-en-madrid","status":"publish","type":"post","link":"https:\/\/fundesplai.org\/es\/informa-t\/actualitat-es\/8-de-abril-ciudadania-y-calidad-democratica-en-madrid\/","title":{"rendered":"8 de abril: Ciudadan\u00eda y Calidad Democr\u00e1tica en Madrid"},"content":{"rendered":"<p>Madrid acoger\u00e1 el <strong>martes 8 de abril<\/strong> el pr\u00f3ximo debate sobre Ciudadan\u00eda y Calidad Democr\u00e1tica que organiza Fundaci\u00f3n Esplai.&nbsp;<\/p>\n<p><!--more--><\/p>\n<table style=\"width: 250px\" align=\"left\">\n<tbody>\n<tr>\n<td><img loading=\"lazy\" decoding=\"async\" class=\" size-full wp-image-486\" src=\"https:\/\/fundesplai.org\/test-joomla\/wp-content\/uploads\/sites\/26\/2014\/04\/Ciudadania_Valencia_def.jpg\" alt=\"Ciudadania Valencia def\" width=\"250\" height=\"191\">&nbsp;<\/td>\n<\/tr>\n<tr>\n<td>De izquierda a derecha, Imma Mayol, Carles Barba, Nieves Dios y Fernando Marhuenda<\/td>\n<\/tr>\n<tr>\n<td>&nbsp;<img loading=\"lazy\" decoding=\"async\" class=\" size-full wp-image-490\" src=\"https:\/\/fundesplai.org\/test-joomla\/wp-content\/uploads\/sites\/26\/2014\/04\/Ciudadania_Valencia_def_2.jpg\" alt=\"Ciudadania Valencia def 2\" width=\"250\" height=\"191\"><\/td>\n<\/tr>\n<tr>\n<td>Imagen del debate de Valencia<\/td>\n<\/tr>\n<\/tbody>\n<\/table>\n<p>Madrid acoger\u00e1 el martes 8 de abril en la sede de la Fundaci\u00f3n Encuentro (Oquendo 23, 3\u00aa planta, Madrid) el pr\u00f3ximo debate sobre Ciudadan\u00eda y Calidad Democr\u00e1tica que organiza Fundaci\u00f3n Esplai. Pocos d\u00edas antes, el 1 de abril, fue la Facultad de Filosof\u00eda y Ciencias de la Educaci\u00f3n de la Universidad de Valencia la que acogi\u00f3 el segundo de estos debates territoriales y que comenzaron el pasado 4 de febrero en Barcelona. En la sesi\u00f3n celebrada en Valencia participaron cerca de 60 representantes de organizaciones sociales, del mundo universitario, de la administraci\u00f3n p\u00fablica, de partidos Politos y sindicatos.<\/p>\n<p>El debate estuvo presidido por Imma Mayol, Carles Barba y Nieves Dios, de Fundaci\u00f3n Esplai, y cont\u00f3 con la intervenci\u00f3n de Fernando Marhuenda, profesor de la facultad de Ciencias de la Educaci\u00f3n. U.V. Fundaci\u00f3n Novaterra, que destac\u00f3 la necesidad de que la sociedad civil no se deje llevar por la corriente y tome la iniciativa. Posteriormente, las personas particpantes se reunieron en grupos de trabajo donde debatir diferentes aspectos relacionados con la participaci\u00f3n , la educaci\u00f3n, etc.<\/p>\n<p><strong>El primero de los debates en Barcelona<\/strong><br \/>&nbsp;<br \/>El seminario organizado en Barcelona el 4 de febrero reuni\u00f3 a sesenta dirigentes pol\u00edticos, sindicales, asociativos y expertos. El encuentro que se desarroll\u00f3 en el Palau Macaya (Barcelona) de la Fundaci\u00f3n la Caixa cont\u00f3 con las intervenciones iniciales de Joaquim Brugu\u00e9, catedr\u00e1tico de Ciencia Pol\u00edtica y director del IGOP de la UAB, y Carles Barba, vicepresidente de la Fundaci\u00f3n, de dar paso al trabajo por grupos.<br \/>&nbsp;<br \/><strong>Debate en la red y presencial para la mejora de la democracia<\/strong><br \/>&nbsp;<br \/>Estas sesiones est\u00e1n inscritas en el proceso de construcci\u00f3n colectiva de la colecci\u00f3n Documentos por Debate en torno a la ciudadan\u00eda que el Consejo Asesor de la Fundaci\u00f3n Esplai, de \u00e1mbito estatal, promueve toda Espa\u00f1a.<br \/>&nbsp;<br \/>El debate que se inici\u00f3 el pasado 3 de octubre a partir de dos aportaciones de I\u00f1aki Gabilondo y Josep Ramoneda, ha continuado en un foro virtual durante los meses de noviembre y diciembre generado en la red www.ciudadaniaycalidaddemocratica.org. Los debates presenciales que el martes, 4 inaugurar, parten de los contenidos elaborados hasta la fecha y se proponen elaborar propuestas para la mejora de la democracia en nuestro pa\u00eds. Se trata de un debate que parte de la base de que democracia y desigualdad son conceptos incompatibles, que nuestra democracia est\u00e1 enferma y que el papel de la ciudadan\u00eda es b\u00e1sico para su regeneraci\u00f3n.<br \/>&nbsp;<br \/>Los contenidos elaborados en los mismos y dem\u00e1s debates pendientes constituir\u00e1n el pr\u00f3ximo Documento para el debate n\u00ba 6 sobre \u00abCiudadan\u00eda y Calidad Democr\u00e1tica \u00bb .<\/p>\n","protected":false},"excerpt":{"rendered":"<p>Madrid acoger\u00e1 el martes 8 de abril el pr\u00f3ximo debate sobre Ciudadan\u00eda y Calidad Democr\u00e1tica que organiza Fundaci\u00f3n Esplai.&nbsp;<\/p>\n","protected":false},"author":9,"featured_media":0,"comment_status":"closed","ping_status":"closed","sticky":false,"template":"","format":"standard","meta":{"_et_pb_use_builder":"","_et_pb_old_content":"","_et_gb_content_width":"","footnotes":""},"categories":[937],"tags":[],"class_list":["post-47240","post","type-post","status-publish","format-standard","hentry","category-actualitat-es"],"yoast_head":"<!-- This site is optimized with the Yoast SEO plugin v27.4 - https:\/\/yoast.com\/product\/yoast-seo-wordpress\/ -->\n<title>8 de abril: Ciudadan\u00eda y Calidad Democr\u00e1tica en Madrid - Fundesplai<\/title>\n<meta name=\"robots\" content=\"index, follow, max-snippet:-1, max-image-preview:large, max-video-preview:-1\" \/>\n<link rel=\"canonical\" href=\"https:\/\/fundesplai.org\/es\/informa-t\/actualitat-es\/8-de-abril-ciudadania-y-calidad-democratica-en-madrid\/\" \/>\n<meta property=\"og:locale\" content=\"es_ES\" \/>\n<meta property=\"og:type\" content=\"article\" \/>\n<meta property=\"og:title\" content=\"8 de abril: Ciudadan\u00eda y Calidad Democr\u00e1tica en Madrid - Fundesplai\" \/>\n<meta property=\"og:description\" content=\"Madrid acoger\u00e1 el martes 8 de abril el pr\u00f3ximo debate sobre Ciudadan\u00eda y Calidad Democr\u00e1tica que organiza Fundaci\u00f3n Esplai.&nbsp;\" \/>\n<meta property=\"og:url\" content=\"https:\/\/fundesplai.org\/es\/informa-t\/actualitat-es\/8-de-abril-ciudadania-y-calidad-democratica-en-madrid\/\" \/>\n<meta property=\"og:site_name\" content=\"Fundesplai\" \/>\n<meta property=\"article:published_time\" content=\"2014-04-05T07:49:14+00:00\" \/>\n<meta property=\"article:modified_time\" content=\"2023-08-07T08:20:08+00:00\" \/>\n<meta property=\"og:image\" content=\"https:\/\/fundesplai.org\/test-joomla\/wp-content\/uploads\/sites\/26\/2014\/04\/Ciudadania_Valencia_def.jpg\" \/>\n<meta name=\"author\" content=\"Alfons Valle\" \/>\n<meta name=\"twitter:card\" content=\"summary_large_image\" \/>\n<meta name=\"twitter:label1\" content=\"Escrito por\" \/>\n\t<meta name=\"twitter:data1\" content=\"Alfons Valle\" \/>\n\t<meta name=\"twitter:label2\" content=\"Tiempo de lectura\" \/>\n\t<meta name=\"twitter:data2\" content=\"3 minutos\" \/>\n<script type=\"application\/ld+json\" class=\"yoast-schema-graph\">{\"@context\":\"https:\\\/\\\/schema.org\",\"@graph\":[{\"@type\":\"Article\",\"@id\":\"https:\\\/\\\/fundesplai.org\\\/es\\\/informa-t\\\/actualitat-es\\\/8-de-abril-ciudadania-y-calidad-democratica-en-madrid\\\/#article\",\"isPartOf\":{\"@id\":\"https:\\\/\\\/fundesplai.org\\\/es\\\/informa-t\\\/actualitat-es\\\/8-de-abril-ciudadania-y-calidad-democratica-en-madrid\\\/\"},\"author\":{\"name\":\"Alfons Valle\",\"@id\":\"https:\\\/\\\/fundesplai.org\\\/es\\\/#\\\/schema\\\/person\\\/c0e9e7466bb8ac06f5264324a6109733\"},\"headline\":\"8 de abril: Ciudadan\u00eda y Calidad Democr\u00e1tica en Madrid\",\"datePublished\":\"2014-04-05T07:49:14+00:00\",\"dateModified\":\"2023-08-07T08:20:08+00:00\",\"mainEntityOfPage\":{\"@id\":\"https:\\\/\\\/fundesplai.org\\\/es\\\/informa-t\\\/actualitat-es\\\/8-de-abril-ciudadania-y-calidad-democratica-en-madrid\\\/\"},\"wordCount\":511,\"image\":{\"@id\":\"https:\\\/\\\/fundesplai.org\\\/es\\\/informa-t\\\/actualitat-es\\\/8-de-abril-ciudadania-y-calidad-democratica-en-madrid\\\/#primaryimage\"},\"thumbnailUrl\":\"https:\\\/\\\/fundesplai.org\\\/test-joomla\\\/wp-content\\\/uploads\\\/sites\\\/26\\\/2014\\\/04\\\/Ciudadania_Valencia_def.jpg\",\"articleSection\":[\"Actualitat\"],\"inLanguage\":\"es\"},{\"@type\":\"WebPage\",\"@id\":\"https:\\\/\\\/fundesplai.org\\\/es\\\/informa-t\\\/actualitat-es\\\/8-de-abril-ciudadania-y-calidad-democratica-en-madrid\\\/\",\"url\":\"https:\\\/\\\/fundesplai.org\\\/es\\\/informa-t\\\/actualitat-es\\\/8-de-abril-ciudadania-y-calidad-democratica-en-madrid\\\/\",\"name\":\"8 de abril: Ciudadan\u00eda y Calidad Democr\u00e1tica en Madrid - Fundesplai\",\"isPartOf\":{\"@id\":\"https:\\\/\\\/fundesplai.org\\\/es\\\/#website\"},\"primaryImageOfPage\":{\"@id\":\"https:\\\/\\\/fundesplai.org\\\/es\\\/informa-t\\\/actualitat-es\\\/8-de-abril-ciudadania-y-calidad-democratica-en-madrid\\\/#primaryimage\"},\"image\":{\"@id\":\"https:\\\/\\\/fundesplai.org\\\/es\\\/informa-t\\\/actualitat-es\\\/8-de-abril-ciudadania-y-calidad-democratica-en-madrid\\\/#primaryimage\"},\"thumbnailUrl\":\"https:\\\/\\\/fundesplai.org\\\/test-joomla\\\/wp-content\\\/uploads\\\/sites\\\/26\\\/2014\\\/04\\\/Ciudadania_Valencia_def.jpg\",\"datePublished\":\"2014-04-05T07:49:14+00:00\",\"dateModified\":\"2023-08-07T08:20:08+00:00\",\"author\":{\"@id\":\"https:\\\/\\\/fundesplai.org\\\/es\\\/#\\\/schema\\\/person\\\/c0e9e7466bb8ac06f5264324a6109733\"},\"breadcrumb\":{\"@id\":\"https:\\\/\\\/fundesplai.org\\\/es\\\/informa-t\\\/actualitat-es\\\/8-de-abril-ciudadania-y-calidad-democratica-en-madrid\\\/#breadcrumb\"},\"inLanguage\":\"es\",\"potentialAction\":[{\"@type\":\"ReadAction\",\"target\":[\"https:\\\/\\\/fundesplai.org\\\/es\\\/informa-t\\\/actualitat-es\\\/8-de-abril-ciudadania-y-calidad-democratica-en-madrid\\\/\"]}]},{\"@type\":\"ImageObject\",\"inLanguage\":\"es\",\"@id\":\"https:\\\/\\\/fundesplai.org\\\/es\\\/informa-t\\\/actualitat-es\\\/8-de-abril-ciudadania-y-calidad-democratica-en-madrid\\\/#primaryimage\",\"url\":\"https:\\\/\\\/fundesplai.org\\\/test-joomla\\\/wp-content\\\/uploads\\\/sites\\\/26\\\/2014\\\/04\\\/Ciudadania_Valencia_def.jpg\",\"contentUrl\":\"https:\\\/\\\/fundesplai.org\\\/test-joomla\\\/wp-content\\\/uploads\\\/sites\\\/26\\\/2014\\\/04\\\/Ciudadania_Valencia_def.jpg\"},{\"@type\":\"BreadcrumbList\",\"@id\":\"https:\\\/\\\/fundesplai.org\\\/es\\\/informa-t\\\/actualitat-es\\\/8-de-abril-ciudadania-y-calidad-democratica-en-madrid\\\/#breadcrumb\",\"itemListElement\":[{\"@type\":\"ListItem\",\"position\":1,\"name\":\"Inici\",\"item\":\"https:\\\/\\\/fundesplai.org\\\/es\\\/inicio\\\/\"},{\"@type\":\"ListItem\",\"position\":2,\"name\":\"Inf\u00f3rmate\",\"item\":\"https:\\\/\\\/fundesplai.org\\\/es\\\/informate\\\/\"},{\"@type\":\"ListItem\",\"position\":3,\"name\":\"Actualitat\",\"item\":\"https:\\\/\\\/fundesplai.org\\\/es\\\/informa-t\\\/category\\\/actualitat-es\\\/\"},{\"@type\":\"ListItem\",\"position\":4,\"name\":\"8 de abril: Ciudadan\u00eda y Calidad Democr\u00e1tica en Madrid\"}]},{\"@type\":\"WebSite\",\"@id\":\"https:\\\/\\\/fundesplai.org\\\/es\\\/#website\",\"url\":\"https:\\\/\\\/fundesplai.org\\\/es\\\/\",\"name\":\"Fundesplai\",\"description\":\"Eduquem per la conviv\u00e8ncia i la sostenibilitat\",\"potentialAction\":[{\"@type\":\"SearchAction\",\"target\":{\"@type\":\"EntryPoint\",\"urlTemplate\":\"https:\\\/\\\/fundesplai.org\\\/es\\\/?s={search_term_string}\"},\"query-input\":{\"@type\":\"PropertyValueSpecification\",\"valueRequired\":true,\"valueName\":\"search_term_string\"}}],\"inLanguage\":\"es\"},{\"@type\":\"Person\",\"@id\":\"https:\\\/\\\/fundesplai.org\\\/es\\\/#\\\/schema\\\/person\\\/c0e9e7466bb8ac06f5264324a6109733\",\"name\":\"Alfons Valle\",\"image\":{\"@type\":\"ImageObject\",\"inLanguage\":\"es\",\"@id\":\"https:\\\/\\\/secure.gravatar.com\\\/avatar\\\/71d95a3f99a068ba570ac1314ed6911a59c5ae3f22ffcf23631cd1a861a640bc?s=96&d=mm&r=g\",\"url\":\"https:\\\/\\\/secure.gravatar.com\\\/avatar\\\/71d95a3f99a068ba570ac1314ed6911a59c5ae3f22ffcf23631cd1a861a640bc?s=96&d=mm&r=g\",\"contentUrl\":\"https:\\\/\\\/secure.gravatar.com\\\/avatar\\\/71d95a3f99a068ba570ac1314ed6911a59c5ae3f22ffcf23631cd1a861a640bc?s=96&d=mm&r=g\",\"caption\":\"Alfons Valle\"},\"url\":\"https:\\\/\\\/fundesplai.org\\\/es\\\/informa-t\\\/author\\\/avalle\\\/\"}]}<\/script>\n<!-- \/ Yoast SEO plugin. -->","yoast_head_json":{"title":"8 de abril: Ciudadan\u00eda y Calidad Democr\u00e1tica en Madrid - Fundesplai","robots":{"index":"index","follow":"follow","max-snippet":"max-snippet:-1","max-image-preview":"max-image-preview:large","max-video-preview":"max-video-preview:-1"},"canonical":"https:\/\/fundesplai.org\/es\/informa-t\/actualitat-es\/8-de-abril-ciudadania-y-calidad-democratica-en-madrid\/","og_locale":"es_ES","og_type":"article","og_title":"8 de abril: Ciudadan\u00eda y Calidad Democr\u00e1tica en Madrid - Fundesplai","og_description":"Madrid acoger\u00e1 el martes 8 de abril el pr\u00f3ximo debate sobre Ciudadan\u00eda y Calidad Democr\u00e1tica que organiza Fundaci\u00f3n Esplai.&nbsp;","og_url":"https:\/\/fundesplai.org\/es\/informa-t\/actualitat-es\/8-de-abril-ciudadania-y-calidad-democratica-en-madrid\/","og_site_name":"Fundesplai","article_published_time":"2014-04-05T07:49:14+00:00","article_modified_time":"2023-08-07T08:20:08+00:00","og_image":[{"url":"https:\/\/fundesplai.org\/test-joomla\/wp-content\/uploads\/sites\/26\/2014\/04\/Ciudadania_Valencia_def.jpg","type":"","width":"","height":""}],"author":"Alfons Valle","twitter_card":"summary_large_image","twitter_misc":{"Escrito por":"Alfons Valle","Tiempo de lectura":"3 minutos"},"schema":{"@context":"https:\/\/schema.org","@graph":[{"@type":"Article","@id":"https:\/\/fundesplai.org\/es\/informa-t\/actualitat-es\/8-de-abril-ciudadania-y-calidad-democratica-en-madrid\/#article","isPartOf":{"@id":"https:\/\/fundesplai.org\/es\/informa-t\/actualitat-es\/8-de-abril-ciudadania-y-calidad-democratica-en-madrid\/"},"author":{"name":"Alfons Valle","@id":"https:\/\/fundesplai.org\/es\/#\/schema\/person\/c0e9e7466bb8ac06f5264324a6109733"},"headline":"8 de abril: Ciudadan\u00eda y Calidad Democr\u00e1tica en Madrid","datePublished":"2014-04-05T07:49:14+00:00","dateModified":"2023-08-07T08:20:08+00:00","mainEntityOfPage":{"@id":"https:\/\/fundesplai.org\/es\/informa-t\/actualitat-es\/8-de-abril-ciudadania-y-calidad-democratica-en-madrid\/"},"wordCount":511,"image":{"@id":"https:\/\/fundesplai.org\/es\/informa-t\/actualitat-es\/8-de-abril-ciudadania-y-calidad-democratica-en-madrid\/#primaryimage"},"thumbnailUrl":"https:\/\/fundesplai.org\/test-joomla\/wp-content\/uploads\/sites\/26\/2014\/04\/Ciudadania_Valencia_def.jpg","articleSection":["Actualitat"],"inLanguage":"es"},{"@type":"WebPage","@id":"https:\/\/fundesplai.org\/es\/informa-t\/actualitat-es\/8-de-abril-ciudadania-y-calidad-democratica-en-madrid\/","url":"https:\/\/fundesplai.org\/es\/informa-t\/actualitat-es\/8-de-abril-ciudadania-y-calidad-democratica-en-madrid\/","name":"8 de abril: Ciudadan\u00eda y Calidad Democr\u00e1tica en Madrid - Fundesplai","isPartOf":{"@id":"https:\/\/fundesplai.org\/es\/#website"},"primaryImageOfPage":{"@id":"https:\/\/fundesplai.org\/es\/informa-t\/actualitat-es\/8-de-abril-ciudadania-y-calidad-democratica-en-madrid\/#primaryimage"},"image":{"@id":"https:\/\/fundesplai.org\/es\/informa-t\/actualitat-es\/8-de-abril-ciudadania-y-calidad-democratica-en-madrid\/#primaryimage"},"thumbnailUrl":"https:\/\/fundesplai.org\/test-joomla\/wp-content\/uploads\/sites\/26\/2014\/04\/Ciudadania_Valencia_def.jpg","datePublished":"2014-04-05T07:49:14+00:00","dateModified":"2023-08-07T08:20:08+00:00","author":{"@id":"https:\/\/fundesplai.org\/es\/#\/schema\/person\/c0e9e7466bb8ac06f5264324a6109733"},"breadcrumb":{"@id":"https:\/\/fundesplai.org\/es\/informa-t\/actualitat-es\/8-de-abril-ciudadania-y-calidad-democratica-en-madrid\/#breadcrumb"},"inLanguage":"es","potentialAction":[{"@type":"ReadAction","target":["https:\/\/fundesplai.org\/es\/informa-t\/actualitat-es\/8-de-abril-ciudadania-y-calidad-democratica-en-madrid\/"]}]},{"@type":"ImageObject","inLanguage":"es","@id":"https:\/\/fundesplai.org\/es\/informa-t\/actualitat-es\/8-de-abril-ciudadania-y-calidad-democratica-en-madrid\/#primaryimage","url":"https:\/\/fundesplai.org\/test-joomla\/wp-content\/uploads\/sites\/26\/2014\/04\/Ciudadania_Valencia_def.jpg","contentUrl":"https:\/\/fundesplai.org\/test-joomla\/wp-content\/uploads\/sites\/26\/2014\/04\/Ciudadania_Valencia_def.jpg"},{"@type":"BreadcrumbList","@id":"https:\/\/fundesplai.org\/es\/informa-t\/actualitat-es\/8-de-abril-ciudadania-y-calidad-democratica-en-madrid\/#breadcrumb","itemListElement":[{"@type":"ListItem","position":1,"name":"Inici","item":"https:\/\/fundesplai.org\/es\/inicio\/"},{"@type":"ListItem","position":2,"name":"Inf\u00f3rmate","item":"https:\/\/fundesplai.org\/es\/informate\/"},{"@type":"ListItem","position":3,"name":"Actualitat","item":"https:\/\/fundesplai.org\/es\/informa-t\/category\/actualitat-es\/"},{"@type":"ListItem","position":4,"name":"8 de abril: Ciudadan\u00eda y Calidad Democr\u00e1tica en Madrid"}]},{"@type":"WebSite","@id":"https:\/\/fundesplai.org\/es\/#website","url":"https:\/\/fundesplai.org\/es\/","name":"Fundesplai","description":"Eduquem per la conviv\u00e8ncia i la sostenibilitat","potentialAction":[{"@type":"SearchAction","target":{"@type":"EntryPoint","urlTemplate":"https:\/\/fundesplai.org\/es\/?s={search_term_string}"},"query-input":{"@type":"PropertyValueSpecification","valueRequired":true,"valueName":"search_term_string"}}],"inLanguage":"es"},{"@type":"Person","@id":"https:\/\/fundesplai.org\/es\/#\/schema\/person\/c0e9e7466bb8ac06f5264324a6109733","name":"Alfons Valle","image":{"@type":"ImageObject","inLanguage":"es","@id":"https:\/\/secure.gravatar.com\/avatar\/71d95a3f99a068ba570ac1314ed6911a59c5ae3f22ffcf23631cd1a861a640bc?s=96&d=mm&r=g","url":"https:\/\/secure.gravatar.com\/avatar\/71d95a3f99a068ba570ac1314ed6911a59c5ae3f22ffcf23631cd1a861a640bc?s=96&d=mm&r=g","contentUrl":"https:\/\/secure.gravatar.com\/avatar\/71d95a3f99a068ba570ac1314ed6911a59c5ae3f22ffcf23631cd1a861a640bc?s=96&d=mm&r=g","caption":"Alfons Valle"},"url":"https:\/\/fundesplai.org\/es\/informa-t\/author\/avalle\/"}]}},"_links":{"self":[{"href":"https:\/\/fundesplai.org\/es\/wp-json\/wp\/v2\/posts\/47240","targetHints":{"allow":["GET"]}}],"collection":[{"href":"https:\/\/fundesplai.org\/es\/wp-json\/wp\/v2\/posts"}],"about":[{"href":"https:\/\/fundesplai.org\/es\/wp-json\/wp\/v2\/types\/post"}],"author":[{"embeddable":true,"href":"https:\/\/fundesplai.org\/es\/wp-json\/wp\/v2\/users\/9"}],"replies":[{"embeddable":true,"href":"https:\/\/fundesplai.org\/es\/wp-json\/wp\/v2\/comments?post=47240"}],"version-history":[{"count":1,"href":"https:\/\/fundesplai.org\/es\/wp-json\/wp\/v2\/posts\/47240\/revisions"}],"predecessor-version":[{"id":47242,"href":"https:\/\/fundesplai.org\/es\/wp-json\/wp\/v2\/posts\/47240\/revisions\/47242"}],"wp:attachment":[{"href":"https:\/\/fundesplai.org\/es\/wp-json\/wp\/v2\/media?parent=47240"}],"wp:term":[{"taxonomy":"category","embeddable":true,"href":"https:\/\/fundesplai.org\/es\/wp-json\/wp\/v2\/categories?post=47240"},{"taxonomy":"post_tag","embeddable":true,"href":"https:\/\/fundesplai.org\/es\/wp-json\/wp\/v2\/tags?post=47240"}],"curies":[{"name":"wp","href":"https:\/\/api.w.org\/{rel}","templated":true}]}}