{"id":47238,"date":"2014-04-04T11:38:00","date_gmt":"2014-04-04T09:38:00","guid":{"rendered":"https:\/\/fundesplai.org\/informa-t\/sense-categoria\/cuenta-atras-para-fiesta-esplai-domingo-11-de-mayo\/"},"modified":"2023-08-07T09:53:33","modified_gmt":"2023-08-07T07:53:33","slug":"cuenta-atras-para-fiesta-esplai-domingo-11-de-mayo","status":"publish","type":"post","link":"https:\/\/fundesplai.org\/es\/informa-t\/actualitat-es\/cuenta-atras-para-fiesta-esplai-domingo-11-de-mayo\/","title":{"rendered":"Cuenta atr\u00e1s para Fiesta Esplai: domingo 11 de mayo!"},"content":{"rendered":"<div>El pr\u00f3ximo <strong>domingo 11<\/strong> de mayo tendr\u00e1 lugar en el <strong>Parc Nou del Prat de Llobregat<\/strong> una nueva edici\u00f3n de <strong>Festa Esplai<\/strong>, la gran celebraci\u00f3n anual de la <a href=\"http:\/\/www.fundesplai.org\" target=\"_blank\" rel=\"noopener\">Fundaci\u00f3 Catalana del Esplai.<\/a><\/div>\n<p><!--more--><\/p>\n<div>&nbsp;<\/div>\n<div class=\"contingut_sense_imatge\">\n<p><img loading=\"lazy\" decoding=\"async\" src=\"http:\/\/canal.fundesplai.org\/repositori\/image\/2013\/03Marc\/Logo-FestaEncerta-sense-fons.png\" alt=\"\" width=\"300\" height=\"276\" align=\"left\" border=\"0\" hspace=\"5\" vspace=\"5\">El pr\u00f3ximo <strong>domingo 11<\/strong> de mayo tendr\u00e1 lugar en el <strong>Parque Nuevo de El Prat de Llobregat<\/strong> una nueva edici\u00f3n de <strong>Fiesta Esplai<\/strong>, la gran celebraci\u00f3n anual de la <a href=\"http:\/\/www.fundesplai.org\" target=\"_blank\" rel=\"noopener\">Fundaci\u00f3n Catalana del Esplai<\/a> que sirve para mostrar a la sociedad la labor de eduaci\u00f3n en valores y dar el pistoletazo de salida a la campa\u00f1a de actividades de verano.<\/p>\n<p>La Fiesta ofrecer\u00e1 m\u00e1s de 50 actividades l\u00fadicas y educativas, centradas en la campa\u00f1a <a href=\"http:\/\/estiu.fundesplai.org\/\" target=\"_blank\" rel=\"noopener\">\u00abAcierta el Verano &#8211; Un verano para todos\u00bb<\/a> y en <a href=\"http:\/\/www.fundesplai.org\/ca\/propostes-educatives\/proposta-educativa\" target=\"_blank\" rel=\"noopener\">\u00abB612\u00bb<\/a>, la propuesta educativa que han trabajado los recreos y la Fundaci\u00f3n durante todo este a\u00f1o centrada en la educaci\u00f3n del consumo. Entre las actividades, se podr\u00e1n encontrar gimnasios, espect\u00e1culos infantiles o talleres relacionados con la sostenibilidad y el consumo responsable.<\/p>\n<div>La Fiesta Esplai tambi\u00e9n da el pistoletazo de salida a la campa\u00f1a <a href=\"https:\/\/estiu.fundesplai.org\/\" target=\"_blank\" rel=\"noopener\"><strong>\u00ab\u00a1Acierta el Verano &#8211; Un verano para todos!\u00bb<\/strong><\/a>, que incluye una oferta de m\u00e1s de 500 actividades de verano para ni\u00f1os, j\u00f3venes y familias y la campa\u00f1a con becas. Adem\u00e1s, este a\u00f1o la Fiesta tambi\u00e9n ser\u00e1 escaparate de la <a href=\"http:\/\/estiu.fundesplai.org\/pagines\/gimcana-solidaria-de-l-estiu\" target=\"_blank\" rel=\"noopener\"><strong>Gimcana Solidaria<\/strong><\/a>, una competici\u00f3n por equipos con un doble objetivo. Por un lado, superar las pruebas que se propondr\u00e1n mensualmente y participar en la Gran Final del mes de septiembre. Por otro, conseguir donativos para&nbsp;ayudar a que los ni\u00f1os y adolescentes de familias con dificultades econ\u00f3micas puedan participar en las colonias de verano.<\/div>\n<\/div>\n","protected":false},"excerpt":{"rendered":"<p>El pr\u00f3ximo domingo 11 de mayo tendr\u00e1 lugar en el Parc Nou del Prat de Llobregat una nueva edici\u00f3n de Festa Esplai, la gran celebraci\u00f3n anual de la Fundaci\u00f3 Catalana del Esplai.<\/p>\n","protected":false},"author":9,"featured_media":0,"comment_status":"closed","ping_status":"closed","sticky":false,"template":"","format":"standard","meta":{"_et_pb_use_builder":"","_et_pb_old_content":"","_et_gb_content_width":"","footnotes":""},"categories":[937],"tags":[],"class_list":["post-47238","post","type-post","status-publish","format-standard","hentry","category-actualitat-es"],"yoast_head":"<!-- This site is optimized with the Yoast SEO plugin v27.4 - https:\/\/yoast.com\/product\/yoast-seo-wordpress\/ -->\n<title>Cuenta atr\u00e1s para Fiesta Esplai: domingo 11 de mayo! - Fundesplai<\/title>\n<meta name=\"robots\" content=\"index, follow, max-snippet:-1, max-image-preview:large, max-video-preview:-1\" \/>\n<link rel=\"canonical\" href=\"https:\/\/fundesplai.org\/es\/informa-t\/actualitat-es\/cuenta-atras-para-fiesta-esplai-domingo-11-de-mayo\/\" \/>\n<meta property=\"og:locale\" content=\"es_ES\" \/>\n<meta property=\"og:type\" content=\"article\" \/>\n<meta property=\"og:title\" content=\"Cuenta atr\u00e1s para Fiesta Esplai: domingo 11 de mayo! - Fundesplai\" \/>\n<meta property=\"og:description\" content=\"El pr\u00f3ximo domingo 11 de mayo tendr\u00e1 lugar en el Parc Nou del Prat de Llobregat una nueva edici\u00f3n de Festa Esplai, la gran celebraci\u00f3n anual de la Fundaci\u00f3 Catalana del Esplai.\" \/>\n<meta property=\"og:url\" content=\"https:\/\/fundesplai.org\/es\/informa-t\/actualitat-es\/cuenta-atras-para-fiesta-esplai-domingo-11-de-mayo\/\" \/>\n<meta property=\"og:site_name\" content=\"Fundesplai\" \/>\n<meta property=\"article:published_time\" content=\"2014-04-04T09:38:00+00:00\" \/>\n<meta property=\"article:modified_time\" content=\"2023-08-07T07:53:33+00:00\" \/>\n<meta property=\"og:image\" content=\"http:\/\/canal.fundesplai.org\/repositori\/image\/2013\/03Marc\/Logo-FestaEncerta-sense-fons.png\" \/>\n<meta name=\"author\" content=\"Alfons Valle\" \/>\n<meta name=\"twitter:card\" content=\"summary_large_image\" \/>\n<meta name=\"twitter:label1\" content=\"Escrito por\" \/>\n\t<meta name=\"twitter:data1\" content=\"Alfons Valle\" \/>\n\t<meta name=\"twitter:label2\" content=\"Tiempo de lectura\" \/>\n\t<meta name=\"twitter:data2\" content=\"1 minuto\" \/>\n<script type=\"application\/ld+json\" class=\"yoast-schema-graph\">{\"@context\":\"https:\\\/\\\/schema.org\",\"@graph\":[{\"@type\":\"Article\",\"@id\":\"https:\\\/\\\/fundesplai.org\\\/es\\\/informa-t\\\/actualitat-es\\\/cuenta-atras-para-fiesta-esplai-domingo-11-de-mayo\\\/#article\",\"isPartOf\":{\"@id\":\"https:\\\/\\\/fundesplai.org\\\/es\\\/informa-t\\\/actualitat-es\\\/cuenta-atras-para-fiesta-esplai-domingo-11-de-mayo\\\/\"},\"author\":{\"name\":\"Alfons Valle\",\"@id\":\"https:\\\/\\\/fundesplai.org\\\/es\\\/#\\\/schema\\\/person\\\/c0e9e7466bb8ac06f5264324a6109733\"},\"headline\":\"Cuenta atr\u00e1s para Fiesta Esplai: domingo 11 de mayo!\",\"datePublished\":\"2014-04-04T09:38:00+00:00\",\"dateModified\":\"2023-08-07T07:53:33+00:00\",\"mainEntityOfPage\":{\"@id\":\"https:\\\/\\\/fundesplai.org\\\/es\\\/informa-t\\\/actualitat-es\\\/cuenta-atras-para-fiesta-esplai-domingo-11-de-mayo\\\/\"},\"wordCount\":298,\"image\":{\"@id\":\"https:\\\/\\\/fundesplai.org\\\/es\\\/informa-t\\\/actualitat-es\\\/cuenta-atras-para-fiesta-esplai-domingo-11-de-mayo\\\/#primaryimage\"},\"thumbnailUrl\":\"http:\\\/\\\/canal.fundesplai.org\\\/repositori\\\/image\\\/2013\\\/03Marc\\\/Logo-FestaEncerta-sense-fons.png\",\"articleSection\":[\"Actualitat\"],\"inLanguage\":\"es\"},{\"@type\":\"WebPage\",\"@id\":\"https:\\\/\\\/fundesplai.org\\\/es\\\/informa-t\\\/actualitat-es\\\/cuenta-atras-para-fiesta-esplai-domingo-11-de-mayo\\\/\",\"url\":\"https:\\\/\\\/fundesplai.org\\\/es\\\/informa-t\\\/actualitat-es\\\/cuenta-atras-para-fiesta-esplai-domingo-11-de-mayo\\\/\",\"name\":\"Cuenta atr\u00e1s para Fiesta Esplai: domingo 11 de mayo! - Fundesplai\",\"isPartOf\":{\"@id\":\"https:\\\/\\\/fundesplai.org\\\/es\\\/#website\"},\"primaryImageOfPage\":{\"@id\":\"https:\\\/\\\/fundesplai.org\\\/es\\\/informa-t\\\/actualitat-es\\\/cuenta-atras-para-fiesta-esplai-domingo-11-de-mayo\\\/#primaryimage\"},\"image\":{\"@id\":\"https:\\\/\\\/fundesplai.org\\\/es\\\/informa-t\\\/actualitat-es\\\/cuenta-atras-para-fiesta-esplai-domingo-11-de-mayo\\\/#primaryimage\"},\"thumbnailUrl\":\"http:\\\/\\\/canal.fundesplai.org\\\/repositori\\\/image\\\/2013\\\/03Marc\\\/Logo-FestaEncerta-sense-fons.png\",\"datePublished\":\"2014-04-04T09:38:00+00:00\",\"dateModified\":\"2023-08-07T07:53:33+00:00\",\"author\":{\"@id\":\"https:\\\/\\\/fundesplai.org\\\/es\\\/#\\\/schema\\\/person\\\/c0e9e7466bb8ac06f5264324a6109733\"},\"breadcrumb\":{\"@id\":\"https:\\\/\\\/fundesplai.org\\\/es\\\/informa-t\\\/actualitat-es\\\/cuenta-atras-para-fiesta-esplai-domingo-11-de-mayo\\\/#breadcrumb\"},\"inLanguage\":\"es\",\"potentialAction\":[{\"@type\":\"ReadAction\",\"target\":[\"https:\\\/\\\/fundesplai.org\\\/es\\\/informa-t\\\/actualitat-es\\\/cuenta-atras-para-fiesta-esplai-domingo-11-de-mayo\\\/\"]}]},{\"@type\":\"ImageObject\",\"inLanguage\":\"es\",\"@id\":\"https:\\\/\\\/fundesplai.org\\\/es\\\/informa-t\\\/actualitat-es\\\/cuenta-atras-para-fiesta-esplai-domingo-11-de-mayo\\\/#primaryimage\",\"url\":\"http:\\\/\\\/canal.fundesplai.org\\\/repositori\\\/image\\\/2013\\\/03Marc\\\/Logo-FestaEncerta-sense-fons.png\",\"contentUrl\":\"http:\\\/\\\/canal.fundesplai.org\\\/repositori\\\/image\\\/2013\\\/03Marc\\\/Logo-FestaEncerta-sense-fons.png\"},{\"@type\":\"BreadcrumbList\",\"@id\":\"https:\\\/\\\/fundesplai.org\\\/es\\\/informa-t\\\/actualitat-es\\\/cuenta-atras-para-fiesta-esplai-domingo-11-de-mayo\\\/#breadcrumb\",\"itemListElement\":[{\"@type\":\"ListItem\",\"position\":1,\"name\":\"Inici\",\"item\":\"https:\\\/\\\/fundesplai.org\\\/es\\\/inicio\\\/\"},{\"@type\":\"ListItem\",\"position\":2,\"name\":\"Inf\u00f3rmate\",\"item\":\"https:\\\/\\\/fundesplai.org\\\/es\\\/informate\\\/\"},{\"@type\":\"ListItem\",\"position\":3,\"name\":\"Actualitat\",\"item\":\"https:\\\/\\\/fundesplai.org\\\/es\\\/informa-t\\\/category\\\/actualitat-es\\\/\"},{\"@type\":\"ListItem\",\"position\":4,\"name\":\"Cuenta atr\u00e1s para Fiesta Esplai: domingo 11 de mayo!\"}]},{\"@type\":\"WebSite\",\"@id\":\"https:\\\/\\\/fundesplai.org\\\/es\\\/#website\",\"url\":\"https:\\\/\\\/fundesplai.org\\\/es\\\/\",\"name\":\"Fundesplai\",\"description\":\"Eduquem per la conviv\u00e8ncia i la sostenibilitat\",\"potentialAction\":[{\"@type\":\"SearchAction\",\"target\":{\"@type\":\"EntryPoint\",\"urlTemplate\":\"https:\\\/\\\/fundesplai.org\\\/es\\\/?s={search_term_string}\"},\"query-input\":{\"@type\":\"PropertyValueSpecification\",\"valueRequired\":true,\"valueName\":\"search_term_string\"}}],\"inLanguage\":\"es\"},{\"@type\":\"Person\",\"@id\":\"https:\\\/\\\/fundesplai.org\\\/es\\\/#\\\/schema\\\/person\\\/c0e9e7466bb8ac06f5264324a6109733\",\"name\":\"Alfons Valle\",\"image\":{\"@type\":\"ImageObject\",\"inLanguage\":\"es\",\"@id\":\"https:\\\/\\\/secure.gravatar.com\\\/avatar\\\/71d95a3f99a068ba570ac1314ed6911a59c5ae3f22ffcf23631cd1a861a640bc?s=96&d=mm&r=g\",\"url\":\"https:\\\/\\\/secure.gravatar.com\\\/avatar\\\/71d95a3f99a068ba570ac1314ed6911a59c5ae3f22ffcf23631cd1a861a640bc?s=96&d=mm&r=g\",\"contentUrl\":\"https:\\\/\\\/secure.gravatar.com\\\/avatar\\\/71d95a3f99a068ba570ac1314ed6911a59c5ae3f22ffcf23631cd1a861a640bc?s=96&d=mm&r=g\",\"caption\":\"Alfons Valle\"},\"url\":\"https:\\\/\\\/fundesplai.org\\\/es\\\/informa-t\\\/author\\\/avalle\\\/\"}]}<\/script>\n<!-- \/ Yoast SEO plugin. -->","yoast_head_json":{"title":"Cuenta atr\u00e1s para Fiesta Esplai: domingo 11 de mayo! - Fundesplai","robots":{"index":"index","follow":"follow","max-snippet":"max-snippet:-1","max-image-preview":"max-image-preview:large","max-video-preview":"max-video-preview:-1"},"canonical":"https:\/\/fundesplai.org\/es\/informa-t\/actualitat-es\/cuenta-atras-para-fiesta-esplai-domingo-11-de-mayo\/","og_locale":"es_ES","og_type":"article","og_title":"Cuenta atr\u00e1s para Fiesta Esplai: domingo 11 de mayo! - Fundesplai","og_description":"El pr\u00f3ximo domingo 11 de mayo tendr\u00e1 lugar en el Parc Nou del Prat de Llobregat una nueva edici\u00f3n de Festa Esplai, la gran celebraci\u00f3n anual de la Fundaci\u00f3 Catalana del Esplai.","og_url":"https:\/\/fundesplai.org\/es\/informa-t\/actualitat-es\/cuenta-atras-para-fiesta-esplai-domingo-11-de-mayo\/","og_site_name":"Fundesplai","article_published_time":"2014-04-04T09:38:00+00:00","article_modified_time":"2023-08-07T07:53:33+00:00","og_image":[{"url":"http:\/\/canal.fundesplai.org\/repositori\/image\/2013\/03Marc\/Logo-FestaEncerta-sense-fons.png","type":"","width":"","height":""}],"author":"Alfons Valle","twitter_card":"summary_large_image","twitter_misc":{"Escrito por":"Alfons Valle","Tiempo de lectura":"1 minuto"},"schema":{"@context":"https:\/\/schema.org","@graph":[{"@type":"Article","@id":"https:\/\/fundesplai.org\/es\/informa-t\/actualitat-es\/cuenta-atras-para-fiesta-esplai-domingo-11-de-mayo\/#article","isPartOf":{"@id":"https:\/\/fundesplai.org\/es\/informa-t\/actualitat-es\/cuenta-atras-para-fiesta-esplai-domingo-11-de-mayo\/"},"author":{"name":"Alfons Valle","@id":"https:\/\/fundesplai.org\/es\/#\/schema\/person\/c0e9e7466bb8ac06f5264324a6109733"},"headline":"Cuenta atr\u00e1s para Fiesta Esplai: domingo 11 de mayo!","datePublished":"2014-04-04T09:38:00+00:00","dateModified":"2023-08-07T07:53:33+00:00","mainEntityOfPage":{"@id":"https:\/\/fundesplai.org\/es\/informa-t\/actualitat-es\/cuenta-atras-para-fiesta-esplai-domingo-11-de-mayo\/"},"wordCount":298,"image":{"@id":"https:\/\/fundesplai.org\/es\/informa-t\/actualitat-es\/cuenta-atras-para-fiesta-esplai-domingo-11-de-mayo\/#primaryimage"},"thumbnailUrl":"http:\/\/canal.fundesplai.org\/repositori\/image\/2013\/03Marc\/Logo-FestaEncerta-sense-fons.png","articleSection":["Actualitat"],"inLanguage":"es"},{"@type":"WebPage","@id":"https:\/\/fundesplai.org\/es\/informa-t\/actualitat-es\/cuenta-atras-para-fiesta-esplai-domingo-11-de-mayo\/","url":"https:\/\/fundesplai.org\/es\/informa-t\/actualitat-es\/cuenta-atras-para-fiesta-esplai-domingo-11-de-mayo\/","name":"Cuenta atr\u00e1s para Fiesta Esplai: domingo 11 de mayo! - Fundesplai","isPartOf":{"@id":"https:\/\/fundesplai.org\/es\/#website"},"primaryImageOfPage":{"@id":"https:\/\/fundesplai.org\/es\/informa-t\/actualitat-es\/cuenta-atras-para-fiesta-esplai-domingo-11-de-mayo\/#primaryimage"},"image":{"@id":"https:\/\/fundesplai.org\/es\/informa-t\/actualitat-es\/cuenta-atras-para-fiesta-esplai-domingo-11-de-mayo\/#primaryimage"},"thumbnailUrl":"http:\/\/canal.fundesplai.org\/repositori\/image\/2013\/03Marc\/Logo-FestaEncerta-sense-fons.png","datePublished":"2014-04-04T09:38:00+00:00","dateModified":"2023-08-07T07:53:33+00:00","author":{"@id":"https:\/\/fundesplai.org\/es\/#\/schema\/person\/c0e9e7466bb8ac06f5264324a6109733"},"breadcrumb":{"@id":"https:\/\/fundesplai.org\/es\/informa-t\/actualitat-es\/cuenta-atras-para-fiesta-esplai-domingo-11-de-mayo\/#breadcrumb"},"inLanguage":"es","potentialAction":[{"@type":"ReadAction","target":["https:\/\/fundesplai.org\/es\/informa-t\/actualitat-es\/cuenta-atras-para-fiesta-esplai-domingo-11-de-mayo\/"]}]},{"@type":"ImageObject","inLanguage":"es","@id":"https:\/\/fundesplai.org\/es\/informa-t\/actualitat-es\/cuenta-atras-para-fiesta-esplai-domingo-11-de-mayo\/#primaryimage","url":"http:\/\/canal.fundesplai.org\/repositori\/image\/2013\/03Marc\/Logo-FestaEncerta-sense-fons.png","contentUrl":"http:\/\/canal.fundesplai.org\/repositori\/image\/2013\/03Marc\/Logo-FestaEncerta-sense-fons.png"},{"@type":"BreadcrumbList","@id":"https:\/\/fundesplai.org\/es\/informa-t\/actualitat-es\/cuenta-atras-para-fiesta-esplai-domingo-11-de-mayo\/#breadcrumb","itemListElement":[{"@type":"ListItem","position":1,"name":"Inici","item":"https:\/\/fundesplai.org\/es\/inicio\/"},{"@type":"ListItem","position":2,"name":"Inf\u00f3rmate","item":"https:\/\/fundesplai.org\/es\/informate\/"},{"@type":"ListItem","position":3,"name":"Actualitat","item":"https:\/\/fundesplai.org\/es\/informa-t\/category\/actualitat-es\/"},{"@type":"ListItem","position":4,"name":"Cuenta atr\u00e1s para Fiesta Esplai: domingo 11 de mayo!"}]},{"@type":"WebSite","@id":"https:\/\/fundesplai.org\/es\/#website","url":"https:\/\/fundesplai.org\/es\/","name":"Fundesplai","description":"Eduquem per la conviv\u00e8ncia i la sostenibilitat","potentialAction":[{"@type":"SearchAction","target":{"@type":"EntryPoint","urlTemplate":"https:\/\/fundesplai.org\/es\/?s={search_term_string}"},"query-input":{"@type":"PropertyValueSpecification","valueRequired":true,"valueName":"search_term_string"}}],"inLanguage":"es"},{"@type":"Person","@id":"https:\/\/fundesplai.org\/es\/#\/schema\/person\/c0e9e7466bb8ac06f5264324a6109733","name":"Alfons Valle","image":{"@type":"ImageObject","inLanguage":"es","@id":"https:\/\/secure.gravatar.com\/avatar\/71d95a3f99a068ba570ac1314ed6911a59c5ae3f22ffcf23631cd1a861a640bc?s=96&d=mm&r=g","url":"https:\/\/secure.gravatar.com\/avatar\/71d95a3f99a068ba570ac1314ed6911a59c5ae3f22ffcf23631cd1a861a640bc?s=96&d=mm&r=g","contentUrl":"https:\/\/secure.gravatar.com\/avatar\/71d95a3f99a068ba570ac1314ed6911a59c5ae3f22ffcf23631cd1a861a640bc?s=96&d=mm&r=g","caption":"Alfons Valle"},"url":"https:\/\/fundesplai.org\/es\/informa-t\/author\/avalle\/"}]}},"_links":{"self":[{"href":"https:\/\/fundesplai.org\/es\/wp-json\/wp\/v2\/posts\/47238","targetHints":{"allow":["GET"]}}],"collection":[{"href":"https:\/\/fundesplai.org\/es\/wp-json\/wp\/v2\/posts"}],"about":[{"href":"https:\/\/fundesplai.org\/es\/wp-json\/wp\/v2\/types\/post"}],"author":[{"embeddable":true,"href":"https:\/\/fundesplai.org\/es\/wp-json\/wp\/v2\/users\/9"}],"replies":[{"embeddable":true,"href":"https:\/\/fundesplai.org\/es\/wp-json\/wp\/v2\/comments?post=47238"}],"version-history":[{"count":1,"href":"https:\/\/fundesplai.org\/es\/wp-json\/wp\/v2\/posts\/47238\/revisions"}],"predecessor-version":[{"id":47239,"href":"https:\/\/fundesplai.org\/es\/wp-json\/wp\/v2\/posts\/47238\/revisions\/47239"}],"wp:attachment":[{"href":"https:\/\/fundesplai.org\/es\/wp-json\/wp\/v2\/media?parent=47238"}],"wp:term":[{"taxonomy":"category","embeddable":true,"href":"https:\/\/fundesplai.org\/es\/wp-json\/wp\/v2\/categories?post=47238"},{"taxonomy":"post_tag","embeddable":true,"href":"https:\/\/fundesplai.org\/es\/wp-json\/wp\/v2\/tags?post=47238"}],"curies":[{"name":"wp","href":"https:\/\/api.w.org\/{rel}","templated":true}]}}