{"id":47236,"date":"2014-04-03T20:46:34","date_gmt":"2014-04-03T18:46:34","guid":{"rendered":"https:\/\/fundesplai.org\/informa-t\/sense-categoria\/la-consellera-neus-munte-visita-el-esplai-guadalhorce-de-federacion\/"},"modified":"2023-08-07T09:50:35","modified_gmt":"2023-08-07T07:50:35","slug":"la-consellera-neus-munte-visita-el-esplai-guadalhorce-de-federacion","status":"publish","type":"post","link":"https:\/\/fundesplai.org\/es\/informa-t\/actualitat-es\/la-consellera-neus-munte-visita-el-esplai-guadalhorce-de-federacion\/","title":{"rendered":"La consellera Neus Munt\u00e9 visita el Esplai Guadalhorce de Federaci\u00f3n"},"content":{"rendered":"<p>Este jueves 3 de abril la consejera de Bienestar y Familia, Neus Munt\u00e9, ha visitado el Esplai Guadalhorce (Vall\u00e8s), que forma parte de la Federaci\u00f3n Catalana del Esplai. La consejera ha estado acompa\u00f1ada del presidente de la Fundaci\u00f3n, Josep Gass\u00f3, el director geneneral de Juventud, Toni Reig, as\u00ed como por responsables del recreo, de la Fundaci\u00f3n y de Josep Rull, concejal del Ayuntamiento de Terrassa.<\/p>\n<p><!--more--><\/p>\n<table align=\"left\">\n<tbody>\n<tr>\n<td><img loading=\"lazy\" decoding=\"async\" class=\" size-full wp-image-477\" src=\"https:\/\/fundesplai.org\/test-joomla\/wp-content\/uploads\/sites\/26\/2014\/04\/Consellera_Guadalhorce_web.jpg\" alt=\"Consejera Guadalhorce web\" width=\"250\" height=\"141\">&nbsp;<\/td>\n<\/tr>\n<tr>\n<td>&nbsp;<img loading=\"lazy\" decoding=\"async\" class=\" size-full wp-image-480\" src=\"https:\/\/fundesplai.org\/test-joomla\/wp-content\/uploads\/sites\/26\/2014\/04\/Consellera_Guadalhorce_web2.jpg\" alt=\"Consejera Guadalhorce web2\" width=\"250\" height=\"166\"><\/td>\n<\/tr>\n<tr>\n<td>&nbsp;<img loading=\"lazy\" decoding=\"async\" class=\" size-full wp-image-483\" src=\"https:\/\/fundesplai.org\/test-joomla\/wp-content\/uploads\/sites\/26\/2014\/04\/Consellera_Guadalhorce_web3.jpg\" alt=\"Consejera Guadalhorce web3\" width=\"250\" height=\"166\"><\/td>\n<\/tr>\n<\/tbody>\n<\/table>\n<p>Este jueves 3 de abril la consejera de Bienestar y Familia, Neus Munt\u00e9, ha visitado el Esplai Guadalhorce (Vall\u00e8s), que forma parte de la Federaci\u00f3n Catalana del Esplai. La consejera ha estado acompa\u00f1ada del presidente de la Fundaci\u00f3n, Josep Gass\u00f3, el director geneneral de Juventud, Toni Reig, as\u00ed como por responsables del recreo, de la Fundaci\u00f3n y de Josep Rull, concejal del Ayuntamiento de Terrassa.<\/p>\n<p>Durante la visita, la consejera ha podido conocer la labor educativa y social que desarrolla esta entidad del barrio de Guadalhorce de Terrassa.<\/p>\n<p>As\u00ed, la consejera ha podido participar en la clausura de la propuesta educativa B612, de educaci\u00f3n del consumo, que han hecho ni\u00f1os, ni\u00f1as j\u00f3venes y familias.<\/p>\n<p>Posteriormente, Munt\u00e9, Reig y Rull se han reunido con los responsables del recreo, de la Fundaci\u00f3n y la Federaci\u00f3n y representantes de las familias.<\/p>\n","protected":false},"excerpt":{"rendered":"<p>Este jueves 3 de abril la consejera de Bienestar y Familia, Neus Munt\u00e9, ha visitado el Esplai Guadalhorce (Vall\u00e8s), que forma parte de la Federaci\u00f3n Catalana del Esplai. La consejera ha estado acompa\u00f1ada del presidente de la Fundaci\u00f3n, Josep Gass\u00f3, el director geneneral de Juventud, Toni Reig, as\u00ed como por responsables del recreo, de la [&hellip;]<\/p>\n","protected":false},"author":9,"featured_media":0,"comment_status":"closed","ping_status":"closed","sticky":false,"template":"","format":"standard","meta":{"_et_pb_use_builder":"","_et_pb_old_content":"","_et_gb_content_width":"","footnotes":""},"categories":[937],"tags":[],"class_list":["post-47236","post","type-post","status-publish","format-standard","hentry","category-actualitat-es"],"yoast_head":"<!-- This site is optimized with the Yoast SEO plugin v27.4 - https:\/\/yoast.com\/product\/yoast-seo-wordpress\/ -->\n<title>La consellera Neus Munt\u00e9 visita el Esplai Guadalhorce de Federaci\u00f3n - Fundesplai<\/title>\n<meta name=\"robots\" content=\"index, follow, max-snippet:-1, max-image-preview:large, max-video-preview:-1\" \/>\n<link rel=\"canonical\" href=\"https:\/\/fundesplai.org\/es\/informa-t\/actualitat-es\/la-consellera-neus-munte-visita-el-esplai-guadalhorce-de-federacion\/\" \/>\n<meta property=\"og:locale\" content=\"es_ES\" \/>\n<meta property=\"og:type\" content=\"article\" \/>\n<meta property=\"og:title\" content=\"La consellera Neus Munt\u00e9 visita el Esplai Guadalhorce de Federaci\u00f3n - Fundesplai\" \/>\n<meta property=\"og:description\" content=\"Este jueves 3 de abril la consejera de Bienestar y Familia, Neus Munt\u00e9, ha visitado el Esplai Guadalhorce (Vall\u00e8s), que forma parte de la Federaci\u00f3n Catalana del Esplai. La consejera ha estado acompa\u00f1ada del presidente de la Fundaci\u00f3n, Josep Gass\u00f3, el director geneneral de Juventud, Toni Reig, as\u00ed como por responsables del recreo, de la [&hellip;]\" \/>\n<meta property=\"og:url\" content=\"https:\/\/fundesplai.org\/es\/informa-t\/actualitat-es\/la-consellera-neus-munte-visita-el-esplai-guadalhorce-de-federacion\/\" \/>\n<meta property=\"og:site_name\" content=\"Fundesplai\" \/>\n<meta property=\"article:published_time\" content=\"2014-04-03T18:46:34+00:00\" \/>\n<meta property=\"article:modified_time\" content=\"2023-08-07T07:50:35+00:00\" \/>\n<meta property=\"og:image\" content=\"https:\/\/fundesplai.org\/test-joomla\/wp-content\/uploads\/sites\/26\/2014\/04\/Consellera_Guadalhorce_web.jpg\" \/>\n<meta name=\"author\" content=\"Alfons Valle\" \/>\n<meta name=\"twitter:card\" content=\"summary_large_image\" \/>\n<meta name=\"twitter:label1\" content=\"Escrito por\" \/>\n\t<meta name=\"twitter:data1\" content=\"Alfons Valle\" \/>\n\t<meta name=\"twitter:label2\" content=\"Tiempo de lectura\" \/>\n\t<meta name=\"twitter:data2\" content=\"1 minuto\" \/>\n<script type=\"application\/ld+json\" class=\"yoast-schema-graph\">{\"@context\":\"https:\\\/\\\/schema.org\",\"@graph\":[{\"@type\":\"Article\",\"@id\":\"https:\\\/\\\/fundesplai.org\\\/es\\\/informa-t\\\/actualitat-es\\\/la-consellera-neus-munte-visita-el-esplai-guadalhorce-de-federacion\\\/#article\",\"isPartOf\":{\"@id\":\"https:\\\/\\\/fundesplai.org\\\/es\\\/informa-t\\\/actualitat-es\\\/la-consellera-neus-munte-visita-el-esplai-guadalhorce-de-federacion\\\/\"},\"author\":{\"name\":\"Alfons Valle\",\"@id\":\"https:\\\/\\\/fundesplai.org\\\/es\\\/#\\\/schema\\\/person\\\/c0e9e7466bb8ac06f5264324a6109733\"},\"headline\":\"La consellera Neus Munt\u00e9 visita el Esplai Guadalhorce de Federaci\u00f3n\",\"datePublished\":\"2014-04-03T18:46:34+00:00\",\"dateModified\":\"2023-08-07T07:50:35+00:00\",\"mainEntityOfPage\":{\"@id\":\"https:\\\/\\\/fundesplai.org\\\/es\\\/informa-t\\\/actualitat-es\\\/la-consellera-neus-munte-visita-el-esplai-guadalhorce-de-federacion\\\/\"},\"wordCount\":231,\"image\":{\"@id\":\"https:\\\/\\\/fundesplai.org\\\/es\\\/informa-t\\\/actualitat-es\\\/la-consellera-neus-munte-visita-el-esplai-guadalhorce-de-federacion\\\/#primaryimage\"},\"thumbnailUrl\":\"https:\\\/\\\/fundesplai.org\\\/test-joomla\\\/wp-content\\\/uploads\\\/sites\\\/26\\\/2014\\\/04\\\/Consellera_Guadalhorce_web.jpg\",\"articleSection\":[\"Actualitat\"],\"inLanguage\":\"es\"},{\"@type\":\"WebPage\",\"@id\":\"https:\\\/\\\/fundesplai.org\\\/es\\\/informa-t\\\/actualitat-es\\\/la-consellera-neus-munte-visita-el-esplai-guadalhorce-de-federacion\\\/\",\"url\":\"https:\\\/\\\/fundesplai.org\\\/es\\\/informa-t\\\/actualitat-es\\\/la-consellera-neus-munte-visita-el-esplai-guadalhorce-de-federacion\\\/\",\"name\":\"La consellera Neus Munt\u00e9 visita el Esplai Guadalhorce de Federaci\u00f3n - Fundesplai\",\"isPartOf\":{\"@id\":\"https:\\\/\\\/fundesplai.org\\\/es\\\/#website\"},\"primaryImageOfPage\":{\"@id\":\"https:\\\/\\\/fundesplai.org\\\/es\\\/informa-t\\\/actualitat-es\\\/la-consellera-neus-munte-visita-el-esplai-guadalhorce-de-federacion\\\/#primaryimage\"},\"image\":{\"@id\":\"https:\\\/\\\/fundesplai.org\\\/es\\\/informa-t\\\/actualitat-es\\\/la-consellera-neus-munte-visita-el-esplai-guadalhorce-de-federacion\\\/#primaryimage\"},\"thumbnailUrl\":\"https:\\\/\\\/fundesplai.org\\\/test-joomla\\\/wp-content\\\/uploads\\\/sites\\\/26\\\/2014\\\/04\\\/Consellera_Guadalhorce_web.jpg\",\"datePublished\":\"2014-04-03T18:46:34+00:00\",\"dateModified\":\"2023-08-07T07:50:35+00:00\",\"author\":{\"@id\":\"https:\\\/\\\/fundesplai.org\\\/es\\\/#\\\/schema\\\/person\\\/c0e9e7466bb8ac06f5264324a6109733\"},\"breadcrumb\":{\"@id\":\"https:\\\/\\\/fundesplai.org\\\/es\\\/informa-t\\\/actualitat-es\\\/la-consellera-neus-munte-visita-el-esplai-guadalhorce-de-federacion\\\/#breadcrumb\"},\"inLanguage\":\"es\",\"potentialAction\":[{\"@type\":\"ReadAction\",\"target\":[\"https:\\\/\\\/fundesplai.org\\\/es\\\/informa-t\\\/actualitat-es\\\/la-consellera-neus-munte-visita-el-esplai-guadalhorce-de-federacion\\\/\"]}]},{\"@type\":\"ImageObject\",\"inLanguage\":\"es\",\"@id\":\"https:\\\/\\\/fundesplai.org\\\/es\\\/informa-t\\\/actualitat-es\\\/la-consellera-neus-munte-visita-el-esplai-guadalhorce-de-federacion\\\/#primaryimage\",\"url\":\"https:\\\/\\\/fundesplai.org\\\/test-joomla\\\/wp-content\\\/uploads\\\/sites\\\/26\\\/2014\\\/04\\\/Consellera_Guadalhorce_web.jpg\",\"contentUrl\":\"https:\\\/\\\/fundesplai.org\\\/test-joomla\\\/wp-content\\\/uploads\\\/sites\\\/26\\\/2014\\\/04\\\/Consellera_Guadalhorce_web.jpg\"},{\"@type\":\"BreadcrumbList\",\"@id\":\"https:\\\/\\\/fundesplai.org\\\/es\\\/informa-t\\\/actualitat-es\\\/la-consellera-neus-munte-visita-el-esplai-guadalhorce-de-federacion\\\/#breadcrumb\",\"itemListElement\":[{\"@type\":\"ListItem\",\"position\":1,\"name\":\"Inici\",\"item\":\"https:\\\/\\\/fundesplai.org\\\/es\\\/inicio\\\/\"},{\"@type\":\"ListItem\",\"position\":2,\"name\":\"Inf\u00f3rmate\",\"item\":\"https:\\\/\\\/fundesplai.org\\\/es\\\/informate\\\/\"},{\"@type\":\"ListItem\",\"position\":3,\"name\":\"Actualitat\",\"item\":\"https:\\\/\\\/fundesplai.org\\\/es\\\/informa-t\\\/category\\\/actualitat-es\\\/\"},{\"@type\":\"ListItem\",\"position\":4,\"name\":\"La consellera Neus Munt\u00e9 visita el Esplai Guadalhorce de Federaci\u00f3n\"}]},{\"@type\":\"WebSite\",\"@id\":\"https:\\\/\\\/fundesplai.org\\\/es\\\/#website\",\"url\":\"https:\\\/\\\/fundesplai.org\\\/es\\\/\",\"name\":\"Fundesplai\",\"description\":\"Eduquem per la conviv\u00e8ncia i la sostenibilitat\",\"potentialAction\":[{\"@type\":\"SearchAction\",\"target\":{\"@type\":\"EntryPoint\",\"urlTemplate\":\"https:\\\/\\\/fundesplai.org\\\/es\\\/?s={search_term_string}\"},\"query-input\":{\"@type\":\"PropertyValueSpecification\",\"valueRequired\":true,\"valueName\":\"search_term_string\"}}],\"inLanguage\":\"es\"},{\"@type\":\"Person\",\"@id\":\"https:\\\/\\\/fundesplai.org\\\/es\\\/#\\\/schema\\\/person\\\/c0e9e7466bb8ac06f5264324a6109733\",\"name\":\"Alfons Valle\",\"image\":{\"@type\":\"ImageObject\",\"inLanguage\":\"es\",\"@id\":\"https:\\\/\\\/secure.gravatar.com\\\/avatar\\\/71d95a3f99a068ba570ac1314ed6911a59c5ae3f22ffcf23631cd1a861a640bc?s=96&d=mm&r=g\",\"url\":\"https:\\\/\\\/secure.gravatar.com\\\/avatar\\\/71d95a3f99a068ba570ac1314ed6911a59c5ae3f22ffcf23631cd1a861a640bc?s=96&d=mm&r=g\",\"contentUrl\":\"https:\\\/\\\/secure.gravatar.com\\\/avatar\\\/71d95a3f99a068ba570ac1314ed6911a59c5ae3f22ffcf23631cd1a861a640bc?s=96&d=mm&r=g\",\"caption\":\"Alfons Valle\"},\"url\":\"https:\\\/\\\/fundesplai.org\\\/es\\\/informa-t\\\/author\\\/avalle\\\/\"}]}<\/script>\n<!-- \/ Yoast SEO plugin. -->","yoast_head_json":{"title":"La consellera Neus Munt\u00e9 visita el Esplai Guadalhorce de Federaci\u00f3n - Fundesplai","robots":{"index":"index","follow":"follow","max-snippet":"max-snippet:-1","max-image-preview":"max-image-preview:large","max-video-preview":"max-video-preview:-1"},"canonical":"https:\/\/fundesplai.org\/es\/informa-t\/actualitat-es\/la-consellera-neus-munte-visita-el-esplai-guadalhorce-de-federacion\/","og_locale":"es_ES","og_type":"article","og_title":"La consellera Neus Munt\u00e9 visita el Esplai Guadalhorce de Federaci\u00f3n - Fundesplai","og_description":"Este jueves 3 de abril la consejera de Bienestar y Familia, Neus Munt\u00e9, ha visitado el Esplai Guadalhorce (Vall\u00e8s), que forma parte de la Federaci\u00f3n Catalana del Esplai. La consejera ha estado acompa\u00f1ada del presidente de la Fundaci\u00f3n, Josep Gass\u00f3, el director geneneral de Juventud, Toni Reig, as\u00ed como por responsables del recreo, de la [&hellip;]","og_url":"https:\/\/fundesplai.org\/es\/informa-t\/actualitat-es\/la-consellera-neus-munte-visita-el-esplai-guadalhorce-de-federacion\/","og_site_name":"Fundesplai","article_published_time":"2014-04-03T18:46:34+00:00","article_modified_time":"2023-08-07T07:50:35+00:00","og_image":[{"url":"https:\/\/fundesplai.org\/test-joomla\/wp-content\/uploads\/sites\/26\/2014\/04\/Consellera_Guadalhorce_web.jpg","type":"","width":"","height":""}],"author":"Alfons Valle","twitter_card":"summary_large_image","twitter_misc":{"Escrito por":"Alfons Valle","Tiempo de lectura":"1 minuto"},"schema":{"@context":"https:\/\/schema.org","@graph":[{"@type":"Article","@id":"https:\/\/fundesplai.org\/es\/informa-t\/actualitat-es\/la-consellera-neus-munte-visita-el-esplai-guadalhorce-de-federacion\/#article","isPartOf":{"@id":"https:\/\/fundesplai.org\/es\/informa-t\/actualitat-es\/la-consellera-neus-munte-visita-el-esplai-guadalhorce-de-federacion\/"},"author":{"name":"Alfons Valle","@id":"https:\/\/fundesplai.org\/es\/#\/schema\/person\/c0e9e7466bb8ac06f5264324a6109733"},"headline":"La consellera Neus Munt\u00e9 visita el Esplai Guadalhorce de Federaci\u00f3n","datePublished":"2014-04-03T18:46:34+00:00","dateModified":"2023-08-07T07:50:35+00:00","mainEntityOfPage":{"@id":"https:\/\/fundesplai.org\/es\/informa-t\/actualitat-es\/la-consellera-neus-munte-visita-el-esplai-guadalhorce-de-federacion\/"},"wordCount":231,"image":{"@id":"https:\/\/fundesplai.org\/es\/informa-t\/actualitat-es\/la-consellera-neus-munte-visita-el-esplai-guadalhorce-de-federacion\/#primaryimage"},"thumbnailUrl":"https:\/\/fundesplai.org\/test-joomla\/wp-content\/uploads\/sites\/26\/2014\/04\/Consellera_Guadalhorce_web.jpg","articleSection":["Actualitat"],"inLanguage":"es"},{"@type":"WebPage","@id":"https:\/\/fundesplai.org\/es\/informa-t\/actualitat-es\/la-consellera-neus-munte-visita-el-esplai-guadalhorce-de-federacion\/","url":"https:\/\/fundesplai.org\/es\/informa-t\/actualitat-es\/la-consellera-neus-munte-visita-el-esplai-guadalhorce-de-federacion\/","name":"La consellera Neus Munt\u00e9 visita el Esplai Guadalhorce de Federaci\u00f3n - Fundesplai","isPartOf":{"@id":"https:\/\/fundesplai.org\/es\/#website"},"primaryImageOfPage":{"@id":"https:\/\/fundesplai.org\/es\/informa-t\/actualitat-es\/la-consellera-neus-munte-visita-el-esplai-guadalhorce-de-federacion\/#primaryimage"},"image":{"@id":"https:\/\/fundesplai.org\/es\/informa-t\/actualitat-es\/la-consellera-neus-munte-visita-el-esplai-guadalhorce-de-federacion\/#primaryimage"},"thumbnailUrl":"https:\/\/fundesplai.org\/test-joomla\/wp-content\/uploads\/sites\/26\/2014\/04\/Consellera_Guadalhorce_web.jpg","datePublished":"2014-04-03T18:46:34+00:00","dateModified":"2023-08-07T07:50:35+00:00","author":{"@id":"https:\/\/fundesplai.org\/es\/#\/schema\/person\/c0e9e7466bb8ac06f5264324a6109733"},"breadcrumb":{"@id":"https:\/\/fundesplai.org\/es\/informa-t\/actualitat-es\/la-consellera-neus-munte-visita-el-esplai-guadalhorce-de-federacion\/#breadcrumb"},"inLanguage":"es","potentialAction":[{"@type":"ReadAction","target":["https:\/\/fundesplai.org\/es\/informa-t\/actualitat-es\/la-consellera-neus-munte-visita-el-esplai-guadalhorce-de-federacion\/"]}]},{"@type":"ImageObject","inLanguage":"es","@id":"https:\/\/fundesplai.org\/es\/informa-t\/actualitat-es\/la-consellera-neus-munte-visita-el-esplai-guadalhorce-de-federacion\/#primaryimage","url":"https:\/\/fundesplai.org\/test-joomla\/wp-content\/uploads\/sites\/26\/2014\/04\/Consellera_Guadalhorce_web.jpg","contentUrl":"https:\/\/fundesplai.org\/test-joomla\/wp-content\/uploads\/sites\/26\/2014\/04\/Consellera_Guadalhorce_web.jpg"},{"@type":"BreadcrumbList","@id":"https:\/\/fundesplai.org\/es\/informa-t\/actualitat-es\/la-consellera-neus-munte-visita-el-esplai-guadalhorce-de-federacion\/#breadcrumb","itemListElement":[{"@type":"ListItem","position":1,"name":"Inici","item":"https:\/\/fundesplai.org\/es\/inicio\/"},{"@type":"ListItem","position":2,"name":"Inf\u00f3rmate","item":"https:\/\/fundesplai.org\/es\/informate\/"},{"@type":"ListItem","position":3,"name":"Actualitat","item":"https:\/\/fundesplai.org\/es\/informa-t\/category\/actualitat-es\/"},{"@type":"ListItem","position":4,"name":"La consellera Neus Munt\u00e9 visita el Esplai Guadalhorce de Federaci\u00f3n"}]},{"@type":"WebSite","@id":"https:\/\/fundesplai.org\/es\/#website","url":"https:\/\/fundesplai.org\/es\/","name":"Fundesplai","description":"Eduquem per la conviv\u00e8ncia i la sostenibilitat","potentialAction":[{"@type":"SearchAction","target":{"@type":"EntryPoint","urlTemplate":"https:\/\/fundesplai.org\/es\/?s={search_term_string}"},"query-input":{"@type":"PropertyValueSpecification","valueRequired":true,"valueName":"search_term_string"}}],"inLanguage":"es"},{"@type":"Person","@id":"https:\/\/fundesplai.org\/es\/#\/schema\/person\/c0e9e7466bb8ac06f5264324a6109733","name":"Alfons Valle","image":{"@type":"ImageObject","inLanguage":"es","@id":"https:\/\/secure.gravatar.com\/avatar\/71d95a3f99a068ba570ac1314ed6911a59c5ae3f22ffcf23631cd1a861a640bc?s=96&d=mm&r=g","url":"https:\/\/secure.gravatar.com\/avatar\/71d95a3f99a068ba570ac1314ed6911a59c5ae3f22ffcf23631cd1a861a640bc?s=96&d=mm&r=g","contentUrl":"https:\/\/secure.gravatar.com\/avatar\/71d95a3f99a068ba570ac1314ed6911a59c5ae3f22ffcf23631cd1a861a640bc?s=96&d=mm&r=g","caption":"Alfons Valle"},"url":"https:\/\/fundesplai.org\/es\/informa-t\/author\/avalle\/"}]}},"_links":{"self":[{"href":"https:\/\/fundesplai.org\/es\/wp-json\/wp\/v2\/posts\/47236","targetHints":{"allow":["GET"]}}],"collection":[{"href":"https:\/\/fundesplai.org\/es\/wp-json\/wp\/v2\/posts"}],"about":[{"href":"https:\/\/fundesplai.org\/es\/wp-json\/wp\/v2\/types\/post"}],"author":[{"embeddable":true,"href":"https:\/\/fundesplai.org\/es\/wp-json\/wp\/v2\/users\/9"}],"replies":[{"embeddable":true,"href":"https:\/\/fundesplai.org\/es\/wp-json\/wp\/v2\/comments?post=47236"}],"version-history":[{"count":1,"href":"https:\/\/fundesplai.org\/es\/wp-json\/wp\/v2\/posts\/47236\/revisions"}],"predecessor-version":[{"id":47237,"href":"https:\/\/fundesplai.org\/es\/wp-json\/wp\/v2\/posts\/47236\/revisions\/47237"}],"wp:attachment":[{"href":"https:\/\/fundesplai.org\/es\/wp-json\/wp\/v2\/media?parent=47236"}],"wp:term":[{"taxonomy":"category","embeddable":true,"href":"https:\/\/fundesplai.org\/es\/wp-json\/wp\/v2\/categories?post=47236"},{"taxonomy":"post_tag","embeddable":true,"href":"https:\/\/fundesplai.org\/es\/wp-json\/wp\/v2\/tags?post=47236"}],"curies":[{"name":"wp","href":"https:\/\/api.w.org\/{rel}","templated":true}]}}