{"id":47234,"date":"2014-03-28T12:43:31","date_gmt":"2014-03-28T11:43:31","guid":{"rendered":"https:\/\/fundesplai.org\/informa-t\/sense-categoria\/mas-apoyos-para-el-tresca-y-puesta-en-marcha-de-nuevas-ediciones\/"},"modified":"2014-03-28T12:43:31","modified_gmt":"2014-03-28T11:43:31","slug":"mas-apoyos-para-el-tresca-y-puesta-en-marcha-de-nuevas-ediciones","status":"publish","type":"post","link":"https:\/\/fundesplai.org\/es\/informa-t\/actualitat-es\/mas-apoyos-para-el-tresca-y-puesta-en-marcha-de-nuevas-ediciones\/","title":{"rendered":"M\u00e1s apoyos para el Tresca y puesta en marcha de nuevas ediciones"},"content":{"rendered":"<div>Imma Mayol, directora general de Fundaci\u00f3n Esplai, y Mar\u00eda Bruno, responsable del \u00c1rea Social de la Fundaci\u00f3n, asistieron el pasado jueves 20 de marzo al acto de entrega de las ayudas sociales que concede la Fundaci\u00f3n Mutua Madrile\u00f1a.<\/div>\n<p><!--more--><\/p>\n<table style=\"width: 300px\" align=\"left\">\n<tbody>\n<tr>\n<td><img loading=\"lazy\" decoding=\"async\" class=\" size-full wp-image-450\" src=\"https:\/\/fundesplai.org\/test-joomla\/wp-content\/uploads\/sites\/26\/2014\/03\/AyudaAccionSocial-74.jpg\" alt=\"AyudaAccionSocial-74\" width=\"300\" height=\"199\">&nbsp;<\/td>\n<\/tr>\n<tr class=\"text-petit\">\n<td>&nbsp;Imma Mayol recibe de la Ministra Ana Mato y en presencia del presidente de la Fundaci\u00f3n Mutua Madrile\u00f1a las ayudas al programa Tresca<\/td>\n<\/tr>\n<tr>\n<td>&nbsp;<img loading=\"lazy\" decoding=\"async\" class=\" size-full wp-image-464\" src=\"https:\/\/fundesplai.org\/test-joomla\/wp-content\/uploads\/sites\/26\/2014\/03\/TrescaEurope.jpg\" alt=\"TrescaEurope\" width=\"300\" height=\"200\"><\/td>\n<\/tr>\n<tr>\n<td>&nbsp;<img loading=\"lazy\" decoding=\"async\" class=\" size-full wp-image-470\" src=\"https:\/\/fundesplai.org\/test-joomla\/wp-content\/uploads\/sites\/26\/2014\/03\/TrescaJove2014b.jpg\" alt=\"TrescaJoven2014b\" width=\"300\" height=\"200\"><\/td>\n<\/tr>\n<\/tbody>\n<\/table>\n<p>Imma Mayol, directora general de Fundaci\u00f3n Esplai, y Mar\u00eda Bruno, responsable del \u00c1rea Social de la Fundaci\u00f3n, asistieron el pasado jueves 20 de marzo al acto de entrega de las ayudas sociales que concede la Fundaci\u00f3n Mutua Madrile\u00f1a a proyectos sociales de ONG.<\/p>\n<div>\n<div>El acto de entrega de las ayudas estuvo presidido por la Ministra de Sanidad y Asuntos Sociales, Ana Mato, y el presidente de la Fundaci\u00f3n Mutua Madrile\u00f1a, Ignacio Garralda. Fundaci\u00f3n Mutua Madrile\u00f1a concedi\u00f3 una de sus ayudas al programa de inserci\u00f3n sociolaboral Tresca dentro de su \u00abII Convocatoria Anual de Ayudas a la ACCI\u00d3N SOCIAL 2014\u00bb.<\/div>\n<div>&nbsp;<\/div>\n<div><strong>Nuevas ediciones del Tresca ya en marcha!<\/strong><\/div>\n<div>&nbsp;<\/div>\n<div>El pasado jueves 13 de marzo se present\u00f3 en el Club de Esplai Bellvitge la nueva edici\u00f3n del <strong>Tresca Europe<\/strong>, con la colaboraci\u00f3n de <strong>Stavros Niarchos Foundation<\/strong>. En el acto inaugural participaron m\u00e1s de 100 j\u00f3venes de diferentes municipios: Castelldefels, Terrassa, Gav\u00e0, el Hospitalet de Llobregat, Barcelona y Cornell\u00e0 de Llobregat, j\u00f3venes que est\u00e1n motivados por aprender y para abrirse a nuevas formas de formaci\u00f3n y con una idea en la cabeza: \u00ababrirse camino al mundo del ocio y del esplai\u00bb.<\/div>\n<div>&nbsp;<\/div>\n<div>El proyecto Tresca Europe consiste en la transferencia del programa de inclusi\u00f3n sociolaboral de j\u00f3venes <strong>Tresca Jove<\/strong> que hasta ahora ha desarrollado la <strong>Fundaci\u00f3n Catalana del Esplai<\/strong>  en Catalu\u00f1a a entidades sociales de Espa\u00f1a, Portugal e Italia y contar\u00e1 con la participaci\u00f3n de 350 j\u00f3venes. Un total de 50 j\u00f3venes inician la formaci\u00f3n en Portugal durante el mes de abril con la entidad <a href=\"http:\/\/www.fjuventude.pt\/pt\/destaques\/421\/tresca-europe.aspx\" target=\"_blank\" rel=\"noopener\">Funda\u00e7ao Da Joventude<\/a> como organizadora.<\/div>\n<div>&nbsp;<\/div>\n<div>Adem\u00e1s, el mi\u00e9rcoles 19 se puso en marcha otra edici\u00f3n del Tresca Jove se present\u00f3 en Centro Cultural La Creueta (el Hospitalet de Llobregat), en este caso &nbsp;es posible gracias a la colaboraci\u00f3n de: Ministerio de Sanidad, Asuntos Sociales e Igualdad, Mutua Madrile\u00f1a y la Obra Social La Caixa. M\u00e1s de 100 j\u00f3venes, de Sant Joan Desp\u00ed, Sant Boi de Llobregat, Gav\u00e0, Esplugues de Llobregat, el Hospitalet de Llobregat, El Prat de Llobregat, Cornell\u00e0 de Llobregat y Matar\u00f3 , &nbsp;estuvieron atentos a las explicaciones t\u00e9cnicas al respecto de los objetivos del proyecto, horarios, significado y sentido de la mentor\u00eda, etc. Los y las j\u00f3venes en su turno de palabras consultaron respecto a los horarios de la formaci\u00f3n, lugares de la implementaci\u00f3n y otras cuestiones, relativas al proceso de pr\u00e1cticas.<\/div>\n<div>&nbsp;<\/div>\n<div>Una de las novedades del programa Tresca Joven es la incorporaci\u00f3n de la figura de los mentores, voluntarios seniors (muchos de ellos forman parte de <a href=\"http:\/\/www.vaeassessoriaempresarial.org\/\" target=\"_blank\" rel=\"noopener\">la Asociaci\u00f3n Voluntarios en Asesor\u00eda Empresarial \u2013 VAE<\/a>)&nbsp; que asesoran y acompa\u00f1an a los chicos y chicas participantes.<\/div>\n<div>&nbsp;<\/div>\n<div>En ambas presentaciones j\u00f3venes de anteriores ediciones del Tresca participaron explicando su proceso personal, destacando los aspectos m\u00e1s positivos de su experiencia; la emotiva vivencia en las pr\u00e1cticas en los recreos o la gran satisfacci\u00f3n de poder hacer una formaci\u00f3n amena, con actividades grupales y din\u00e1micas, conociendo a otros j\u00f3venes como ellos, lejos de su idea de formaci\u00f3n en el aula aburrida y sin aliciente.<\/div>\n<div>&nbsp;<\/div>\n<div>&nbsp;<\/div>\n<div><strong>El Tresca tambi\u00e9n en Matar\u00f3!<\/strong><\/div>\n<div>&nbsp;<\/div>\n<\/div>\n<div>Adem\u00e1s, el lunes 24 de marzo&nbsp;se present\u00f3 una nueva edici\u00f3n del <a href=\"ca\/infants-i-joves\/projectes-infants-i-joves\/tresca-jove\" target=\"_blank\" rel=\"noopener\"><strong>Tresca<\/strong><\/a> que se llevar\u00e1 a la capital del Maresme, en Matar\u00f3, con el apoyo del Ministerio de Sanidad, Asuntos Sociales e Igualdad, Mutua Madrile\u00f1a y la Obra Social La Caixa, con la colaboraci\u00f3n del Ayuntamiento de Matar\u00f3, y con la participaci\u00f3n de 45 j\u00f3venes.<\/div>\n<div>&nbsp;<\/div>\n<div>La propuesta ha tenido muy buena acogida en la ciudad. No es la primera edici\u00f3n que j\u00f3venes de Matar\u00f3 tendr\u00e1n la oportunidad de realizar el proyecto, pues en anteriores ediciones j\u00f3venes de la ciudad hab\u00edan participado en el proyecto, pero ahora lo podr\u00e1n hacer en su propia ciudad. Las entrenescadas (entrevistas individualizas entre personas j\u00f3venes candidatas al proyecto y personas t\u00e9cnicas del proyecto), y la&nbsp;formaci\u00f3n se realiza en los locales de la <a href=\"http:\/\/www.enlleurat.org\/\" target=\"_blank\" rel=\"noopener\"><strong>Asociaci\u00f3n Enlleura&#8217;t<\/strong><\/a> en el barrio de La Ll\u00e0ntia en Matar\u00f3.<\/div>\n<div>El \u00e9xito del programa Tresca&nbsp;Jove, que inici\u00f3 la Fundaci\u00f3n en el a\u00f1o 2010 y que ha contado con la participaci\u00f3n de 205 j\u00f3venes provenientes de 17 municipios de la provincia de Barcelona, est\u00e1&nbsp;avalado por los excelentes resultados obtenidos&nbsp;en la inclusi\u00f3n social de los j\u00f3venes participantes.<\/div>\n<div>&nbsp;<\/div>\n<div>En la \u00faltima edici\u00f3n finalizada del proyecto Tresca Jove, un 27% de los j\u00f3venes participantes se han vinculado de forma voluntaria a entidades educativas y sociales del territorio, un 20% se han incorporado al mercado laboral,y&nbsp; un 16% han retomado su proceso formativo.<\/div>\n<div>&nbsp;<\/div>\n<div>Para m\u00e1s informaci\u00f3n del proyecto y para seguir las novedades, pod\u00e9is ir a:<\/div>\n<ul>\n<li><a href=\"http:\/\/trescajove.wordpress.com\/\" target=\"_blank\" rel=\"noopener\">Blog del Tresca<\/a><\/li>\n<li><a href=\"https:\/\/es-es.facebook.com\/pages\/Tresca-Jove\/199467413486854\" target=\"_blank\" rel=\"noopener\">Facebook del Tresca&nbsp;<\/a><\/li>\n<\/ul>\n<div> <strong>\u00a1El Tresca en los medios de comunicaci\u00f3n!<\/strong><\/p>\n<p>El martes 11 de marzo El Peri\u00f3dico de Catalu\u00f1a public\u00f3 <a href=\"http:\/\/canal.fundesplai.org\/redirector.asp?url=http%3A%2F%2Fcanal.fundesplai.org%2Frepositori%2Ffile%2F00-2014%2FMarc%2F20140311%2F20140311-Tresca-El-Periodico.pdf%3Futm_source%3DCanal%2520Recull%2520de%2520Premsa%26utm_medium%3Dbutlleti%26utm_campaign%3DCanal%2520Recull%2520de%2520Premsa%25201445%252011%252003%25202014&amp;dest=iu%60kkr%3Fdrok%60h-nqf&amp;id_enviament=5252\" target=\"_blank\" rel=\"noopener\">este reportaje de dos p\u00e1ginas<\/a> sobre la experiencia de mentoraje intergeneracional en el marco del programa Tresca Europe, que promueve la Fundaci\u00f3n.<\/p>\n<p>Pod\u00e9is seguir el enlace de la <a href=\"http:\/\/lhdigital.cat\/web\/digital-h\/televisio\/veure-video\/-\/journal_content\/56_INSTANCE_ZrP3\/11023\/8380717?utm_source=Canal%20Recull%20de%20Premsa&amp;utm_medium=butlleti&amp;utm_campaign=Canal%20Recull%20de%20Premsa%201453%2021%2003%202014\" target=\"_blank\" rel=\"noopener\">noticia recogida en la Televisi\u00f3 del Hospitalet de Llobregat<\/a>.<\/p>\n<\/div>\n","protected":false},"excerpt":{"rendered":"<p>Imma Mayol, directora general de Fundaci\u00f3n Esplai, y Mar\u00eda Bruno, responsable del \u00c1rea Social de la Fundaci\u00f3n, asistieron el pasado jueves 20 de marzo al acto de entrega de las ayudas sociales que concede la Fundaci\u00f3n Mutua Madrile\u00f1a.<\/p>\n","protected":false},"author":9,"featured_media":0,"comment_status":"closed","ping_status":"closed","sticky":false,"template":"","format":"standard","meta":{"_et_pb_use_builder":"","_et_pb_old_content":"","_et_gb_content_width":"","footnotes":""},"categories":[937],"tags":[],"class_list":["post-47234","post","type-post","status-publish","format-standard","hentry","category-actualitat-es"],"yoast_head":"<!-- This site is optimized with the Yoast SEO plugin v27.4 - https:\/\/yoast.com\/product\/yoast-seo-wordpress\/ -->\n<title>M\u00e1s apoyos para el Tresca y puesta en marcha de nuevas ediciones - Fundesplai<\/title>\n<meta name=\"robots\" content=\"index, follow, max-snippet:-1, max-image-preview:large, max-video-preview:-1\" \/>\n<link rel=\"canonical\" href=\"https:\/\/fundesplai.org\/es\/informa-t\/actualitat-es\/mas-apoyos-para-el-tresca-y-puesta-en-marcha-de-nuevas-ediciones\/\" \/>\n<meta property=\"og:locale\" content=\"es_ES\" \/>\n<meta property=\"og:type\" content=\"article\" \/>\n<meta property=\"og:title\" content=\"M\u00e1s apoyos para el Tresca y puesta en marcha de nuevas ediciones - Fundesplai\" \/>\n<meta property=\"og:description\" content=\"Imma Mayol, directora general de Fundaci\u00f3n Esplai, y Mar\u00eda Bruno, responsable del \u00c1rea Social de la Fundaci\u00f3n, asistieron el pasado jueves 20 de marzo al acto de entrega de las ayudas sociales que concede la Fundaci\u00f3n Mutua Madrile\u00f1a.\" \/>\n<meta property=\"og:url\" content=\"https:\/\/fundesplai.org\/es\/informa-t\/actualitat-es\/mas-apoyos-para-el-tresca-y-puesta-en-marcha-de-nuevas-ediciones\/\" \/>\n<meta property=\"og:site_name\" content=\"Fundesplai\" \/>\n<meta property=\"article:published_time\" content=\"2014-03-28T11:43:31+00:00\" \/>\n<meta property=\"og:image\" content=\"https:\/\/fundesplai.org\/test-joomla\/wp-content\/uploads\/sites\/26\/2014\/03\/AyudaAccionSocial-74.jpg\" \/>\n<meta name=\"author\" content=\"Alfons Valle\" \/>\n<meta name=\"twitter:card\" content=\"summary_large_image\" \/>\n<meta name=\"twitter:label1\" content=\"Escrito por\" \/>\n\t<meta name=\"twitter:data1\" content=\"Alfons Valle\" \/>\n\t<meta name=\"twitter:label2\" content=\"Tiempo de lectura\" \/>\n\t<meta name=\"twitter:data2\" content=\"5 minutos\" \/>\n<script type=\"application\/ld+json\" class=\"yoast-schema-graph\">{\"@context\":\"https:\\\/\\\/schema.org\",\"@graph\":[{\"@type\":\"Article\",\"@id\":\"https:\\\/\\\/fundesplai.org\\\/es\\\/informa-t\\\/actualitat-es\\\/mas-apoyos-para-el-tresca-y-puesta-en-marcha-de-nuevas-ediciones\\\/#article\",\"isPartOf\":{\"@id\":\"https:\\\/\\\/fundesplai.org\\\/es\\\/informa-t\\\/actualitat-es\\\/mas-apoyos-para-el-tresca-y-puesta-en-marcha-de-nuevas-ediciones\\\/\"},\"author\":{\"name\":\"Alfons Valle\",\"@id\":\"https:\\\/\\\/fundesplai.org\\\/es\\\/#\\\/schema\\\/person\\\/c0e9e7466bb8ac06f5264324a6109733\"},\"headline\":\"M\u00e1s apoyos para el Tresca y puesta en marcha de nuevas ediciones\",\"datePublished\":\"2014-03-28T11:43:31+00:00\",\"mainEntityOfPage\":{\"@id\":\"https:\\\/\\\/fundesplai.org\\\/es\\\/informa-t\\\/actualitat-es\\\/mas-apoyos-para-el-tresca-y-puesta-en-marcha-de-nuevas-ediciones\\\/\"},\"wordCount\":977,\"image\":{\"@id\":\"https:\\\/\\\/fundesplai.org\\\/es\\\/informa-t\\\/actualitat-es\\\/mas-apoyos-para-el-tresca-y-puesta-en-marcha-de-nuevas-ediciones\\\/#primaryimage\"},\"thumbnailUrl\":\"https:\\\/\\\/fundesplai.org\\\/test-joomla\\\/wp-content\\\/uploads\\\/sites\\\/26\\\/2014\\\/03\\\/AyudaAccionSocial-74.jpg\",\"articleSection\":[\"Actualitat\"],\"inLanguage\":\"es\"},{\"@type\":\"WebPage\",\"@id\":\"https:\\\/\\\/fundesplai.org\\\/es\\\/informa-t\\\/actualitat-es\\\/mas-apoyos-para-el-tresca-y-puesta-en-marcha-de-nuevas-ediciones\\\/\",\"url\":\"https:\\\/\\\/fundesplai.org\\\/es\\\/informa-t\\\/actualitat-es\\\/mas-apoyos-para-el-tresca-y-puesta-en-marcha-de-nuevas-ediciones\\\/\",\"name\":\"M\u00e1s apoyos para el Tresca y puesta en marcha de nuevas ediciones - Fundesplai\",\"isPartOf\":{\"@id\":\"https:\\\/\\\/fundesplai.org\\\/es\\\/#website\"},\"primaryImageOfPage\":{\"@id\":\"https:\\\/\\\/fundesplai.org\\\/es\\\/informa-t\\\/actualitat-es\\\/mas-apoyos-para-el-tresca-y-puesta-en-marcha-de-nuevas-ediciones\\\/#primaryimage\"},\"image\":{\"@id\":\"https:\\\/\\\/fundesplai.org\\\/es\\\/informa-t\\\/actualitat-es\\\/mas-apoyos-para-el-tresca-y-puesta-en-marcha-de-nuevas-ediciones\\\/#primaryimage\"},\"thumbnailUrl\":\"https:\\\/\\\/fundesplai.org\\\/test-joomla\\\/wp-content\\\/uploads\\\/sites\\\/26\\\/2014\\\/03\\\/AyudaAccionSocial-74.jpg\",\"datePublished\":\"2014-03-28T11:43:31+00:00\",\"author\":{\"@id\":\"https:\\\/\\\/fundesplai.org\\\/es\\\/#\\\/schema\\\/person\\\/c0e9e7466bb8ac06f5264324a6109733\"},\"breadcrumb\":{\"@id\":\"https:\\\/\\\/fundesplai.org\\\/es\\\/informa-t\\\/actualitat-es\\\/mas-apoyos-para-el-tresca-y-puesta-en-marcha-de-nuevas-ediciones\\\/#breadcrumb\"},\"inLanguage\":\"es\",\"potentialAction\":[{\"@type\":\"ReadAction\",\"target\":[\"https:\\\/\\\/fundesplai.org\\\/es\\\/informa-t\\\/actualitat-es\\\/mas-apoyos-para-el-tresca-y-puesta-en-marcha-de-nuevas-ediciones\\\/\"]}]},{\"@type\":\"ImageObject\",\"inLanguage\":\"es\",\"@id\":\"https:\\\/\\\/fundesplai.org\\\/es\\\/informa-t\\\/actualitat-es\\\/mas-apoyos-para-el-tresca-y-puesta-en-marcha-de-nuevas-ediciones\\\/#primaryimage\",\"url\":\"https:\\\/\\\/fundesplai.org\\\/test-joomla\\\/wp-content\\\/uploads\\\/sites\\\/26\\\/2014\\\/03\\\/AyudaAccionSocial-74.jpg\",\"contentUrl\":\"https:\\\/\\\/fundesplai.org\\\/test-joomla\\\/wp-content\\\/uploads\\\/sites\\\/26\\\/2014\\\/03\\\/AyudaAccionSocial-74.jpg\"},{\"@type\":\"BreadcrumbList\",\"@id\":\"https:\\\/\\\/fundesplai.org\\\/es\\\/informa-t\\\/actualitat-es\\\/mas-apoyos-para-el-tresca-y-puesta-en-marcha-de-nuevas-ediciones\\\/#breadcrumb\",\"itemListElement\":[{\"@type\":\"ListItem\",\"position\":1,\"name\":\"Inici\",\"item\":\"https:\\\/\\\/fundesplai.org\\\/es\\\/inicio\\\/\"},{\"@type\":\"ListItem\",\"position\":2,\"name\":\"Inf\u00f3rmate\",\"item\":\"https:\\\/\\\/fundesplai.org\\\/es\\\/informate\\\/\"},{\"@type\":\"ListItem\",\"position\":3,\"name\":\"Sin categor\u00eda\",\"item\":\"https:\\\/\\\/fundesplai.org\\\/es\\\/informa-t\\\/category\\\/sin-categoria\\\/\"},{\"@type\":\"ListItem\",\"position\":4,\"name\":\"M\u00e1s apoyos para el Tresca y puesta en marcha de nuevas ediciones\"}]},{\"@type\":\"WebSite\",\"@id\":\"https:\\\/\\\/fundesplai.org\\\/es\\\/#website\",\"url\":\"https:\\\/\\\/fundesplai.org\\\/es\\\/\",\"name\":\"Fundesplai\",\"description\":\"Eduquem per la conviv\u00e8ncia i la sostenibilitat\",\"potentialAction\":[{\"@type\":\"SearchAction\",\"target\":{\"@type\":\"EntryPoint\",\"urlTemplate\":\"https:\\\/\\\/fundesplai.org\\\/es\\\/?s={search_term_string}\"},\"query-input\":{\"@type\":\"PropertyValueSpecification\",\"valueRequired\":true,\"valueName\":\"search_term_string\"}}],\"inLanguage\":\"es\"},{\"@type\":\"Person\",\"@id\":\"https:\\\/\\\/fundesplai.org\\\/es\\\/#\\\/schema\\\/person\\\/c0e9e7466bb8ac06f5264324a6109733\",\"name\":\"Alfons Valle\",\"image\":{\"@type\":\"ImageObject\",\"inLanguage\":\"es\",\"@id\":\"https:\\\/\\\/secure.gravatar.com\\\/avatar\\\/71d95a3f99a068ba570ac1314ed6911a59c5ae3f22ffcf23631cd1a861a640bc?s=96&d=mm&r=g\",\"url\":\"https:\\\/\\\/secure.gravatar.com\\\/avatar\\\/71d95a3f99a068ba570ac1314ed6911a59c5ae3f22ffcf23631cd1a861a640bc?s=96&d=mm&r=g\",\"contentUrl\":\"https:\\\/\\\/secure.gravatar.com\\\/avatar\\\/71d95a3f99a068ba570ac1314ed6911a59c5ae3f22ffcf23631cd1a861a640bc?s=96&d=mm&r=g\",\"caption\":\"Alfons Valle\"},\"url\":\"https:\\\/\\\/fundesplai.org\\\/es\\\/informa-t\\\/author\\\/avalle\\\/\"}]}<\/script>\n<!-- \/ Yoast SEO plugin. -->","yoast_head_json":{"title":"M\u00e1s apoyos para el Tresca y puesta en marcha de nuevas ediciones - Fundesplai","robots":{"index":"index","follow":"follow","max-snippet":"max-snippet:-1","max-image-preview":"max-image-preview:large","max-video-preview":"max-video-preview:-1"},"canonical":"https:\/\/fundesplai.org\/es\/informa-t\/actualitat-es\/mas-apoyos-para-el-tresca-y-puesta-en-marcha-de-nuevas-ediciones\/","og_locale":"es_ES","og_type":"article","og_title":"M\u00e1s apoyos para el Tresca y puesta en marcha de nuevas ediciones - Fundesplai","og_description":"Imma Mayol, directora general de Fundaci\u00f3n Esplai, y Mar\u00eda Bruno, responsable del \u00c1rea Social de la Fundaci\u00f3n, asistieron el pasado jueves 20 de marzo al acto de entrega de las ayudas sociales que concede la Fundaci\u00f3n Mutua Madrile\u00f1a.","og_url":"https:\/\/fundesplai.org\/es\/informa-t\/actualitat-es\/mas-apoyos-para-el-tresca-y-puesta-en-marcha-de-nuevas-ediciones\/","og_site_name":"Fundesplai","article_published_time":"2014-03-28T11:43:31+00:00","og_image":[{"url":"https:\/\/fundesplai.org\/test-joomla\/wp-content\/uploads\/sites\/26\/2014\/03\/AyudaAccionSocial-74.jpg","type":"","width":"","height":""}],"author":"Alfons Valle","twitter_card":"summary_large_image","twitter_misc":{"Escrito por":"Alfons Valle","Tiempo de lectura":"5 minutos"},"schema":{"@context":"https:\/\/schema.org","@graph":[{"@type":"Article","@id":"https:\/\/fundesplai.org\/es\/informa-t\/actualitat-es\/mas-apoyos-para-el-tresca-y-puesta-en-marcha-de-nuevas-ediciones\/#article","isPartOf":{"@id":"https:\/\/fundesplai.org\/es\/informa-t\/actualitat-es\/mas-apoyos-para-el-tresca-y-puesta-en-marcha-de-nuevas-ediciones\/"},"author":{"name":"Alfons Valle","@id":"https:\/\/fundesplai.org\/es\/#\/schema\/person\/c0e9e7466bb8ac06f5264324a6109733"},"headline":"M\u00e1s apoyos para el Tresca y puesta en marcha de nuevas ediciones","datePublished":"2014-03-28T11:43:31+00:00","mainEntityOfPage":{"@id":"https:\/\/fundesplai.org\/es\/informa-t\/actualitat-es\/mas-apoyos-para-el-tresca-y-puesta-en-marcha-de-nuevas-ediciones\/"},"wordCount":977,"image":{"@id":"https:\/\/fundesplai.org\/es\/informa-t\/actualitat-es\/mas-apoyos-para-el-tresca-y-puesta-en-marcha-de-nuevas-ediciones\/#primaryimage"},"thumbnailUrl":"https:\/\/fundesplai.org\/test-joomla\/wp-content\/uploads\/sites\/26\/2014\/03\/AyudaAccionSocial-74.jpg","articleSection":["Actualitat"],"inLanguage":"es"},{"@type":"WebPage","@id":"https:\/\/fundesplai.org\/es\/informa-t\/actualitat-es\/mas-apoyos-para-el-tresca-y-puesta-en-marcha-de-nuevas-ediciones\/","url":"https:\/\/fundesplai.org\/es\/informa-t\/actualitat-es\/mas-apoyos-para-el-tresca-y-puesta-en-marcha-de-nuevas-ediciones\/","name":"M\u00e1s apoyos para el Tresca y puesta en marcha de nuevas ediciones - Fundesplai","isPartOf":{"@id":"https:\/\/fundesplai.org\/es\/#website"},"primaryImageOfPage":{"@id":"https:\/\/fundesplai.org\/es\/informa-t\/actualitat-es\/mas-apoyos-para-el-tresca-y-puesta-en-marcha-de-nuevas-ediciones\/#primaryimage"},"image":{"@id":"https:\/\/fundesplai.org\/es\/informa-t\/actualitat-es\/mas-apoyos-para-el-tresca-y-puesta-en-marcha-de-nuevas-ediciones\/#primaryimage"},"thumbnailUrl":"https:\/\/fundesplai.org\/test-joomla\/wp-content\/uploads\/sites\/26\/2014\/03\/AyudaAccionSocial-74.jpg","datePublished":"2014-03-28T11:43:31+00:00","author":{"@id":"https:\/\/fundesplai.org\/es\/#\/schema\/person\/c0e9e7466bb8ac06f5264324a6109733"},"breadcrumb":{"@id":"https:\/\/fundesplai.org\/es\/informa-t\/actualitat-es\/mas-apoyos-para-el-tresca-y-puesta-en-marcha-de-nuevas-ediciones\/#breadcrumb"},"inLanguage":"es","potentialAction":[{"@type":"ReadAction","target":["https:\/\/fundesplai.org\/es\/informa-t\/actualitat-es\/mas-apoyos-para-el-tresca-y-puesta-en-marcha-de-nuevas-ediciones\/"]}]},{"@type":"ImageObject","inLanguage":"es","@id":"https:\/\/fundesplai.org\/es\/informa-t\/actualitat-es\/mas-apoyos-para-el-tresca-y-puesta-en-marcha-de-nuevas-ediciones\/#primaryimage","url":"https:\/\/fundesplai.org\/test-joomla\/wp-content\/uploads\/sites\/26\/2014\/03\/AyudaAccionSocial-74.jpg","contentUrl":"https:\/\/fundesplai.org\/test-joomla\/wp-content\/uploads\/sites\/26\/2014\/03\/AyudaAccionSocial-74.jpg"},{"@type":"BreadcrumbList","@id":"https:\/\/fundesplai.org\/es\/informa-t\/actualitat-es\/mas-apoyos-para-el-tresca-y-puesta-en-marcha-de-nuevas-ediciones\/#breadcrumb","itemListElement":[{"@type":"ListItem","position":1,"name":"Inici","item":"https:\/\/fundesplai.org\/es\/inicio\/"},{"@type":"ListItem","position":2,"name":"Inf\u00f3rmate","item":"https:\/\/fundesplai.org\/es\/informate\/"},{"@type":"ListItem","position":3,"name":"Sin categor\u00eda","item":"https:\/\/fundesplai.org\/es\/informa-t\/category\/sin-categoria\/"},{"@type":"ListItem","position":4,"name":"M\u00e1s apoyos para el Tresca y puesta en marcha de nuevas ediciones"}]},{"@type":"WebSite","@id":"https:\/\/fundesplai.org\/es\/#website","url":"https:\/\/fundesplai.org\/es\/","name":"Fundesplai","description":"Eduquem per la conviv\u00e8ncia i la sostenibilitat","potentialAction":[{"@type":"SearchAction","target":{"@type":"EntryPoint","urlTemplate":"https:\/\/fundesplai.org\/es\/?s={search_term_string}"},"query-input":{"@type":"PropertyValueSpecification","valueRequired":true,"valueName":"search_term_string"}}],"inLanguage":"es"},{"@type":"Person","@id":"https:\/\/fundesplai.org\/es\/#\/schema\/person\/c0e9e7466bb8ac06f5264324a6109733","name":"Alfons Valle","image":{"@type":"ImageObject","inLanguage":"es","@id":"https:\/\/secure.gravatar.com\/avatar\/71d95a3f99a068ba570ac1314ed6911a59c5ae3f22ffcf23631cd1a861a640bc?s=96&d=mm&r=g","url":"https:\/\/secure.gravatar.com\/avatar\/71d95a3f99a068ba570ac1314ed6911a59c5ae3f22ffcf23631cd1a861a640bc?s=96&d=mm&r=g","contentUrl":"https:\/\/secure.gravatar.com\/avatar\/71d95a3f99a068ba570ac1314ed6911a59c5ae3f22ffcf23631cd1a861a640bc?s=96&d=mm&r=g","caption":"Alfons Valle"},"url":"https:\/\/fundesplai.org\/es\/informa-t\/author\/avalle\/"}]}},"_links":{"self":[{"href":"https:\/\/fundesplai.org\/es\/wp-json\/wp\/v2\/posts\/47234","targetHints":{"allow":["GET"]}}],"collection":[{"href":"https:\/\/fundesplai.org\/es\/wp-json\/wp\/v2\/posts"}],"about":[{"href":"https:\/\/fundesplai.org\/es\/wp-json\/wp\/v2\/types\/post"}],"author":[{"embeddable":true,"href":"https:\/\/fundesplai.org\/es\/wp-json\/wp\/v2\/users\/9"}],"replies":[{"embeddable":true,"href":"https:\/\/fundesplai.org\/es\/wp-json\/wp\/v2\/comments?post=47234"}],"version-history":[{"count":0,"href":"https:\/\/fundesplai.org\/es\/wp-json\/wp\/v2\/posts\/47234\/revisions"}],"wp:attachment":[{"href":"https:\/\/fundesplai.org\/es\/wp-json\/wp\/v2\/media?parent=47234"}],"wp:term":[{"taxonomy":"category","embeddable":true,"href":"https:\/\/fundesplai.org\/es\/wp-json\/wp\/v2\/categories?post=47234"},{"taxonomy":"post_tag","embeddable":true,"href":"https:\/\/fundesplai.org\/es\/wp-json\/wp\/v2\/tags?post=47234"}],"curies":[{"name":"wp","href":"https:\/\/api.w.org\/{rel}","templated":true}]}}