{"id":47232,"date":"2014-03-24T12:47:00","date_gmt":"2014-03-24T11:47:00","guid":{"rendered":"https:\/\/fundesplai.org\/informa-t\/sense-categoria\/valencia-y-madrid-acogen-los-proximos-debates-territoriales-sobre-ciudadania-y-calidad-democratica\/"},"modified":"2023-08-07T09:43:18","modified_gmt":"2023-08-07T07:43:18","slug":"valencia-y-madrid-acogen-los-proximos-debates-territoriales-sobre-ciudadania-y-calidad-democratica","status":"publish","type":"post","link":"https:\/\/fundesplai.org\/es\/informa-t\/actualitat-es\/valencia-y-madrid-acogen-los-proximos-debates-territoriales-sobre-ciudadania-y-calidad-democratica\/","title":{"rendered":"Valencia y Madrid acogen los pr\u00f3ximos debates territoriales sobre Ciudadan\u00eda y Calidad Democr\u00e1tica"},"content":{"rendered":"<div>Valencia y Madrid ser\u00e1n las siguientes ciudades que acoger\u00e1n los debates territoriales sobre Ciudadan\u00eda y Calidad Democr\u00e1tica que organiza la Fundaci\u00f3n y que comenzaron el pasado 4 de febrero en Barcelona.<\/div>\n<p><!--more--><\/p>\n<div class=\"contingut_amb_imatge\">\n<table style=\"width: 300px\" align=\"left\">\n<tbody>\n<tr>\n<td><img loading=\"lazy\" decoding=\"async\" class=\" size-full wp-image-231\" src=\"https:\/\/fundesplai.org\/test-joomla\/wp-content\/uploads\/sites\/26\/2014\/02\/QualitatDemocratica.jpg\" alt=\"CalidadDemocratica\" width=\"300\" height=\"200\">&nbsp;<\/td>\n<\/tr>\n<tr class=\"text-petit\">\n<td>El debate de Barcelona reuni\u00f3 a 60 representantes de diferentes \u00e1mbitos<\/td>\n<\/tr>\n<\/tbody>\n<\/table>\n<p>Valencia y Madrid ser\u00e1n las siguientes ciudades que acoger\u00e1n los debates territoriales sobre Ciudadan\u00eda y Calidad Democr\u00e1tica que organiza la Fundaci\u00f3n y que comenzaron el pasado 4 de febrero en Barcelona.<\/p>\n<p>As\u00ed, el martes 1 de abril tendr\u00e1 lugar el de Valencia en la Facultad de Filosof\u00eda y Ciencias de la Educaci\u00f3n de la Universidad de Valencia, mientras que el de Madrid ser\u00e1 el siguiente martes 8 de abril en la sede de la <a href=\"http:\/\/www.fund-encuentro.org\/index.php\" target=\"_blank\" rel=\"noopener\"><strong>Fundaci\u00f3n Encuentro<\/strong><\/a> (Oquendo 23, 3\u00aa planta, Madrid).<\/p>\n<p>El seminario organizado en Barcelona el pasado 4 de febrero reuni\u00f3 a sesenta dirigentes pol\u00edticos, sindicales, asociativos y expertos. El encuentro que se desarroll\u00f3 en el Palau Macaya (Barcelona) de la Fundaci\u00f3n la Caixa cont\u00f3 con las intervenciones iniciales de <strong>Joaquim Brugu\u00e9,<\/strong> Catedr\u00e1tico de Ciencia Pol\u00edtica y Director del IGOP de la UAB, y <strong>Carles Barba<\/strong>, vicepresidente de la Fundaci\u00f3n, que dieron paso al trabajo por grupos.<\/p>\n<div>\n<div><strong>Debate en la red y presencial para la mejora de la democracia<\/strong><\/div>\n<div>&nbsp;<\/div>\n<div>Estas sesiones est\u00e1n inscritas en el proceso de construcci\u00f3n colectiva de la colecci\u00f3n <strong>Documentos para el Debate en<\/strong> torno a la ciudadan\u00eda que el Consejo Asesor de la Fundaci\u00f3n Esplai, de \u00e1mbito estatal, promueve por toda Espa\u00f1a.<\/div>\n<div>&nbsp;<\/div>\n<\/div>\n<div>El debate que se inici\u00f3 el pasado 3 de octubre a partir de dos aportaciones de<strong>I\u00f1aki Gabilondo<\/strong> i <strong>Josep Ramoneda<\/strong>, ha continuado en un f\u00f3rum virtual durante los meses de noviembre y diciembre generado en la red <a href=\"http:\/\/www.ciudadaniaycalidaddemocratica.org\" target=\"_blank\" rel=\"noopener\">www.ciudadaniaycalidaddemocratica.org<\/a> Los debates presenciales que el martes, 4 &nbsp;se inauguraron, parten de los contenidos&nbsp; elaborados hasta la fecha y se proponen elaborar propuestas para la mejora de la democracia en nuestro pa\u00eds. Se trata de un debate que parte de la base de que democracia y desigualdad son conceptos incompatibles, que nuestra democracia est\u00e1 enferma y que el papel de la ciudadan\u00eda es b\u00e1sico para su regeneraci\u00f3n.<\/div>\n<div>&nbsp;<\/div>\n<div>Los contenidos elaborados en los mismos y el resto de debates pendientes constituir\u00e1n el pr\u00f3ximo Documento para el debate n\u00ba 6 sobre \u00abCiudadan\u00eda y calidad democr\u00e1tica\u00bb.<\/div>\n<\/div>\n","protected":false},"excerpt":{"rendered":"<p>Valencia y Madrid ser\u00e1n las siguientes ciudades que acoger\u00e1n los debates territoriales sobre Ciudadan\u00eda y Calidad Democr\u00e1tica que organiza la Fundaci\u00f3n y que comenzaron el pasado 4 de febrero en Barcelona.<\/p>\n","protected":false},"author":9,"featured_media":0,"comment_status":"closed","ping_status":"closed","sticky":false,"template":"","format":"standard","meta":{"_et_pb_use_builder":"","_et_pb_old_content":"","_et_gb_content_width":"","footnotes":""},"categories":[937],"tags":[],"class_list":["post-47232","post","type-post","status-publish","format-standard","hentry","category-actualitat-es"],"yoast_head":"<!-- This site is optimized with the Yoast SEO plugin v27.4 - https:\/\/yoast.com\/product\/yoast-seo-wordpress\/ -->\n<title>Valencia y Madrid acogen los pr\u00f3ximos debates territoriales sobre Ciudadan\u00eda y Calidad Democr\u00e1tica - Fundesplai<\/title>\n<meta name=\"robots\" content=\"index, follow, max-snippet:-1, max-image-preview:large, max-video-preview:-1\" \/>\n<link rel=\"canonical\" href=\"https:\/\/fundesplai.org\/es\/informa-t\/actualitat-es\/valencia-y-madrid-acogen-los-proximos-debates-territoriales-sobre-ciudadania-y-calidad-democratica\/\" \/>\n<meta property=\"og:locale\" content=\"es_ES\" \/>\n<meta property=\"og:type\" content=\"article\" \/>\n<meta property=\"og:title\" content=\"Valencia y Madrid acogen los pr\u00f3ximos debates territoriales sobre Ciudadan\u00eda y Calidad Democr\u00e1tica - Fundesplai\" \/>\n<meta property=\"og:description\" content=\"Valencia y Madrid ser\u00e1n las siguientes ciudades que acoger\u00e1n los debates territoriales sobre Ciudadan\u00eda y Calidad Democr\u00e1tica que organiza la Fundaci\u00f3n y que comenzaron el pasado 4 de febrero en Barcelona.\" \/>\n<meta property=\"og:url\" content=\"https:\/\/fundesplai.org\/es\/informa-t\/actualitat-es\/valencia-y-madrid-acogen-los-proximos-debates-territoriales-sobre-ciudadania-y-calidad-democratica\/\" \/>\n<meta property=\"og:site_name\" content=\"Fundesplai\" \/>\n<meta property=\"article:published_time\" content=\"2014-03-24T11:47:00+00:00\" \/>\n<meta property=\"article:modified_time\" content=\"2023-08-07T07:43:18+00:00\" \/>\n<meta property=\"og:image\" content=\"https:\/\/fundesplai.org\/test-joomla\/wp-content\/uploads\/sites\/26\/2014\/02\/QualitatDemocratica.jpg\" \/>\n<meta name=\"author\" content=\"Alfons Valle\" \/>\n<meta name=\"twitter:card\" content=\"summary_large_image\" \/>\n<meta name=\"twitter:label1\" content=\"Escrito por\" \/>\n\t<meta name=\"twitter:data1\" content=\"Alfons Valle\" \/>\n\t<meta name=\"twitter:label2\" content=\"Tiempo de lectura\" \/>\n\t<meta name=\"twitter:data2\" content=\"2 minutos\" \/>\n<script type=\"application\/ld+json\" class=\"yoast-schema-graph\">{\"@context\":\"https:\\\/\\\/schema.org\",\"@graph\":[{\"@type\":\"Article\",\"@id\":\"https:\\\/\\\/fundesplai.org\\\/es\\\/informa-t\\\/actualitat-es\\\/valencia-y-madrid-acogen-los-proximos-debates-territoriales-sobre-ciudadania-y-calidad-democratica\\\/#article\",\"isPartOf\":{\"@id\":\"https:\\\/\\\/fundesplai.org\\\/es\\\/informa-t\\\/actualitat-es\\\/valencia-y-madrid-acogen-los-proximos-debates-territoriales-sobre-ciudadania-y-calidad-democratica\\\/\"},\"author\":{\"name\":\"Alfons Valle\",\"@id\":\"https:\\\/\\\/fundesplai.org\\\/es\\\/#\\\/schema\\\/person\\\/c0e9e7466bb8ac06f5264324a6109733\"},\"headline\":\"Valencia y Madrid acogen los pr\u00f3ximos debates territoriales sobre Ciudadan\u00eda y Calidad Democr\u00e1tica\",\"datePublished\":\"2014-03-24T11:47:00+00:00\",\"dateModified\":\"2023-08-07T07:43:18+00:00\",\"mainEntityOfPage\":{\"@id\":\"https:\\\/\\\/fundesplai.org\\\/es\\\/informa-t\\\/actualitat-es\\\/valencia-y-madrid-acogen-los-proximos-debates-territoriales-sobre-ciudadania-y-calidad-democratica\\\/\"},\"wordCount\":416,\"image\":{\"@id\":\"https:\\\/\\\/fundesplai.org\\\/es\\\/informa-t\\\/actualitat-es\\\/valencia-y-madrid-acogen-los-proximos-debates-territoriales-sobre-ciudadania-y-calidad-democratica\\\/#primaryimage\"},\"thumbnailUrl\":\"https:\\\/\\\/fundesplai.org\\\/test-joomla\\\/wp-content\\\/uploads\\\/sites\\\/26\\\/2014\\\/02\\\/QualitatDemocratica.jpg\",\"articleSection\":[\"Actualitat\"],\"inLanguage\":\"es\"},{\"@type\":\"WebPage\",\"@id\":\"https:\\\/\\\/fundesplai.org\\\/es\\\/informa-t\\\/actualitat-es\\\/valencia-y-madrid-acogen-los-proximos-debates-territoriales-sobre-ciudadania-y-calidad-democratica\\\/\",\"url\":\"https:\\\/\\\/fundesplai.org\\\/es\\\/informa-t\\\/actualitat-es\\\/valencia-y-madrid-acogen-los-proximos-debates-territoriales-sobre-ciudadania-y-calidad-democratica\\\/\",\"name\":\"Valencia y Madrid acogen los pr\u00f3ximos debates territoriales sobre Ciudadan\u00eda y Calidad Democr\u00e1tica - Fundesplai\",\"isPartOf\":{\"@id\":\"https:\\\/\\\/fundesplai.org\\\/es\\\/#website\"},\"primaryImageOfPage\":{\"@id\":\"https:\\\/\\\/fundesplai.org\\\/es\\\/informa-t\\\/actualitat-es\\\/valencia-y-madrid-acogen-los-proximos-debates-territoriales-sobre-ciudadania-y-calidad-democratica\\\/#primaryimage\"},\"image\":{\"@id\":\"https:\\\/\\\/fundesplai.org\\\/es\\\/informa-t\\\/actualitat-es\\\/valencia-y-madrid-acogen-los-proximos-debates-territoriales-sobre-ciudadania-y-calidad-democratica\\\/#primaryimage\"},\"thumbnailUrl\":\"https:\\\/\\\/fundesplai.org\\\/test-joomla\\\/wp-content\\\/uploads\\\/sites\\\/26\\\/2014\\\/02\\\/QualitatDemocratica.jpg\",\"datePublished\":\"2014-03-24T11:47:00+00:00\",\"dateModified\":\"2023-08-07T07:43:18+00:00\",\"author\":{\"@id\":\"https:\\\/\\\/fundesplai.org\\\/es\\\/#\\\/schema\\\/person\\\/c0e9e7466bb8ac06f5264324a6109733\"},\"breadcrumb\":{\"@id\":\"https:\\\/\\\/fundesplai.org\\\/es\\\/informa-t\\\/actualitat-es\\\/valencia-y-madrid-acogen-los-proximos-debates-territoriales-sobre-ciudadania-y-calidad-democratica\\\/#breadcrumb\"},\"inLanguage\":\"es\",\"potentialAction\":[{\"@type\":\"ReadAction\",\"target\":[\"https:\\\/\\\/fundesplai.org\\\/es\\\/informa-t\\\/actualitat-es\\\/valencia-y-madrid-acogen-los-proximos-debates-territoriales-sobre-ciudadania-y-calidad-democratica\\\/\"]}]},{\"@type\":\"ImageObject\",\"inLanguage\":\"es\",\"@id\":\"https:\\\/\\\/fundesplai.org\\\/es\\\/informa-t\\\/actualitat-es\\\/valencia-y-madrid-acogen-los-proximos-debates-territoriales-sobre-ciudadania-y-calidad-democratica\\\/#primaryimage\",\"url\":\"https:\\\/\\\/fundesplai.org\\\/test-joomla\\\/wp-content\\\/uploads\\\/sites\\\/26\\\/2014\\\/02\\\/QualitatDemocratica.jpg\",\"contentUrl\":\"https:\\\/\\\/fundesplai.org\\\/test-joomla\\\/wp-content\\\/uploads\\\/sites\\\/26\\\/2014\\\/02\\\/QualitatDemocratica.jpg\"},{\"@type\":\"BreadcrumbList\",\"@id\":\"https:\\\/\\\/fundesplai.org\\\/es\\\/informa-t\\\/actualitat-es\\\/valencia-y-madrid-acogen-los-proximos-debates-territoriales-sobre-ciudadania-y-calidad-democratica\\\/#breadcrumb\",\"itemListElement\":[{\"@type\":\"ListItem\",\"position\":1,\"name\":\"Inici\",\"item\":\"https:\\\/\\\/fundesplai.org\\\/es\\\/inicio\\\/\"},{\"@type\":\"ListItem\",\"position\":2,\"name\":\"Inf\u00f3rmate\",\"item\":\"https:\\\/\\\/fundesplai.org\\\/es\\\/informate\\\/\"},{\"@type\":\"ListItem\",\"position\":3,\"name\":\"Actualitat\",\"item\":\"https:\\\/\\\/fundesplai.org\\\/es\\\/informa-t\\\/category\\\/actualitat-es\\\/\"},{\"@type\":\"ListItem\",\"position\":4,\"name\":\"Valencia y Madrid acogen los pr\u00f3ximos debates territoriales sobre Ciudadan\u00eda y Calidad Democr\u00e1tica\"}]},{\"@type\":\"WebSite\",\"@id\":\"https:\\\/\\\/fundesplai.org\\\/es\\\/#website\",\"url\":\"https:\\\/\\\/fundesplai.org\\\/es\\\/\",\"name\":\"Fundesplai\",\"description\":\"Eduquem per la conviv\u00e8ncia i la sostenibilitat\",\"potentialAction\":[{\"@type\":\"SearchAction\",\"target\":{\"@type\":\"EntryPoint\",\"urlTemplate\":\"https:\\\/\\\/fundesplai.org\\\/es\\\/?s={search_term_string}\"},\"query-input\":{\"@type\":\"PropertyValueSpecification\",\"valueRequired\":true,\"valueName\":\"search_term_string\"}}],\"inLanguage\":\"es\"},{\"@type\":\"Person\",\"@id\":\"https:\\\/\\\/fundesplai.org\\\/es\\\/#\\\/schema\\\/person\\\/c0e9e7466bb8ac06f5264324a6109733\",\"name\":\"Alfons Valle\",\"image\":{\"@type\":\"ImageObject\",\"inLanguage\":\"es\",\"@id\":\"https:\\\/\\\/secure.gravatar.com\\\/avatar\\\/71d95a3f99a068ba570ac1314ed6911a59c5ae3f22ffcf23631cd1a861a640bc?s=96&d=mm&r=g\",\"url\":\"https:\\\/\\\/secure.gravatar.com\\\/avatar\\\/71d95a3f99a068ba570ac1314ed6911a59c5ae3f22ffcf23631cd1a861a640bc?s=96&d=mm&r=g\",\"contentUrl\":\"https:\\\/\\\/secure.gravatar.com\\\/avatar\\\/71d95a3f99a068ba570ac1314ed6911a59c5ae3f22ffcf23631cd1a861a640bc?s=96&d=mm&r=g\",\"caption\":\"Alfons Valle\"},\"url\":\"https:\\\/\\\/fundesplai.org\\\/es\\\/informa-t\\\/author\\\/avalle\\\/\"}]}<\/script>\n<!-- \/ Yoast SEO plugin. -->","yoast_head_json":{"title":"Valencia y Madrid acogen los pr\u00f3ximos debates territoriales sobre Ciudadan\u00eda y Calidad Democr\u00e1tica - Fundesplai","robots":{"index":"index","follow":"follow","max-snippet":"max-snippet:-1","max-image-preview":"max-image-preview:large","max-video-preview":"max-video-preview:-1"},"canonical":"https:\/\/fundesplai.org\/es\/informa-t\/actualitat-es\/valencia-y-madrid-acogen-los-proximos-debates-territoriales-sobre-ciudadania-y-calidad-democratica\/","og_locale":"es_ES","og_type":"article","og_title":"Valencia y Madrid acogen los pr\u00f3ximos debates territoriales sobre Ciudadan\u00eda y Calidad Democr\u00e1tica - Fundesplai","og_description":"Valencia y Madrid ser\u00e1n las siguientes ciudades que acoger\u00e1n los debates territoriales sobre Ciudadan\u00eda y Calidad Democr\u00e1tica que organiza la Fundaci\u00f3n y que comenzaron el pasado 4 de febrero en Barcelona.","og_url":"https:\/\/fundesplai.org\/es\/informa-t\/actualitat-es\/valencia-y-madrid-acogen-los-proximos-debates-territoriales-sobre-ciudadania-y-calidad-democratica\/","og_site_name":"Fundesplai","article_published_time":"2014-03-24T11:47:00+00:00","article_modified_time":"2023-08-07T07:43:18+00:00","og_image":[{"url":"https:\/\/fundesplai.org\/test-joomla\/wp-content\/uploads\/sites\/26\/2014\/02\/QualitatDemocratica.jpg","type":"","width":"","height":""}],"author":"Alfons Valle","twitter_card":"summary_large_image","twitter_misc":{"Escrito por":"Alfons Valle","Tiempo de lectura":"2 minutos"},"schema":{"@context":"https:\/\/schema.org","@graph":[{"@type":"Article","@id":"https:\/\/fundesplai.org\/es\/informa-t\/actualitat-es\/valencia-y-madrid-acogen-los-proximos-debates-territoriales-sobre-ciudadania-y-calidad-democratica\/#article","isPartOf":{"@id":"https:\/\/fundesplai.org\/es\/informa-t\/actualitat-es\/valencia-y-madrid-acogen-los-proximos-debates-territoriales-sobre-ciudadania-y-calidad-democratica\/"},"author":{"name":"Alfons Valle","@id":"https:\/\/fundesplai.org\/es\/#\/schema\/person\/c0e9e7466bb8ac06f5264324a6109733"},"headline":"Valencia y Madrid acogen los pr\u00f3ximos debates territoriales sobre Ciudadan\u00eda y Calidad Democr\u00e1tica","datePublished":"2014-03-24T11:47:00+00:00","dateModified":"2023-08-07T07:43:18+00:00","mainEntityOfPage":{"@id":"https:\/\/fundesplai.org\/es\/informa-t\/actualitat-es\/valencia-y-madrid-acogen-los-proximos-debates-territoriales-sobre-ciudadania-y-calidad-democratica\/"},"wordCount":416,"image":{"@id":"https:\/\/fundesplai.org\/es\/informa-t\/actualitat-es\/valencia-y-madrid-acogen-los-proximos-debates-territoriales-sobre-ciudadania-y-calidad-democratica\/#primaryimage"},"thumbnailUrl":"https:\/\/fundesplai.org\/test-joomla\/wp-content\/uploads\/sites\/26\/2014\/02\/QualitatDemocratica.jpg","articleSection":["Actualitat"],"inLanguage":"es"},{"@type":"WebPage","@id":"https:\/\/fundesplai.org\/es\/informa-t\/actualitat-es\/valencia-y-madrid-acogen-los-proximos-debates-territoriales-sobre-ciudadania-y-calidad-democratica\/","url":"https:\/\/fundesplai.org\/es\/informa-t\/actualitat-es\/valencia-y-madrid-acogen-los-proximos-debates-territoriales-sobre-ciudadania-y-calidad-democratica\/","name":"Valencia y Madrid acogen los pr\u00f3ximos debates territoriales sobre Ciudadan\u00eda y Calidad Democr\u00e1tica - Fundesplai","isPartOf":{"@id":"https:\/\/fundesplai.org\/es\/#website"},"primaryImageOfPage":{"@id":"https:\/\/fundesplai.org\/es\/informa-t\/actualitat-es\/valencia-y-madrid-acogen-los-proximos-debates-territoriales-sobre-ciudadania-y-calidad-democratica\/#primaryimage"},"image":{"@id":"https:\/\/fundesplai.org\/es\/informa-t\/actualitat-es\/valencia-y-madrid-acogen-los-proximos-debates-territoriales-sobre-ciudadania-y-calidad-democratica\/#primaryimage"},"thumbnailUrl":"https:\/\/fundesplai.org\/test-joomla\/wp-content\/uploads\/sites\/26\/2014\/02\/QualitatDemocratica.jpg","datePublished":"2014-03-24T11:47:00+00:00","dateModified":"2023-08-07T07:43:18+00:00","author":{"@id":"https:\/\/fundesplai.org\/es\/#\/schema\/person\/c0e9e7466bb8ac06f5264324a6109733"},"breadcrumb":{"@id":"https:\/\/fundesplai.org\/es\/informa-t\/actualitat-es\/valencia-y-madrid-acogen-los-proximos-debates-territoriales-sobre-ciudadania-y-calidad-democratica\/#breadcrumb"},"inLanguage":"es","potentialAction":[{"@type":"ReadAction","target":["https:\/\/fundesplai.org\/es\/informa-t\/actualitat-es\/valencia-y-madrid-acogen-los-proximos-debates-territoriales-sobre-ciudadania-y-calidad-democratica\/"]}]},{"@type":"ImageObject","inLanguage":"es","@id":"https:\/\/fundesplai.org\/es\/informa-t\/actualitat-es\/valencia-y-madrid-acogen-los-proximos-debates-territoriales-sobre-ciudadania-y-calidad-democratica\/#primaryimage","url":"https:\/\/fundesplai.org\/test-joomla\/wp-content\/uploads\/sites\/26\/2014\/02\/QualitatDemocratica.jpg","contentUrl":"https:\/\/fundesplai.org\/test-joomla\/wp-content\/uploads\/sites\/26\/2014\/02\/QualitatDemocratica.jpg"},{"@type":"BreadcrumbList","@id":"https:\/\/fundesplai.org\/es\/informa-t\/actualitat-es\/valencia-y-madrid-acogen-los-proximos-debates-territoriales-sobre-ciudadania-y-calidad-democratica\/#breadcrumb","itemListElement":[{"@type":"ListItem","position":1,"name":"Inici","item":"https:\/\/fundesplai.org\/es\/inicio\/"},{"@type":"ListItem","position":2,"name":"Inf\u00f3rmate","item":"https:\/\/fundesplai.org\/es\/informate\/"},{"@type":"ListItem","position":3,"name":"Actualitat","item":"https:\/\/fundesplai.org\/es\/informa-t\/category\/actualitat-es\/"},{"@type":"ListItem","position":4,"name":"Valencia y Madrid acogen los pr\u00f3ximos debates territoriales sobre Ciudadan\u00eda y Calidad Democr\u00e1tica"}]},{"@type":"WebSite","@id":"https:\/\/fundesplai.org\/es\/#website","url":"https:\/\/fundesplai.org\/es\/","name":"Fundesplai","description":"Eduquem per la conviv\u00e8ncia i la sostenibilitat","potentialAction":[{"@type":"SearchAction","target":{"@type":"EntryPoint","urlTemplate":"https:\/\/fundesplai.org\/es\/?s={search_term_string}"},"query-input":{"@type":"PropertyValueSpecification","valueRequired":true,"valueName":"search_term_string"}}],"inLanguage":"es"},{"@type":"Person","@id":"https:\/\/fundesplai.org\/es\/#\/schema\/person\/c0e9e7466bb8ac06f5264324a6109733","name":"Alfons Valle","image":{"@type":"ImageObject","inLanguage":"es","@id":"https:\/\/secure.gravatar.com\/avatar\/71d95a3f99a068ba570ac1314ed6911a59c5ae3f22ffcf23631cd1a861a640bc?s=96&d=mm&r=g","url":"https:\/\/secure.gravatar.com\/avatar\/71d95a3f99a068ba570ac1314ed6911a59c5ae3f22ffcf23631cd1a861a640bc?s=96&d=mm&r=g","contentUrl":"https:\/\/secure.gravatar.com\/avatar\/71d95a3f99a068ba570ac1314ed6911a59c5ae3f22ffcf23631cd1a861a640bc?s=96&d=mm&r=g","caption":"Alfons Valle"},"url":"https:\/\/fundesplai.org\/es\/informa-t\/author\/avalle\/"}]}},"_links":{"self":[{"href":"https:\/\/fundesplai.org\/es\/wp-json\/wp\/v2\/posts\/47232","targetHints":{"allow":["GET"]}}],"collection":[{"href":"https:\/\/fundesplai.org\/es\/wp-json\/wp\/v2\/posts"}],"about":[{"href":"https:\/\/fundesplai.org\/es\/wp-json\/wp\/v2\/types\/post"}],"author":[{"embeddable":true,"href":"https:\/\/fundesplai.org\/es\/wp-json\/wp\/v2\/users\/9"}],"replies":[{"embeddable":true,"href":"https:\/\/fundesplai.org\/es\/wp-json\/wp\/v2\/comments?post=47232"}],"version-history":[{"count":1,"href":"https:\/\/fundesplai.org\/es\/wp-json\/wp\/v2\/posts\/47232\/revisions"}],"predecessor-version":[{"id":47233,"href":"https:\/\/fundesplai.org\/es\/wp-json\/wp\/v2\/posts\/47232\/revisions\/47233"}],"wp:attachment":[{"href":"https:\/\/fundesplai.org\/es\/wp-json\/wp\/v2\/media?parent=47232"}],"wp:term":[{"taxonomy":"category","embeddable":true,"href":"https:\/\/fundesplai.org\/es\/wp-json\/wp\/v2\/categories?post=47232"},{"taxonomy":"post_tag","embeddable":true,"href":"https:\/\/fundesplai.org\/es\/wp-json\/wp\/v2\/tags?post=47232"}],"curies":[{"name":"wp","href":"https:\/\/api.w.org\/{rel}","templated":true}]}}