{"id":47228,"date":"2014-03-17T11:22:00","date_gmt":"2014-03-17T10:22:00","guid":{"rendered":"https:\/\/fundesplai.org\/informa-t\/sense-categoria\/4a-edicion-del-tresca-jove\/"},"modified":"2014-03-17T11:22:00","modified_gmt":"2014-03-17T10:22:00","slug":"4a-edicion-del-tresca-jove","status":"publish","type":"post","link":"https:\/\/fundesplai.org\/es\/informa-t\/actualitat-es\/4a-edicion-del-tresca-jove\/","title":{"rendered":"4\u00aa edici\u00f3n del Tresca Jove"},"content":{"rendered":"<p>Participar\u00e1n unos 80 j\u00f3venes que toman parte en este programa de formaci\u00f3n, acompa\u00f1amiento e inserci\u00f3n socio-laboral.<\/p>\n<p><!--more--><\/p>\n<p class=\"intro\"><strong>Acto de presentaci\u00f3n de la 4\u00aa edici\u00f3n del programa Tresca Jove de la Fundaci\u00f3 Catalana del Esplai<\/strong><\/p>\n<p><strong><img loading=\"lazy\" decoding=\"async\" class=\" alignleft size-full wp-image-439\" style=\"margin: 5px;float: left\" src=\"https:\/\/fundesplai.org\/test-joomla\/wp-content\/uploads\/sites\/26\/2014\/03\/Tresca-Jove-marzo-2014.jpg\" alt=\"Tresca-Jove-marzo-2014\" width=\"350\" height=\"233\">Participar\u00e1n unos 80 j\u00f3venes que toman parte en este programa de formaci\u00f3n, acompa\u00f1amiento e inserci\u00f3n socio-laboral para j\u00f3venes en situaci\u00f3n de riesgo.<\/strong><\/p>\n<p>Este mi\u00e9rcoles 19 de marzo, en el Centro Cultural La Creueta (el Hospitalet) se ha celebrado el acto de presentaci\u00f3n de la <strong>4\u00aa edici\u00f3n del programa<\/strong> <strong><a href=\"ca\/infants-i-joves\/projectes-infants-i-joves\/tresca-jove\" target=\"_blank\" rel=\"noopener\">Tresca Jove<\/a><\/strong> impulsado por la Fundaci\u00f3 Catalana del Esplai con el apoyo de la Obra Social de \u00abla Caixa\u00bb y M\u00fatua Madrile\u00f1a.<\/p>\n<p>En el acto han tomado parte unos 100 j\u00f3venes de Hospitalet, &nbsp;Sant Boi, Esplugues, Cornell\u00e0 y Matar\u00f3, as\u00ed como algunos representantes de ediciones anteriores.<\/p>\n<p>Tresca&nbsp;Jove es un programa de formaci\u00f3n, acompa\u00f1amiento e inclusi\u00f3n sociolaboral en el sector del ocio educativo, dirigido a j\u00f3venes que se encuentran en situaci\u00f3n de riesgo.<\/p>\n<p>Desde que comenz\u00f3 el a\u00f1o 2010, han participado en el programa 205 j\u00f3venes provenientes de 17 municipios de la provincia de Barcelona y ha obtenido unos excelentes resultados en cuanto a la inclusi\u00f3n social de los j\u00f3venes participantes. En la \u00faltima edici\u00f3n finalizada del proyecto Tresca Jove, un 27% de los j\u00f3venes participantes se han vinculado de forma voluntaria a entidades educativas y sociales del territorio, un 20% se han incorporado al mercado laboral,y&nbsp; un 16% han retomado su proceso formativo.<\/p>\n<p>Una de las novedades del programa Tresca Joven es la incorporaci\u00f3n de la figura de los mentores, voluntarios seniors (muchos de ellos forman parte de <a href=\"http:\/\/www.vaeassessoriaempresarial.org\/\" target=\"_blank\" rel=\"noopener\">la Asociaci\u00f3n Voluntarios en Asesor\u00eda Empresarial \u2013 VAE<\/a>)&nbsp; que asesoran y acompa\u00f1an a los chicos y chicas participantes.<\/p>\n","protected":false},"excerpt":{"rendered":"<p>Participar\u00e1n unos 80 j\u00f3venes que toman parte en este programa de formaci\u00f3n, acompa\u00f1amiento e inserci\u00f3n socio-laboral.<\/p>\n","protected":false},"author":9,"featured_media":0,"comment_status":"closed","ping_status":"closed","sticky":false,"template":"","format":"standard","meta":{"_et_pb_use_builder":"","_et_pb_old_content":"","_et_gb_content_width":"","footnotes":""},"categories":[937],"tags":[],"class_list":["post-47228","post","type-post","status-publish","format-standard","hentry","category-actualitat-es"],"yoast_head":"<!-- This site is optimized with the Yoast SEO plugin v27.4 - https:\/\/yoast.com\/product\/yoast-seo-wordpress\/ -->\n<title>4\u00aa edici\u00f3n del Tresca Jove - Fundesplai<\/title>\n<meta name=\"robots\" content=\"index, follow, max-snippet:-1, max-image-preview:large, max-video-preview:-1\" \/>\n<link rel=\"canonical\" href=\"https:\/\/fundesplai.org\/es\/informa-t\/actualitat-es\/4a-edicion-del-tresca-jove\/\" \/>\n<meta property=\"og:locale\" content=\"es_ES\" \/>\n<meta property=\"og:type\" content=\"article\" \/>\n<meta property=\"og:title\" content=\"4\u00aa edici\u00f3n del Tresca Jove - Fundesplai\" \/>\n<meta property=\"og:description\" content=\"Participar\u00e1n unos 80 j\u00f3venes que toman parte en este programa de formaci\u00f3n, acompa\u00f1amiento e inserci\u00f3n socio-laboral.\" \/>\n<meta property=\"og:url\" content=\"https:\/\/fundesplai.org\/es\/informa-t\/actualitat-es\/4a-edicion-del-tresca-jove\/\" \/>\n<meta property=\"og:site_name\" content=\"Fundesplai\" \/>\n<meta property=\"article:published_time\" content=\"2014-03-17T10:22:00+00:00\" \/>\n<meta property=\"og:image\" content=\"https:\/\/fundesplai.org\/test-joomla\/wp-content\/uploads\/sites\/26\/2014\/03\/Tresca-Jove-marzo-2014.jpg\" \/>\n<meta name=\"author\" content=\"Alfons Valle\" \/>\n<meta name=\"twitter:card\" content=\"summary_large_image\" \/>\n<meta name=\"twitter:label1\" content=\"Escrito por\" \/>\n\t<meta name=\"twitter:data1\" content=\"Alfons Valle\" \/>\n\t<meta name=\"twitter:label2\" content=\"Tiempo de lectura\" \/>\n\t<meta name=\"twitter:data2\" content=\"2 minutos\" \/>\n<script type=\"application\/ld+json\" class=\"yoast-schema-graph\">{\"@context\":\"https:\\\/\\\/schema.org\",\"@graph\":[{\"@type\":\"Article\",\"@id\":\"https:\\\/\\\/fundesplai.org\\\/es\\\/informa-t\\\/actualitat-es\\\/4a-edicion-del-tresca-jove\\\/#article\",\"isPartOf\":{\"@id\":\"https:\\\/\\\/fundesplai.org\\\/es\\\/informa-t\\\/actualitat-es\\\/4a-edicion-del-tresca-jove\\\/\"},\"author\":{\"name\":\"Alfons Valle\",\"@id\":\"https:\\\/\\\/fundesplai.org\\\/es\\\/#\\\/schema\\\/person\\\/c0e9e7466bb8ac06f5264324a6109733\"},\"headline\":\"4\u00aa edici\u00f3n del Tresca Jove\",\"datePublished\":\"2014-03-17T10:22:00+00:00\",\"mainEntityOfPage\":{\"@id\":\"https:\\\/\\\/fundesplai.org\\\/es\\\/informa-t\\\/actualitat-es\\\/4a-edicion-del-tresca-jove\\\/\"},\"wordCount\":310,\"image\":{\"@id\":\"https:\\\/\\\/fundesplai.org\\\/es\\\/informa-t\\\/actualitat-es\\\/4a-edicion-del-tresca-jove\\\/#primaryimage\"},\"thumbnailUrl\":\"https:\\\/\\\/fundesplai.org\\\/test-joomla\\\/wp-content\\\/uploads\\\/sites\\\/26\\\/2014\\\/03\\\/Tresca-Jove-marzo-2014.jpg\",\"articleSection\":[\"Actualitat\"],\"inLanguage\":\"es\"},{\"@type\":\"WebPage\",\"@id\":\"https:\\\/\\\/fundesplai.org\\\/es\\\/informa-t\\\/actualitat-es\\\/4a-edicion-del-tresca-jove\\\/\",\"url\":\"https:\\\/\\\/fundesplai.org\\\/es\\\/informa-t\\\/actualitat-es\\\/4a-edicion-del-tresca-jove\\\/\",\"name\":\"4\u00aa edici\u00f3n del Tresca Jove - Fundesplai\",\"isPartOf\":{\"@id\":\"https:\\\/\\\/fundesplai.org\\\/es\\\/#website\"},\"primaryImageOfPage\":{\"@id\":\"https:\\\/\\\/fundesplai.org\\\/es\\\/informa-t\\\/actualitat-es\\\/4a-edicion-del-tresca-jove\\\/#primaryimage\"},\"image\":{\"@id\":\"https:\\\/\\\/fundesplai.org\\\/es\\\/informa-t\\\/actualitat-es\\\/4a-edicion-del-tresca-jove\\\/#primaryimage\"},\"thumbnailUrl\":\"https:\\\/\\\/fundesplai.org\\\/test-joomla\\\/wp-content\\\/uploads\\\/sites\\\/26\\\/2014\\\/03\\\/Tresca-Jove-marzo-2014.jpg\",\"datePublished\":\"2014-03-17T10:22:00+00:00\",\"author\":{\"@id\":\"https:\\\/\\\/fundesplai.org\\\/es\\\/#\\\/schema\\\/person\\\/c0e9e7466bb8ac06f5264324a6109733\"},\"breadcrumb\":{\"@id\":\"https:\\\/\\\/fundesplai.org\\\/es\\\/informa-t\\\/actualitat-es\\\/4a-edicion-del-tresca-jove\\\/#breadcrumb\"},\"inLanguage\":\"es\",\"potentialAction\":[{\"@type\":\"ReadAction\",\"target\":[\"https:\\\/\\\/fundesplai.org\\\/es\\\/informa-t\\\/actualitat-es\\\/4a-edicion-del-tresca-jove\\\/\"]}]},{\"@type\":\"ImageObject\",\"inLanguage\":\"es\",\"@id\":\"https:\\\/\\\/fundesplai.org\\\/es\\\/informa-t\\\/actualitat-es\\\/4a-edicion-del-tresca-jove\\\/#primaryimage\",\"url\":\"https:\\\/\\\/fundesplai.org\\\/test-joomla\\\/wp-content\\\/uploads\\\/sites\\\/26\\\/2014\\\/03\\\/Tresca-Jove-marzo-2014.jpg\",\"contentUrl\":\"https:\\\/\\\/fundesplai.org\\\/test-joomla\\\/wp-content\\\/uploads\\\/sites\\\/26\\\/2014\\\/03\\\/Tresca-Jove-marzo-2014.jpg\"},{\"@type\":\"BreadcrumbList\",\"@id\":\"https:\\\/\\\/fundesplai.org\\\/es\\\/informa-t\\\/actualitat-es\\\/4a-edicion-del-tresca-jove\\\/#breadcrumb\",\"itemListElement\":[{\"@type\":\"ListItem\",\"position\":1,\"name\":\"Inici\",\"item\":\"https:\\\/\\\/fundesplai.org\\\/es\\\/inicio\\\/\"},{\"@type\":\"ListItem\",\"position\":2,\"name\":\"Inf\u00f3rmate\",\"item\":\"https:\\\/\\\/fundesplai.org\\\/es\\\/informate\\\/\"},{\"@type\":\"ListItem\",\"position\":3,\"name\":\"Sin categor\u00eda\",\"item\":\"https:\\\/\\\/fundesplai.org\\\/es\\\/informa-t\\\/category\\\/sin-categoria\\\/\"},{\"@type\":\"ListItem\",\"position\":4,\"name\":\"4\u00aa edici\u00f3n del Tresca Jove\"}]},{\"@type\":\"WebSite\",\"@id\":\"https:\\\/\\\/fundesplai.org\\\/es\\\/#website\",\"url\":\"https:\\\/\\\/fundesplai.org\\\/es\\\/\",\"name\":\"Fundesplai\",\"description\":\"Eduquem per la conviv\u00e8ncia i la sostenibilitat\",\"potentialAction\":[{\"@type\":\"SearchAction\",\"target\":{\"@type\":\"EntryPoint\",\"urlTemplate\":\"https:\\\/\\\/fundesplai.org\\\/es\\\/?s={search_term_string}\"},\"query-input\":{\"@type\":\"PropertyValueSpecification\",\"valueRequired\":true,\"valueName\":\"search_term_string\"}}],\"inLanguage\":\"es\"},{\"@type\":\"Person\",\"@id\":\"https:\\\/\\\/fundesplai.org\\\/es\\\/#\\\/schema\\\/person\\\/c0e9e7466bb8ac06f5264324a6109733\",\"name\":\"Alfons Valle\",\"image\":{\"@type\":\"ImageObject\",\"inLanguage\":\"es\",\"@id\":\"https:\\\/\\\/secure.gravatar.com\\\/avatar\\\/71d95a3f99a068ba570ac1314ed6911a59c5ae3f22ffcf23631cd1a861a640bc?s=96&d=mm&r=g\",\"url\":\"https:\\\/\\\/secure.gravatar.com\\\/avatar\\\/71d95a3f99a068ba570ac1314ed6911a59c5ae3f22ffcf23631cd1a861a640bc?s=96&d=mm&r=g\",\"contentUrl\":\"https:\\\/\\\/secure.gravatar.com\\\/avatar\\\/71d95a3f99a068ba570ac1314ed6911a59c5ae3f22ffcf23631cd1a861a640bc?s=96&d=mm&r=g\",\"caption\":\"Alfons Valle\"},\"url\":\"https:\\\/\\\/fundesplai.org\\\/es\\\/informa-t\\\/author\\\/avalle\\\/\"}]}<\/script>\n<!-- \/ Yoast SEO plugin. -->","yoast_head_json":{"title":"4\u00aa edici\u00f3n del Tresca Jove - Fundesplai","robots":{"index":"index","follow":"follow","max-snippet":"max-snippet:-1","max-image-preview":"max-image-preview:large","max-video-preview":"max-video-preview:-1"},"canonical":"https:\/\/fundesplai.org\/es\/informa-t\/actualitat-es\/4a-edicion-del-tresca-jove\/","og_locale":"es_ES","og_type":"article","og_title":"4\u00aa edici\u00f3n del Tresca Jove - Fundesplai","og_description":"Participar\u00e1n unos 80 j\u00f3venes que toman parte en este programa de formaci\u00f3n, acompa\u00f1amiento e inserci\u00f3n socio-laboral.","og_url":"https:\/\/fundesplai.org\/es\/informa-t\/actualitat-es\/4a-edicion-del-tresca-jove\/","og_site_name":"Fundesplai","article_published_time":"2014-03-17T10:22:00+00:00","og_image":[{"url":"https:\/\/fundesplai.org\/test-joomla\/wp-content\/uploads\/sites\/26\/2014\/03\/Tresca-Jove-marzo-2014.jpg","type":"","width":"","height":""}],"author":"Alfons Valle","twitter_card":"summary_large_image","twitter_misc":{"Escrito por":"Alfons Valle","Tiempo de lectura":"2 minutos"},"schema":{"@context":"https:\/\/schema.org","@graph":[{"@type":"Article","@id":"https:\/\/fundesplai.org\/es\/informa-t\/actualitat-es\/4a-edicion-del-tresca-jove\/#article","isPartOf":{"@id":"https:\/\/fundesplai.org\/es\/informa-t\/actualitat-es\/4a-edicion-del-tresca-jove\/"},"author":{"name":"Alfons Valle","@id":"https:\/\/fundesplai.org\/es\/#\/schema\/person\/c0e9e7466bb8ac06f5264324a6109733"},"headline":"4\u00aa edici\u00f3n del Tresca Jove","datePublished":"2014-03-17T10:22:00+00:00","mainEntityOfPage":{"@id":"https:\/\/fundesplai.org\/es\/informa-t\/actualitat-es\/4a-edicion-del-tresca-jove\/"},"wordCount":310,"image":{"@id":"https:\/\/fundesplai.org\/es\/informa-t\/actualitat-es\/4a-edicion-del-tresca-jove\/#primaryimage"},"thumbnailUrl":"https:\/\/fundesplai.org\/test-joomla\/wp-content\/uploads\/sites\/26\/2014\/03\/Tresca-Jove-marzo-2014.jpg","articleSection":["Actualitat"],"inLanguage":"es"},{"@type":"WebPage","@id":"https:\/\/fundesplai.org\/es\/informa-t\/actualitat-es\/4a-edicion-del-tresca-jove\/","url":"https:\/\/fundesplai.org\/es\/informa-t\/actualitat-es\/4a-edicion-del-tresca-jove\/","name":"4\u00aa edici\u00f3n del Tresca Jove - Fundesplai","isPartOf":{"@id":"https:\/\/fundesplai.org\/es\/#website"},"primaryImageOfPage":{"@id":"https:\/\/fundesplai.org\/es\/informa-t\/actualitat-es\/4a-edicion-del-tresca-jove\/#primaryimage"},"image":{"@id":"https:\/\/fundesplai.org\/es\/informa-t\/actualitat-es\/4a-edicion-del-tresca-jove\/#primaryimage"},"thumbnailUrl":"https:\/\/fundesplai.org\/test-joomla\/wp-content\/uploads\/sites\/26\/2014\/03\/Tresca-Jove-marzo-2014.jpg","datePublished":"2014-03-17T10:22:00+00:00","author":{"@id":"https:\/\/fundesplai.org\/es\/#\/schema\/person\/c0e9e7466bb8ac06f5264324a6109733"},"breadcrumb":{"@id":"https:\/\/fundesplai.org\/es\/informa-t\/actualitat-es\/4a-edicion-del-tresca-jove\/#breadcrumb"},"inLanguage":"es","potentialAction":[{"@type":"ReadAction","target":["https:\/\/fundesplai.org\/es\/informa-t\/actualitat-es\/4a-edicion-del-tresca-jove\/"]}]},{"@type":"ImageObject","inLanguage":"es","@id":"https:\/\/fundesplai.org\/es\/informa-t\/actualitat-es\/4a-edicion-del-tresca-jove\/#primaryimage","url":"https:\/\/fundesplai.org\/test-joomla\/wp-content\/uploads\/sites\/26\/2014\/03\/Tresca-Jove-marzo-2014.jpg","contentUrl":"https:\/\/fundesplai.org\/test-joomla\/wp-content\/uploads\/sites\/26\/2014\/03\/Tresca-Jove-marzo-2014.jpg"},{"@type":"BreadcrumbList","@id":"https:\/\/fundesplai.org\/es\/informa-t\/actualitat-es\/4a-edicion-del-tresca-jove\/#breadcrumb","itemListElement":[{"@type":"ListItem","position":1,"name":"Inici","item":"https:\/\/fundesplai.org\/es\/inicio\/"},{"@type":"ListItem","position":2,"name":"Inf\u00f3rmate","item":"https:\/\/fundesplai.org\/es\/informate\/"},{"@type":"ListItem","position":3,"name":"Sin categor\u00eda","item":"https:\/\/fundesplai.org\/es\/informa-t\/category\/sin-categoria\/"},{"@type":"ListItem","position":4,"name":"4\u00aa edici\u00f3n del Tresca Jove"}]},{"@type":"WebSite","@id":"https:\/\/fundesplai.org\/es\/#website","url":"https:\/\/fundesplai.org\/es\/","name":"Fundesplai","description":"Eduquem per la conviv\u00e8ncia i la sostenibilitat","potentialAction":[{"@type":"SearchAction","target":{"@type":"EntryPoint","urlTemplate":"https:\/\/fundesplai.org\/es\/?s={search_term_string}"},"query-input":{"@type":"PropertyValueSpecification","valueRequired":true,"valueName":"search_term_string"}}],"inLanguage":"es"},{"@type":"Person","@id":"https:\/\/fundesplai.org\/es\/#\/schema\/person\/c0e9e7466bb8ac06f5264324a6109733","name":"Alfons Valle","image":{"@type":"ImageObject","inLanguage":"es","@id":"https:\/\/secure.gravatar.com\/avatar\/71d95a3f99a068ba570ac1314ed6911a59c5ae3f22ffcf23631cd1a861a640bc?s=96&d=mm&r=g","url":"https:\/\/secure.gravatar.com\/avatar\/71d95a3f99a068ba570ac1314ed6911a59c5ae3f22ffcf23631cd1a861a640bc?s=96&d=mm&r=g","contentUrl":"https:\/\/secure.gravatar.com\/avatar\/71d95a3f99a068ba570ac1314ed6911a59c5ae3f22ffcf23631cd1a861a640bc?s=96&d=mm&r=g","caption":"Alfons Valle"},"url":"https:\/\/fundesplai.org\/es\/informa-t\/author\/avalle\/"}]}},"_links":{"self":[{"href":"https:\/\/fundesplai.org\/es\/wp-json\/wp\/v2\/posts\/47228","targetHints":{"allow":["GET"]}}],"collection":[{"href":"https:\/\/fundesplai.org\/es\/wp-json\/wp\/v2\/posts"}],"about":[{"href":"https:\/\/fundesplai.org\/es\/wp-json\/wp\/v2\/types\/post"}],"author":[{"embeddable":true,"href":"https:\/\/fundesplai.org\/es\/wp-json\/wp\/v2\/users\/9"}],"replies":[{"embeddable":true,"href":"https:\/\/fundesplai.org\/es\/wp-json\/wp\/v2\/comments?post=47228"}],"version-history":[{"count":0,"href":"https:\/\/fundesplai.org\/es\/wp-json\/wp\/v2\/posts\/47228\/revisions"}],"wp:attachment":[{"href":"https:\/\/fundesplai.org\/es\/wp-json\/wp\/v2\/media?parent=47228"}],"wp:term":[{"taxonomy":"category","embeddable":true,"href":"https:\/\/fundesplai.org\/es\/wp-json\/wp\/v2\/categories?post=47228"},{"taxonomy":"post_tag","embeddable":true,"href":"https:\/\/fundesplai.org\/es\/wp-json\/wp\/v2\/tags?post=47228"}],"curies":[{"name":"wp","href":"https:\/\/api.w.org\/{rel}","templated":true}]}}