{"id":52991,"date":"2014-05-07T19:56:22","date_gmt":"2014-05-07T17:56:22","guid":{"rendered":"https:\/\/fundesplai.org\/informa-t\/uncategorized\/fundesplai-energizes-the-intermons-connecting-worlds-day\/"},"modified":"2014-05-07T19:56:22","modified_gmt":"2014-05-07T17:56:22","slug":"fundesplai-energizes-the-intermons-connecting-worlds-day","status":"publish","type":"post","link":"https:\/\/fundesplai.org\/en\/informa-t\/news\/fundesplai-energizes-the-intermons-connecting-worlds-day\/","title":{"rendered":"Fundesplai energizes the Interm\u00f3n&#8217;s Connecting Worlds Day"},"content":{"rendered":"<p>On March 21, the territorial meeting of schools participating in the educational proposal&nbsp;Conectando Mons, of Oxfam-Interm\u00f2n, was held under the title <em>&#8220;Then for a fairer world&#8221;<\/em>.<\/p>\n<p><!--more--><\/p>\n<p><img loading=\"lazy\" decoding=\"async\" class=\" alignleft size-full wp-image-576\" style=\"margin: 5px;float: left\" src=\"https:\/\/fundesplai.org\/test-joomla\/wp-content\/uploads\/sites\/26\/2014\/05\/intermon.jpg\" alt=\"intermon\" width=\"400\" height=\"305\">On March 21, the territorial meeting of schools participating in the educational proposal&nbsp;Conectando Mons, of Oxfam-Interm\u00f2n, was held under the title <em>&#8220;Then for a fairer world&#8221;<\/em>.<\/p>\n<div>In this day, organized by Interm\u00f2n and energized by the Environmental Education team of the Fundaci\u00f3 Catalana del Esplai, 159 secondary school students and 15 teachers from towns such as Matar\u00f3, Vilanova i la Geltr\u00fa, M\u00f3ra la Nova and Barcelona participated.<\/div>\n<div>Together, with dynamics and workshops, we will address the causes and consequences of food injustice, and we will&nbsp;to reflect on some aspects such as<em>&#8220;food sovereignty<\/em>&#8220;. We will also share some commitments as citizens, as families, and&nbsp; as schools, to help&nbsp;to build a fairer food system. Throughout the day, a group of reporters from among the students themselves filmed everything they worked on.<\/div>\n","protected":false},"excerpt":{"rendered":"<p>On March 21, the territorial meeting of schools participating in the educational proposal&nbsp;Conectando Mons, of Oxfam-Interm\u00f2n, was held under the title &#8220;Then for a fairer world&#8221;.<\/p>\n","protected":false},"author":9,"featured_media":0,"comment_status":"closed","ping_status":"closed","sticky":false,"template":"","format":"standard","meta":{"_et_pb_use_builder":"","_et_pb_old_content":"","_et_gb_content_width":"","footnotes":""},"categories":[1023],"tags":[],"class_list":["post-52991","post","type-post","status-publish","format-standard","hentry","category-news"],"yoast_head":"<!-- This site is optimized with the Yoast SEO plugin v27.4 - https:\/\/yoast.com\/product\/yoast-seo-wordpress\/ -->\n<title>Fundesplai energizes the Interm\u00f3n&#039;s Connecting Worlds Day - Fundesplai<\/title>\n<meta name=\"robots\" content=\"index, follow, max-snippet:-1, max-image-preview:large, max-video-preview:-1\" \/>\n<link rel=\"canonical\" href=\"https:\/\/fundesplai.org\/en\/informa-t\/news\/fundesplai-energizes-the-intermons-connecting-worlds-day\/\" \/>\n<meta property=\"og:locale\" content=\"en_US\" \/>\n<meta property=\"og:type\" content=\"article\" \/>\n<meta property=\"og:title\" content=\"Fundesplai energizes the Interm\u00f3n&#039;s Connecting Worlds Day - Fundesplai\" \/>\n<meta property=\"og:description\" content=\"On March 21, the territorial meeting of schools participating in the educational proposal&nbsp;Conectando Mons, of Oxfam-Interm\u00f2n, was held under the title &#8220;Then for a fairer world&#8221;.\" \/>\n<meta property=\"og:url\" content=\"https:\/\/fundesplai.org\/en\/informa-t\/news\/fundesplai-energizes-the-intermons-connecting-worlds-day\/\" \/>\n<meta property=\"og:site_name\" content=\"Fundesplai\" \/>\n<meta property=\"article:published_time\" content=\"2014-05-07T17:56:22+00:00\" \/>\n<meta property=\"og:image\" content=\"https:\/\/fundesplai.org\/test-joomla\/wp-content\/uploads\/sites\/26\/2014\/05\/intermon.jpg\" \/>\n<meta name=\"author\" content=\"Alfons Valle\" \/>\n<meta name=\"twitter:card\" content=\"summary_large_image\" \/>\n<meta name=\"twitter:label1\" content=\"Written by\" \/>\n\t<meta name=\"twitter:data1\" content=\"Alfons Valle\" \/>\n\t<meta name=\"twitter:label2\" content=\"Est. reading time\" \/>\n\t<meta name=\"twitter:data2\" content=\"1 minute\" \/>\n<script type=\"application\/ld+json\" class=\"yoast-schema-graph\">{\"@context\":\"https:\\\/\\\/schema.org\",\"@graph\":[{\"@type\":\"Article\",\"@id\":\"https:\\\/\\\/fundesplai.org\\\/en\\\/informa-t\\\/news\\\/fundesplai-energizes-the-intermons-connecting-worlds-day\\\/#article\",\"isPartOf\":{\"@id\":\"https:\\\/\\\/fundesplai.org\\\/en\\\/informa-t\\\/news\\\/fundesplai-energizes-the-intermons-connecting-worlds-day\\\/\"},\"author\":{\"name\":\"Alfons Valle\",\"@id\":\"https:\\\/\\\/fundesplai.org\\\/en\\\/#\\\/schema\\\/person\\\/c0e9e7466bb8ac06f5264324a6109733\"},\"headline\":\"Fundesplai energizes the Interm\u00f3n&#8217;s Connecting Worlds Day\",\"datePublished\":\"2014-05-07T17:56:22+00:00\",\"mainEntityOfPage\":{\"@id\":\"https:\\\/\\\/fundesplai.org\\\/en\\\/informa-t\\\/news\\\/fundesplai-energizes-the-intermons-connecting-worlds-day\\\/\"},\"wordCount\":174,\"image\":{\"@id\":\"https:\\\/\\\/fundesplai.org\\\/en\\\/informa-t\\\/news\\\/fundesplai-energizes-the-intermons-connecting-worlds-day\\\/#primaryimage\"},\"thumbnailUrl\":\"https:\\\/\\\/fundesplai.org\\\/test-joomla\\\/wp-content\\\/uploads\\\/sites\\\/26\\\/2014\\\/05\\\/intermon.jpg\",\"articleSection\":[\"News\"],\"inLanguage\":\"en-US\"},{\"@type\":\"WebPage\",\"@id\":\"https:\\\/\\\/fundesplai.org\\\/en\\\/informa-t\\\/news\\\/fundesplai-energizes-the-intermons-connecting-worlds-day\\\/\",\"url\":\"https:\\\/\\\/fundesplai.org\\\/en\\\/informa-t\\\/news\\\/fundesplai-energizes-the-intermons-connecting-worlds-day\\\/\",\"name\":\"Fundesplai energizes the Interm\u00f3n's Connecting Worlds Day - Fundesplai\",\"isPartOf\":{\"@id\":\"https:\\\/\\\/fundesplai.org\\\/en\\\/#website\"},\"primaryImageOfPage\":{\"@id\":\"https:\\\/\\\/fundesplai.org\\\/en\\\/informa-t\\\/news\\\/fundesplai-energizes-the-intermons-connecting-worlds-day\\\/#primaryimage\"},\"image\":{\"@id\":\"https:\\\/\\\/fundesplai.org\\\/en\\\/informa-t\\\/news\\\/fundesplai-energizes-the-intermons-connecting-worlds-day\\\/#primaryimage\"},\"thumbnailUrl\":\"https:\\\/\\\/fundesplai.org\\\/test-joomla\\\/wp-content\\\/uploads\\\/sites\\\/26\\\/2014\\\/05\\\/intermon.jpg\",\"datePublished\":\"2014-05-07T17:56:22+00:00\",\"author\":{\"@id\":\"https:\\\/\\\/fundesplai.org\\\/en\\\/#\\\/schema\\\/person\\\/c0e9e7466bb8ac06f5264324a6109733\"},\"breadcrumb\":{\"@id\":\"https:\\\/\\\/fundesplai.org\\\/en\\\/informa-t\\\/news\\\/fundesplai-energizes-the-intermons-connecting-worlds-day\\\/#breadcrumb\"},\"inLanguage\":\"en-US\",\"potentialAction\":[{\"@type\":\"ReadAction\",\"target\":[\"https:\\\/\\\/fundesplai.org\\\/en\\\/informa-t\\\/news\\\/fundesplai-energizes-the-intermons-connecting-worlds-day\\\/\"]}]},{\"@type\":\"ImageObject\",\"inLanguage\":\"en-US\",\"@id\":\"https:\\\/\\\/fundesplai.org\\\/en\\\/informa-t\\\/news\\\/fundesplai-energizes-the-intermons-connecting-worlds-day\\\/#primaryimage\",\"url\":\"https:\\\/\\\/fundesplai.org\\\/test-joomla\\\/wp-content\\\/uploads\\\/sites\\\/26\\\/2014\\\/05\\\/intermon.jpg\",\"contentUrl\":\"https:\\\/\\\/fundesplai.org\\\/test-joomla\\\/wp-content\\\/uploads\\\/sites\\\/26\\\/2014\\\/05\\\/intermon.jpg\"},{\"@type\":\"BreadcrumbList\",\"@id\":\"https:\\\/\\\/fundesplai.org\\\/en\\\/informa-t\\\/news\\\/fundesplai-energizes-the-intermons-connecting-worlds-day\\\/#breadcrumb\",\"itemListElement\":[{\"@type\":\"ListItem\",\"position\":1,\"name\":\"Inici\",\"item\":\"https:\\\/\\\/fundesplai.org\\\/en\\\/\"},{\"@type\":\"ListItem\",\"position\":2,\"name\":\"News\",\"item\":\"https:\\\/\\\/fundesplai.org\\\/en\\\/find-out-more\\\/\"},{\"@type\":\"ListItem\",\"position\":3,\"name\":\"Uncategorized\",\"item\":\"https:\\\/\\\/fundesplai.org\\\/en\\\/informa-t\\\/category\\\/uncategorized\\\/\"},{\"@type\":\"ListItem\",\"position\":4,\"name\":\"Fundesplai energizes the Interm\u00f3n&#8217;s Connecting Worlds Day\"}]},{\"@type\":\"WebSite\",\"@id\":\"https:\\\/\\\/fundesplai.org\\\/en\\\/#website\",\"url\":\"https:\\\/\\\/fundesplai.org\\\/en\\\/\",\"name\":\"Fundesplai\",\"description\":\"Eduquem per la conviv\u00e8ncia i la sostenibilitat\",\"potentialAction\":[{\"@type\":\"SearchAction\",\"target\":{\"@type\":\"EntryPoint\",\"urlTemplate\":\"https:\\\/\\\/fundesplai.org\\\/en\\\/?s={search_term_string}\"},\"query-input\":{\"@type\":\"PropertyValueSpecification\",\"valueRequired\":true,\"valueName\":\"search_term_string\"}}],\"inLanguage\":\"en-US\"},{\"@type\":\"Person\",\"@id\":\"https:\\\/\\\/fundesplai.org\\\/en\\\/#\\\/schema\\\/person\\\/c0e9e7466bb8ac06f5264324a6109733\",\"name\":\"Alfons Valle\",\"image\":{\"@type\":\"ImageObject\",\"inLanguage\":\"en-US\",\"@id\":\"https:\\\/\\\/secure.gravatar.com\\\/avatar\\\/71d95a3f99a068ba570ac1314ed6911a59c5ae3f22ffcf23631cd1a861a640bc?s=96&d=mm&r=g\",\"url\":\"https:\\\/\\\/secure.gravatar.com\\\/avatar\\\/71d95a3f99a068ba570ac1314ed6911a59c5ae3f22ffcf23631cd1a861a640bc?s=96&d=mm&r=g\",\"contentUrl\":\"https:\\\/\\\/secure.gravatar.com\\\/avatar\\\/71d95a3f99a068ba570ac1314ed6911a59c5ae3f22ffcf23631cd1a861a640bc?s=96&d=mm&r=g\",\"caption\":\"Alfons Valle\"},\"url\":\"https:\\\/\\\/fundesplai.org\\\/en\\\/informa-t\\\/author\\\/avalle\\\/\"}]}<\/script>\n<!-- \/ Yoast SEO plugin. -->","yoast_head_json":{"title":"Fundesplai energizes the Interm\u00f3n's Connecting Worlds Day - Fundesplai","robots":{"index":"index","follow":"follow","max-snippet":"max-snippet:-1","max-image-preview":"max-image-preview:large","max-video-preview":"max-video-preview:-1"},"canonical":"https:\/\/fundesplai.org\/en\/informa-t\/news\/fundesplai-energizes-the-intermons-connecting-worlds-day\/","og_locale":"en_US","og_type":"article","og_title":"Fundesplai energizes the Interm\u00f3n's Connecting Worlds Day - Fundesplai","og_description":"On March 21, the territorial meeting of schools participating in the educational proposal&nbsp;Conectando Mons, of Oxfam-Interm\u00f2n, was held under the title &#8220;Then for a fairer world&#8221;.","og_url":"https:\/\/fundesplai.org\/en\/informa-t\/news\/fundesplai-energizes-the-intermons-connecting-worlds-day\/","og_site_name":"Fundesplai","article_published_time":"2014-05-07T17:56:22+00:00","og_image":[{"url":"https:\/\/fundesplai.org\/test-joomla\/wp-content\/uploads\/sites\/26\/2014\/05\/intermon.jpg","type":"","width":"","height":""}],"author":"Alfons Valle","twitter_card":"summary_large_image","twitter_misc":{"Written by":"Alfons Valle","Est. reading time":"1 minute"},"schema":{"@context":"https:\/\/schema.org","@graph":[{"@type":"Article","@id":"https:\/\/fundesplai.org\/en\/informa-t\/news\/fundesplai-energizes-the-intermons-connecting-worlds-day\/#article","isPartOf":{"@id":"https:\/\/fundesplai.org\/en\/informa-t\/news\/fundesplai-energizes-the-intermons-connecting-worlds-day\/"},"author":{"name":"Alfons Valle","@id":"https:\/\/fundesplai.org\/en\/#\/schema\/person\/c0e9e7466bb8ac06f5264324a6109733"},"headline":"Fundesplai energizes the Interm\u00f3n&#8217;s Connecting Worlds Day","datePublished":"2014-05-07T17:56:22+00:00","mainEntityOfPage":{"@id":"https:\/\/fundesplai.org\/en\/informa-t\/news\/fundesplai-energizes-the-intermons-connecting-worlds-day\/"},"wordCount":174,"image":{"@id":"https:\/\/fundesplai.org\/en\/informa-t\/news\/fundesplai-energizes-the-intermons-connecting-worlds-day\/#primaryimage"},"thumbnailUrl":"https:\/\/fundesplai.org\/test-joomla\/wp-content\/uploads\/sites\/26\/2014\/05\/intermon.jpg","articleSection":["News"],"inLanguage":"en-US"},{"@type":"WebPage","@id":"https:\/\/fundesplai.org\/en\/informa-t\/news\/fundesplai-energizes-the-intermons-connecting-worlds-day\/","url":"https:\/\/fundesplai.org\/en\/informa-t\/news\/fundesplai-energizes-the-intermons-connecting-worlds-day\/","name":"Fundesplai energizes the Interm\u00f3n's Connecting Worlds Day - Fundesplai","isPartOf":{"@id":"https:\/\/fundesplai.org\/en\/#website"},"primaryImageOfPage":{"@id":"https:\/\/fundesplai.org\/en\/informa-t\/news\/fundesplai-energizes-the-intermons-connecting-worlds-day\/#primaryimage"},"image":{"@id":"https:\/\/fundesplai.org\/en\/informa-t\/news\/fundesplai-energizes-the-intermons-connecting-worlds-day\/#primaryimage"},"thumbnailUrl":"https:\/\/fundesplai.org\/test-joomla\/wp-content\/uploads\/sites\/26\/2014\/05\/intermon.jpg","datePublished":"2014-05-07T17:56:22+00:00","author":{"@id":"https:\/\/fundesplai.org\/en\/#\/schema\/person\/c0e9e7466bb8ac06f5264324a6109733"},"breadcrumb":{"@id":"https:\/\/fundesplai.org\/en\/informa-t\/news\/fundesplai-energizes-the-intermons-connecting-worlds-day\/#breadcrumb"},"inLanguage":"en-US","potentialAction":[{"@type":"ReadAction","target":["https:\/\/fundesplai.org\/en\/informa-t\/news\/fundesplai-energizes-the-intermons-connecting-worlds-day\/"]}]},{"@type":"ImageObject","inLanguage":"en-US","@id":"https:\/\/fundesplai.org\/en\/informa-t\/news\/fundesplai-energizes-the-intermons-connecting-worlds-day\/#primaryimage","url":"https:\/\/fundesplai.org\/test-joomla\/wp-content\/uploads\/sites\/26\/2014\/05\/intermon.jpg","contentUrl":"https:\/\/fundesplai.org\/test-joomla\/wp-content\/uploads\/sites\/26\/2014\/05\/intermon.jpg"},{"@type":"BreadcrumbList","@id":"https:\/\/fundesplai.org\/en\/informa-t\/news\/fundesplai-energizes-the-intermons-connecting-worlds-day\/#breadcrumb","itemListElement":[{"@type":"ListItem","position":1,"name":"Inici","item":"https:\/\/fundesplai.org\/en\/"},{"@type":"ListItem","position":2,"name":"News","item":"https:\/\/fundesplai.org\/en\/find-out-more\/"},{"@type":"ListItem","position":3,"name":"Uncategorized","item":"https:\/\/fundesplai.org\/en\/informa-t\/category\/uncategorized\/"},{"@type":"ListItem","position":4,"name":"Fundesplai energizes the Interm\u00f3n&#8217;s Connecting Worlds Day"}]},{"@type":"WebSite","@id":"https:\/\/fundesplai.org\/en\/#website","url":"https:\/\/fundesplai.org\/en\/","name":"Fundesplai","description":"Eduquem per la conviv\u00e8ncia i la sostenibilitat","potentialAction":[{"@type":"SearchAction","target":{"@type":"EntryPoint","urlTemplate":"https:\/\/fundesplai.org\/en\/?s={search_term_string}"},"query-input":{"@type":"PropertyValueSpecification","valueRequired":true,"valueName":"search_term_string"}}],"inLanguage":"en-US"},{"@type":"Person","@id":"https:\/\/fundesplai.org\/en\/#\/schema\/person\/c0e9e7466bb8ac06f5264324a6109733","name":"Alfons Valle","image":{"@type":"ImageObject","inLanguage":"en-US","@id":"https:\/\/secure.gravatar.com\/avatar\/71d95a3f99a068ba570ac1314ed6911a59c5ae3f22ffcf23631cd1a861a640bc?s=96&d=mm&r=g","url":"https:\/\/secure.gravatar.com\/avatar\/71d95a3f99a068ba570ac1314ed6911a59c5ae3f22ffcf23631cd1a861a640bc?s=96&d=mm&r=g","contentUrl":"https:\/\/secure.gravatar.com\/avatar\/71d95a3f99a068ba570ac1314ed6911a59c5ae3f22ffcf23631cd1a861a640bc?s=96&d=mm&r=g","caption":"Alfons Valle"},"url":"https:\/\/fundesplai.org\/en\/informa-t\/author\/avalle\/"}]}},"_links":{"self":[{"href":"https:\/\/fundesplai.org\/en\/wp-json\/wp\/v2\/posts\/52991","targetHints":{"allow":["GET"]}}],"collection":[{"href":"https:\/\/fundesplai.org\/en\/wp-json\/wp\/v2\/posts"}],"about":[{"href":"https:\/\/fundesplai.org\/en\/wp-json\/wp\/v2\/types\/post"}],"author":[{"embeddable":true,"href":"https:\/\/fundesplai.org\/en\/wp-json\/wp\/v2\/users\/9"}],"replies":[{"embeddable":true,"href":"https:\/\/fundesplai.org\/en\/wp-json\/wp\/v2\/comments?post=52991"}],"version-history":[{"count":0,"href":"https:\/\/fundesplai.org\/en\/wp-json\/wp\/v2\/posts\/52991\/revisions"}],"wp:attachment":[{"href":"https:\/\/fundesplai.org\/en\/wp-json\/wp\/v2\/media?parent=52991"}],"wp:term":[{"taxonomy":"category","embeddable":true,"href":"https:\/\/fundesplai.org\/en\/wp-json\/wp\/v2\/categories?post=52991"},{"taxonomy":"post_tag","embeddable":true,"href":"https:\/\/fundesplai.org\/en\/wp-json\/wp\/v2\/tags?post=52991"}],"curies":[{"name":"wp","href":"https:\/\/api.w.org\/{rel}","templated":true}]}}