{"id":52987,"date":"2014-04-24T15:43:51","date_gmt":"2014-04-24T13:43:51","guid":{"rendered":"https:\/\/fundesplai.org\/informa-t\/uncategorized\/st-vincent-school-noontime-service-travels-to-italy\/"},"modified":"2014-04-24T15:43:51","modified_gmt":"2014-04-24T13:43:51","slug":"st-vincent-school-noontime-service-travels-to-italy","status":"publish","type":"post","link":"https:\/\/fundesplai.org\/en\/informa-t\/news\/st-vincent-school-noontime-service-travels-to-italy\/","title":{"rendered":"St. Vincent School noontime service travels to Italy"},"content":{"rendered":"<p>This Thursday, March 27th, the midday weather service of the Sant Vicen\u00e7 school (Sant Vicen\u00e7 dels Horts), managed by <a href=\"ca\/\">Fundesplai (Fundaci\u00f3 Catalana de l&#8217;Esplai)<\/a>, has traveled to&#8230; Italy! Once again, the atmosphere of the gastronomic day was magnificent, and the children were able to enjoy a splendid meal of food from this country.<\/p>\n<p><!--more--><\/p>\n<table cellspacing=\"5\" align=\"left\">\n<tbody>\n<tr>\n<td><img loading=\"lazy\" decoding=\"async\" class=\" size-full wp-image-518\" src=\"https:\/\/fundesplai.org\/test-joomla\/wp-content\/uploads\/sites\/26\/2014\/04\/Italia_escola_SantVicenc.jpg\" alt=\"Italy school SantVicenc\" width=\"380\" height=\"290\">&nbsp;<\/td>\n<\/tr>\n<tr>\n<td><strong class=\"text-petit\">&nbsp;A day of Italian gastronomy at St. Vincent&#8217;s School<\/strong><\/td>\n<\/tr>\n<\/tbody>\n<\/table>\n<p>This Thursday, March 27th, the midday weather service of the Sant Vicen\u00e7 school (Sant Vicen\u00e7 dels Horts), managed by <a href=\"ca\/\">Fundesplai <\/a>(Fundaci\u00f3 Catalana de l&#8217;Esplai), has traveled to&#8230; Italy!<\/p>\n<p>Once again, the atmosphere of the gastronomic day was magnificent, and the children were able to enjoy a splendid meal of food from this country.<\/p>\n<p>Congratulations to all the Fundesplai team at the Sant Vicen\u00e7 school.<\/p>\n","protected":false},"excerpt":{"rendered":"<p>This Thursday, March 27th, the midday weather service of the Sant Vicen\u00e7 school (Sant Vicen\u00e7 dels Horts), managed by Fundesplai (Fundaci\u00f3 Catalana de l&#8217;Esplai), has traveled to&#8230; Italy! Once again, the atmosphere of the gastronomic day was magnificent, and the children were able to enjoy a splendid meal of food from this country.<\/p>\n","protected":false},"author":9,"featured_media":0,"comment_status":"closed","ping_status":"closed","sticky":false,"template":"","format":"standard","meta":{"_et_pb_use_builder":"","_et_pb_old_content":"","_et_gb_content_width":"","footnotes":""},"categories":[1023],"tags":[],"class_list":["post-52987","post","type-post","status-publish","format-standard","hentry","category-news"],"yoast_head":"<!-- This site is optimized with the Yoast SEO plugin v27.4 - https:\/\/yoast.com\/product\/yoast-seo-wordpress\/ -->\n<title>St. Vincent School noontime service travels to Italy - Fundesplai<\/title>\n<meta name=\"robots\" content=\"index, follow, max-snippet:-1, max-image-preview:large, max-video-preview:-1\" \/>\n<link rel=\"canonical\" href=\"https:\/\/fundesplai.org\/en\/informa-t\/news\/st-vincent-school-noontime-service-travels-to-italy\/\" \/>\n<meta property=\"og:locale\" content=\"en_US\" \/>\n<meta property=\"og:type\" content=\"article\" \/>\n<meta property=\"og:title\" content=\"St. Vincent School noontime service travels to Italy - Fundesplai\" \/>\n<meta property=\"og:description\" content=\"This Thursday, March 27th, the midday weather service of the Sant Vicen\u00e7 school (Sant Vicen\u00e7 dels Horts), managed by Fundesplai (Fundaci\u00f3 Catalana de l&#8217;Esplai), has traveled to&#8230; Italy! Once again, the atmosphere of the gastronomic day was magnificent, and the children were able to enjoy a splendid meal of food from this country.\" \/>\n<meta property=\"og:url\" content=\"https:\/\/fundesplai.org\/en\/informa-t\/news\/st-vincent-school-noontime-service-travels-to-italy\/\" \/>\n<meta property=\"og:site_name\" content=\"Fundesplai\" \/>\n<meta property=\"article:published_time\" content=\"2014-04-24T13:43:51+00:00\" \/>\n<meta property=\"og:image\" content=\"https:\/\/fundesplai.org\/test-joomla\/wp-content\/uploads\/sites\/26\/2014\/04\/Italia_escola_SantVicenc.jpg\" \/>\n<meta name=\"author\" content=\"Alfons Valle\" \/>\n<meta name=\"twitter:card\" content=\"summary_large_image\" \/>\n<meta name=\"twitter:label1\" content=\"Written by\" \/>\n\t<meta name=\"twitter:data1\" content=\"Alfons Valle\" \/>\n\t<meta name=\"twitter:label2\" content=\"Est. reading time\" \/>\n\t<meta name=\"twitter:data2\" content=\"1 minute\" \/>\n<script type=\"application\/ld+json\" class=\"yoast-schema-graph\">{\"@context\":\"https:\\\/\\\/schema.org\",\"@graph\":[{\"@type\":\"Article\",\"@id\":\"https:\\\/\\\/fundesplai.org\\\/en\\\/informa-t\\\/news\\\/st-vincent-school-noontime-service-travels-to-italy\\\/#article\",\"isPartOf\":{\"@id\":\"https:\\\/\\\/fundesplai.org\\\/en\\\/informa-t\\\/news\\\/st-vincent-school-noontime-service-travels-to-italy\\\/\"},\"author\":{\"name\":\"Alfons Valle\",\"@id\":\"https:\\\/\\\/fundesplai.org\\\/en\\\/#\\\/schema\\\/person\\\/c0e9e7466bb8ac06f5264324a6109733\"},\"headline\":\"St. Vincent School noontime service travels to Italy\",\"datePublished\":\"2014-04-24T13:43:51+00:00\",\"mainEntityOfPage\":{\"@id\":\"https:\\\/\\\/fundesplai.org\\\/en\\\/informa-t\\\/news\\\/st-vincent-school-noontime-service-travels-to-italy\\\/\"},\"wordCount\":139,\"image\":{\"@id\":\"https:\\\/\\\/fundesplai.org\\\/en\\\/informa-t\\\/news\\\/st-vincent-school-noontime-service-travels-to-italy\\\/#primaryimage\"},\"thumbnailUrl\":\"https:\\\/\\\/fundesplai.org\\\/test-joomla\\\/wp-content\\\/uploads\\\/sites\\\/26\\\/2014\\\/04\\\/Italia_escola_SantVicenc.jpg\",\"articleSection\":[\"News\"],\"inLanguage\":\"en-US\"},{\"@type\":\"WebPage\",\"@id\":\"https:\\\/\\\/fundesplai.org\\\/en\\\/informa-t\\\/news\\\/st-vincent-school-noontime-service-travels-to-italy\\\/\",\"url\":\"https:\\\/\\\/fundesplai.org\\\/en\\\/informa-t\\\/news\\\/st-vincent-school-noontime-service-travels-to-italy\\\/\",\"name\":\"St. Vincent School noontime service travels to Italy - Fundesplai\",\"isPartOf\":{\"@id\":\"https:\\\/\\\/fundesplai.org\\\/en\\\/#website\"},\"primaryImageOfPage\":{\"@id\":\"https:\\\/\\\/fundesplai.org\\\/en\\\/informa-t\\\/news\\\/st-vincent-school-noontime-service-travels-to-italy\\\/#primaryimage\"},\"image\":{\"@id\":\"https:\\\/\\\/fundesplai.org\\\/en\\\/informa-t\\\/news\\\/st-vincent-school-noontime-service-travels-to-italy\\\/#primaryimage\"},\"thumbnailUrl\":\"https:\\\/\\\/fundesplai.org\\\/test-joomla\\\/wp-content\\\/uploads\\\/sites\\\/26\\\/2014\\\/04\\\/Italia_escola_SantVicenc.jpg\",\"datePublished\":\"2014-04-24T13:43:51+00:00\",\"author\":{\"@id\":\"https:\\\/\\\/fundesplai.org\\\/en\\\/#\\\/schema\\\/person\\\/c0e9e7466bb8ac06f5264324a6109733\"},\"breadcrumb\":{\"@id\":\"https:\\\/\\\/fundesplai.org\\\/en\\\/informa-t\\\/news\\\/st-vincent-school-noontime-service-travels-to-italy\\\/#breadcrumb\"},\"inLanguage\":\"en-US\",\"potentialAction\":[{\"@type\":\"ReadAction\",\"target\":[\"https:\\\/\\\/fundesplai.org\\\/en\\\/informa-t\\\/news\\\/st-vincent-school-noontime-service-travels-to-italy\\\/\"]}]},{\"@type\":\"ImageObject\",\"inLanguage\":\"en-US\",\"@id\":\"https:\\\/\\\/fundesplai.org\\\/en\\\/informa-t\\\/news\\\/st-vincent-school-noontime-service-travels-to-italy\\\/#primaryimage\",\"url\":\"https:\\\/\\\/fundesplai.org\\\/test-joomla\\\/wp-content\\\/uploads\\\/sites\\\/26\\\/2014\\\/04\\\/Italia_escola_SantVicenc.jpg\",\"contentUrl\":\"https:\\\/\\\/fundesplai.org\\\/test-joomla\\\/wp-content\\\/uploads\\\/sites\\\/26\\\/2014\\\/04\\\/Italia_escola_SantVicenc.jpg\"},{\"@type\":\"BreadcrumbList\",\"@id\":\"https:\\\/\\\/fundesplai.org\\\/en\\\/informa-t\\\/news\\\/st-vincent-school-noontime-service-travels-to-italy\\\/#breadcrumb\",\"itemListElement\":[{\"@type\":\"ListItem\",\"position\":1,\"name\":\"Inici\",\"item\":\"https:\\\/\\\/fundesplai.org\\\/en\\\/\"},{\"@type\":\"ListItem\",\"position\":2,\"name\":\"News\",\"item\":\"https:\\\/\\\/fundesplai.org\\\/en\\\/find-out-more\\\/\"},{\"@type\":\"ListItem\",\"position\":3,\"name\":\"Uncategorized\",\"item\":\"https:\\\/\\\/fundesplai.org\\\/en\\\/informa-t\\\/category\\\/uncategorized\\\/\"},{\"@type\":\"ListItem\",\"position\":4,\"name\":\"St. Vincent School noontime service travels to Italy\"}]},{\"@type\":\"WebSite\",\"@id\":\"https:\\\/\\\/fundesplai.org\\\/en\\\/#website\",\"url\":\"https:\\\/\\\/fundesplai.org\\\/en\\\/\",\"name\":\"Fundesplai\",\"description\":\"Eduquem per la conviv\u00e8ncia i la sostenibilitat\",\"potentialAction\":[{\"@type\":\"SearchAction\",\"target\":{\"@type\":\"EntryPoint\",\"urlTemplate\":\"https:\\\/\\\/fundesplai.org\\\/en\\\/?s={search_term_string}\"},\"query-input\":{\"@type\":\"PropertyValueSpecification\",\"valueRequired\":true,\"valueName\":\"search_term_string\"}}],\"inLanguage\":\"en-US\"},{\"@type\":\"Person\",\"@id\":\"https:\\\/\\\/fundesplai.org\\\/en\\\/#\\\/schema\\\/person\\\/c0e9e7466bb8ac06f5264324a6109733\",\"name\":\"Alfons Valle\",\"image\":{\"@type\":\"ImageObject\",\"inLanguage\":\"en-US\",\"@id\":\"https:\\\/\\\/secure.gravatar.com\\\/avatar\\\/71d95a3f99a068ba570ac1314ed6911a59c5ae3f22ffcf23631cd1a861a640bc?s=96&d=mm&r=g\",\"url\":\"https:\\\/\\\/secure.gravatar.com\\\/avatar\\\/71d95a3f99a068ba570ac1314ed6911a59c5ae3f22ffcf23631cd1a861a640bc?s=96&d=mm&r=g\",\"contentUrl\":\"https:\\\/\\\/secure.gravatar.com\\\/avatar\\\/71d95a3f99a068ba570ac1314ed6911a59c5ae3f22ffcf23631cd1a861a640bc?s=96&d=mm&r=g\",\"caption\":\"Alfons Valle\"},\"url\":\"https:\\\/\\\/fundesplai.org\\\/en\\\/informa-t\\\/author\\\/avalle\\\/\"}]}<\/script>\n<!-- \/ Yoast SEO plugin. -->","yoast_head_json":{"title":"St. Vincent School noontime service travels to Italy - Fundesplai","robots":{"index":"index","follow":"follow","max-snippet":"max-snippet:-1","max-image-preview":"max-image-preview:large","max-video-preview":"max-video-preview:-1"},"canonical":"https:\/\/fundesplai.org\/en\/informa-t\/news\/st-vincent-school-noontime-service-travels-to-italy\/","og_locale":"en_US","og_type":"article","og_title":"St. Vincent School noontime service travels to Italy - Fundesplai","og_description":"This Thursday, March 27th, the midday weather service of the Sant Vicen\u00e7 school (Sant Vicen\u00e7 dels Horts), managed by Fundesplai (Fundaci\u00f3 Catalana de l&#8217;Esplai), has traveled to&#8230; Italy! Once again, the atmosphere of the gastronomic day was magnificent, and the children were able to enjoy a splendid meal of food from this country.","og_url":"https:\/\/fundesplai.org\/en\/informa-t\/news\/st-vincent-school-noontime-service-travels-to-italy\/","og_site_name":"Fundesplai","article_published_time":"2014-04-24T13:43:51+00:00","og_image":[{"url":"https:\/\/fundesplai.org\/test-joomla\/wp-content\/uploads\/sites\/26\/2014\/04\/Italia_escola_SantVicenc.jpg","type":"","width":"","height":""}],"author":"Alfons Valle","twitter_card":"summary_large_image","twitter_misc":{"Written by":"Alfons Valle","Est. reading time":"1 minute"},"schema":{"@context":"https:\/\/schema.org","@graph":[{"@type":"Article","@id":"https:\/\/fundesplai.org\/en\/informa-t\/news\/st-vincent-school-noontime-service-travels-to-italy\/#article","isPartOf":{"@id":"https:\/\/fundesplai.org\/en\/informa-t\/news\/st-vincent-school-noontime-service-travels-to-italy\/"},"author":{"name":"Alfons Valle","@id":"https:\/\/fundesplai.org\/en\/#\/schema\/person\/c0e9e7466bb8ac06f5264324a6109733"},"headline":"St. Vincent School noontime service travels to Italy","datePublished":"2014-04-24T13:43:51+00:00","mainEntityOfPage":{"@id":"https:\/\/fundesplai.org\/en\/informa-t\/news\/st-vincent-school-noontime-service-travels-to-italy\/"},"wordCount":139,"image":{"@id":"https:\/\/fundesplai.org\/en\/informa-t\/news\/st-vincent-school-noontime-service-travels-to-italy\/#primaryimage"},"thumbnailUrl":"https:\/\/fundesplai.org\/test-joomla\/wp-content\/uploads\/sites\/26\/2014\/04\/Italia_escola_SantVicenc.jpg","articleSection":["News"],"inLanguage":"en-US"},{"@type":"WebPage","@id":"https:\/\/fundesplai.org\/en\/informa-t\/news\/st-vincent-school-noontime-service-travels-to-italy\/","url":"https:\/\/fundesplai.org\/en\/informa-t\/news\/st-vincent-school-noontime-service-travels-to-italy\/","name":"St. Vincent School noontime service travels to Italy - Fundesplai","isPartOf":{"@id":"https:\/\/fundesplai.org\/en\/#website"},"primaryImageOfPage":{"@id":"https:\/\/fundesplai.org\/en\/informa-t\/news\/st-vincent-school-noontime-service-travels-to-italy\/#primaryimage"},"image":{"@id":"https:\/\/fundesplai.org\/en\/informa-t\/news\/st-vincent-school-noontime-service-travels-to-italy\/#primaryimage"},"thumbnailUrl":"https:\/\/fundesplai.org\/test-joomla\/wp-content\/uploads\/sites\/26\/2014\/04\/Italia_escola_SantVicenc.jpg","datePublished":"2014-04-24T13:43:51+00:00","author":{"@id":"https:\/\/fundesplai.org\/en\/#\/schema\/person\/c0e9e7466bb8ac06f5264324a6109733"},"breadcrumb":{"@id":"https:\/\/fundesplai.org\/en\/informa-t\/news\/st-vincent-school-noontime-service-travels-to-italy\/#breadcrumb"},"inLanguage":"en-US","potentialAction":[{"@type":"ReadAction","target":["https:\/\/fundesplai.org\/en\/informa-t\/news\/st-vincent-school-noontime-service-travels-to-italy\/"]}]},{"@type":"ImageObject","inLanguage":"en-US","@id":"https:\/\/fundesplai.org\/en\/informa-t\/news\/st-vincent-school-noontime-service-travels-to-italy\/#primaryimage","url":"https:\/\/fundesplai.org\/test-joomla\/wp-content\/uploads\/sites\/26\/2014\/04\/Italia_escola_SantVicenc.jpg","contentUrl":"https:\/\/fundesplai.org\/test-joomla\/wp-content\/uploads\/sites\/26\/2014\/04\/Italia_escola_SantVicenc.jpg"},{"@type":"BreadcrumbList","@id":"https:\/\/fundesplai.org\/en\/informa-t\/news\/st-vincent-school-noontime-service-travels-to-italy\/#breadcrumb","itemListElement":[{"@type":"ListItem","position":1,"name":"Inici","item":"https:\/\/fundesplai.org\/en\/"},{"@type":"ListItem","position":2,"name":"News","item":"https:\/\/fundesplai.org\/en\/find-out-more\/"},{"@type":"ListItem","position":3,"name":"Uncategorized","item":"https:\/\/fundesplai.org\/en\/informa-t\/category\/uncategorized\/"},{"@type":"ListItem","position":4,"name":"St. Vincent School noontime service travels to Italy"}]},{"@type":"WebSite","@id":"https:\/\/fundesplai.org\/en\/#website","url":"https:\/\/fundesplai.org\/en\/","name":"Fundesplai","description":"Eduquem per la conviv\u00e8ncia i la sostenibilitat","potentialAction":[{"@type":"SearchAction","target":{"@type":"EntryPoint","urlTemplate":"https:\/\/fundesplai.org\/en\/?s={search_term_string}"},"query-input":{"@type":"PropertyValueSpecification","valueRequired":true,"valueName":"search_term_string"}}],"inLanguage":"en-US"},{"@type":"Person","@id":"https:\/\/fundesplai.org\/en\/#\/schema\/person\/c0e9e7466bb8ac06f5264324a6109733","name":"Alfons Valle","image":{"@type":"ImageObject","inLanguage":"en-US","@id":"https:\/\/secure.gravatar.com\/avatar\/71d95a3f99a068ba570ac1314ed6911a59c5ae3f22ffcf23631cd1a861a640bc?s=96&d=mm&r=g","url":"https:\/\/secure.gravatar.com\/avatar\/71d95a3f99a068ba570ac1314ed6911a59c5ae3f22ffcf23631cd1a861a640bc?s=96&d=mm&r=g","contentUrl":"https:\/\/secure.gravatar.com\/avatar\/71d95a3f99a068ba570ac1314ed6911a59c5ae3f22ffcf23631cd1a861a640bc?s=96&d=mm&r=g","caption":"Alfons Valle"},"url":"https:\/\/fundesplai.org\/en\/informa-t\/author\/avalle\/"}]}},"_links":{"self":[{"href":"https:\/\/fundesplai.org\/en\/wp-json\/wp\/v2\/posts\/52987","targetHints":{"allow":["GET"]}}],"collection":[{"href":"https:\/\/fundesplai.org\/en\/wp-json\/wp\/v2\/posts"}],"about":[{"href":"https:\/\/fundesplai.org\/en\/wp-json\/wp\/v2\/types\/post"}],"author":[{"embeddable":true,"href":"https:\/\/fundesplai.org\/en\/wp-json\/wp\/v2\/users\/9"}],"replies":[{"embeddable":true,"href":"https:\/\/fundesplai.org\/en\/wp-json\/wp\/v2\/comments?post=52987"}],"version-history":[{"count":0,"href":"https:\/\/fundesplai.org\/en\/wp-json\/wp\/v2\/posts\/52987\/revisions"}],"wp:attachment":[{"href":"https:\/\/fundesplai.org\/en\/wp-json\/wp\/v2\/media?parent=52987"}],"wp:term":[{"taxonomy":"category","embeddable":true,"href":"https:\/\/fundesplai.org\/en\/wp-json\/wp\/v2\/categories?post=52987"},{"taxonomy":"post_tag","embeddable":true,"href":"https:\/\/fundesplai.org\/en\/wp-json\/wp\/v2\/tags?post=52987"}],"curies":[{"name":"wp","href":"https:\/\/api.w.org\/{rel}","templated":true}]}}