{"id":52981,"date":"2014-04-03T20:46:34","date_gmt":"2014-04-03T18:46:34","guid":{"rendered":"https:\/\/fundesplai.org\/informa-t\/uncategorized\/the-minister-neus-munte-visits-the-esplai-guadalhorce-of-federation\/"},"modified":"2023-09-21T13:24:00","modified_gmt":"2023-09-21T11:24:00","slug":"the-minister-neus-munte-visits-the-esplai-guadalhorce-of-federation","status":"publish","type":"post","link":"https:\/\/fundesplai.org\/en\/informa-t\/news\/the-minister-neus-munte-visits-the-esplai-guadalhorce-of-federation\/","title":{"rendered":"The Minister Neus Munt\u00e9 visits the Esplai Guadalhorce of Federation"},"content":{"rendered":"<p>This Thursday, April 3, the Minister of Welfare and Family, Neus Munt\u00e9, visited the Esplai Guadalhorce (Vall\u00e8s), which is part of the Federaci\u00f3 Catalana de l&#8217;Esplai. The councilor was accompanied by the president of the Foundation, Josep Gass\u00f3, the general director of Youth, Toni Reig, as well as by the heads of the recreation, the Foundation and Josep Rull, councilor of the City Council of Terrassa.<\/p>\n<p><!--more--><\/p>\n<table align=\"left\">\n<tbody>\n<tr>\n<td><img loading=\"lazy\" decoding=\"async\" class=\" size-full wp-image-477\" src=\"https:\/\/fundesplai.org\/test-joomla\/wp-content\/uploads\/sites\/26\/2014\/04\/Consellera_Guadalhorce_web.jpg\" alt=\"Counselor Guadalhorce web\" width=\"250\" height=\"141\" \/><\/td>\n<\/tr>\n<tr>\n<td>\u00a0<img loading=\"lazy\" decoding=\"async\" class=\" size-full wp-image-480\" src=\"https:\/\/fundesplai.org\/test-joomla\/wp-content\/uploads\/sites\/26\/2014\/04\/Consellera_Guadalhorce_web2.jpg\" alt=\"Counselor Guadalhorce web2\" width=\"250\" height=\"166\" \/><\/td>\n<\/tr>\n<tr>\n<td>\u00a0<img loading=\"lazy\" decoding=\"async\" class=\" size-full wp-image-483\" src=\"https:\/\/fundesplai.org\/test-joomla\/wp-content\/uploads\/sites\/26\/2014\/04\/Consellera_Guadalhorce_web3.jpg\" alt=\"Counselor Guadalhorce web3\" width=\"250\" height=\"166\" \/><\/td>\n<\/tr>\n<\/tbody>\n<\/table>\n<p>This Thursday, April 3, the Minister of Welfare and Family, Neus Munt\u00e9, visited the Esplai Guadalhorce (Vall\u00e8s), which is part of the Catalan Federation of Esplai. The councilor was accompanied by the president of the Foundation, Josep Gass\u00f3, the general director of Youth, Toni Reig, as well as by the heads of the Esplais, the Foundation and Josep Rull, councilor of the City Council of Terrassa.<\/p>\n<p>During the visit, the Minister was able to learn about the educational and social work carried out by this organization in the Guadalhorce neighborhood of Terrassa.<\/p>\n<p>Thus, the Councilor was able to participate in the closing of the educational proposal B612, on consumer education, which has been carried out by children, young girls and families.<\/p>\n<p>Subsequently, Munt\u00e9, Reig and Rull met with those responsible for espalis, the Foundation and the Federation and representatives of the families.<\/p>\n","protected":false},"excerpt":{"rendered":"<p>This Thursday, April 3, the Minister of Welfare and Family, Neus Munt\u00e9, visited the Esplai Guadalhorce (Vall\u00e8s), which is part of the Federaci\u00f3 Catalana de l&#8217;Esplai. The councilor was accompanied by the president of the Foundation, Josep Gass\u00f3, the general director of Youth, Toni Reig, as well as by the heads of the recreation, the [&hellip;]<\/p>\n","protected":false},"author":9,"featured_media":0,"comment_status":"closed","ping_status":"closed","sticky":false,"template":"","format":"standard","meta":{"_et_pb_use_builder":"","_et_pb_old_content":"","_et_gb_content_width":"","footnotes":""},"categories":[1023],"tags":[],"class_list":["post-52981","post","type-post","status-publish","format-standard","hentry","category-news"],"yoast_head":"<!-- This site is optimized with the Yoast SEO plugin v27.4 - https:\/\/yoast.com\/product\/yoast-seo-wordpress\/ -->\n<title>The Minister Neus Munt\u00e9 visits the Esplai Guadalhorce of Federation - Fundesplai<\/title>\n<meta name=\"robots\" content=\"index, follow, max-snippet:-1, max-image-preview:large, max-video-preview:-1\" \/>\n<link rel=\"canonical\" href=\"https:\/\/fundesplai.org\/en\/informa-t\/news\/the-minister-neus-munte-visits-the-esplai-guadalhorce-of-federation\/\" \/>\n<meta property=\"og:locale\" content=\"en_US\" \/>\n<meta property=\"og:type\" content=\"article\" \/>\n<meta property=\"og:title\" content=\"The Minister Neus Munt\u00e9 visits the Esplai Guadalhorce of Federation - Fundesplai\" \/>\n<meta property=\"og:description\" content=\"This Thursday, April 3, the Minister of Welfare and Family, Neus Munt\u00e9, visited the Esplai Guadalhorce (Vall\u00e8s), which is part of the Federaci\u00f3 Catalana de l&#8217;Esplai. The councilor was accompanied by the president of the Foundation, Josep Gass\u00f3, the general director of Youth, Toni Reig, as well as by the heads of the recreation, the [&hellip;]\" \/>\n<meta property=\"og:url\" content=\"https:\/\/fundesplai.org\/en\/informa-t\/news\/the-minister-neus-munte-visits-the-esplai-guadalhorce-of-federation\/\" \/>\n<meta property=\"og:site_name\" content=\"Fundesplai\" \/>\n<meta property=\"article:published_time\" content=\"2014-04-03T18:46:34+00:00\" \/>\n<meta property=\"article:modified_time\" content=\"2023-09-21T11:24:00+00:00\" \/>\n<meta property=\"og:image\" content=\"https:\/\/fundesplai.org\/test-joomla\/wp-content\/uploads\/sites\/26\/2014\/04\/Consellera_Guadalhorce_web.jpg\" \/>\n<meta name=\"author\" content=\"Alfons Valle\" \/>\n<meta name=\"twitter:card\" content=\"summary_large_image\" \/>\n<meta name=\"twitter:label1\" content=\"Written by\" \/>\n\t<meta name=\"twitter:data1\" content=\"Alfons Valle\" \/>\n\t<meta name=\"twitter:label2\" content=\"Est. reading time\" \/>\n\t<meta name=\"twitter:data2\" content=\"2 minutes\" \/>\n<script type=\"application\/ld+json\" class=\"yoast-schema-graph\">{\"@context\":\"https:\\\/\\\/schema.org\",\"@graph\":[{\"@type\":\"Article\",\"@id\":\"https:\\\/\\\/fundesplai.org\\\/en\\\/informa-t\\\/news\\\/the-minister-neus-munte-visits-the-esplai-guadalhorce-of-federation\\\/#article\",\"isPartOf\":{\"@id\":\"https:\\\/\\\/fundesplai.org\\\/en\\\/informa-t\\\/news\\\/the-minister-neus-munte-visits-the-esplai-guadalhorce-of-federation\\\/\"},\"author\":{\"name\":\"Alfons Valle\",\"@id\":\"https:\\\/\\\/fundesplai.org\\\/en\\\/#\\\/schema\\\/person\\\/c0e9e7466bb8ac06f5264324a6109733\"},\"headline\":\"The Minister Neus Munt\u00e9 visits the Esplai Guadalhorce of Federation\",\"datePublished\":\"2014-04-03T18:46:34+00:00\",\"dateModified\":\"2023-09-21T11:24:00+00:00\",\"mainEntityOfPage\":{\"@id\":\"https:\\\/\\\/fundesplai.org\\\/en\\\/informa-t\\\/news\\\/the-minister-neus-munte-visits-the-esplai-guadalhorce-of-federation\\\/\"},\"wordCount\":219,\"image\":{\"@id\":\"https:\\\/\\\/fundesplai.org\\\/en\\\/informa-t\\\/news\\\/the-minister-neus-munte-visits-the-esplai-guadalhorce-of-federation\\\/#primaryimage\"},\"thumbnailUrl\":\"https:\\\/\\\/fundesplai.org\\\/test-joomla\\\/wp-content\\\/uploads\\\/sites\\\/26\\\/2014\\\/04\\\/Consellera_Guadalhorce_web.jpg\",\"articleSection\":[\"News\"],\"inLanguage\":\"en-US\"},{\"@type\":\"WebPage\",\"@id\":\"https:\\\/\\\/fundesplai.org\\\/en\\\/informa-t\\\/news\\\/the-minister-neus-munte-visits-the-esplai-guadalhorce-of-federation\\\/\",\"url\":\"https:\\\/\\\/fundesplai.org\\\/en\\\/informa-t\\\/news\\\/the-minister-neus-munte-visits-the-esplai-guadalhorce-of-federation\\\/\",\"name\":\"The Minister Neus Munt\u00e9 visits the Esplai Guadalhorce of Federation - Fundesplai\",\"isPartOf\":{\"@id\":\"https:\\\/\\\/fundesplai.org\\\/en\\\/#website\"},\"primaryImageOfPage\":{\"@id\":\"https:\\\/\\\/fundesplai.org\\\/en\\\/informa-t\\\/news\\\/the-minister-neus-munte-visits-the-esplai-guadalhorce-of-federation\\\/#primaryimage\"},\"image\":{\"@id\":\"https:\\\/\\\/fundesplai.org\\\/en\\\/informa-t\\\/news\\\/the-minister-neus-munte-visits-the-esplai-guadalhorce-of-federation\\\/#primaryimage\"},\"thumbnailUrl\":\"https:\\\/\\\/fundesplai.org\\\/test-joomla\\\/wp-content\\\/uploads\\\/sites\\\/26\\\/2014\\\/04\\\/Consellera_Guadalhorce_web.jpg\",\"datePublished\":\"2014-04-03T18:46:34+00:00\",\"dateModified\":\"2023-09-21T11:24:00+00:00\",\"author\":{\"@id\":\"https:\\\/\\\/fundesplai.org\\\/en\\\/#\\\/schema\\\/person\\\/c0e9e7466bb8ac06f5264324a6109733\"},\"breadcrumb\":{\"@id\":\"https:\\\/\\\/fundesplai.org\\\/en\\\/informa-t\\\/news\\\/the-minister-neus-munte-visits-the-esplai-guadalhorce-of-federation\\\/#breadcrumb\"},\"inLanguage\":\"en-US\",\"potentialAction\":[{\"@type\":\"ReadAction\",\"target\":[\"https:\\\/\\\/fundesplai.org\\\/en\\\/informa-t\\\/news\\\/the-minister-neus-munte-visits-the-esplai-guadalhorce-of-federation\\\/\"]}]},{\"@type\":\"ImageObject\",\"inLanguage\":\"en-US\",\"@id\":\"https:\\\/\\\/fundesplai.org\\\/en\\\/informa-t\\\/news\\\/the-minister-neus-munte-visits-the-esplai-guadalhorce-of-federation\\\/#primaryimage\",\"url\":\"https:\\\/\\\/fundesplai.org\\\/test-joomla\\\/wp-content\\\/uploads\\\/sites\\\/26\\\/2014\\\/04\\\/Consellera_Guadalhorce_web.jpg\",\"contentUrl\":\"https:\\\/\\\/fundesplai.org\\\/test-joomla\\\/wp-content\\\/uploads\\\/sites\\\/26\\\/2014\\\/04\\\/Consellera_Guadalhorce_web.jpg\"},{\"@type\":\"BreadcrumbList\",\"@id\":\"https:\\\/\\\/fundesplai.org\\\/en\\\/informa-t\\\/news\\\/the-minister-neus-munte-visits-the-esplai-guadalhorce-of-federation\\\/#breadcrumb\",\"itemListElement\":[{\"@type\":\"ListItem\",\"position\":1,\"name\":\"Inici\",\"item\":\"https:\\\/\\\/fundesplai.org\\\/en\\\/\"},{\"@type\":\"ListItem\",\"position\":2,\"name\":\"News\",\"item\":\"https:\\\/\\\/fundesplai.org\\\/en\\\/find-out-more\\\/\"},{\"@type\":\"ListItem\",\"position\":3,\"name\":\"News\",\"item\":\"https:\\\/\\\/fundesplai.org\\\/en\\\/informa-t\\\/category\\\/news\\\/\"},{\"@type\":\"ListItem\",\"position\":4,\"name\":\"The Minister Neus Munt\u00e9 visits the Esplai Guadalhorce of Federation\"}]},{\"@type\":\"WebSite\",\"@id\":\"https:\\\/\\\/fundesplai.org\\\/en\\\/#website\",\"url\":\"https:\\\/\\\/fundesplai.org\\\/en\\\/\",\"name\":\"Fundesplai\",\"description\":\"Eduquem per la conviv\u00e8ncia i la sostenibilitat\",\"potentialAction\":[{\"@type\":\"SearchAction\",\"target\":{\"@type\":\"EntryPoint\",\"urlTemplate\":\"https:\\\/\\\/fundesplai.org\\\/en\\\/?s={search_term_string}\"},\"query-input\":{\"@type\":\"PropertyValueSpecification\",\"valueRequired\":true,\"valueName\":\"search_term_string\"}}],\"inLanguage\":\"en-US\"},{\"@type\":\"Person\",\"@id\":\"https:\\\/\\\/fundesplai.org\\\/en\\\/#\\\/schema\\\/person\\\/c0e9e7466bb8ac06f5264324a6109733\",\"name\":\"Alfons Valle\",\"image\":{\"@type\":\"ImageObject\",\"inLanguage\":\"en-US\",\"@id\":\"https:\\\/\\\/secure.gravatar.com\\\/avatar\\\/71d95a3f99a068ba570ac1314ed6911a59c5ae3f22ffcf23631cd1a861a640bc?s=96&d=mm&r=g\",\"url\":\"https:\\\/\\\/secure.gravatar.com\\\/avatar\\\/71d95a3f99a068ba570ac1314ed6911a59c5ae3f22ffcf23631cd1a861a640bc?s=96&d=mm&r=g\",\"contentUrl\":\"https:\\\/\\\/secure.gravatar.com\\\/avatar\\\/71d95a3f99a068ba570ac1314ed6911a59c5ae3f22ffcf23631cd1a861a640bc?s=96&d=mm&r=g\",\"caption\":\"Alfons Valle\"},\"url\":\"https:\\\/\\\/fundesplai.org\\\/en\\\/informa-t\\\/author\\\/avalle\\\/\"}]}<\/script>\n<!-- \/ Yoast SEO plugin. -->","yoast_head_json":{"title":"The Minister Neus Munt\u00e9 visits the Esplai Guadalhorce of Federation - Fundesplai","robots":{"index":"index","follow":"follow","max-snippet":"max-snippet:-1","max-image-preview":"max-image-preview:large","max-video-preview":"max-video-preview:-1"},"canonical":"https:\/\/fundesplai.org\/en\/informa-t\/news\/the-minister-neus-munte-visits-the-esplai-guadalhorce-of-federation\/","og_locale":"en_US","og_type":"article","og_title":"The Minister Neus Munt\u00e9 visits the Esplai Guadalhorce of Federation - Fundesplai","og_description":"This Thursday, April 3, the Minister of Welfare and Family, Neus Munt\u00e9, visited the Esplai Guadalhorce (Vall\u00e8s), which is part of the Federaci\u00f3 Catalana de l&#8217;Esplai. The councilor was accompanied by the president of the Foundation, Josep Gass\u00f3, the general director of Youth, Toni Reig, as well as by the heads of the recreation, the [&hellip;]","og_url":"https:\/\/fundesplai.org\/en\/informa-t\/news\/the-minister-neus-munte-visits-the-esplai-guadalhorce-of-federation\/","og_site_name":"Fundesplai","article_published_time":"2014-04-03T18:46:34+00:00","article_modified_time":"2023-09-21T11:24:00+00:00","og_image":[{"url":"https:\/\/fundesplai.org\/test-joomla\/wp-content\/uploads\/sites\/26\/2014\/04\/Consellera_Guadalhorce_web.jpg","type":"","width":"","height":""}],"author":"Alfons Valle","twitter_card":"summary_large_image","twitter_misc":{"Written by":"Alfons Valle","Est. reading time":"2 minutes"},"schema":{"@context":"https:\/\/schema.org","@graph":[{"@type":"Article","@id":"https:\/\/fundesplai.org\/en\/informa-t\/news\/the-minister-neus-munte-visits-the-esplai-guadalhorce-of-federation\/#article","isPartOf":{"@id":"https:\/\/fundesplai.org\/en\/informa-t\/news\/the-minister-neus-munte-visits-the-esplai-guadalhorce-of-federation\/"},"author":{"name":"Alfons Valle","@id":"https:\/\/fundesplai.org\/en\/#\/schema\/person\/c0e9e7466bb8ac06f5264324a6109733"},"headline":"The Minister Neus Munt\u00e9 visits the Esplai Guadalhorce of Federation","datePublished":"2014-04-03T18:46:34+00:00","dateModified":"2023-09-21T11:24:00+00:00","mainEntityOfPage":{"@id":"https:\/\/fundesplai.org\/en\/informa-t\/news\/the-minister-neus-munte-visits-the-esplai-guadalhorce-of-federation\/"},"wordCount":219,"image":{"@id":"https:\/\/fundesplai.org\/en\/informa-t\/news\/the-minister-neus-munte-visits-the-esplai-guadalhorce-of-federation\/#primaryimage"},"thumbnailUrl":"https:\/\/fundesplai.org\/test-joomla\/wp-content\/uploads\/sites\/26\/2014\/04\/Consellera_Guadalhorce_web.jpg","articleSection":["News"],"inLanguage":"en-US"},{"@type":"WebPage","@id":"https:\/\/fundesplai.org\/en\/informa-t\/news\/the-minister-neus-munte-visits-the-esplai-guadalhorce-of-federation\/","url":"https:\/\/fundesplai.org\/en\/informa-t\/news\/the-minister-neus-munte-visits-the-esplai-guadalhorce-of-federation\/","name":"The Minister Neus Munt\u00e9 visits the Esplai Guadalhorce of Federation - Fundesplai","isPartOf":{"@id":"https:\/\/fundesplai.org\/en\/#website"},"primaryImageOfPage":{"@id":"https:\/\/fundesplai.org\/en\/informa-t\/news\/the-minister-neus-munte-visits-the-esplai-guadalhorce-of-federation\/#primaryimage"},"image":{"@id":"https:\/\/fundesplai.org\/en\/informa-t\/news\/the-minister-neus-munte-visits-the-esplai-guadalhorce-of-federation\/#primaryimage"},"thumbnailUrl":"https:\/\/fundesplai.org\/test-joomla\/wp-content\/uploads\/sites\/26\/2014\/04\/Consellera_Guadalhorce_web.jpg","datePublished":"2014-04-03T18:46:34+00:00","dateModified":"2023-09-21T11:24:00+00:00","author":{"@id":"https:\/\/fundesplai.org\/en\/#\/schema\/person\/c0e9e7466bb8ac06f5264324a6109733"},"breadcrumb":{"@id":"https:\/\/fundesplai.org\/en\/informa-t\/news\/the-minister-neus-munte-visits-the-esplai-guadalhorce-of-federation\/#breadcrumb"},"inLanguage":"en-US","potentialAction":[{"@type":"ReadAction","target":["https:\/\/fundesplai.org\/en\/informa-t\/news\/the-minister-neus-munte-visits-the-esplai-guadalhorce-of-federation\/"]}]},{"@type":"ImageObject","inLanguage":"en-US","@id":"https:\/\/fundesplai.org\/en\/informa-t\/news\/the-minister-neus-munte-visits-the-esplai-guadalhorce-of-federation\/#primaryimage","url":"https:\/\/fundesplai.org\/test-joomla\/wp-content\/uploads\/sites\/26\/2014\/04\/Consellera_Guadalhorce_web.jpg","contentUrl":"https:\/\/fundesplai.org\/test-joomla\/wp-content\/uploads\/sites\/26\/2014\/04\/Consellera_Guadalhorce_web.jpg"},{"@type":"BreadcrumbList","@id":"https:\/\/fundesplai.org\/en\/informa-t\/news\/the-minister-neus-munte-visits-the-esplai-guadalhorce-of-federation\/#breadcrumb","itemListElement":[{"@type":"ListItem","position":1,"name":"Inici","item":"https:\/\/fundesplai.org\/en\/"},{"@type":"ListItem","position":2,"name":"News","item":"https:\/\/fundesplai.org\/en\/find-out-more\/"},{"@type":"ListItem","position":3,"name":"News","item":"https:\/\/fundesplai.org\/en\/informa-t\/category\/news\/"},{"@type":"ListItem","position":4,"name":"The Minister Neus Munt\u00e9 visits the Esplai Guadalhorce of Federation"}]},{"@type":"WebSite","@id":"https:\/\/fundesplai.org\/en\/#website","url":"https:\/\/fundesplai.org\/en\/","name":"Fundesplai","description":"Eduquem per la conviv\u00e8ncia i la sostenibilitat","potentialAction":[{"@type":"SearchAction","target":{"@type":"EntryPoint","urlTemplate":"https:\/\/fundesplai.org\/en\/?s={search_term_string}"},"query-input":{"@type":"PropertyValueSpecification","valueRequired":true,"valueName":"search_term_string"}}],"inLanguage":"en-US"},{"@type":"Person","@id":"https:\/\/fundesplai.org\/en\/#\/schema\/person\/c0e9e7466bb8ac06f5264324a6109733","name":"Alfons Valle","image":{"@type":"ImageObject","inLanguage":"en-US","@id":"https:\/\/secure.gravatar.com\/avatar\/71d95a3f99a068ba570ac1314ed6911a59c5ae3f22ffcf23631cd1a861a640bc?s=96&d=mm&r=g","url":"https:\/\/secure.gravatar.com\/avatar\/71d95a3f99a068ba570ac1314ed6911a59c5ae3f22ffcf23631cd1a861a640bc?s=96&d=mm&r=g","contentUrl":"https:\/\/secure.gravatar.com\/avatar\/71d95a3f99a068ba570ac1314ed6911a59c5ae3f22ffcf23631cd1a861a640bc?s=96&d=mm&r=g","caption":"Alfons Valle"},"url":"https:\/\/fundesplai.org\/en\/informa-t\/author\/avalle\/"}]}},"_links":{"self":[{"href":"https:\/\/fundesplai.org\/en\/wp-json\/wp\/v2\/posts\/52981","targetHints":{"allow":["GET"]}}],"collection":[{"href":"https:\/\/fundesplai.org\/en\/wp-json\/wp\/v2\/posts"}],"about":[{"href":"https:\/\/fundesplai.org\/en\/wp-json\/wp\/v2\/types\/post"}],"author":[{"embeddable":true,"href":"https:\/\/fundesplai.org\/en\/wp-json\/wp\/v2\/users\/9"}],"replies":[{"embeddable":true,"href":"https:\/\/fundesplai.org\/en\/wp-json\/wp\/v2\/comments?post=52981"}],"version-history":[{"count":2,"href":"https:\/\/fundesplai.org\/en\/wp-json\/wp\/v2\/posts\/52981\/revisions"}],"predecessor-version":[{"id":54690,"href":"https:\/\/fundesplai.org\/en\/wp-json\/wp\/v2\/posts\/52981\/revisions\/54690"}],"wp:attachment":[{"href":"https:\/\/fundesplai.org\/en\/wp-json\/wp\/v2\/media?parent=52981"}],"wp:term":[{"taxonomy":"category","embeddable":true,"href":"https:\/\/fundesplai.org\/en\/wp-json\/wp\/v2\/categories?post=52981"},{"taxonomy":"post_tag","embeddable":true,"href":"https:\/\/fundesplai.org\/en\/wp-json\/wp\/v2\/tags?post=52981"}],"curies":[{"name":"wp","href":"https:\/\/api.w.org\/{rel}","templated":true}]}}