{"id":52980,"date":"2014-03-28T12:43:31","date_gmt":"2014-03-28T11:43:31","guid":{"rendered":"https:\/\/fundesplai.org\/informa-t\/uncategorized\/more-support-for-tresca-and-launching-of-new-editions\/"},"modified":"2014-03-28T12:43:31","modified_gmt":"2014-03-28T11:43:31","slug":"more-support-for-tresca-and-launching-of-new-editions","status":"publish","type":"post","link":"https:\/\/fundesplai.org\/en\/informa-t\/news\/more-support-for-tresca-and-launching-of-new-editions\/","title":{"rendered":"More support for Tresca and launching of new editions"},"content":{"rendered":"<div>Imma Mayol, general director of the Esplai Foundation, and Mar\u00eda Bruno, head of the Social Area of the Foundation, attended last Thursday, March 20, the ceremony of delivery of social aid granted by the Mutua Madrile\u00f1a Foundation.<\/div>\n<p><!--more--><\/p>\n<table style=\"width: 300px\" align=\"left\">\n<tbody>\n<tr>\n<td><img loading=\"lazy\" decoding=\"async\" class=\" size-full wp-image-450\" src=\"https:\/\/fundesplai.org\/test-joomla\/wp-content\/uploads\/sites\/26\/2014\/03\/AyudaAccionSocial-74.jpg\" alt=\"HelpSocialAction-74\" width=\"300\" height=\"199\">&nbsp;<\/td>\n<\/tr>\n<tr class=\"text-petit\">\n<td>&nbsp;Imma Mayol receives from the Minister Ana Mato and in the presence of the president of the Mutua Madrile\u00f1a Foundation the grants for the Tresca program.<\/td>\n<\/tr>\n<tr>\n<td>&nbsp;<img loading=\"lazy\" decoding=\"async\" class=\" size-full wp-image-464\" src=\"https:\/\/fundesplai.org\/test-joomla\/wp-content\/uploads\/sites\/26\/2014\/03\/TrescaEurope.jpg\" alt=\"TrescaEurope\" width=\"300\" height=\"200\"><\/td>\n<\/tr>\n<tr>\n<td>&nbsp;<img loading=\"lazy\" decoding=\"async\" class=\" size-full wp-image-470\" src=\"https:\/\/fundesplai.org\/test-joomla\/wp-content\/uploads\/sites\/26\/2014\/03\/TrescaJove2014b.jpg\" alt=\"TrescaYouth2014b\" width=\"300\" height=\"200\"><\/td>\n<\/tr>\n<\/tbody>\n<\/table>\n<p>Imma Mayol, general director of the Esplai Foundation, and Mar\u00eda Bruno, head of the Social Area of the Foundation, attended last Thursday, March 20, the award ceremony of the social aids granted by the Mutua Madrile\u00f1a Foundation to NGO social projects.<\/p>\n<div>\n<div>The award ceremony was presided over by the Minister of Health and Social Affairs, Ana Mato, and the president of the Mutua Madrile\u00f1a Foundation, Ignacio Garralda. Fundaci\u00f3n Mutua Madrile\u00f1a awarded one of its grants to the social and labor insertion program Tresca within its &#8220;II Annual Call for Grants for SOCIAL ACTION 2014&#8221;.<\/div>\n<div>&nbsp;<\/div>\n<div><strong>New editions of Tresca already underway!<\/strong><\/div>\n<div>&nbsp;<\/div>\n<div>Last Thursday, March 13, the new edition of <strong>Tresca Europe<\/strong> was presented at the Esplai Bellvitge Club, with the collaboration of <strong>Stavros Niarchos Foundation<\/strong>. The inaugural event was attended by more than 100 young people from different municipalities: Castelldefels, Terrassa, Gav\u00e0, el Hospitalet de Llobregat, Barcelona and Cornell\u00e0 de Llobregat, young people who are motivated to learn and to open themselves to new forms of training and with one idea in mind: &#8220;to make their way into the world of leisure and esplai&#8221;.<\/div>\n<div>&nbsp;<\/div>\n<div>The Tresca Europe project consists of the transfer of the program of social and labor inclusion of young people. <strong>Tresca Jove<\/strong> that until now has been developed by the <strong>Fundaci\u00f3 Catalana del Esplai<\/strong>  in Catalonia to social entities in Spain, Portugal and Italy and will involve the participation of 350 young people. A total of 50 young people will begin training in Portugal during the month of April with the <a href=\"http:\/\/www.fjuventude.pt\/pt\/destaques\/421\/tresca-europe.aspx\" target=\"_blank\" rel=\"noopener\">Funda\u00e7ao Da Joventude<\/a> as organizer.<\/div>\n<div>&nbsp;<\/div>\n<div>In addition, on Wednesday 19 was launched another edition of Tresca Jove was presented at Centro Cultural La Creueta (Hospitalet de Llobregat), in this case &nbsp;is possible thanks to the collaboration of: Ministry of Health, Social Affairs and Equality, Mutua Madrile\u00f1a and Obra Social La Caixa. More than 100 young people from Sant Joan Desp\u00ed, Sant Boi de Llobregat, Gav\u00e0, Esplugues de Llobregat, Hospitalet de Llobregat, El Prat de Llobregat, Cornell\u00e0 de Llobregat and Matar\u00f3, &nbsp;were attentive to the technical explanations regarding the objectives of the project, schedules, meaning and sense of mentoring, etc. During their turn to speak, the young people asked about training schedules, places of implementation and other questions related to the internship process.<\/div>\n<div>&nbsp;<\/div>\n<div>One of the new features of the Tresca Joven program is the incorporation of the figure of mentors, senior volunteers (many of them are part of <a href=\"http:\/\/www.vaeassessoriaempresarial.org\/\" target=\"_blank\" rel=\"noopener\">the Association Volunteers in Business Consulting &#8211; VAE<\/a>)&nbsp; who advise and accompany the participating boys and girls.<\/div>\n<div>&nbsp;<\/div>\n<div>In both presentations, young people from previous editions of Tresca participated explaining their personal process, highlighting the most positive aspects of their experience; the emotional experience in the practices in the breaks or the great satisfaction of being able to make a pleasant training, with group and dynamic activities, meeting other young people like them, far from their idea of training in the classroom boring and without incentive.<\/div>\n<div>&nbsp;<\/div>\n<div>&nbsp;<\/div>\n<div><strong>Tresca also in Matar\u00f3!<\/strong><\/div>\n<div>&nbsp;<\/div>\n<\/div>\n<div>In addition, on Monday, March 24&nbsp;a new edition of the <a href=\"ca\/infants-i-joves\/projectes-infants-i-joves\/tresca-jove\" target=\"_blank\" rel=\"noopener\"><strong>Tresca<\/strong><\/a> which will take place in the capital of Maresme, in Matar\u00f3, with the support of the Ministry of Health, Social Affairs and Equality, Mutua Madrile\u00f1a and Obra Social La Caixa, with the collaboration of the City Council of Matar\u00f3, and with the participation of 45 young people.<\/div>\n<div>&nbsp;<\/div>\n<div>The proposal has been very well received in the city. This is not the first edition that young people from Matar\u00f3 will have the opportunity to carry out the project, as in previous editions young people from the city had participated in the project, but now they will be able to do it in their own city. The trainings (individual interviews between young candidates to the project and technical persons of the project), and the&nbsp;training are carried out at the premises of the <a href=\"http:\/\/www.enlleurat.org\/\" target=\"_blank\" rel=\"noopener\"><strong>Enlleura&#8217;t Association<\/strong><\/a> in the neighborhood of La Ll\u00e0ntia in Matar\u00f3.<\/div>\n<div>The success of the Tresca&nbsp;Jove program, which the Foundation started in 2010 and which has involved 205 young people from 17 municipalities in the province of Barcelona, is&nbsp;endorsed by the excellent results obtained&nbsp;in the social inclusion of the young participants.<\/div>\n<div>&nbsp;<\/div>\n<div>In the last completed edition of the Tresca Jove project, 27% of the young participants have been linked voluntarily to educational and social organizations in the territory, 20% have joined the labor market, and&nbsp; 16% have resumed their training process.<\/div>\n<div>&nbsp;<\/div>\n<div>For more information about the project and to follow the news, you can go to:<\/div>\n<ul>\n<li><a href=\"http:\/\/trescajove.wordpress.com\/\" target=\"_blank\" rel=\"noopener\">Tresca Blog<\/a><\/li>\n<li><a href=\"https:\/\/es-es.facebook.com\/pages\/Tresca-Jove\/199467413486854\" target=\"_blank\" rel=\"noopener\">Tresca&#8217;s Facebook&nbsp;<\/a><\/li>\n<\/ul>\n<div> <strong>Tresca in the media!<\/strong><\/p>\n<p>On Tuesday, March 11, El Peri\u00f3dico de Catalu\u00f1a published <a href=\"http:\/\/canal.fundesplai.org\/redirector.asp?url=http%3A%2F%2Fcanal.fundesplai.org%2Frepositori%2Ffile%2F00-2014%2FMarc%2F20140311%2F20140311-Tresca-El-Periodico.pdf%3Futm_source%3DCanal%2520Recull%2520de%2520Premsa%26utm_medium%3Dbutlleti%26utm_campaign%3DCanal%2520Recull%2520de%2520Premsa%25201445%252011%252003%25202014&amp;dest=iu%60kkr%3Fdrok%60h-nqf&amp;id_enviament=5252\" target=\"_blank\" rel=\"noopener\">this two-page report<\/a> on the intergenerational mentoring experience within the framework of the Tresca Europe program, promoted by the Foundation.<\/p>\n<p>You can follow the link to the <a href=\"http:\/\/lhdigital.cat\/web\/digital-h\/televisio\/veure-video\/-\/journal_content\/56_INSTANCE_ZrP3\/11023\/8380717?utm_source=Canal%20Recull%20de%20Premsa&amp;utm_medium=butlleti&amp;utm_campaign=Canal%20Recull%20de%20Premsa%201453%2021%2003%202014\" target=\"_blank\" rel=\"noopener\">news item on Televisi\u00f3 del Hospitalet de Llobregat<\/a>.<\/p>\n<\/div>\n","protected":false},"excerpt":{"rendered":"<p>Imma Mayol, general director of the Esplai Foundation, and Mar\u00eda Bruno, head of the Social Area of the Foundation, attended last Thursday, March 20, the ceremony of delivery of social aid granted by the Mutua Madrile\u00f1a Foundation.<\/p>\n","protected":false},"author":9,"featured_media":0,"comment_status":"closed","ping_status":"closed","sticky":false,"template":"","format":"standard","meta":{"_et_pb_use_builder":"","_et_pb_old_content":"","_et_gb_content_width":"","footnotes":""},"categories":[1023],"tags":[],"class_list":["post-52980","post","type-post","status-publish","format-standard","hentry","category-news"],"yoast_head":"<!-- This site is optimized with the Yoast SEO plugin v27.4 - https:\/\/yoast.com\/product\/yoast-seo-wordpress\/ -->\n<title>More support for Tresca and launching of new editions - Fundesplai<\/title>\n<meta name=\"robots\" content=\"index, follow, max-snippet:-1, max-image-preview:large, max-video-preview:-1\" \/>\n<link rel=\"canonical\" href=\"https:\/\/fundesplai.org\/en\/informa-t\/news\/more-support-for-tresca-and-launching-of-new-editions\/\" \/>\n<meta property=\"og:locale\" content=\"en_US\" \/>\n<meta property=\"og:type\" content=\"article\" \/>\n<meta property=\"og:title\" content=\"More support for Tresca and launching of new editions - Fundesplai\" \/>\n<meta property=\"og:description\" content=\"Imma Mayol, general director of the Esplai Foundation, and Mar\u00eda Bruno, head of the Social Area of the Foundation, attended last Thursday, March 20, the ceremony of delivery of social aid granted by the Mutua Madrile\u00f1a Foundation.\" \/>\n<meta property=\"og:url\" content=\"https:\/\/fundesplai.org\/en\/informa-t\/news\/more-support-for-tresca-and-launching-of-new-editions\/\" \/>\n<meta property=\"og:site_name\" content=\"Fundesplai\" \/>\n<meta property=\"article:published_time\" content=\"2014-03-28T11:43:31+00:00\" \/>\n<meta property=\"og:image\" content=\"https:\/\/fundesplai.org\/test-joomla\/wp-content\/uploads\/sites\/26\/2014\/03\/AyudaAccionSocial-74.jpg\" \/>\n<meta name=\"author\" content=\"Alfons Valle\" \/>\n<meta name=\"twitter:card\" content=\"summary_large_image\" \/>\n<meta name=\"twitter:label1\" content=\"Written by\" \/>\n\t<meta name=\"twitter:data1\" content=\"Alfons Valle\" \/>\n\t<meta name=\"twitter:label2\" content=\"Est. reading time\" \/>\n\t<meta name=\"twitter:data2\" content=\"4 minutes\" \/>\n<script type=\"application\/ld+json\" class=\"yoast-schema-graph\">{\"@context\":\"https:\\\/\\\/schema.org\",\"@graph\":[{\"@type\":\"Article\",\"@id\":\"https:\\\/\\\/fundesplai.org\\\/en\\\/informa-t\\\/news\\\/more-support-for-tresca-and-launching-of-new-editions\\\/#article\",\"isPartOf\":{\"@id\":\"https:\\\/\\\/fundesplai.org\\\/en\\\/informa-t\\\/news\\\/more-support-for-tresca-and-launching-of-new-editions\\\/\"},\"author\":{\"name\":\"Alfons Valle\",\"@id\":\"https:\\\/\\\/fundesplai.org\\\/en\\\/#\\\/schema\\\/person\\\/c0e9e7466bb8ac06f5264324a6109733\"},\"headline\":\"More support for Tresca and launching of new editions\",\"datePublished\":\"2014-03-28T11:43:31+00:00\",\"mainEntityOfPage\":{\"@id\":\"https:\\\/\\\/fundesplai.org\\\/en\\\/informa-t\\\/news\\\/more-support-for-tresca-and-launching-of-new-editions\\\/\"},\"wordCount\":889,\"image\":{\"@id\":\"https:\\\/\\\/fundesplai.org\\\/en\\\/informa-t\\\/news\\\/more-support-for-tresca-and-launching-of-new-editions\\\/#primaryimage\"},\"thumbnailUrl\":\"https:\\\/\\\/fundesplai.org\\\/test-joomla\\\/wp-content\\\/uploads\\\/sites\\\/26\\\/2014\\\/03\\\/AyudaAccionSocial-74.jpg\",\"articleSection\":[\"News\"],\"inLanguage\":\"en-US\"},{\"@type\":\"WebPage\",\"@id\":\"https:\\\/\\\/fundesplai.org\\\/en\\\/informa-t\\\/news\\\/more-support-for-tresca-and-launching-of-new-editions\\\/\",\"url\":\"https:\\\/\\\/fundesplai.org\\\/en\\\/informa-t\\\/news\\\/more-support-for-tresca-and-launching-of-new-editions\\\/\",\"name\":\"More support for Tresca and launching of new editions - Fundesplai\",\"isPartOf\":{\"@id\":\"https:\\\/\\\/fundesplai.org\\\/en\\\/#website\"},\"primaryImageOfPage\":{\"@id\":\"https:\\\/\\\/fundesplai.org\\\/en\\\/informa-t\\\/news\\\/more-support-for-tresca-and-launching-of-new-editions\\\/#primaryimage\"},\"image\":{\"@id\":\"https:\\\/\\\/fundesplai.org\\\/en\\\/informa-t\\\/news\\\/more-support-for-tresca-and-launching-of-new-editions\\\/#primaryimage\"},\"thumbnailUrl\":\"https:\\\/\\\/fundesplai.org\\\/test-joomla\\\/wp-content\\\/uploads\\\/sites\\\/26\\\/2014\\\/03\\\/AyudaAccionSocial-74.jpg\",\"datePublished\":\"2014-03-28T11:43:31+00:00\",\"author\":{\"@id\":\"https:\\\/\\\/fundesplai.org\\\/en\\\/#\\\/schema\\\/person\\\/c0e9e7466bb8ac06f5264324a6109733\"},\"breadcrumb\":{\"@id\":\"https:\\\/\\\/fundesplai.org\\\/en\\\/informa-t\\\/news\\\/more-support-for-tresca-and-launching-of-new-editions\\\/#breadcrumb\"},\"inLanguage\":\"en-US\",\"potentialAction\":[{\"@type\":\"ReadAction\",\"target\":[\"https:\\\/\\\/fundesplai.org\\\/en\\\/informa-t\\\/news\\\/more-support-for-tresca-and-launching-of-new-editions\\\/\"]}]},{\"@type\":\"ImageObject\",\"inLanguage\":\"en-US\",\"@id\":\"https:\\\/\\\/fundesplai.org\\\/en\\\/informa-t\\\/news\\\/more-support-for-tresca-and-launching-of-new-editions\\\/#primaryimage\",\"url\":\"https:\\\/\\\/fundesplai.org\\\/test-joomla\\\/wp-content\\\/uploads\\\/sites\\\/26\\\/2014\\\/03\\\/AyudaAccionSocial-74.jpg\",\"contentUrl\":\"https:\\\/\\\/fundesplai.org\\\/test-joomla\\\/wp-content\\\/uploads\\\/sites\\\/26\\\/2014\\\/03\\\/AyudaAccionSocial-74.jpg\"},{\"@type\":\"BreadcrumbList\",\"@id\":\"https:\\\/\\\/fundesplai.org\\\/en\\\/informa-t\\\/news\\\/more-support-for-tresca-and-launching-of-new-editions\\\/#breadcrumb\",\"itemListElement\":[{\"@type\":\"ListItem\",\"position\":1,\"name\":\"Inici\",\"item\":\"https:\\\/\\\/fundesplai.org\\\/en\\\/\"},{\"@type\":\"ListItem\",\"position\":2,\"name\":\"News\",\"item\":\"https:\\\/\\\/fundesplai.org\\\/en\\\/find-out-more\\\/\"},{\"@type\":\"ListItem\",\"position\":3,\"name\":\"Uncategorized\",\"item\":\"https:\\\/\\\/fundesplai.org\\\/en\\\/informa-t\\\/category\\\/uncategorized\\\/\"},{\"@type\":\"ListItem\",\"position\":4,\"name\":\"More support for Tresca and launching of new editions\"}]},{\"@type\":\"WebSite\",\"@id\":\"https:\\\/\\\/fundesplai.org\\\/en\\\/#website\",\"url\":\"https:\\\/\\\/fundesplai.org\\\/en\\\/\",\"name\":\"Fundesplai\",\"description\":\"Eduquem per la conviv\u00e8ncia i la sostenibilitat\",\"potentialAction\":[{\"@type\":\"SearchAction\",\"target\":{\"@type\":\"EntryPoint\",\"urlTemplate\":\"https:\\\/\\\/fundesplai.org\\\/en\\\/?s={search_term_string}\"},\"query-input\":{\"@type\":\"PropertyValueSpecification\",\"valueRequired\":true,\"valueName\":\"search_term_string\"}}],\"inLanguage\":\"en-US\"},{\"@type\":\"Person\",\"@id\":\"https:\\\/\\\/fundesplai.org\\\/en\\\/#\\\/schema\\\/person\\\/c0e9e7466bb8ac06f5264324a6109733\",\"name\":\"Alfons Valle\",\"image\":{\"@type\":\"ImageObject\",\"inLanguage\":\"en-US\",\"@id\":\"https:\\\/\\\/secure.gravatar.com\\\/avatar\\\/71d95a3f99a068ba570ac1314ed6911a59c5ae3f22ffcf23631cd1a861a640bc?s=96&d=mm&r=g\",\"url\":\"https:\\\/\\\/secure.gravatar.com\\\/avatar\\\/71d95a3f99a068ba570ac1314ed6911a59c5ae3f22ffcf23631cd1a861a640bc?s=96&d=mm&r=g\",\"contentUrl\":\"https:\\\/\\\/secure.gravatar.com\\\/avatar\\\/71d95a3f99a068ba570ac1314ed6911a59c5ae3f22ffcf23631cd1a861a640bc?s=96&d=mm&r=g\",\"caption\":\"Alfons Valle\"},\"url\":\"https:\\\/\\\/fundesplai.org\\\/en\\\/informa-t\\\/author\\\/avalle\\\/\"}]}<\/script>\n<!-- \/ Yoast SEO plugin. -->","yoast_head_json":{"title":"More support for Tresca and launching of new editions - Fundesplai","robots":{"index":"index","follow":"follow","max-snippet":"max-snippet:-1","max-image-preview":"max-image-preview:large","max-video-preview":"max-video-preview:-1"},"canonical":"https:\/\/fundesplai.org\/en\/informa-t\/news\/more-support-for-tresca-and-launching-of-new-editions\/","og_locale":"en_US","og_type":"article","og_title":"More support for Tresca and launching of new editions - Fundesplai","og_description":"Imma Mayol, general director of the Esplai Foundation, and Mar\u00eda Bruno, head of the Social Area of the Foundation, attended last Thursday, March 20, the ceremony of delivery of social aid granted by the Mutua Madrile\u00f1a Foundation.","og_url":"https:\/\/fundesplai.org\/en\/informa-t\/news\/more-support-for-tresca-and-launching-of-new-editions\/","og_site_name":"Fundesplai","article_published_time":"2014-03-28T11:43:31+00:00","og_image":[{"url":"https:\/\/fundesplai.org\/test-joomla\/wp-content\/uploads\/sites\/26\/2014\/03\/AyudaAccionSocial-74.jpg","type":"","width":"","height":""}],"author":"Alfons Valle","twitter_card":"summary_large_image","twitter_misc":{"Written by":"Alfons Valle","Est. reading time":"4 minutes"},"schema":{"@context":"https:\/\/schema.org","@graph":[{"@type":"Article","@id":"https:\/\/fundesplai.org\/en\/informa-t\/news\/more-support-for-tresca-and-launching-of-new-editions\/#article","isPartOf":{"@id":"https:\/\/fundesplai.org\/en\/informa-t\/news\/more-support-for-tresca-and-launching-of-new-editions\/"},"author":{"name":"Alfons Valle","@id":"https:\/\/fundesplai.org\/en\/#\/schema\/person\/c0e9e7466bb8ac06f5264324a6109733"},"headline":"More support for Tresca and launching of new editions","datePublished":"2014-03-28T11:43:31+00:00","mainEntityOfPage":{"@id":"https:\/\/fundesplai.org\/en\/informa-t\/news\/more-support-for-tresca-and-launching-of-new-editions\/"},"wordCount":889,"image":{"@id":"https:\/\/fundesplai.org\/en\/informa-t\/news\/more-support-for-tresca-and-launching-of-new-editions\/#primaryimage"},"thumbnailUrl":"https:\/\/fundesplai.org\/test-joomla\/wp-content\/uploads\/sites\/26\/2014\/03\/AyudaAccionSocial-74.jpg","articleSection":["News"],"inLanguage":"en-US"},{"@type":"WebPage","@id":"https:\/\/fundesplai.org\/en\/informa-t\/news\/more-support-for-tresca-and-launching-of-new-editions\/","url":"https:\/\/fundesplai.org\/en\/informa-t\/news\/more-support-for-tresca-and-launching-of-new-editions\/","name":"More support for Tresca and launching of new editions - Fundesplai","isPartOf":{"@id":"https:\/\/fundesplai.org\/en\/#website"},"primaryImageOfPage":{"@id":"https:\/\/fundesplai.org\/en\/informa-t\/news\/more-support-for-tresca-and-launching-of-new-editions\/#primaryimage"},"image":{"@id":"https:\/\/fundesplai.org\/en\/informa-t\/news\/more-support-for-tresca-and-launching-of-new-editions\/#primaryimage"},"thumbnailUrl":"https:\/\/fundesplai.org\/test-joomla\/wp-content\/uploads\/sites\/26\/2014\/03\/AyudaAccionSocial-74.jpg","datePublished":"2014-03-28T11:43:31+00:00","author":{"@id":"https:\/\/fundesplai.org\/en\/#\/schema\/person\/c0e9e7466bb8ac06f5264324a6109733"},"breadcrumb":{"@id":"https:\/\/fundesplai.org\/en\/informa-t\/news\/more-support-for-tresca-and-launching-of-new-editions\/#breadcrumb"},"inLanguage":"en-US","potentialAction":[{"@type":"ReadAction","target":["https:\/\/fundesplai.org\/en\/informa-t\/news\/more-support-for-tresca-and-launching-of-new-editions\/"]}]},{"@type":"ImageObject","inLanguage":"en-US","@id":"https:\/\/fundesplai.org\/en\/informa-t\/news\/more-support-for-tresca-and-launching-of-new-editions\/#primaryimage","url":"https:\/\/fundesplai.org\/test-joomla\/wp-content\/uploads\/sites\/26\/2014\/03\/AyudaAccionSocial-74.jpg","contentUrl":"https:\/\/fundesplai.org\/test-joomla\/wp-content\/uploads\/sites\/26\/2014\/03\/AyudaAccionSocial-74.jpg"},{"@type":"BreadcrumbList","@id":"https:\/\/fundesplai.org\/en\/informa-t\/news\/more-support-for-tresca-and-launching-of-new-editions\/#breadcrumb","itemListElement":[{"@type":"ListItem","position":1,"name":"Inici","item":"https:\/\/fundesplai.org\/en\/"},{"@type":"ListItem","position":2,"name":"News","item":"https:\/\/fundesplai.org\/en\/find-out-more\/"},{"@type":"ListItem","position":3,"name":"Uncategorized","item":"https:\/\/fundesplai.org\/en\/informa-t\/category\/uncategorized\/"},{"@type":"ListItem","position":4,"name":"More support for Tresca and launching of new editions"}]},{"@type":"WebSite","@id":"https:\/\/fundesplai.org\/en\/#website","url":"https:\/\/fundesplai.org\/en\/","name":"Fundesplai","description":"Eduquem per la conviv\u00e8ncia i la sostenibilitat","potentialAction":[{"@type":"SearchAction","target":{"@type":"EntryPoint","urlTemplate":"https:\/\/fundesplai.org\/en\/?s={search_term_string}"},"query-input":{"@type":"PropertyValueSpecification","valueRequired":true,"valueName":"search_term_string"}}],"inLanguage":"en-US"},{"@type":"Person","@id":"https:\/\/fundesplai.org\/en\/#\/schema\/person\/c0e9e7466bb8ac06f5264324a6109733","name":"Alfons Valle","image":{"@type":"ImageObject","inLanguage":"en-US","@id":"https:\/\/secure.gravatar.com\/avatar\/71d95a3f99a068ba570ac1314ed6911a59c5ae3f22ffcf23631cd1a861a640bc?s=96&d=mm&r=g","url":"https:\/\/secure.gravatar.com\/avatar\/71d95a3f99a068ba570ac1314ed6911a59c5ae3f22ffcf23631cd1a861a640bc?s=96&d=mm&r=g","contentUrl":"https:\/\/secure.gravatar.com\/avatar\/71d95a3f99a068ba570ac1314ed6911a59c5ae3f22ffcf23631cd1a861a640bc?s=96&d=mm&r=g","caption":"Alfons Valle"},"url":"https:\/\/fundesplai.org\/en\/informa-t\/author\/avalle\/"}]}},"_links":{"self":[{"href":"https:\/\/fundesplai.org\/en\/wp-json\/wp\/v2\/posts\/52980","targetHints":{"allow":["GET"]}}],"collection":[{"href":"https:\/\/fundesplai.org\/en\/wp-json\/wp\/v2\/posts"}],"about":[{"href":"https:\/\/fundesplai.org\/en\/wp-json\/wp\/v2\/types\/post"}],"author":[{"embeddable":true,"href":"https:\/\/fundesplai.org\/en\/wp-json\/wp\/v2\/users\/9"}],"replies":[{"embeddable":true,"href":"https:\/\/fundesplai.org\/en\/wp-json\/wp\/v2\/comments?post=52980"}],"version-history":[{"count":0,"href":"https:\/\/fundesplai.org\/en\/wp-json\/wp\/v2\/posts\/52980\/revisions"}],"wp:attachment":[{"href":"https:\/\/fundesplai.org\/en\/wp-json\/wp\/v2\/media?parent=52980"}],"wp:term":[{"taxonomy":"category","embeddable":true,"href":"https:\/\/fundesplai.org\/en\/wp-json\/wp\/v2\/categories?post=52980"},{"taxonomy":"post_tag","embeddable":true,"href":"https:\/\/fundesplai.org\/en\/wp-json\/wp\/v2\/tags?post=52980"}],"curies":[{"name":"wp","href":"https:\/\/api.w.org\/{rel}","templated":true}]}}