{"id":52975,"date":"2014-03-13T12:07:03","date_gmt":"2014-03-13T11:07:03","guid":{"rendered":"https:\/\/fundesplai.org\/informa-t\/uncategorized\/the-new-editions-of-tresca-europe-and-tresca-joven-are-underway\/"},"modified":"2014-03-13T12:07:03","modified_gmt":"2014-03-13T11:07:03","slug":"the-new-editions-of-tresca-europe-and-tresca-joven-are-underway","status":"publish","type":"post","link":"https:\/\/fundesplai.org\/en\/informa-t\/news\/the-new-editions-of-tresca-europe-and-tresca-joven-are-underway\/","title":{"rendered":"The new editions of Tresca Europe and Tresca Joven are underway!"},"content":{"rendered":"<div>The <a href=\"http:\/\/fundacionesplai.org\/default.asp?option=com_content&amp;task=view&amp;id=12&amp;Itemid=7&amp;lang=spanish\" target=\"_blank\" rel=\"noopener\"><strong>Esplai Foundation<\/strong><\/a> will present this Thursday, March 13, the 2nd edition of the <a href=\"http:\/\/fundacionesplai.org\/default.asp?option=com_content&amp;task=view&amp;id=12&amp;Itemid=7&amp;lang=spanish\" target=\"_blank\" rel=\"noopener\"><strong>Tresca Europe<\/strong><\/a>the program of social and labor insertion of young people that is carried out with the collaboration of <a href=\"http:\/\/www.snf.org\/\" target=\"_blank\" rel=\"noopener\"><strong>Stavros Niarchos Foundation<\/strong><\/a>.<\/div>\n<p><!--more--><\/p>\n<div><img loading=\"lazy\" decoding=\"async\" class=\" alignleft size-full wp-image-422\" style=\"margin: 5px;float: left\" src=\"https:\/\/fundesplai.org\/test-joomla\/wp-content\/uploads\/sites\/26\/2014\/03\/tresca2014.jpg\" alt=\"tresca2014\" width=\"350\" height=\"233\">The <a href=\"http:\/\/fundacionesplai.org\/default.asp?option=com_content&amp;task=view&amp;id=12&amp;Itemid=7&amp;lang=spanish\" target=\"_blank\" rel=\"noopener\"><strong>Esplai Foundation<\/strong><\/a> will present this Thursday, March 13, the 2nd edition of the <a href=\"http:\/\/fundacionesplai.org\/default.asp?option=com_content&amp;task=view&amp;id=12&amp;Itemid=7&amp;lang=spanish\" target=\"_blank\" rel=\"noopener\"><strong>Tresca Europe<\/strong><\/a>the program of social and labor insertion of young people that is carried out with the collaboration of <a href=\"http:\/\/www.snf.org\/\" target=\"_blank\" rel=\"noopener\"><strong>Stavros Niarchos Foundation<\/strong><\/a>.<\/div>\n<div class=\"contingut_amb_imatge\">\n<p>The presentation ceremony will take place this Thursday at 6 p.m., at the Club d&#8217;Esplai Bellvitge (Rambla Marina 161-177, Hospitalet) and the following have been summoned <strong>60 young people from entities and resources<\/strong> of: Hospitalet (IES Fontser\u00e8), Cornell\u00e0 (SSocials Fontsanta), Terrassa (Guadalhorce), Barcelona (Casal dels Infants del Raval), Badalona (Casal dels Infants del Raval), Gav\u00e0 (Masia Espin\u00f3s), Sant Joan Desp\u00ed (social services), Castelldefels (social services).<\/p>\n<div>The Tresca Europe project consists of the transfer of the program of social and labor inclusion of young people. <a href=\"http:\/\/www.fundesplai.org\/ca\/infants-i-joves\/projectes-infants-i-joves\/tresca-jove\" target=\"_blank\" rel=\"noopener\"><strong>Tresca Jove<\/strong><\/a> that until now has been developed by the Fundaci\u00f3 Catalana del Esplai &nbsp; in Catalonia to social entities in Spain, Portugal and Italy and will involve the participation of 350 young people.<\/div>\n<div>&nbsp;<\/div>\n<div>On the other hand, on Wednesday, March 19, will also be launched the 4th edition of the <a href=\"ca\/infants-i-joves\/projectes-infants-i-joves\/tresca-jove\" target=\"_blank\" rel=\"noopener\"><strong>Tresca Jove<\/strong><\/a>the Catalan edition of this initiative. In this case, it will be at the Cultural Center La Creueta (Plaza de la Guingueta 1, Hospitalet) at 6 pm.<\/div>\n<div>&nbsp;<\/div>\n<div><strong>El Tresca in &#8220;El Peri\u00f3dico&#8221;!<\/strong><\/div>\n<div>\n<p>On Tuesday, March 11, El Peri\u00f3dico de Catalu\u00f1a published <a href=\"http:\/\/canal.fundesplai.org\/redirector.asp?url=http%3A%2F%2Fcanal.fundesplai.org%2Frepositori%2Ffile%2F00-2014%2FMarc%2F20140311%2F20140311-Tresca-El-Periodico.pdf%3Futm_source%3DCanal%2520Recull%2520de%2520Premsa%26utm_medium%3Dbutlleti%26utm_campaign%3DCanal%2520Recull%2520de%2520Premsa%25201445%252011%252003%25202014&amp;dest=iu%60kkr%3Fdrok%60h-nqf&amp;id_enviament=5252\" target=\"_blank\" rel=\"noopener\">this two-page report<\/a> on the intergenerational mentoring experience within the framework of the Tresca Europe program, promoted by the Foundation.<\/p>\n<p>The report includes the experience of the senior volunteers (many of them are part of <a href=\"http:\/\/www.vaeassessoriaempresarial.org\/\" target=\"_blank\" rel=\"noopener\">the Association Volunteers in Business Consulting &#8211; VAE<\/a>)&nbsp; who advise and accompany the boys and girls participating in the Tresca Europe program.<\/p>\n<\/div>\n<div><strong>An initiative that began in 2010<\/strong><\/div>\n<div>&nbsp;The Tresca Europe project, funded by the&nbsp;philanthropic organization <a href=\"http:\/\/www.snf.org\/\" target=\"_blank\" rel=\"noopener\"><strong>Stavros&nbsp;Niarchos Foundation<\/strong><\/a> and now coordinated by the Esplai Foundation, establishes the methodology of the youth program Tresca Jove to the social entities Agencia Joven de Burjassot (Valencia), Funda\u00e7ao&nbsp;da Juventude (Portugal) and the association ARCI (Italy).<\/div>\n<div>&nbsp;<\/div>\n<div>The success of the Tresca&nbsp;Jove program, which the Foundation started in 2010 and which has involved 205 young people from 17 municipalities in the province of Barcelona, is&nbsp;backed by the excellent results obtained in the social inclusion of the young participants.<\/div>\n<div>&nbsp;<\/div>\n<div>In the last completed edition of the Tresca Jove project, 27% of the young participants have been linked voluntarily to educational and social organizations in the territory, 20% have joined the labor market, and&nbsp; 16% have resumed their training process.<\/div>\n<\/div>\n","protected":false},"excerpt":{"rendered":"<p>The Esplai Foundation will present this Thursday, March 13, the 2nd edition of the Tresca Europethe program of social and labor insertion of young people that is carried out with the collaboration of Stavros Niarchos Foundation.<\/p>\n","protected":false},"author":9,"featured_media":0,"comment_status":"closed","ping_status":"closed","sticky":false,"template":"","format":"standard","meta":{"_et_pb_use_builder":"","_et_pb_old_content":"","_et_gb_content_width":"","footnotes":""},"categories":[1023],"tags":[],"class_list":["post-52975","post","type-post","status-publish","format-standard","hentry","category-news"],"yoast_head":"<!-- This site is optimized with the Yoast SEO plugin v27.4 - https:\/\/yoast.com\/product\/yoast-seo-wordpress\/ -->\n<title>The new editions of Tresca Europe and Tresca Joven are underway! - Fundesplai<\/title>\n<meta name=\"robots\" content=\"index, follow, max-snippet:-1, max-image-preview:large, max-video-preview:-1\" \/>\n<link rel=\"canonical\" href=\"https:\/\/fundesplai.org\/en\/informa-t\/news\/the-new-editions-of-tresca-europe-and-tresca-joven-are-underway\/\" \/>\n<meta property=\"og:locale\" content=\"en_US\" \/>\n<meta property=\"og:type\" content=\"article\" \/>\n<meta property=\"og:title\" content=\"The new editions of Tresca Europe and Tresca Joven are underway! - Fundesplai\" \/>\n<meta property=\"og:description\" content=\"The Esplai Foundation will present this Thursday, March 13, the 2nd edition of the Tresca Europethe program of social and labor insertion of young people that is carried out with the collaboration of Stavros Niarchos Foundation.\" \/>\n<meta property=\"og:url\" content=\"https:\/\/fundesplai.org\/en\/informa-t\/news\/the-new-editions-of-tresca-europe-and-tresca-joven-are-underway\/\" \/>\n<meta property=\"og:site_name\" content=\"Fundesplai\" \/>\n<meta property=\"article:published_time\" content=\"2014-03-13T11:07:03+00:00\" \/>\n<meta property=\"og:image\" content=\"https:\/\/fundesplai.org\/test-joomla\/wp-content\/uploads\/sites\/26\/2014\/03\/tresca2014.jpg\" \/>\n<meta name=\"author\" content=\"Alfons Valle\" \/>\n<meta name=\"twitter:card\" content=\"summary_large_image\" \/>\n<meta name=\"twitter:label1\" content=\"Written by\" \/>\n\t<meta name=\"twitter:data1\" content=\"Alfons Valle\" \/>\n\t<meta name=\"twitter:label2\" content=\"Est. reading time\" \/>\n\t<meta name=\"twitter:data2\" content=\"2 minutes\" \/>\n<script type=\"application\/ld+json\" class=\"yoast-schema-graph\">{\"@context\":\"https:\\\/\\\/schema.org\",\"@graph\":[{\"@type\":\"Article\",\"@id\":\"https:\\\/\\\/fundesplai.org\\\/en\\\/informa-t\\\/news\\\/the-new-editions-of-tresca-europe-and-tresca-joven-are-underway\\\/#article\",\"isPartOf\":{\"@id\":\"https:\\\/\\\/fundesplai.org\\\/en\\\/informa-t\\\/news\\\/the-new-editions-of-tresca-europe-and-tresca-joven-are-underway\\\/\"},\"author\":{\"name\":\"Alfons Valle\",\"@id\":\"https:\\\/\\\/fundesplai.org\\\/en\\\/#\\\/schema\\\/person\\\/c0e9e7466bb8ac06f5264324a6109733\"},\"headline\":\"The new editions of Tresca Europe and Tresca Joven are underway!\",\"datePublished\":\"2014-03-13T11:07:03+00:00\",\"mainEntityOfPage\":{\"@id\":\"https:\\\/\\\/fundesplai.org\\\/en\\\/informa-t\\\/news\\\/the-new-editions-of-tresca-europe-and-tresca-joven-are-underway\\\/\"},\"wordCount\":458,\"image\":{\"@id\":\"https:\\\/\\\/fundesplai.org\\\/en\\\/informa-t\\\/news\\\/the-new-editions-of-tresca-europe-and-tresca-joven-are-underway\\\/#primaryimage\"},\"thumbnailUrl\":\"https:\\\/\\\/fundesplai.org\\\/test-joomla\\\/wp-content\\\/uploads\\\/sites\\\/26\\\/2014\\\/03\\\/tresca2014.jpg\",\"articleSection\":[\"News\"],\"inLanguage\":\"en-US\"},{\"@type\":\"WebPage\",\"@id\":\"https:\\\/\\\/fundesplai.org\\\/en\\\/informa-t\\\/news\\\/the-new-editions-of-tresca-europe-and-tresca-joven-are-underway\\\/\",\"url\":\"https:\\\/\\\/fundesplai.org\\\/en\\\/informa-t\\\/news\\\/the-new-editions-of-tresca-europe-and-tresca-joven-are-underway\\\/\",\"name\":\"The new editions of Tresca Europe and Tresca Joven are underway! - Fundesplai\",\"isPartOf\":{\"@id\":\"https:\\\/\\\/fundesplai.org\\\/en\\\/#website\"},\"primaryImageOfPage\":{\"@id\":\"https:\\\/\\\/fundesplai.org\\\/en\\\/informa-t\\\/news\\\/the-new-editions-of-tresca-europe-and-tresca-joven-are-underway\\\/#primaryimage\"},\"image\":{\"@id\":\"https:\\\/\\\/fundesplai.org\\\/en\\\/informa-t\\\/news\\\/the-new-editions-of-tresca-europe-and-tresca-joven-are-underway\\\/#primaryimage\"},\"thumbnailUrl\":\"https:\\\/\\\/fundesplai.org\\\/test-joomla\\\/wp-content\\\/uploads\\\/sites\\\/26\\\/2014\\\/03\\\/tresca2014.jpg\",\"datePublished\":\"2014-03-13T11:07:03+00:00\",\"author\":{\"@id\":\"https:\\\/\\\/fundesplai.org\\\/en\\\/#\\\/schema\\\/person\\\/c0e9e7466bb8ac06f5264324a6109733\"},\"breadcrumb\":{\"@id\":\"https:\\\/\\\/fundesplai.org\\\/en\\\/informa-t\\\/news\\\/the-new-editions-of-tresca-europe-and-tresca-joven-are-underway\\\/#breadcrumb\"},\"inLanguage\":\"en-US\",\"potentialAction\":[{\"@type\":\"ReadAction\",\"target\":[\"https:\\\/\\\/fundesplai.org\\\/en\\\/informa-t\\\/news\\\/the-new-editions-of-tresca-europe-and-tresca-joven-are-underway\\\/\"]}]},{\"@type\":\"ImageObject\",\"inLanguage\":\"en-US\",\"@id\":\"https:\\\/\\\/fundesplai.org\\\/en\\\/informa-t\\\/news\\\/the-new-editions-of-tresca-europe-and-tresca-joven-are-underway\\\/#primaryimage\",\"url\":\"https:\\\/\\\/fundesplai.org\\\/test-joomla\\\/wp-content\\\/uploads\\\/sites\\\/26\\\/2014\\\/03\\\/tresca2014.jpg\",\"contentUrl\":\"https:\\\/\\\/fundesplai.org\\\/test-joomla\\\/wp-content\\\/uploads\\\/sites\\\/26\\\/2014\\\/03\\\/tresca2014.jpg\"},{\"@type\":\"BreadcrumbList\",\"@id\":\"https:\\\/\\\/fundesplai.org\\\/en\\\/informa-t\\\/news\\\/the-new-editions-of-tresca-europe-and-tresca-joven-are-underway\\\/#breadcrumb\",\"itemListElement\":[{\"@type\":\"ListItem\",\"position\":1,\"name\":\"Inici\",\"item\":\"https:\\\/\\\/fundesplai.org\\\/en\\\/\"},{\"@type\":\"ListItem\",\"position\":2,\"name\":\"News\",\"item\":\"https:\\\/\\\/fundesplai.org\\\/en\\\/find-out-more\\\/\"},{\"@type\":\"ListItem\",\"position\":3,\"name\":\"Uncategorized\",\"item\":\"https:\\\/\\\/fundesplai.org\\\/en\\\/informa-t\\\/category\\\/uncategorized\\\/\"},{\"@type\":\"ListItem\",\"position\":4,\"name\":\"The new editions of Tresca Europe and Tresca Joven are underway!\"}]},{\"@type\":\"WebSite\",\"@id\":\"https:\\\/\\\/fundesplai.org\\\/en\\\/#website\",\"url\":\"https:\\\/\\\/fundesplai.org\\\/en\\\/\",\"name\":\"Fundesplai\",\"description\":\"Eduquem per la conviv\u00e8ncia i la sostenibilitat\",\"potentialAction\":[{\"@type\":\"SearchAction\",\"target\":{\"@type\":\"EntryPoint\",\"urlTemplate\":\"https:\\\/\\\/fundesplai.org\\\/en\\\/?s={search_term_string}\"},\"query-input\":{\"@type\":\"PropertyValueSpecification\",\"valueRequired\":true,\"valueName\":\"search_term_string\"}}],\"inLanguage\":\"en-US\"},{\"@type\":\"Person\",\"@id\":\"https:\\\/\\\/fundesplai.org\\\/en\\\/#\\\/schema\\\/person\\\/c0e9e7466bb8ac06f5264324a6109733\",\"name\":\"Alfons Valle\",\"image\":{\"@type\":\"ImageObject\",\"inLanguage\":\"en-US\",\"@id\":\"https:\\\/\\\/secure.gravatar.com\\\/avatar\\\/71d95a3f99a068ba570ac1314ed6911a59c5ae3f22ffcf23631cd1a861a640bc?s=96&d=mm&r=g\",\"url\":\"https:\\\/\\\/secure.gravatar.com\\\/avatar\\\/71d95a3f99a068ba570ac1314ed6911a59c5ae3f22ffcf23631cd1a861a640bc?s=96&d=mm&r=g\",\"contentUrl\":\"https:\\\/\\\/secure.gravatar.com\\\/avatar\\\/71d95a3f99a068ba570ac1314ed6911a59c5ae3f22ffcf23631cd1a861a640bc?s=96&d=mm&r=g\",\"caption\":\"Alfons Valle\"},\"url\":\"https:\\\/\\\/fundesplai.org\\\/en\\\/informa-t\\\/author\\\/avalle\\\/\"}]}<\/script>\n<!-- \/ Yoast SEO plugin. -->","yoast_head_json":{"title":"The new editions of Tresca Europe and Tresca Joven are underway! - Fundesplai","robots":{"index":"index","follow":"follow","max-snippet":"max-snippet:-1","max-image-preview":"max-image-preview:large","max-video-preview":"max-video-preview:-1"},"canonical":"https:\/\/fundesplai.org\/en\/informa-t\/news\/the-new-editions-of-tresca-europe-and-tresca-joven-are-underway\/","og_locale":"en_US","og_type":"article","og_title":"The new editions of Tresca Europe and Tresca Joven are underway! - Fundesplai","og_description":"The Esplai Foundation will present this Thursday, March 13, the 2nd edition of the Tresca Europethe program of social and labor insertion of young people that is carried out with the collaboration of Stavros Niarchos Foundation.","og_url":"https:\/\/fundesplai.org\/en\/informa-t\/news\/the-new-editions-of-tresca-europe-and-tresca-joven-are-underway\/","og_site_name":"Fundesplai","article_published_time":"2014-03-13T11:07:03+00:00","og_image":[{"url":"https:\/\/fundesplai.org\/test-joomla\/wp-content\/uploads\/sites\/26\/2014\/03\/tresca2014.jpg","type":"","width":"","height":""}],"author":"Alfons Valle","twitter_card":"summary_large_image","twitter_misc":{"Written by":"Alfons Valle","Est. reading time":"2 minutes"},"schema":{"@context":"https:\/\/schema.org","@graph":[{"@type":"Article","@id":"https:\/\/fundesplai.org\/en\/informa-t\/news\/the-new-editions-of-tresca-europe-and-tresca-joven-are-underway\/#article","isPartOf":{"@id":"https:\/\/fundesplai.org\/en\/informa-t\/news\/the-new-editions-of-tresca-europe-and-tresca-joven-are-underway\/"},"author":{"name":"Alfons Valle","@id":"https:\/\/fundesplai.org\/en\/#\/schema\/person\/c0e9e7466bb8ac06f5264324a6109733"},"headline":"The new editions of Tresca Europe and Tresca Joven are underway!","datePublished":"2014-03-13T11:07:03+00:00","mainEntityOfPage":{"@id":"https:\/\/fundesplai.org\/en\/informa-t\/news\/the-new-editions-of-tresca-europe-and-tresca-joven-are-underway\/"},"wordCount":458,"image":{"@id":"https:\/\/fundesplai.org\/en\/informa-t\/news\/the-new-editions-of-tresca-europe-and-tresca-joven-are-underway\/#primaryimage"},"thumbnailUrl":"https:\/\/fundesplai.org\/test-joomla\/wp-content\/uploads\/sites\/26\/2014\/03\/tresca2014.jpg","articleSection":["News"],"inLanguage":"en-US"},{"@type":"WebPage","@id":"https:\/\/fundesplai.org\/en\/informa-t\/news\/the-new-editions-of-tresca-europe-and-tresca-joven-are-underway\/","url":"https:\/\/fundesplai.org\/en\/informa-t\/news\/the-new-editions-of-tresca-europe-and-tresca-joven-are-underway\/","name":"The new editions of Tresca Europe and Tresca Joven are underway! - Fundesplai","isPartOf":{"@id":"https:\/\/fundesplai.org\/en\/#website"},"primaryImageOfPage":{"@id":"https:\/\/fundesplai.org\/en\/informa-t\/news\/the-new-editions-of-tresca-europe-and-tresca-joven-are-underway\/#primaryimage"},"image":{"@id":"https:\/\/fundesplai.org\/en\/informa-t\/news\/the-new-editions-of-tresca-europe-and-tresca-joven-are-underway\/#primaryimage"},"thumbnailUrl":"https:\/\/fundesplai.org\/test-joomla\/wp-content\/uploads\/sites\/26\/2014\/03\/tresca2014.jpg","datePublished":"2014-03-13T11:07:03+00:00","author":{"@id":"https:\/\/fundesplai.org\/en\/#\/schema\/person\/c0e9e7466bb8ac06f5264324a6109733"},"breadcrumb":{"@id":"https:\/\/fundesplai.org\/en\/informa-t\/news\/the-new-editions-of-tresca-europe-and-tresca-joven-are-underway\/#breadcrumb"},"inLanguage":"en-US","potentialAction":[{"@type":"ReadAction","target":["https:\/\/fundesplai.org\/en\/informa-t\/news\/the-new-editions-of-tresca-europe-and-tresca-joven-are-underway\/"]}]},{"@type":"ImageObject","inLanguage":"en-US","@id":"https:\/\/fundesplai.org\/en\/informa-t\/news\/the-new-editions-of-tresca-europe-and-tresca-joven-are-underway\/#primaryimage","url":"https:\/\/fundesplai.org\/test-joomla\/wp-content\/uploads\/sites\/26\/2014\/03\/tresca2014.jpg","contentUrl":"https:\/\/fundesplai.org\/test-joomla\/wp-content\/uploads\/sites\/26\/2014\/03\/tresca2014.jpg"},{"@type":"BreadcrumbList","@id":"https:\/\/fundesplai.org\/en\/informa-t\/news\/the-new-editions-of-tresca-europe-and-tresca-joven-are-underway\/#breadcrumb","itemListElement":[{"@type":"ListItem","position":1,"name":"Inici","item":"https:\/\/fundesplai.org\/en\/"},{"@type":"ListItem","position":2,"name":"News","item":"https:\/\/fundesplai.org\/en\/find-out-more\/"},{"@type":"ListItem","position":3,"name":"Uncategorized","item":"https:\/\/fundesplai.org\/en\/informa-t\/category\/uncategorized\/"},{"@type":"ListItem","position":4,"name":"The new editions of Tresca Europe and Tresca Joven are underway!"}]},{"@type":"WebSite","@id":"https:\/\/fundesplai.org\/en\/#website","url":"https:\/\/fundesplai.org\/en\/","name":"Fundesplai","description":"Eduquem per la conviv\u00e8ncia i la sostenibilitat","potentialAction":[{"@type":"SearchAction","target":{"@type":"EntryPoint","urlTemplate":"https:\/\/fundesplai.org\/en\/?s={search_term_string}"},"query-input":{"@type":"PropertyValueSpecification","valueRequired":true,"valueName":"search_term_string"}}],"inLanguage":"en-US"},{"@type":"Person","@id":"https:\/\/fundesplai.org\/en\/#\/schema\/person\/c0e9e7466bb8ac06f5264324a6109733","name":"Alfons Valle","image":{"@type":"ImageObject","inLanguage":"en-US","@id":"https:\/\/secure.gravatar.com\/avatar\/71d95a3f99a068ba570ac1314ed6911a59c5ae3f22ffcf23631cd1a861a640bc?s=96&d=mm&r=g","url":"https:\/\/secure.gravatar.com\/avatar\/71d95a3f99a068ba570ac1314ed6911a59c5ae3f22ffcf23631cd1a861a640bc?s=96&d=mm&r=g","contentUrl":"https:\/\/secure.gravatar.com\/avatar\/71d95a3f99a068ba570ac1314ed6911a59c5ae3f22ffcf23631cd1a861a640bc?s=96&d=mm&r=g","caption":"Alfons Valle"},"url":"https:\/\/fundesplai.org\/en\/informa-t\/author\/avalle\/"}]}},"_links":{"self":[{"href":"https:\/\/fundesplai.org\/en\/wp-json\/wp\/v2\/posts\/52975","targetHints":{"allow":["GET"]}}],"collection":[{"href":"https:\/\/fundesplai.org\/en\/wp-json\/wp\/v2\/posts"}],"about":[{"href":"https:\/\/fundesplai.org\/en\/wp-json\/wp\/v2\/types\/post"}],"author":[{"embeddable":true,"href":"https:\/\/fundesplai.org\/en\/wp-json\/wp\/v2\/users\/9"}],"replies":[{"embeddable":true,"href":"https:\/\/fundesplai.org\/en\/wp-json\/wp\/v2\/comments?post=52975"}],"version-history":[{"count":0,"href":"https:\/\/fundesplai.org\/en\/wp-json\/wp\/v2\/posts\/52975\/revisions"}],"wp:attachment":[{"href":"https:\/\/fundesplai.org\/en\/wp-json\/wp\/v2\/media?parent=52975"}],"wp:term":[{"taxonomy":"category","embeddable":true,"href":"https:\/\/fundesplai.org\/en\/wp-json\/wp\/v2\/categories?post=52975"},{"taxonomy":"post_tag","embeddable":true,"href":"https:\/\/fundesplai.org\/en\/wp-json\/wp\/v2\/tags?post=52975"}],"curies":[{"name":"wp","href":"https:\/\/api.w.org\/{rel}","templated":true}]}}