{"id":295,"date":"2006-03-15T11:02:23","date_gmt":"2006-03-15T10:02:23","guid":{"rendered":"https:\/\/fundesplai.org\/compartir\/?p=295"},"modified":"2024-01-17T12:40:32","modified_gmt":"2024-01-17T11:40:32","slug":"jove-radio-nus-f-m","status":"publish","type":"post","link":"https:\/\/fundesplai.org\/compartir\/2006\/03\/15\/jove-radio-nus-f-m\/","title":{"rendered":"Jove R\u00e0dio Nus F.M"},"content":{"rendered":"<p>[et_pb_section fb_built=&#8221;1&#8243; _builder_version=&#8221;4.21.0&#8243; _module_preset=&#8221;default&#8221; global_colors_info=&#8221;{}&#8221;][et_pb_row _builder_version=&#8221;4.21.0&#8243; _module_preset=&#8221;default&#8221; global_colors_info=&#8221;{}&#8221;][et_pb_column type=&#8221;4_4&#8243; _builder_version=&#8221;4.21.0&#8243; _module_preset=&#8221;default&#8221; global_colors_info=&#8221;{}&#8221;][et_pb_text _builder_version=&#8221;4.21.0&#8243; _module_preset=&#8221;default&#8221; global_colors_info=&#8221;{}&#8221;]<\/p>\n<p><span class=\"texte\">El projecte de muntar una r\u00e0dio per internet sorgeix durant el curs 2004\/2005 fruit de la iniciativa, la motivaci\u00f3 i els desitjos dels i les joves de l\u2019entitat<\/span>.<\/p>\n<p><span class=\"texte\">Els i les joves de l\u2019esplai van proposar l\u2019elaboraci\u00f3 d\u2019un projecte per a la creaci\u00f3 d\u2019un espai on poder iniciar-se en el tema de la radiodifusi\u00f3. Volien un espai a l\u2019entitat on dir la seva, expressar els seus neguits, il\u00b7lusions, opinions, aix\u00ed com tamb\u00e9 crear un mitj\u00e0 de comunicaci\u00f3 alternatiu amb joves de la seva edat i interessos similars, dissenyant els seus propis programes de m\u00fasica, humor, debat, cr\u00edtica&#8230;<\/span><\/p>\n<p><span class=\"texte\">La primera part del projecte ha durat gaireb\u00e9 un curs. Els i les joves han habilitat una petita sala de l\u2019entitat que han insonoritzat i de la qual s\u2019han fet responsables (neteja, ordre, control de la clau, cura del material&#8230;). <\/span><\/p>\n<p><span class=\"texte\">A m\u00e9s, han dissenyat l\u2019espai, han buscat els materials radiof\u00f2nics necessaris reciclant materials que altres entitats ja no feien servir, han arreglat ordinadors, equips de so, etc. Tamb\u00e9 han fet tota la planificaci\u00f3 i disseny dels programes que volen emetre. Durant el curs 2005\/2006 hi ha la intenci\u00f3 i les ganes de comen\u00e7ar a emetre en diferit per\u00f2 estem treballant per aconseguir un ordinador que sigui suficientment potent per poder emetre per internet.<br \/><\/span><\/p>\n<p><span class=\"texte\">Cal assenyalar que els i les educadores de la Secci\u00f3 Jove han actuat com a facilitadors del projecte ja que els veritables protagonistes han estat i s\u00f3n el grup de joves: ells tenen els coneixements t\u00e8cnics, han buscat els recursos i s\u2019han organitzat en la planificaci\u00f3.<\/span><\/p>\n<p><span class=\"texte\">Cal destacar que cobreixen les activitats col\u00b7lectives de l\u2019entitat com a aut\u00e8ntics reporters\/es!!!<\/span><\/p>\n<p><strong>Club d&#8217;Esplai El Nus<\/strong><\/p>\n<p><strong>Quin \u00e9s el servei? <\/strong>Un espai d&#8217;informaci\u00f3 gratu\u00efta sobre l&#8217;entitat i el barri, participatiu on s&#8217;hi podran &#8220;enganxar&#8221; altres joves del barri i que potenciar\u00e0 la relaci\u00f3 entre diferents entitats tot fent xarxa associativa.<\/p>\n<p><strong>Quins s\u00f3n els aprenentatges?<\/strong> Fer funcionar una taula de so, les NTIC, arreglar diferents aparells&#8230; Desenvolupar actituds i valors: treball en equip, const\u00e0ncia, esfor\u00e7, comprom\u00eds, iniciativa, habilitats socials i comunicatives, resoluci\u00f3 de conflictes&#8230; Con\u00e8ixer el m\u00f3n de la r\u00e0dio: disseny i planificaci\u00f3 de la programaci\u00f3, continguts dels programes, recerca de temes d&#8217;actualitat&#8230;<\/p>\n<p>[\/et_pb_text][et_pb_button button_url=&#8221;https:\/\/fundesplai.org\/compartir\/&#8221; button_text=&#8221;V\u00e9s a la p\u00e0gina d&#8217;inici de la proposta&#8221; _builder_version=&#8221;4.21.0&#8243; _module_preset=&#8221;default&#8221; custom_margin=&#8221;30px||50px||false|false&#8221; hover_enabled=&#8221;0&#8243; global_colors_info=&#8221;{}&#8221; button_alignment=&#8221;center&#8221; sticky_enabled=&#8221;0&#8243;][\/et_pb_button][\/et_pb_column][\/et_pb_row][\/et_pb_section]<\/p>\n","protected":false},"excerpt":{"rendered":"<p>El projecte de muntar una r\u00e0dio per internet sorgeix durant el curs 2004\/2005 fruit de la iniciativa, la motivaci\u00f3 i els desitjos dels i les joves de l\u2019entitat. Els i les joves de l\u2019esplai van proposar l\u2019elaboraci\u00f3 d\u2019un projecte per a la creaci\u00f3 d\u2019un espai on poder iniciar-se en el tema de la radiodifusi\u00f3. Volien [&hellip;]<\/p>\n","protected":false},"author":26,"featured_media":298,"comment_status":"closed","ping_status":"closed","sticky":false,"template":"","format":"standard","meta":{"_et_pb_use_builder":"on","_et_pb_old_content":"","_et_gb_content_width":"","footnotes":""},"categories":[1],"tags":[],"class_list":["post-295","post","type-post","status-publish","format-standard","has-post-thumbnail","hentry","category-general"],"yoast_head":"<!-- This site is optimized with the Yoast SEO plugin v27.5 - https:\/\/yoast.com\/product\/yoast-seo-wordpress\/ -->\n<title>Jove R\u00e0dio Nus F.M - Compartir<\/title>\n<meta name=\"robots\" content=\"index, follow, max-snippet:-1, max-image-preview:large, max-video-preview:-1\" \/>\n<link rel=\"canonical\" href=\"https:\/\/fundesplai.org\/compartir\/2006\/03\/15\/jove-radio-nus-f-m\/\" \/>\n<meta property=\"og:locale\" content=\"ca_ES\" \/>\n<meta property=\"og:type\" content=\"article\" \/>\n<meta property=\"og:title\" content=\"Jove R\u00e0dio Nus F.M - Compartir\" \/>\n<meta property=\"og:description\" content=\"El projecte de muntar una r\u00e0dio per internet sorgeix durant el curs 2004\/2005 fruit de la iniciativa, la motivaci\u00f3 i els desitjos dels i les joves de l\u2019entitat. Els i les joves de l\u2019esplai van proposar l\u2019elaboraci\u00f3 d\u2019un projecte per a la creaci\u00f3 d\u2019un espai on poder iniciar-se en el tema de la radiodifusi\u00f3. Volien [&hellip;]\" \/>\n<meta property=\"og:url\" content=\"https:\/\/fundesplai.org\/compartir\/2006\/03\/15\/jove-radio-nus-f-m\/\" \/>\n<meta property=\"og:site_name\" content=\"Compartir\" \/>\n<meta property=\"article:published_time\" content=\"2006-03-15T10:02:23+00:00\" \/>\n<meta property=\"article:modified_time\" content=\"2024-01-17T11:40:32+00:00\" \/>\n<meta property=\"og:image\" content=\"https:\/\/fundesplai.org\/compartir\/wp-content\/uploads\/sites\/9\/2024\/01\/Jove-Radio-Nus-FM.jpg\" \/>\n\t<meta property=\"og:image:width\" content=\"1888\" \/>\n\t<meta property=\"og:image:height\" content=\"900\" \/>\n\t<meta property=\"og:image:type\" content=\"image\/jpeg\" \/>\n<meta name=\"author\" content=\"mduch\" \/>\n<meta name=\"twitter:card\" content=\"summary_large_image\" \/>\n<meta name=\"twitter:label1\" content=\"Escrit per\" \/>\n\t<meta name=\"twitter:data1\" content=\"mduch\" \/>\n\t<meta name=\"twitter:label2\" content=\"Temps estimat de lectura\" \/>\n\t<meta name=\"twitter:data2\" content=\"3 minuts\" \/>\n<script type=\"application\/ld+json\" class=\"yoast-schema-graph\">{\"@context\":\"https:\\\/\\\/schema.org\",\"@graph\":[{\"@type\":\"Article\",\"@id\":\"https:\\\/\\\/fundesplai.org\\\/compartir\\\/2006\\\/03\\\/15\\\/jove-radio-nus-f-m\\\/#article\",\"isPartOf\":{\"@id\":\"https:\\\/\\\/fundesplai.org\\\/compartir\\\/2006\\\/03\\\/15\\\/jove-radio-nus-f-m\\\/\"},\"author\":{\"name\":\"mduch\",\"@id\":\"https:\\\/\\\/fundesplai.org\\\/compartir\\\/#\\\/schema\\\/person\\\/16ccf8808d71dcf9af39e5029a7eb7be\"},\"headline\":\"Jove R\u00e0dio Nus F.M\",\"datePublished\":\"2006-03-15T10:02:23+00:00\",\"dateModified\":\"2024-01-17T11:40:32+00:00\",\"mainEntityOfPage\":{\"@id\":\"https:\\\/\\\/fundesplai.org\\\/compartir\\\/2006\\\/03\\\/15\\\/jove-radio-nus-f-m\\\/\"},\"wordCount\":503,\"image\":{\"@id\":\"https:\\\/\\\/fundesplai.org\\\/compartir\\\/2006\\\/03\\\/15\\\/jove-radio-nus-f-m\\\/#primaryimage\"},\"thumbnailUrl\":\"https:\\\/\\\/fundesplai.org\\\/compartir\\\/wp-content\\\/uploads\\\/sites\\\/9\\\/2024\\\/01\\\/Jove-Radio-Nus-FM.jpg\",\"articleSection\":[\"General\"],\"inLanguage\":\"ca\"},{\"@type\":\"WebPage\",\"@id\":\"https:\\\/\\\/fundesplai.org\\\/compartir\\\/2006\\\/03\\\/15\\\/jove-radio-nus-f-m\\\/\",\"url\":\"https:\\\/\\\/fundesplai.org\\\/compartir\\\/2006\\\/03\\\/15\\\/jove-radio-nus-f-m\\\/\",\"name\":\"Jove R\u00e0dio Nus F.M - Compartir\",\"isPartOf\":{\"@id\":\"https:\\\/\\\/fundesplai.org\\\/compartir\\\/#website\"},\"primaryImageOfPage\":{\"@id\":\"https:\\\/\\\/fundesplai.org\\\/compartir\\\/2006\\\/03\\\/15\\\/jove-radio-nus-f-m\\\/#primaryimage\"},\"image\":{\"@id\":\"https:\\\/\\\/fundesplai.org\\\/compartir\\\/2006\\\/03\\\/15\\\/jove-radio-nus-f-m\\\/#primaryimage\"},\"thumbnailUrl\":\"https:\\\/\\\/fundesplai.org\\\/compartir\\\/wp-content\\\/uploads\\\/sites\\\/9\\\/2024\\\/01\\\/Jove-Radio-Nus-FM.jpg\",\"datePublished\":\"2006-03-15T10:02:23+00:00\",\"dateModified\":\"2024-01-17T11:40:32+00:00\",\"author\":{\"@id\":\"https:\\\/\\\/fundesplai.org\\\/compartir\\\/#\\\/schema\\\/person\\\/16ccf8808d71dcf9af39e5029a7eb7be\"},\"breadcrumb\":{\"@id\":\"https:\\\/\\\/fundesplai.org\\\/compartir\\\/2006\\\/03\\\/15\\\/jove-radio-nus-f-m\\\/#breadcrumb\"},\"inLanguage\":\"ca\",\"potentialAction\":[{\"@type\":\"ReadAction\",\"target\":[\"https:\\\/\\\/fundesplai.org\\\/compartir\\\/2006\\\/03\\\/15\\\/jove-radio-nus-f-m\\\/\"]}]},{\"@type\":\"ImageObject\",\"inLanguage\":\"ca\",\"@id\":\"https:\\\/\\\/fundesplai.org\\\/compartir\\\/2006\\\/03\\\/15\\\/jove-radio-nus-f-m\\\/#primaryimage\",\"url\":\"https:\\\/\\\/fundesplai.org\\\/compartir\\\/wp-content\\\/uploads\\\/sites\\\/9\\\/2024\\\/01\\\/Jove-Radio-Nus-FM.jpg\",\"contentUrl\":\"https:\\\/\\\/fundesplai.org\\\/compartir\\\/wp-content\\\/uploads\\\/sites\\\/9\\\/2024\\\/01\\\/Jove-Radio-Nus-FM.jpg\",\"width\":1888,\"height\":900},{\"@type\":\"BreadcrumbList\",\"@id\":\"https:\\\/\\\/fundesplai.org\\\/compartir\\\/2006\\\/03\\\/15\\\/jove-radio-nus-f-m\\\/#breadcrumb\",\"itemListElement\":[{\"@type\":\"ListItem\",\"position\":1,\"name\":\"Inici\",\"item\":\"\\\/\"},{\"@type\":\"ListItem\",\"position\":2,\"name\":\"Compartir\",\"item\":\"https:\\\/\\\/fundesplai.org\\\/compartir\"},{\"@type\":\"ListItem\",\"position\":3,\"name\":\"Jove R\u00e0dio Nus F.M\"}]},{\"@type\":\"WebSite\",\"@id\":\"https:\\\/\\\/fundesplai.org\\\/compartir\\\/#website\",\"url\":\"https:\\\/\\\/fundesplai.org\\\/compartir\\\/\",\"name\":\"Compartir\",\"description\":\"Proposta educativa de Fundesplai\",\"potentialAction\":[{\"@type\":\"SearchAction\",\"target\":{\"@type\":\"EntryPoint\",\"urlTemplate\":\"https:\\\/\\\/fundesplai.org\\\/compartir\\\/?s={search_term_string}\"},\"query-input\":{\"@type\":\"PropertyValueSpecification\",\"valueRequired\":true,\"valueName\":\"search_term_string\"}}],\"inLanguage\":\"ca\"},{\"@type\":\"Person\",\"@id\":\"https:\\\/\\\/fundesplai.org\\\/compartir\\\/#\\\/schema\\\/person\\\/16ccf8808d71dcf9af39e5029a7eb7be\",\"name\":\"mduch\",\"image\":{\"@type\":\"ImageObject\",\"inLanguage\":\"ca\",\"@id\":\"https:\\\/\\\/secure.gravatar.com\\\/avatar\\\/678f8dc5592155106183c2dba5a10542029cee6b53d56fa163cb5ba0b4db9386?s=96&d=mm&r=g\",\"url\":\"https:\\\/\\\/secure.gravatar.com\\\/avatar\\\/678f8dc5592155106183c2dba5a10542029cee6b53d56fa163cb5ba0b4db9386?s=96&d=mm&r=g\",\"contentUrl\":\"https:\\\/\\\/secure.gravatar.com\\\/avatar\\\/678f8dc5592155106183c2dba5a10542029cee6b53d56fa163cb5ba0b4db9386?s=96&d=mm&r=g\",\"caption\":\"mduch\"},\"url\":\"https:\\\/\\\/fundesplai.org\\\/compartir\\\/author\\\/mduch\\\/\"}]}<\/script>\n<!-- \/ Yoast SEO plugin. -->","yoast_head_json":{"title":"Jove R\u00e0dio Nus F.M - Compartir","robots":{"index":"index","follow":"follow","max-snippet":"max-snippet:-1","max-image-preview":"max-image-preview:large","max-video-preview":"max-video-preview:-1"},"canonical":"https:\/\/fundesplai.org\/compartir\/2006\/03\/15\/jove-radio-nus-f-m\/","og_locale":"ca_ES","og_type":"article","og_title":"Jove R\u00e0dio Nus F.M - Compartir","og_description":"El projecte de muntar una r\u00e0dio per internet sorgeix durant el curs 2004\/2005 fruit de la iniciativa, la motivaci\u00f3 i els desitjos dels i les joves de l\u2019entitat. Els i les joves de l\u2019esplai van proposar l\u2019elaboraci\u00f3 d\u2019un projecte per a la creaci\u00f3 d\u2019un espai on poder iniciar-se en el tema de la radiodifusi\u00f3. Volien [&hellip;]","og_url":"https:\/\/fundesplai.org\/compartir\/2006\/03\/15\/jove-radio-nus-f-m\/","og_site_name":"Compartir","article_published_time":"2006-03-15T10:02:23+00:00","article_modified_time":"2024-01-17T11:40:32+00:00","og_image":[{"width":1888,"height":900,"url":"https:\/\/fundesplai.org\/compartir\/wp-content\/uploads\/sites\/9\/2024\/01\/Jove-Radio-Nus-FM.jpg","type":"image\/jpeg"}],"author":"mduch","twitter_card":"summary_large_image","twitter_misc":{"Escrit per":"mduch","Temps estimat de lectura":"3 minuts"},"schema":{"@context":"https:\/\/schema.org","@graph":[{"@type":"Article","@id":"https:\/\/fundesplai.org\/compartir\/2006\/03\/15\/jove-radio-nus-f-m\/#article","isPartOf":{"@id":"https:\/\/fundesplai.org\/compartir\/2006\/03\/15\/jove-radio-nus-f-m\/"},"author":{"name":"mduch","@id":"https:\/\/fundesplai.org\/compartir\/#\/schema\/person\/16ccf8808d71dcf9af39e5029a7eb7be"},"headline":"Jove R\u00e0dio Nus F.M","datePublished":"2006-03-15T10:02:23+00:00","dateModified":"2024-01-17T11:40:32+00:00","mainEntityOfPage":{"@id":"https:\/\/fundesplai.org\/compartir\/2006\/03\/15\/jove-radio-nus-f-m\/"},"wordCount":503,"image":{"@id":"https:\/\/fundesplai.org\/compartir\/2006\/03\/15\/jove-radio-nus-f-m\/#primaryimage"},"thumbnailUrl":"https:\/\/fundesplai.org\/compartir\/wp-content\/uploads\/sites\/9\/2024\/01\/Jove-Radio-Nus-FM.jpg","articleSection":["General"],"inLanguage":"ca"},{"@type":"WebPage","@id":"https:\/\/fundesplai.org\/compartir\/2006\/03\/15\/jove-radio-nus-f-m\/","url":"https:\/\/fundesplai.org\/compartir\/2006\/03\/15\/jove-radio-nus-f-m\/","name":"Jove R\u00e0dio Nus F.M - Compartir","isPartOf":{"@id":"https:\/\/fundesplai.org\/compartir\/#website"},"primaryImageOfPage":{"@id":"https:\/\/fundesplai.org\/compartir\/2006\/03\/15\/jove-radio-nus-f-m\/#primaryimage"},"image":{"@id":"https:\/\/fundesplai.org\/compartir\/2006\/03\/15\/jove-radio-nus-f-m\/#primaryimage"},"thumbnailUrl":"https:\/\/fundesplai.org\/compartir\/wp-content\/uploads\/sites\/9\/2024\/01\/Jove-Radio-Nus-FM.jpg","datePublished":"2006-03-15T10:02:23+00:00","dateModified":"2024-01-17T11:40:32+00:00","author":{"@id":"https:\/\/fundesplai.org\/compartir\/#\/schema\/person\/16ccf8808d71dcf9af39e5029a7eb7be"},"breadcrumb":{"@id":"https:\/\/fundesplai.org\/compartir\/2006\/03\/15\/jove-radio-nus-f-m\/#breadcrumb"},"inLanguage":"ca","potentialAction":[{"@type":"ReadAction","target":["https:\/\/fundesplai.org\/compartir\/2006\/03\/15\/jove-radio-nus-f-m\/"]}]},{"@type":"ImageObject","inLanguage":"ca","@id":"https:\/\/fundesplai.org\/compartir\/2006\/03\/15\/jove-radio-nus-f-m\/#primaryimage","url":"https:\/\/fundesplai.org\/compartir\/wp-content\/uploads\/sites\/9\/2024\/01\/Jove-Radio-Nus-FM.jpg","contentUrl":"https:\/\/fundesplai.org\/compartir\/wp-content\/uploads\/sites\/9\/2024\/01\/Jove-Radio-Nus-FM.jpg","width":1888,"height":900},{"@type":"BreadcrumbList","@id":"https:\/\/fundesplai.org\/compartir\/2006\/03\/15\/jove-radio-nus-f-m\/#breadcrumb","itemListElement":[{"@type":"ListItem","position":1,"name":"Inici","item":"\/"},{"@type":"ListItem","position":2,"name":"Compartir","item":"https:\/\/fundesplai.org\/compartir"},{"@type":"ListItem","position":3,"name":"Jove R\u00e0dio Nus F.M"}]},{"@type":"WebSite","@id":"https:\/\/fundesplai.org\/compartir\/#website","url":"https:\/\/fundesplai.org\/compartir\/","name":"Compartir","description":"Proposta educativa de Fundesplai","potentialAction":[{"@type":"SearchAction","target":{"@type":"EntryPoint","urlTemplate":"https:\/\/fundesplai.org\/compartir\/?s={search_term_string}"},"query-input":{"@type":"PropertyValueSpecification","valueRequired":true,"valueName":"search_term_string"}}],"inLanguage":"ca"},{"@type":"Person","@id":"https:\/\/fundesplai.org\/compartir\/#\/schema\/person\/16ccf8808d71dcf9af39e5029a7eb7be","name":"mduch","image":{"@type":"ImageObject","inLanguage":"ca","@id":"https:\/\/secure.gravatar.com\/avatar\/678f8dc5592155106183c2dba5a10542029cee6b53d56fa163cb5ba0b4db9386?s=96&d=mm&r=g","url":"https:\/\/secure.gravatar.com\/avatar\/678f8dc5592155106183c2dba5a10542029cee6b53d56fa163cb5ba0b4db9386?s=96&d=mm&r=g","contentUrl":"https:\/\/secure.gravatar.com\/avatar\/678f8dc5592155106183c2dba5a10542029cee6b53d56fa163cb5ba0b4db9386?s=96&d=mm&r=g","caption":"mduch"},"url":"https:\/\/fundesplai.org\/compartir\/author\/mduch\/"}]}},"_links":{"self":[{"href":"https:\/\/fundesplai.org\/compartir\/wp-json\/wp\/v2\/posts\/295","targetHints":{"allow":["GET"]}}],"collection":[{"href":"https:\/\/fundesplai.org\/compartir\/wp-json\/wp\/v2\/posts"}],"about":[{"href":"https:\/\/fundesplai.org\/compartir\/wp-json\/wp\/v2\/types\/post"}],"author":[{"embeddable":true,"href":"https:\/\/fundesplai.org\/compartir\/wp-json\/wp\/v2\/users\/26"}],"replies":[{"embeddable":true,"href":"https:\/\/fundesplai.org\/compartir\/wp-json\/wp\/v2\/comments?post=295"}],"version-history":[{"count":5,"href":"https:\/\/fundesplai.org\/compartir\/wp-json\/wp\/v2\/posts\/295\/revisions"}],"predecessor-version":[{"id":385,"href":"https:\/\/fundesplai.org\/compartir\/wp-json\/wp\/v2\/posts\/295\/revisions\/385"}],"wp:featuredmedia":[{"embeddable":true,"href":"https:\/\/fundesplai.org\/compartir\/wp-json\/wp\/v2\/media\/298"}],"wp:attachment":[{"href":"https:\/\/fundesplai.org\/compartir\/wp-json\/wp\/v2\/media?parent=295"}],"wp:term":[{"taxonomy":"category","embeddable":true,"href":"https:\/\/fundesplai.org\/compartir\/wp-json\/wp\/v2\/categories?post=295"},{"taxonomy":"post_tag","embeddable":true,"href":"https:\/\/fundesplai.org\/compartir\/wp-json\/wp\/v2\/tags?post=295"}],"curies":[{"name":"wp","href":"https:\/\/api.w.org\/{rel}","templated":true}]}}