{"id":290,"date":"2006-04-15T10:53:43","date_gmt":"2006-04-15T08:53:43","guid":{"rendered":"https:\/\/fundesplai.org\/compartir\/?p=290"},"modified":"2024-01-17T12:38:34","modified_gmt":"2024-01-17T11:38:34","slug":"contes-per-radio","status":"publish","type":"post","link":"https:\/\/fundesplai.org\/compartir\/2006\/04\/15\/contes-per-radio\/","title":{"rendered":"Contes per R\u00e0dio"},"content":{"rendered":"<p>[et_pb_section fb_built=&#8221;1&#8243; _builder_version=&#8221;4.21.0&#8243; _module_preset=&#8221;default&#8221; global_colors_info=&#8221;{}&#8221;][et_pb_row _builder_version=&#8221;4.21.0&#8243; _module_preset=&#8221;default&#8221; global_colors_info=&#8221;{}&#8221;][et_pb_column type=&#8221;4_4&#8243; _builder_version=&#8221;4.21.0&#8243; _module_preset=&#8221;default&#8221; global_colors_info=&#8221;{}&#8221;][et_pb_text _builder_version=&#8221;4.21.0&#8243; _module_preset=&#8221;default&#8221; global_colors_info=&#8221;{}&#8221;]<\/p>\n<p>Salut, r\u00e0dio i participaci\u00f3 van ser els tres eixos b\u00e0sics d\u2019una iniciativa pedag\u00f2gica que va portar les hist\u00f2ries dels Contes per conversar al programa Patim, Patam, Patum de Catalunya Cultura durant el mes de juliol 2003. Aquest projecte \u00e9s un dels recursos pedag\u00f2gics de l\u2019Aventura de la Vida, el programa de promoci\u00f3 de la salut i prevenci\u00f3 de les drogodepend\u00e8ncies que impulsen la Direcci\u00f3 General de Drogodepend\u00e8ncies i Sida de la Generalitat i la Fundaci\u00f3 Catalana de l\u2019Esplai.<\/p>\n<p>En aquesta primera iniciativa van participar tres casals: un de l\u2019Hospitalet de Llobregat (CE Pubilla Cases-Can Vidalet), dos de Barcelona (Casal Jacint Verdaguer i Casal Tres Pins ). En total van anar a la r\u00e0dio 50 nens i nenes, dividits en quatre grups, i que, abans de participar en el programa, havien treballat els continguts als casals fent enquestes, petits reportatges, etc.<\/p>\n<p>Aquesta experi\u00e8ncia ha suposat un doble benefici pedag\u00f2gic per als nens i les nenes, que van poder treballar els continguts que promou el programa de l\u2019Aventura de la Vida a m\u00e9s de familiaritzar-se amb un mitj\u00e0 de comunicaci\u00f3 com la r\u00e0dio, on es fomenta el desenvolupament d\u2019actituds de participaci\u00f3, respecte i toler\u00e0ncia. El programa Patim, Patam, Patum, dirigit per Carme Canet, va obrir un espai dins del programa per parlar de salut des dels infants.<\/p>\n<p>Participar en el programa de r\u00e0dio va suposar la cloenda d\u2019un treball previ fet al casal on el grup triava pr\u00e8viament un tema de salut. Debatia, s\u2019informava, contrastava l&#8217;opini\u00f3 dels ve\u00efns i elaborava conclusions i propostes. Tamb\u00e9 havia de decidir els cinc infants del casal que exercien de representants de tot el grup a l\u2019emissi\u00f3 en directe.<\/p>\n<p>A partir d\u2019aquesta primera experi\u00e8ncia, s\u2019han anat desenvolupant diverses iniciatives vinculades a l\u2019Aventura de la Vida amb l\u2019objectiu de concretar la realitzaci\u00f3 d\u2019activitats interdisciplin\u00e0ries al barri, amb els infants com a protagonistes, amb interrelaci\u00f3 amb diversos agents socials. Les experi\u00e8ncies m\u00e9s recents s\u2019ha realitzat a la ciutat de Tarragona i al municipi de Vilassar de Dalt i Tordera.<\/p>\n<p><strong>Serveis d&#8217;Esplai<\/strong><\/p>\n<p><strong>Quin \u00e9s el servei?<\/strong> Difusi\u00f3 de missatges de salut a trav\u00e9s de la r\u00e0dio. Els infants es converteixen en &#8220;promotors de la salut&#8221; al seu territori.<\/p>\n<p><strong>Quins s\u00f3n els aprenentatges?<\/strong> Desenvolupar habilitats comunicatives: expressar opinions, sentiments, elaboraci\u00f3 de missatges. Incorporar la conversa com a eina d&#8217;intercanvi i comunicaci\u00f3. Responsabilitzar-se davant la comunitat en la construcci\u00f3 d&#8217;entorns m\u00e9s saludables aportant les seves pr\u00f2pies conclusions.<\/p>\n<p>[\/et_pb_text][et_pb_button _builder_version=&#8221;4.21.0&#8243; _module_preset=&#8221;default&#8221; button_text=&#8221;V\u00e9s a la p\u00e0gina d&#8217;inici de la proposta&#8221; button_url=&#8221;https:\/\/fundesplai.org\/compartir\/&#8221; button_alignment=&#8221;center&#8221; custom_margin=&#8221;30px||50px||false|false&#8221; hover_enabled=&#8221;0&#8243; sticky_enabled=&#8221;0&#8243;][\/et_pb_button][\/et_pb_column][\/et_pb_row][\/et_pb_section]<\/p>\n","protected":false},"excerpt":{"rendered":"<p>Salut, r\u00e0dio i participaci\u00f3 van ser els tres eixos b\u00e0sics d\u2019una iniciativa pedag\u00f2gica que va portar les hist\u00f2ries dels Contes per conversar al programa Patim, Patam, Patum de Catalunya Cultura durant el mes de juliol 2003. Aquest projecte \u00e9s un dels recursos pedag\u00f2gics de l\u2019Aventura de la Vida, el programa de promoci\u00f3 de la salut [&hellip;]<\/p>\n","protected":false},"author":26,"featured_media":293,"comment_status":"closed","ping_status":"closed","sticky":false,"template":"","format":"standard","meta":{"_et_pb_use_builder":"on","_et_pb_old_content":"","_et_gb_content_width":"","footnotes":""},"categories":[1],"tags":[],"class_list":["post-290","post","type-post","status-publish","format-standard","has-post-thumbnail","hentry","category-general"],"yoast_head":"<!-- This site is optimized with the Yoast SEO plugin v27.5 - https:\/\/yoast.com\/product\/yoast-seo-wordpress\/ -->\n<title>Contes per R\u00e0dio - Compartir<\/title>\n<meta name=\"robots\" content=\"index, follow, max-snippet:-1, max-image-preview:large, max-video-preview:-1\" \/>\n<link rel=\"canonical\" href=\"https:\/\/fundesplai.org\/compartir\/2006\/04\/15\/contes-per-radio\/\" \/>\n<meta property=\"og:locale\" content=\"ca_ES\" \/>\n<meta property=\"og:type\" content=\"article\" \/>\n<meta property=\"og:title\" content=\"Contes per R\u00e0dio - Compartir\" \/>\n<meta property=\"og:description\" content=\"Salut, r\u00e0dio i participaci\u00f3 van ser els tres eixos b\u00e0sics d\u2019una iniciativa pedag\u00f2gica que va portar les hist\u00f2ries dels Contes per conversar al programa Patim, Patam, Patum de Catalunya Cultura durant el mes de juliol 2003. Aquest projecte \u00e9s un dels recursos pedag\u00f2gics de l\u2019Aventura de la Vida, el programa de promoci\u00f3 de la salut [&hellip;]\" \/>\n<meta property=\"og:url\" content=\"https:\/\/fundesplai.org\/compartir\/2006\/04\/15\/contes-per-radio\/\" \/>\n<meta property=\"og:site_name\" content=\"Compartir\" \/>\n<meta property=\"article:published_time\" content=\"2006-04-15T08:53:43+00:00\" \/>\n<meta property=\"article:modified_time\" content=\"2024-01-17T11:38:34+00:00\" \/>\n<meta property=\"og:image\" content=\"https:\/\/fundesplai.org\/compartir\/wp-content\/uploads\/sites\/9\/2024\/01\/Contes-per-radio.jpg\" \/>\n\t<meta property=\"og:image:width\" content=\"1888\" \/>\n\t<meta property=\"og:image:height\" content=\"900\" \/>\n\t<meta property=\"og:image:type\" content=\"image\/jpeg\" \/>\n<meta name=\"author\" content=\"mduch\" \/>\n<meta name=\"twitter:card\" content=\"summary_large_image\" \/>\n<meta name=\"twitter:label1\" content=\"Escrit per\" \/>\n\t<meta name=\"twitter:data1\" content=\"mduch\" \/>\n\t<meta name=\"twitter:label2\" content=\"Temps estimat de lectura\" \/>\n\t<meta name=\"twitter:data2\" content=\"3 minuts\" \/>\n<script type=\"application\/ld+json\" class=\"yoast-schema-graph\">{\"@context\":\"https:\\\/\\\/schema.org\",\"@graph\":[{\"@type\":\"Article\",\"@id\":\"https:\\\/\\\/fundesplai.org\\\/compartir\\\/2006\\\/04\\\/15\\\/contes-per-radio\\\/#article\",\"isPartOf\":{\"@id\":\"https:\\\/\\\/fundesplai.org\\\/compartir\\\/2006\\\/04\\\/15\\\/contes-per-radio\\\/\"},\"author\":{\"name\":\"mduch\",\"@id\":\"https:\\\/\\\/fundesplai.org\\\/compartir\\\/#\\\/schema\\\/person\\\/16ccf8808d71dcf9af39e5029a7eb7be\"},\"headline\":\"Contes per R\u00e0dio\",\"datePublished\":\"2006-04-15T08:53:43+00:00\",\"dateModified\":\"2024-01-17T11:38:34+00:00\",\"mainEntityOfPage\":{\"@id\":\"https:\\\/\\\/fundesplai.org\\\/compartir\\\/2006\\\/04\\\/15\\\/contes-per-radio\\\/\"},\"wordCount\":542,\"image\":{\"@id\":\"https:\\\/\\\/fundesplai.org\\\/compartir\\\/2006\\\/04\\\/15\\\/contes-per-radio\\\/#primaryimage\"},\"thumbnailUrl\":\"https:\\\/\\\/fundesplai.org\\\/compartir\\\/wp-content\\\/uploads\\\/sites\\\/9\\\/2024\\\/01\\\/Contes-per-radio.jpg\",\"articleSection\":[\"General\"],\"inLanguage\":\"ca\"},{\"@type\":\"WebPage\",\"@id\":\"https:\\\/\\\/fundesplai.org\\\/compartir\\\/2006\\\/04\\\/15\\\/contes-per-radio\\\/\",\"url\":\"https:\\\/\\\/fundesplai.org\\\/compartir\\\/2006\\\/04\\\/15\\\/contes-per-radio\\\/\",\"name\":\"Contes per R\u00e0dio - Compartir\",\"isPartOf\":{\"@id\":\"https:\\\/\\\/fundesplai.org\\\/compartir\\\/#website\"},\"primaryImageOfPage\":{\"@id\":\"https:\\\/\\\/fundesplai.org\\\/compartir\\\/2006\\\/04\\\/15\\\/contes-per-radio\\\/#primaryimage\"},\"image\":{\"@id\":\"https:\\\/\\\/fundesplai.org\\\/compartir\\\/2006\\\/04\\\/15\\\/contes-per-radio\\\/#primaryimage\"},\"thumbnailUrl\":\"https:\\\/\\\/fundesplai.org\\\/compartir\\\/wp-content\\\/uploads\\\/sites\\\/9\\\/2024\\\/01\\\/Contes-per-radio.jpg\",\"datePublished\":\"2006-04-15T08:53:43+00:00\",\"dateModified\":\"2024-01-17T11:38:34+00:00\",\"author\":{\"@id\":\"https:\\\/\\\/fundesplai.org\\\/compartir\\\/#\\\/schema\\\/person\\\/16ccf8808d71dcf9af39e5029a7eb7be\"},\"breadcrumb\":{\"@id\":\"https:\\\/\\\/fundesplai.org\\\/compartir\\\/2006\\\/04\\\/15\\\/contes-per-radio\\\/#breadcrumb\"},\"inLanguage\":\"ca\",\"potentialAction\":[{\"@type\":\"ReadAction\",\"target\":[\"https:\\\/\\\/fundesplai.org\\\/compartir\\\/2006\\\/04\\\/15\\\/contes-per-radio\\\/\"]}]},{\"@type\":\"ImageObject\",\"inLanguage\":\"ca\",\"@id\":\"https:\\\/\\\/fundesplai.org\\\/compartir\\\/2006\\\/04\\\/15\\\/contes-per-radio\\\/#primaryimage\",\"url\":\"https:\\\/\\\/fundesplai.org\\\/compartir\\\/wp-content\\\/uploads\\\/sites\\\/9\\\/2024\\\/01\\\/Contes-per-radio.jpg\",\"contentUrl\":\"https:\\\/\\\/fundesplai.org\\\/compartir\\\/wp-content\\\/uploads\\\/sites\\\/9\\\/2024\\\/01\\\/Contes-per-radio.jpg\",\"width\":1888,\"height\":900},{\"@type\":\"BreadcrumbList\",\"@id\":\"https:\\\/\\\/fundesplai.org\\\/compartir\\\/2006\\\/04\\\/15\\\/contes-per-radio\\\/#breadcrumb\",\"itemListElement\":[{\"@type\":\"ListItem\",\"position\":1,\"name\":\"Inici\",\"item\":\"\\\/\"},{\"@type\":\"ListItem\",\"position\":2,\"name\":\"Compartir\",\"item\":\"https:\\\/\\\/fundesplai.org\\\/compartir\"},{\"@type\":\"ListItem\",\"position\":3,\"name\":\"Contes per R\u00e0dio\"}]},{\"@type\":\"WebSite\",\"@id\":\"https:\\\/\\\/fundesplai.org\\\/compartir\\\/#website\",\"url\":\"https:\\\/\\\/fundesplai.org\\\/compartir\\\/\",\"name\":\"Compartir\",\"description\":\"Proposta educativa de Fundesplai\",\"potentialAction\":[{\"@type\":\"SearchAction\",\"target\":{\"@type\":\"EntryPoint\",\"urlTemplate\":\"https:\\\/\\\/fundesplai.org\\\/compartir\\\/?s={search_term_string}\"},\"query-input\":{\"@type\":\"PropertyValueSpecification\",\"valueRequired\":true,\"valueName\":\"search_term_string\"}}],\"inLanguage\":\"ca\"},{\"@type\":\"Person\",\"@id\":\"https:\\\/\\\/fundesplai.org\\\/compartir\\\/#\\\/schema\\\/person\\\/16ccf8808d71dcf9af39e5029a7eb7be\",\"name\":\"mduch\",\"image\":{\"@type\":\"ImageObject\",\"inLanguage\":\"ca\",\"@id\":\"https:\\\/\\\/secure.gravatar.com\\\/avatar\\\/678f8dc5592155106183c2dba5a10542029cee6b53d56fa163cb5ba0b4db9386?s=96&d=mm&r=g\",\"url\":\"https:\\\/\\\/secure.gravatar.com\\\/avatar\\\/678f8dc5592155106183c2dba5a10542029cee6b53d56fa163cb5ba0b4db9386?s=96&d=mm&r=g\",\"contentUrl\":\"https:\\\/\\\/secure.gravatar.com\\\/avatar\\\/678f8dc5592155106183c2dba5a10542029cee6b53d56fa163cb5ba0b4db9386?s=96&d=mm&r=g\",\"caption\":\"mduch\"},\"url\":\"https:\\\/\\\/fundesplai.org\\\/compartir\\\/author\\\/mduch\\\/\"}]}<\/script>\n<!-- \/ Yoast SEO plugin. -->","yoast_head_json":{"title":"Contes per R\u00e0dio - Compartir","robots":{"index":"index","follow":"follow","max-snippet":"max-snippet:-1","max-image-preview":"max-image-preview:large","max-video-preview":"max-video-preview:-1"},"canonical":"https:\/\/fundesplai.org\/compartir\/2006\/04\/15\/contes-per-radio\/","og_locale":"ca_ES","og_type":"article","og_title":"Contes per R\u00e0dio - Compartir","og_description":"Salut, r\u00e0dio i participaci\u00f3 van ser els tres eixos b\u00e0sics d\u2019una iniciativa pedag\u00f2gica que va portar les hist\u00f2ries dels Contes per conversar al programa Patim, Patam, Patum de Catalunya Cultura durant el mes de juliol 2003. Aquest projecte \u00e9s un dels recursos pedag\u00f2gics de l\u2019Aventura de la Vida, el programa de promoci\u00f3 de la salut [&hellip;]","og_url":"https:\/\/fundesplai.org\/compartir\/2006\/04\/15\/contes-per-radio\/","og_site_name":"Compartir","article_published_time":"2006-04-15T08:53:43+00:00","article_modified_time":"2024-01-17T11:38:34+00:00","og_image":[{"width":1888,"height":900,"url":"https:\/\/fundesplai.org\/compartir\/wp-content\/uploads\/sites\/9\/2024\/01\/Contes-per-radio.jpg","type":"image\/jpeg"}],"author":"mduch","twitter_card":"summary_large_image","twitter_misc":{"Escrit per":"mduch","Temps estimat de lectura":"3 minuts"},"schema":{"@context":"https:\/\/schema.org","@graph":[{"@type":"Article","@id":"https:\/\/fundesplai.org\/compartir\/2006\/04\/15\/contes-per-radio\/#article","isPartOf":{"@id":"https:\/\/fundesplai.org\/compartir\/2006\/04\/15\/contes-per-radio\/"},"author":{"name":"mduch","@id":"https:\/\/fundesplai.org\/compartir\/#\/schema\/person\/16ccf8808d71dcf9af39e5029a7eb7be"},"headline":"Contes per R\u00e0dio","datePublished":"2006-04-15T08:53:43+00:00","dateModified":"2024-01-17T11:38:34+00:00","mainEntityOfPage":{"@id":"https:\/\/fundesplai.org\/compartir\/2006\/04\/15\/contes-per-radio\/"},"wordCount":542,"image":{"@id":"https:\/\/fundesplai.org\/compartir\/2006\/04\/15\/contes-per-radio\/#primaryimage"},"thumbnailUrl":"https:\/\/fundesplai.org\/compartir\/wp-content\/uploads\/sites\/9\/2024\/01\/Contes-per-radio.jpg","articleSection":["General"],"inLanguage":"ca"},{"@type":"WebPage","@id":"https:\/\/fundesplai.org\/compartir\/2006\/04\/15\/contes-per-radio\/","url":"https:\/\/fundesplai.org\/compartir\/2006\/04\/15\/contes-per-radio\/","name":"Contes per R\u00e0dio - Compartir","isPartOf":{"@id":"https:\/\/fundesplai.org\/compartir\/#website"},"primaryImageOfPage":{"@id":"https:\/\/fundesplai.org\/compartir\/2006\/04\/15\/contes-per-radio\/#primaryimage"},"image":{"@id":"https:\/\/fundesplai.org\/compartir\/2006\/04\/15\/contes-per-radio\/#primaryimage"},"thumbnailUrl":"https:\/\/fundesplai.org\/compartir\/wp-content\/uploads\/sites\/9\/2024\/01\/Contes-per-radio.jpg","datePublished":"2006-04-15T08:53:43+00:00","dateModified":"2024-01-17T11:38:34+00:00","author":{"@id":"https:\/\/fundesplai.org\/compartir\/#\/schema\/person\/16ccf8808d71dcf9af39e5029a7eb7be"},"breadcrumb":{"@id":"https:\/\/fundesplai.org\/compartir\/2006\/04\/15\/contes-per-radio\/#breadcrumb"},"inLanguage":"ca","potentialAction":[{"@type":"ReadAction","target":["https:\/\/fundesplai.org\/compartir\/2006\/04\/15\/contes-per-radio\/"]}]},{"@type":"ImageObject","inLanguage":"ca","@id":"https:\/\/fundesplai.org\/compartir\/2006\/04\/15\/contes-per-radio\/#primaryimage","url":"https:\/\/fundesplai.org\/compartir\/wp-content\/uploads\/sites\/9\/2024\/01\/Contes-per-radio.jpg","contentUrl":"https:\/\/fundesplai.org\/compartir\/wp-content\/uploads\/sites\/9\/2024\/01\/Contes-per-radio.jpg","width":1888,"height":900},{"@type":"BreadcrumbList","@id":"https:\/\/fundesplai.org\/compartir\/2006\/04\/15\/contes-per-radio\/#breadcrumb","itemListElement":[{"@type":"ListItem","position":1,"name":"Inici","item":"\/"},{"@type":"ListItem","position":2,"name":"Compartir","item":"https:\/\/fundesplai.org\/compartir"},{"@type":"ListItem","position":3,"name":"Contes per R\u00e0dio"}]},{"@type":"WebSite","@id":"https:\/\/fundesplai.org\/compartir\/#website","url":"https:\/\/fundesplai.org\/compartir\/","name":"Compartir","description":"Proposta educativa de Fundesplai","potentialAction":[{"@type":"SearchAction","target":{"@type":"EntryPoint","urlTemplate":"https:\/\/fundesplai.org\/compartir\/?s={search_term_string}"},"query-input":{"@type":"PropertyValueSpecification","valueRequired":true,"valueName":"search_term_string"}}],"inLanguage":"ca"},{"@type":"Person","@id":"https:\/\/fundesplai.org\/compartir\/#\/schema\/person\/16ccf8808d71dcf9af39e5029a7eb7be","name":"mduch","image":{"@type":"ImageObject","inLanguage":"ca","@id":"https:\/\/secure.gravatar.com\/avatar\/678f8dc5592155106183c2dba5a10542029cee6b53d56fa163cb5ba0b4db9386?s=96&d=mm&r=g","url":"https:\/\/secure.gravatar.com\/avatar\/678f8dc5592155106183c2dba5a10542029cee6b53d56fa163cb5ba0b4db9386?s=96&d=mm&r=g","contentUrl":"https:\/\/secure.gravatar.com\/avatar\/678f8dc5592155106183c2dba5a10542029cee6b53d56fa163cb5ba0b4db9386?s=96&d=mm&r=g","caption":"mduch"},"url":"https:\/\/fundesplai.org\/compartir\/author\/mduch\/"}]}},"_links":{"self":[{"href":"https:\/\/fundesplai.org\/compartir\/wp-json\/wp\/v2\/posts\/290","targetHints":{"allow":["GET"]}}],"collection":[{"href":"https:\/\/fundesplai.org\/compartir\/wp-json\/wp\/v2\/posts"}],"about":[{"href":"https:\/\/fundesplai.org\/compartir\/wp-json\/wp\/v2\/types\/post"}],"author":[{"embeddable":true,"href":"https:\/\/fundesplai.org\/compartir\/wp-json\/wp\/v2\/users\/26"}],"replies":[{"embeddable":true,"href":"https:\/\/fundesplai.org\/compartir\/wp-json\/wp\/v2\/comments?post=290"}],"version-history":[{"count":4,"href":"https:\/\/fundesplai.org\/compartir\/wp-json\/wp\/v2\/posts\/290\/revisions"}],"predecessor-version":[{"id":381,"href":"https:\/\/fundesplai.org\/compartir\/wp-json\/wp\/v2\/posts\/290\/revisions\/381"}],"wp:featuredmedia":[{"embeddable":true,"href":"https:\/\/fundesplai.org\/compartir\/wp-json\/wp\/v2\/media\/293"}],"wp:attachment":[{"href":"https:\/\/fundesplai.org\/compartir\/wp-json\/wp\/v2\/media?parent=290"}],"wp:term":[{"taxonomy":"category","embeddable":true,"href":"https:\/\/fundesplai.org\/compartir\/wp-json\/wp\/v2\/categories?post=290"},{"taxonomy":"post_tag","embeddable":true,"href":"https:\/\/fundesplai.org\/compartir\/wp-json\/wp\/v2\/tags?post=290"}],"curies":[{"name":"wp","href":"https:\/\/api.w.org\/{rel}","templated":true}]}}