{"id":285,"date":"2006-05-15T10:44:10","date_gmt":"2006-05-15T08:44:10","guid":{"rendered":"https:\/\/fundesplai.org\/compartir\/?p=285"},"modified":"2024-01-17T12:37:16","modified_gmt":"2024-01-17T11:37:16","slug":"ruta-dels-molins-fariners","status":"publish","type":"post","link":"https:\/\/fundesplai.org\/compartir\/2006\/05\/15\/ruta-dels-molins-fariners\/","title":{"rendered":"Ruta dels molins fariners"},"content":{"rendered":"<p>[et_pb_section fb_built=&#8221;1&#8243; _builder_version=&#8221;4.21.0&#8243; _module_preset=&#8221;default&#8221; global_colors_info=&#8221;{}&#8221;][et_pb_row _builder_version=&#8221;4.21.0&#8243; _module_preset=&#8221;default&#8221; global_colors_info=&#8221;{}&#8221;][et_pb_column type=&#8221;4_4&#8243; _builder_version=&#8221;4.21.0&#8243; _module_preset=&#8221;default&#8221; global_colors_info=&#8221;{}&#8221;][et_pb_text _builder_version=&#8221;4.21.0&#8243; _module_preset=&#8221;default&#8221; global_colors_info=&#8221;{}&#8221;]<\/p>\n<p>A finals del mes de juliol de 1994, l&#8217;Associaci\u00f3 Catalana Cases de Col\u00f2nies juntament amb l&#8217;<a href=\"https:\/\/www.calldetenes.cat\/\">Ajuntament de Calldetenes<\/a> organitzaren el primer camp de treball al mol\u00ed de la Calvaria d&#8217;aquest municipi i s\u2019inaugurava, amb ell, la Ruta dels Molins Fariners. El camp de treball tenia, doncs, dos grans objectius de recuperaci\u00f3 del patrimoni: la recuperaci\u00f3 del mol\u00ed i la recuperaci\u00f3 del cam\u00ed que, tot resseguint la riera de Sant Mart\u00ed, enlla\u00e7a sis vells molins per basses, ponts, rescloses, recs i caminois, convertint-lo en una ruta tur\u00edstica.<\/p>\n<p>Amb els anys, els participants dels camps de treball han arranjat i desvetllat l\u2019ombr\u00edvol cam\u00ed que ressegueix la petita riera, els ponts, les escales i les baranes. S\u2019han refet enrunades i perdudes fonts, s\u2019han constru\u00eft bancs, i s\u2019han reconstru\u00eft les petites rescloses que emmagatzemaven l\u2019aigua i la derivaven per canals cap als molins fariners. La restauraci\u00f3 de l\u2019interior del mol\u00ed de la Calvaria ha fet possible que, despr\u00e9s de molts anys, pugui tornar a funcionar.<\/p>\n<p>Actualment el projecte continua amb el cam\u00ed de retorn, que passa per un conjunt de masos, masies i camps de conreu de tota mena, aturant-se a tres ermites rom\u00e0niques. Els darrers camps de treball s\u2019encaminen, doncs, a recuperar els entorns d\u2019aquestes ermites i a obrir de nou una segona ruta: la Ruta del Rom\u00e0nic.<\/p>\n<p>Aquesta experi\u00e8ncia educativa d&#8217;Aprenentatge-servei est\u00e0 adre\u00e7ada a adolescents de 15 a 17 anys, es repeteix en un o dos torns de 25 joves cada estiu i es duu a terme amb la cooperaci\u00f3 de tres agents: l&#8217;Ajuntament de Calldetenes deixa el terreny d&#8217;acampada; l&#8217;acondicia amb llum i aigua; facilita despla\u00e7aments i materials t\u00e8cnics, i posa un o dos membres de la brigada municipal com a personal t\u00e8cnic a disposici\u00f3 dels joves i els monitors. La Generalitat subvenciona el camp de treball, facilita les tendes i alguns materials t\u00e8cnics i d\u00f3na publicitat. Cases de Col\u00f2nies posa l&#8217;equip de monitors\/es i educadors\/es ambientals; organitza, gestiona i coordina pedag\u00f2gicament el camp de treball.<\/p>\n<p><strong>Cases de Col\u00f2nies de Fundesplai<br \/><\/strong><\/p>\n<p><strong>Quin \u00e9s el servei?<\/strong> Recuperaci\u00f3 del patrimoni i hist\u00f2ria de Calldetenes, creant nous espais de passejades i esbarjo per a la seva poblaci\u00f3 i un recurs d&#8217;atractiu tur\u00edstic per als vianants.<\/p>\n<p><strong>Quins s\u00f3n els aprenentatges? <\/strong>Desenvolupar t\u00e8cniques i habilitats f\u00edsiques: maneig d&#8217;eines (escarpa, martell, desbrossadora&#8230;), feina de paleta i manipulaci\u00f3 de materials de construcci\u00f3, enfortiment f\u00edsic&#8230; Con\u00e8ixer la hist\u00f2ria, cultura i tecnologia relativa als processos d&#8217;industrialitzaci\u00f3, al medi ambient, al rom\u00e0nic&#8230; Aprofundir en actituds i valors com el treball en equip, conviv\u00e8ncia, esfor\u00e7 i superaci\u00f3 personal, toler\u00e0ncia a les frustracions, autocontrol&#8230;<\/p>\n<p>[\/et_pb_text][et_pb_button _builder_version=&#8221;4.21.0&#8243; _module_preset=&#8221;default&#8221; button_text=&#8221;V\u00e9s a la p\u00e0gina d&#8217;inici de la proposta&#8221; button_url=&#8221;https:\/\/fundesplai.org\/compartir\/&#8221; button_alignment=&#8221;center&#8221; custom_margin=&#8221;30px||50px||false|false&#8221; hover_enabled=&#8221;0&#8243; sticky_enabled=&#8221;0&#8243;][\/et_pb_button][\/et_pb_column][\/et_pb_row][\/et_pb_section]<\/p>\n","protected":false},"excerpt":{"rendered":"<p>A finals del mes de juliol de 1994, l&#8217;Associaci\u00f3 Catalana Cases de Col\u00f2nies juntament amb l&#8217;Ajuntament de Calldetenes organitzaren el primer camp de treball al mol\u00ed de la Calvaria d&#8217;aquest municipi i s\u2019inaugurava, amb ell, la Ruta dels Molins Fariners. El camp de treball tenia, doncs, dos grans objectius de recuperaci\u00f3 del patrimoni: la recuperaci\u00f3 [&hellip;]<\/p>\n","protected":false},"author":26,"featured_media":288,"comment_status":"closed","ping_status":"closed","sticky":false,"template":"","format":"standard","meta":{"_et_pb_use_builder":"on","_et_pb_old_content":"","_et_gb_content_width":"","footnotes":""},"categories":[1],"tags":[],"class_list":["post-285","post","type-post","status-publish","format-standard","has-post-thumbnail","hentry","category-general"],"yoast_head":"<!-- This site is optimized with the Yoast SEO plugin v27.5 - https:\/\/yoast.com\/product\/yoast-seo-wordpress\/ -->\n<title>Ruta dels molins fariners - Compartir<\/title>\n<meta name=\"robots\" content=\"index, follow, max-snippet:-1, max-image-preview:large, max-video-preview:-1\" \/>\n<link rel=\"canonical\" href=\"https:\/\/fundesplai.org\/compartir\/2006\/05\/15\/ruta-dels-molins-fariners\/\" \/>\n<meta property=\"og:locale\" content=\"ca_ES\" \/>\n<meta property=\"og:type\" content=\"article\" \/>\n<meta property=\"og:title\" content=\"Ruta dels molins fariners - Compartir\" \/>\n<meta property=\"og:description\" content=\"A finals del mes de juliol de 1994, l&#039;Associaci\u00f3 Catalana Cases de Col\u00f2nies juntament amb l&#039;Ajuntament de Calldetenes organitzaren el primer camp de treball al mol\u00ed de la Calvaria d&#039;aquest municipi i s\u2019inaugurava, amb ell, la Ruta dels Molins Fariners. El camp de treball tenia, doncs, dos grans objectius de recuperaci\u00f3 del patrimoni: la recuperaci\u00f3 [&hellip;]\" \/>\n<meta property=\"og:url\" content=\"https:\/\/fundesplai.org\/compartir\/2006\/05\/15\/ruta-dels-molins-fariners\/\" \/>\n<meta property=\"og:site_name\" content=\"Compartir\" \/>\n<meta property=\"article:published_time\" content=\"2006-05-15T08:44:10+00:00\" \/>\n<meta property=\"article:modified_time\" content=\"2024-01-17T11:37:16+00:00\" \/>\n<meta property=\"og:image\" content=\"https:\/\/fundesplai.org\/compartir\/wp-content\/uploads\/sites\/9\/2024\/01\/Ruta-dels-molins-fariners.jpg\" \/>\n\t<meta property=\"og:image:width\" content=\"1888\" \/>\n\t<meta property=\"og:image:height\" content=\"900\" \/>\n\t<meta property=\"og:image:type\" content=\"image\/jpeg\" \/>\n<meta name=\"author\" content=\"mduch\" \/>\n<meta name=\"twitter:card\" content=\"summary_large_image\" \/>\n<meta name=\"twitter:label1\" content=\"Escrit per\" \/>\n\t<meta name=\"twitter:data1\" content=\"mduch\" \/>\n\t<meta name=\"twitter:label2\" content=\"Temps estimat de lectura\" \/>\n\t<meta name=\"twitter:data2\" content=\"3 minuts\" \/>\n<script type=\"application\/ld+json\" class=\"yoast-schema-graph\">{\"@context\":\"https:\\\/\\\/schema.org\",\"@graph\":[{\"@type\":\"Article\",\"@id\":\"https:\\\/\\\/fundesplai.org\\\/compartir\\\/2006\\\/05\\\/15\\\/ruta-dels-molins-fariners\\\/#article\",\"isPartOf\":{\"@id\":\"https:\\\/\\\/fundesplai.org\\\/compartir\\\/2006\\\/05\\\/15\\\/ruta-dels-molins-fariners\\\/\"},\"author\":{\"name\":\"mduch\",\"@id\":\"https:\\\/\\\/fundesplai.org\\\/compartir\\\/#\\\/schema\\\/person\\\/16ccf8808d71dcf9af39e5029a7eb7be\"},\"headline\":\"Ruta dels molins fariners\",\"datePublished\":\"2006-05-15T08:44:10+00:00\",\"dateModified\":\"2024-01-17T11:37:16+00:00\",\"mainEntityOfPage\":{\"@id\":\"https:\\\/\\\/fundesplai.org\\\/compartir\\\/2006\\\/05\\\/15\\\/ruta-dels-molins-fariners\\\/\"},\"wordCount\":575,\"image\":{\"@id\":\"https:\\\/\\\/fundesplai.org\\\/compartir\\\/2006\\\/05\\\/15\\\/ruta-dels-molins-fariners\\\/#primaryimage\"},\"thumbnailUrl\":\"https:\\\/\\\/fundesplai.org\\\/compartir\\\/wp-content\\\/uploads\\\/sites\\\/9\\\/2024\\\/01\\\/Ruta-dels-molins-fariners.jpg\",\"articleSection\":[\"General\"],\"inLanguage\":\"ca\"},{\"@type\":\"WebPage\",\"@id\":\"https:\\\/\\\/fundesplai.org\\\/compartir\\\/2006\\\/05\\\/15\\\/ruta-dels-molins-fariners\\\/\",\"url\":\"https:\\\/\\\/fundesplai.org\\\/compartir\\\/2006\\\/05\\\/15\\\/ruta-dels-molins-fariners\\\/\",\"name\":\"Ruta dels molins fariners - Compartir\",\"isPartOf\":{\"@id\":\"https:\\\/\\\/fundesplai.org\\\/compartir\\\/#website\"},\"primaryImageOfPage\":{\"@id\":\"https:\\\/\\\/fundesplai.org\\\/compartir\\\/2006\\\/05\\\/15\\\/ruta-dels-molins-fariners\\\/#primaryimage\"},\"image\":{\"@id\":\"https:\\\/\\\/fundesplai.org\\\/compartir\\\/2006\\\/05\\\/15\\\/ruta-dels-molins-fariners\\\/#primaryimage\"},\"thumbnailUrl\":\"https:\\\/\\\/fundesplai.org\\\/compartir\\\/wp-content\\\/uploads\\\/sites\\\/9\\\/2024\\\/01\\\/Ruta-dels-molins-fariners.jpg\",\"datePublished\":\"2006-05-15T08:44:10+00:00\",\"dateModified\":\"2024-01-17T11:37:16+00:00\",\"author\":{\"@id\":\"https:\\\/\\\/fundesplai.org\\\/compartir\\\/#\\\/schema\\\/person\\\/16ccf8808d71dcf9af39e5029a7eb7be\"},\"breadcrumb\":{\"@id\":\"https:\\\/\\\/fundesplai.org\\\/compartir\\\/2006\\\/05\\\/15\\\/ruta-dels-molins-fariners\\\/#breadcrumb\"},\"inLanguage\":\"ca\",\"potentialAction\":[{\"@type\":\"ReadAction\",\"target\":[\"https:\\\/\\\/fundesplai.org\\\/compartir\\\/2006\\\/05\\\/15\\\/ruta-dels-molins-fariners\\\/\"]}]},{\"@type\":\"ImageObject\",\"inLanguage\":\"ca\",\"@id\":\"https:\\\/\\\/fundesplai.org\\\/compartir\\\/2006\\\/05\\\/15\\\/ruta-dels-molins-fariners\\\/#primaryimage\",\"url\":\"https:\\\/\\\/fundesplai.org\\\/compartir\\\/wp-content\\\/uploads\\\/sites\\\/9\\\/2024\\\/01\\\/Ruta-dels-molins-fariners.jpg\",\"contentUrl\":\"https:\\\/\\\/fundesplai.org\\\/compartir\\\/wp-content\\\/uploads\\\/sites\\\/9\\\/2024\\\/01\\\/Ruta-dels-molins-fariners.jpg\",\"width\":1888,\"height\":900},{\"@type\":\"BreadcrumbList\",\"@id\":\"https:\\\/\\\/fundesplai.org\\\/compartir\\\/2006\\\/05\\\/15\\\/ruta-dels-molins-fariners\\\/#breadcrumb\",\"itemListElement\":[{\"@type\":\"ListItem\",\"position\":1,\"name\":\"Inici\",\"item\":\"\\\/\"},{\"@type\":\"ListItem\",\"position\":2,\"name\":\"Compartir\",\"item\":\"https:\\\/\\\/fundesplai.org\\\/compartir\"},{\"@type\":\"ListItem\",\"position\":3,\"name\":\"Ruta dels molins fariners\"}]},{\"@type\":\"WebSite\",\"@id\":\"https:\\\/\\\/fundesplai.org\\\/compartir\\\/#website\",\"url\":\"https:\\\/\\\/fundesplai.org\\\/compartir\\\/\",\"name\":\"Compartir\",\"description\":\"Proposta educativa de Fundesplai\",\"potentialAction\":[{\"@type\":\"SearchAction\",\"target\":{\"@type\":\"EntryPoint\",\"urlTemplate\":\"https:\\\/\\\/fundesplai.org\\\/compartir\\\/?s={search_term_string}\"},\"query-input\":{\"@type\":\"PropertyValueSpecification\",\"valueRequired\":true,\"valueName\":\"search_term_string\"}}],\"inLanguage\":\"ca\"},{\"@type\":\"Person\",\"@id\":\"https:\\\/\\\/fundesplai.org\\\/compartir\\\/#\\\/schema\\\/person\\\/16ccf8808d71dcf9af39e5029a7eb7be\",\"name\":\"mduch\",\"image\":{\"@type\":\"ImageObject\",\"inLanguage\":\"ca\",\"@id\":\"https:\\\/\\\/secure.gravatar.com\\\/avatar\\\/678f8dc5592155106183c2dba5a10542029cee6b53d56fa163cb5ba0b4db9386?s=96&d=mm&r=g\",\"url\":\"https:\\\/\\\/secure.gravatar.com\\\/avatar\\\/678f8dc5592155106183c2dba5a10542029cee6b53d56fa163cb5ba0b4db9386?s=96&d=mm&r=g\",\"contentUrl\":\"https:\\\/\\\/secure.gravatar.com\\\/avatar\\\/678f8dc5592155106183c2dba5a10542029cee6b53d56fa163cb5ba0b4db9386?s=96&d=mm&r=g\",\"caption\":\"mduch\"},\"url\":\"https:\\\/\\\/fundesplai.org\\\/compartir\\\/author\\\/mduch\\\/\"}]}<\/script>\n<!-- \/ Yoast SEO plugin. -->","yoast_head_json":{"title":"Ruta dels molins fariners - Compartir","robots":{"index":"index","follow":"follow","max-snippet":"max-snippet:-1","max-image-preview":"max-image-preview:large","max-video-preview":"max-video-preview:-1"},"canonical":"https:\/\/fundesplai.org\/compartir\/2006\/05\/15\/ruta-dels-molins-fariners\/","og_locale":"ca_ES","og_type":"article","og_title":"Ruta dels molins fariners - Compartir","og_description":"A finals del mes de juliol de 1994, l'Associaci\u00f3 Catalana Cases de Col\u00f2nies juntament amb l'Ajuntament de Calldetenes organitzaren el primer camp de treball al mol\u00ed de la Calvaria d'aquest municipi i s\u2019inaugurava, amb ell, la Ruta dels Molins Fariners. El camp de treball tenia, doncs, dos grans objectius de recuperaci\u00f3 del patrimoni: la recuperaci\u00f3 [&hellip;]","og_url":"https:\/\/fundesplai.org\/compartir\/2006\/05\/15\/ruta-dels-molins-fariners\/","og_site_name":"Compartir","article_published_time":"2006-05-15T08:44:10+00:00","article_modified_time":"2024-01-17T11:37:16+00:00","og_image":[{"width":1888,"height":900,"url":"https:\/\/fundesplai.org\/compartir\/wp-content\/uploads\/sites\/9\/2024\/01\/Ruta-dels-molins-fariners.jpg","type":"image\/jpeg"}],"author":"mduch","twitter_card":"summary_large_image","twitter_misc":{"Escrit per":"mduch","Temps estimat de lectura":"3 minuts"},"schema":{"@context":"https:\/\/schema.org","@graph":[{"@type":"Article","@id":"https:\/\/fundesplai.org\/compartir\/2006\/05\/15\/ruta-dels-molins-fariners\/#article","isPartOf":{"@id":"https:\/\/fundesplai.org\/compartir\/2006\/05\/15\/ruta-dels-molins-fariners\/"},"author":{"name":"mduch","@id":"https:\/\/fundesplai.org\/compartir\/#\/schema\/person\/16ccf8808d71dcf9af39e5029a7eb7be"},"headline":"Ruta dels molins fariners","datePublished":"2006-05-15T08:44:10+00:00","dateModified":"2024-01-17T11:37:16+00:00","mainEntityOfPage":{"@id":"https:\/\/fundesplai.org\/compartir\/2006\/05\/15\/ruta-dels-molins-fariners\/"},"wordCount":575,"image":{"@id":"https:\/\/fundesplai.org\/compartir\/2006\/05\/15\/ruta-dels-molins-fariners\/#primaryimage"},"thumbnailUrl":"https:\/\/fundesplai.org\/compartir\/wp-content\/uploads\/sites\/9\/2024\/01\/Ruta-dels-molins-fariners.jpg","articleSection":["General"],"inLanguage":"ca"},{"@type":"WebPage","@id":"https:\/\/fundesplai.org\/compartir\/2006\/05\/15\/ruta-dels-molins-fariners\/","url":"https:\/\/fundesplai.org\/compartir\/2006\/05\/15\/ruta-dels-molins-fariners\/","name":"Ruta dels molins fariners - Compartir","isPartOf":{"@id":"https:\/\/fundesplai.org\/compartir\/#website"},"primaryImageOfPage":{"@id":"https:\/\/fundesplai.org\/compartir\/2006\/05\/15\/ruta-dels-molins-fariners\/#primaryimage"},"image":{"@id":"https:\/\/fundesplai.org\/compartir\/2006\/05\/15\/ruta-dels-molins-fariners\/#primaryimage"},"thumbnailUrl":"https:\/\/fundesplai.org\/compartir\/wp-content\/uploads\/sites\/9\/2024\/01\/Ruta-dels-molins-fariners.jpg","datePublished":"2006-05-15T08:44:10+00:00","dateModified":"2024-01-17T11:37:16+00:00","author":{"@id":"https:\/\/fundesplai.org\/compartir\/#\/schema\/person\/16ccf8808d71dcf9af39e5029a7eb7be"},"breadcrumb":{"@id":"https:\/\/fundesplai.org\/compartir\/2006\/05\/15\/ruta-dels-molins-fariners\/#breadcrumb"},"inLanguage":"ca","potentialAction":[{"@type":"ReadAction","target":["https:\/\/fundesplai.org\/compartir\/2006\/05\/15\/ruta-dels-molins-fariners\/"]}]},{"@type":"ImageObject","inLanguage":"ca","@id":"https:\/\/fundesplai.org\/compartir\/2006\/05\/15\/ruta-dels-molins-fariners\/#primaryimage","url":"https:\/\/fundesplai.org\/compartir\/wp-content\/uploads\/sites\/9\/2024\/01\/Ruta-dels-molins-fariners.jpg","contentUrl":"https:\/\/fundesplai.org\/compartir\/wp-content\/uploads\/sites\/9\/2024\/01\/Ruta-dels-molins-fariners.jpg","width":1888,"height":900},{"@type":"BreadcrumbList","@id":"https:\/\/fundesplai.org\/compartir\/2006\/05\/15\/ruta-dels-molins-fariners\/#breadcrumb","itemListElement":[{"@type":"ListItem","position":1,"name":"Inici","item":"\/"},{"@type":"ListItem","position":2,"name":"Compartir","item":"https:\/\/fundesplai.org\/compartir"},{"@type":"ListItem","position":3,"name":"Ruta dels molins fariners"}]},{"@type":"WebSite","@id":"https:\/\/fundesplai.org\/compartir\/#website","url":"https:\/\/fundesplai.org\/compartir\/","name":"Compartir","description":"Proposta educativa de Fundesplai","potentialAction":[{"@type":"SearchAction","target":{"@type":"EntryPoint","urlTemplate":"https:\/\/fundesplai.org\/compartir\/?s={search_term_string}"},"query-input":{"@type":"PropertyValueSpecification","valueRequired":true,"valueName":"search_term_string"}}],"inLanguage":"ca"},{"@type":"Person","@id":"https:\/\/fundesplai.org\/compartir\/#\/schema\/person\/16ccf8808d71dcf9af39e5029a7eb7be","name":"mduch","image":{"@type":"ImageObject","inLanguage":"ca","@id":"https:\/\/secure.gravatar.com\/avatar\/678f8dc5592155106183c2dba5a10542029cee6b53d56fa163cb5ba0b4db9386?s=96&d=mm&r=g","url":"https:\/\/secure.gravatar.com\/avatar\/678f8dc5592155106183c2dba5a10542029cee6b53d56fa163cb5ba0b4db9386?s=96&d=mm&r=g","contentUrl":"https:\/\/secure.gravatar.com\/avatar\/678f8dc5592155106183c2dba5a10542029cee6b53d56fa163cb5ba0b4db9386?s=96&d=mm&r=g","caption":"mduch"},"url":"https:\/\/fundesplai.org\/compartir\/author\/mduch\/"}]}},"_links":{"self":[{"href":"https:\/\/fundesplai.org\/compartir\/wp-json\/wp\/v2\/posts\/285","targetHints":{"allow":["GET"]}}],"collection":[{"href":"https:\/\/fundesplai.org\/compartir\/wp-json\/wp\/v2\/posts"}],"about":[{"href":"https:\/\/fundesplai.org\/compartir\/wp-json\/wp\/v2\/types\/post"}],"author":[{"embeddable":true,"href":"https:\/\/fundesplai.org\/compartir\/wp-json\/wp\/v2\/users\/26"}],"replies":[{"embeddable":true,"href":"https:\/\/fundesplai.org\/compartir\/wp-json\/wp\/v2\/comments?post=285"}],"version-history":[{"count":4,"href":"https:\/\/fundesplai.org\/compartir\/wp-json\/wp\/v2\/posts\/285\/revisions"}],"predecessor-version":[{"id":379,"href":"https:\/\/fundesplai.org\/compartir\/wp-json\/wp\/v2\/posts\/285\/revisions\/379"}],"wp:featuredmedia":[{"embeddable":true,"href":"https:\/\/fundesplai.org\/compartir\/wp-json\/wp\/v2\/media\/288"}],"wp:attachment":[{"href":"https:\/\/fundesplai.org\/compartir\/wp-json\/wp\/v2\/media?parent=285"}],"wp:term":[{"taxonomy":"category","embeddable":true,"href":"https:\/\/fundesplai.org\/compartir\/wp-json\/wp\/v2\/categories?post=285"},{"taxonomy":"post_tag","embeddable":true,"href":"https:\/\/fundesplai.org\/compartir\/wp-json\/wp\/v2\/tags?post=285"}],"curies":[{"name":"wp","href":"https:\/\/api.w.org\/{rel}","templated":true}]}}