{"id":275,"date":"2006-07-12T11:44:15","date_gmt":"2006-07-12T09:44:15","guid":{"rendered":"https:\/\/fundesplai.org\/compartir\/?p=275"},"modified":"2024-01-17T12:30:16","modified_gmt":"2024-01-17T11:30:16","slug":"cantada-de-nadales-amb-els-avis","status":"publish","type":"post","link":"https:\/\/fundesplai.org\/compartir\/2006\/07\/12\/cantada-de-nadales-amb-els-avis\/","title":{"rendered":"Cantada de Nadales amb els avis i \u00e0vies"},"content":{"rendered":"<p>[et_pb_section fb_built=&#8221;1&#8243; _builder_version=&#8221;4.21.0&#8243; _module_preset=&#8221;default&#8221; global_colors_info=&#8221;{}&#8221;][et_pb_row _builder_version=&#8221;4.21.0&#8243; _module_preset=&#8221;default&#8221; global_colors_info=&#8221;{}&#8221;][et_pb_column type=&#8221;4_4&#8243; _builder_version=&#8221;4.21.0&#8243; _module_preset=&#8221;default&#8221; global_colors_info=&#8221;{}&#8221;][et_pb_text _builder_version=&#8221;4.21.0&#8243; _module_preset=&#8221;default&#8221; global_colors_info=&#8221;{}&#8221;]<\/p>\n<p>Quan s\u2019acosta el Nadal, els nois i noies de 12 a 14 anys engeguen un projecte solidari amb una resid\u00e8ncia d\u2019avis\/es. Es tracta de compartir amb ells, el dia 24 de desembre, una vetllada basada en la cantada de Nadales.<\/p>\n<p>En una ocasi\u00f3, aquesta experi\u00e8ncia, per\u00f2, va tenir un mal resultat. Els avis\/es de la resid\u00e8ncia eren persones amb greus d\u00e8ficits comunicatius i d\u2019autonomia i l\u2019activitat no va reeixir. Els nois i noies van quedar molt desanimats.<\/p>\n<p>Enguany, la coordinaci\u00f3 amb una altra resid\u00e8ncia ha perm\u00e8s donar un gir al projecte. Pr\u00e8viament els nois i noies han elaborat un can\u00e7oner amb can\u00e7ons conegudes per tots (avis\/es i joves) i tots dos col\u00b7lectius les havien d\u2019assajar pel seu compte, per poder-les cantar plegats. A m\u00e9s a m\u00e9s, aquest cop s\u2019ha volgut completar la vetllada amb obsequis. Els i les joves van anar a comprar un ti\u00f3 a la fira de Santa Ll\u00facia i el van regalar als avis\/es.<\/p>\n<p>Un element important ha estat el coneixement directe previ dels avis\/es que tenia la monitora dels joves. Aix\u00f2 ha perm\u00e8s que els i les joves tinguessin amb antelaci\u00f3 una informaci\u00f3 b\u00e0sica de l\u2019estat de salut i car\u00e8ncies dels avis\/es, i per tant han anat m\u00e9s preparats i l\u2019experi\u00e8ncia ha estat molt satisfact\u00f2ria per a tots\/es.<\/p>\n<p><strong>Club d&#8217;Esplai Pubilla Cases &#8211; Can Vidalet. L&#8217;Hospitalet de Llobregat \/ Esplugues de Llobregat<\/strong><\/p>\n<p><strong>Quin \u00e9s el servei?<\/strong> Cantada de Nadal compartida amb els avis<\/p>\n<p><strong>Quins s\u00f3n els aprenentatges? <\/strong>Cantar i expressar sentiments a trav\u00e9s de la m\u00fasica. Sensibilitzar-se respecte la situaci\u00f3 dels avis. Relacionar-se i comunicar-se amb els avis.<\/p>\n<p>[\/et_pb_text][et_pb_button _builder_version=&#8221;4.21.0&#8243; _module_preset=&#8221;default&#8221; button_text=&#8221;V\u00e9s a la p\u00e0gina d&#8217;inici de la proposta&#8221; button_url=&#8221;https:\/\/fundesplai.org\/compartir\/&#8221; button_alignment=&#8221;center&#8221; custom_margin=&#8221;30px||50px||false|false&#8221; hover_enabled=&#8221;0&#8243; sticky_enabled=&#8221;0&#8243;][\/et_pb_button][\/et_pb_column][\/et_pb_row][\/et_pb_section]<\/p>\n","protected":false},"excerpt":{"rendered":"<p>Quan s\u2019acosta el Nadal, els nois i noies de 12 a 14 anys engeguen un projecte solidari amb una resid\u00e8ncia d\u2019avis\/es. Es tracta de compartir amb ells, el dia 24 de desembre, una vetllada basada en la cantada de Nadales. En una ocasi\u00f3, aquesta experi\u00e8ncia, per\u00f2, va tenir un mal resultat. Els avis\/es de la [&hellip;]<\/p>\n","protected":false},"author":26,"featured_media":278,"comment_status":"closed","ping_status":"closed","sticky":false,"template":"","format":"standard","meta":{"_et_pb_use_builder":"on","_et_pb_old_content":"","_et_gb_content_width":"","footnotes":""},"categories":[1],"tags":[],"class_list":["post-275","post","type-post","status-publish","format-standard","has-post-thumbnail","hentry","category-general"],"yoast_head":"<!-- This site is optimized with the Yoast SEO plugin v27.5 - https:\/\/yoast.com\/product\/yoast-seo-wordpress\/ -->\n<title>Cantada de Nadales amb els avis i \u00e0vies - Compartir<\/title>\n<meta name=\"robots\" content=\"index, follow, max-snippet:-1, max-image-preview:large, max-video-preview:-1\" \/>\n<link rel=\"canonical\" href=\"https:\/\/fundesplai.org\/compartir\/2006\/07\/12\/cantada-de-nadales-amb-els-avis\/\" \/>\n<meta property=\"og:locale\" content=\"ca_ES\" \/>\n<meta property=\"og:type\" content=\"article\" \/>\n<meta property=\"og:title\" content=\"Cantada de Nadales amb els avis i \u00e0vies - Compartir\" \/>\n<meta property=\"og:description\" content=\"Quan s\u2019acosta el Nadal, els nois i noies de 12 a 14 anys engeguen un projecte solidari amb una resid\u00e8ncia d\u2019avis\/es. Es tracta de compartir amb ells, el dia 24 de desembre, una vetllada basada en la cantada de Nadales. En una ocasi\u00f3, aquesta experi\u00e8ncia, per\u00f2, va tenir un mal resultat. Els avis\/es de la [&hellip;]\" \/>\n<meta property=\"og:url\" content=\"https:\/\/fundesplai.org\/compartir\/2006\/07\/12\/cantada-de-nadales-amb-els-avis\/\" \/>\n<meta property=\"og:site_name\" content=\"Compartir\" \/>\n<meta property=\"article:published_time\" content=\"2006-07-12T09:44:15+00:00\" \/>\n<meta property=\"article:modified_time\" content=\"2024-01-17T11:30:16+00:00\" \/>\n<meta property=\"og:image\" content=\"https:\/\/fundesplai.org\/compartir\/wp-content\/uploads\/sites\/9\/2024\/01\/Cantada-de-nadales-amb-els-avis.jpg\" \/>\n\t<meta property=\"og:image:width\" content=\"1888\" \/>\n\t<meta property=\"og:image:height\" content=\"900\" \/>\n\t<meta property=\"og:image:type\" content=\"image\/jpeg\" \/>\n<meta name=\"author\" content=\"mduch\" \/>\n<meta name=\"twitter:card\" content=\"summary_large_image\" \/>\n<meta name=\"twitter:label1\" content=\"Escrit per\" \/>\n\t<meta name=\"twitter:data1\" content=\"mduch\" \/>\n\t<meta name=\"twitter:label2\" content=\"Temps estimat de lectura\" \/>\n\t<meta name=\"twitter:data2\" content=\"2 minuts\" \/>\n<script type=\"application\/ld+json\" class=\"yoast-schema-graph\">{\"@context\":\"https:\\\/\\\/schema.org\",\"@graph\":[{\"@type\":\"Article\",\"@id\":\"https:\\\/\\\/fundesplai.org\\\/compartir\\\/2006\\\/07\\\/12\\\/cantada-de-nadales-amb-els-avis\\\/#article\",\"isPartOf\":{\"@id\":\"https:\\\/\\\/fundesplai.org\\\/compartir\\\/2006\\\/07\\\/12\\\/cantada-de-nadales-amb-els-avis\\\/\"},\"author\":{\"name\":\"mduch\",\"@id\":\"https:\\\/\\\/fundesplai.org\\\/compartir\\\/#\\\/schema\\\/person\\\/16ccf8808d71dcf9af39e5029a7eb7be\"},\"headline\":\"Cantada de Nadales amb els avis i \u00e0vies\",\"datePublished\":\"2006-07-12T09:44:15+00:00\",\"dateModified\":\"2024-01-17T11:30:16+00:00\",\"mainEntityOfPage\":{\"@id\":\"https:\\\/\\\/fundesplai.org\\\/compartir\\\/2006\\\/07\\\/12\\\/cantada-de-nadales-amb-els-avis\\\/\"},\"wordCount\":407,\"image\":{\"@id\":\"https:\\\/\\\/fundesplai.org\\\/compartir\\\/2006\\\/07\\\/12\\\/cantada-de-nadales-amb-els-avis\\\/#primaryimage\"},\"thumbnailUrl\":\"https:\\\/\\\/fundesplai.org\\\/compartir\\\/wp-content\\\/uploads\\\/sites\\\/9\\\/2024\\\/01\\\/Cantada-de-nadales-amb-els-avis.jpg\",\"articleSection\":[\"General\"],\"inLanguage\":\"ca\"},{\"@type\":\"WebPage\",\"@id\":\"https:\\\/\\\/fundesplai.org\\\/compartir\\\/2006\\\/07\\\/12\\\/cantada-de-nadales-amb-els-avis\\\/\",\"url\":\"https:\\\/\\\/fundesplai.org\\\/compartir\\\/2006\\\/07\\\/12\\\/cantada-de-nadales-amb-els-avis\\\/\",\"name\":\"Cantada de Nadales amb els avis i \u00e0vies - Compartir\",\"isPartOf\":{\"@id\":\"https:\\\/\\\/fundesplai.org\\\/compartir\\\/#website\"},\"primaryImageOfPage\":{\"@id\":\"https:\\\/\\\/fundesplai.org\\\/compartir\\\/2006\\\/07\\\/12\\\/cantada-de-nadales-amb-els-avis\\\/#primaryimage\"},\"image\":{\"@id\":\"https:\\\/\\\/fundesplai.org\\\/compartir\\\/2006\\\/07\\\/12\\\/cantada-de-nadales-amb-els-avis\\\/#primaryimage\"},\"thumbnailUrl\":\"https:\\\/\\\/fundesplai.org\\\/compartir\\\/wp-content\\\/uploads\\\/sites\\\/9\\\/2024\\\/01\\\/Cantada-de-nadales-amb-els-avis.jpg\",\"datePublished\":\"2006-07-12T09:44:15+00:00\",\"dateModified\":\"2024-01-17T11:30:16+00:00\",\"author\":{\"@id\":\"https:\\\/\\\/fundesplai.org\\\/compartir\\\/#\\\/schema\\\/person\\\/16ccf8808d71dcf9af39e5029a7eb7be\"},\"breadcrumb\":{\"@id\":\"https:\\\/\\\/fundesplai.org\\\/compartir\\\/2006\\\/07\\\/12\\\/cantada-de-nadales-amb-els-avis\\\/#breadcrumb\"},\"inLanguage\":\"ca\",\"potentialAction\":[{\"@type\":\"ReadAction\",\"target\":[\"https:\\\/\\\/fundesplai.org\\\/compartir\\\/2006\\\/07\\\/12\\\/cantada-de-nadales-amb-els-avis\\\/\"]}]},{\"@type\":\"ImageObject\",\"inLanguage\":\"ca\",\"@id\":\"https:\\\/\\\/fundesplai.org\\\/compartir\\\/2006\\\/07\\\/12\\\/cantada-de-nadales-amb-els-avis\\\/#primaryimage\",\"url\":\"https:\\\/\\\/fundesplai.org\\\/compartir\\\/wp-content\\\/uploads\\\/sites\\\/9\\\/2024\\\/01\\\/Cantada-de-nadales-amb-els-avis.jpg\",\"contentUrl\":\"https:\\\/\\\/fundesplai.org\\\/compartir\\\/wp-content\\\/uploads\\\/sites\\\/9\\\/2024\\\/01\\\/Cantada-de-nadales-amb-els-avis.jpg\",\"width\":1888,\"height\":900},{\"@type\":\"BreadcrumbList\",\"@id\":\"https:\\\/\\\/fundesplai.org\\\/compartir\\\/2006\\\/07\\\/12\\\/cantada-de-nadales-amb-els-avis\\\/#breadcrumb\",\"itemListElement\":[{\"@type\":\"ListItem\",\"position\":1,\"name\":\"Inici\",\"item\":\"\\\/\"},{\"@type\":\"ListItem\",\"position\":2,\"name\":\"Compartir\",\"item\":\"https:\\\/\\\/fundesplai.org\\\/compartir\"},{\"@type\":\"ListItem\",\"position\":3,\"name\":\"Cantada de Nadales amb els avis i \u00e0vies\"}]},{\"@type\":\"WebSite\",\"@id\":\"https:\\\/\\\/fundesplai.org\\\/compartir\\\/#website\",\"url\":\"https:\\\/\\\/fundesplai.org\\\/compartir\\\/\",\"name\":\"Compartir\",\"description\":\"Proposta educativa de Fundesplai\",\"potentialAction\":[{\"@type\":\"SearchAction\",\"target\":{\"@type\":\"EntryPoint\",\"urlTemplate\":\"https:\\\/\\\/fundesplai.org\\\/compartir\\\/?s={search_term_string}\"},\"query-input\":{\"@type\":\"PropertyValueSpecification\",\"valueRequired\":true,\"valueName\":\"search_term_string\"}}],\"inLanguage\":\"ca\"},{\"@type\":\"Person\",\"@id\":\"https:\\\/\\\/fundesplai.org\\\/compartir\\\/#\\\/schema\\\/person\\\/16ccf8808d71dcf9af39e5029a7eb7be\",\"name\":\"mduch\",\"image\":{\"@type\":\"ImageObject\",\"inLanguage\":\"ca\",\"@id\":\"https:\\\/\\\/secure.gravatar.com\\\/avatar\\\/678f8dc5592155106183c2dba5a10542029cee6b53d56fa163cb5ba0b4db9386?s=96&d=mm&r=g\",\"url\":\"https:\\\/\\\/secure.gravatar.com\\\/avatar\\\/678f8dc5592155106183c2dba5a10542029cee6b53d56fa163cb5ba0b4db9386?s=96&d=mm&r=g\",\"contentUrl\":\"https:\\\/\\\/secure.gravatar.com\\\/avatar\\\/678f8dc5592155106183c2dba5a10542029cee6b53d56fa163cb5ba0b4db9386?s=96&d=mm&r=g\",\"caption\":\"mduch\"},\"url\":\"https:\\\/\\\/fundesplai.org\\\/compartir\\\/author\\\/mduch\\\/\"}]}<\/script>\n<!-- \/ Yoast SEO plugin. -->","yoast_head_json":{"title":"Cantada de Nadales amb els avis i \u00e0vies - Compartir","robots":{"index":"index","follow":"follow","max-snippet":"max-snippet:-1","max-image-preview":"max-image-preview:large","max-video-preview":"max-video-preview:-1"},"canonical":"https:\/\/fundesplai.org\/compartir\/2006\/07\/12\/cantada-de-nadales-amb-els-avis\/","og_locale":"ca_ES","og_type":"article","og_title":"Cantada de Nadales amb els avis i \u00e0vies - Compartir","og_description":"Quan s\u2019acosta el Nadal, els nois i noies de 12 a 14 anys engeguen un projecte solidari amb una resid\u00e8ncia d\u2019avis\/es. Es tracta de compartir amb ells, el dia 24 de desembre, una vetllada basada en la cantada de Nadales. En una ocasi\u00f3, aquesta experi\u00e8ncia, per\u00f2, va tenir un mal resultat. Els avis\/es de la [&hellip;]","og_url":"https:\/\/fundesplai.org\/compartir\/2006\/07\/12\/cantada-de-nadales-amb-els-avis\/","og_site_name":"Compartir","article_published_time":"2006-07-12T09:44:15+00:00","article_modified_time":"2024-01-17T11:30:16+00:00","og_image":[{"width":1888,"height":900,"url":"https:\/\/fundesplai.org\/compartir\/wp-content\/uploads\/sites\/9\/2024\/01\/Cantada-de-nadales-amb-els-avis.jpg","type":"image\/jpeg"}],"author":"mduch","twitter_card":"summary_large_image","twitter_misc":{"Escrit per":"mduch","Temps estimat de lectura":"2 minuts"},"schema":{"@context":"https:\/\/schema.org","@graph":[{"@type":"Article","@id":"https:\/\/fundesplai.org\/compartir\/2006\/07\/12\/cantada-de-nadales-amb-els-avis\/#article","isPartOf":{"@id":"https:\/\/fundesplai.org\/compartir\/2006\/07\/12\/cantada-de-nadales-amb-els-avis\/"},"author":{"name":"mduch","@id":"https:\/\/fundesplai.org\/compartir\/#\/schema\/person\/16ccf8808d71dcf9af39e5029a7eb7be"},"headline":"Cantada de Nadales amb els avis i \u00e0vies","datePublished":"2006-07-12T09:44:15+00:00","dateModified":"2024-01-17T11:30:16+00:00","mainEntityOfPage":{"@id":"https:\/\/fundesplai.org\/compartir\/2006\/07\/12\/cantada-de-nadales-amb-els-avis\/"},"wordCount":407,"image":{"@id":"https:\/\/fundesplai.org\/compartir\/2006\/07\/12\/cantada-de-nadales-amb-els-avis\/#primaryimage"},"thumbnailUrl":"https:\/\/fundesplai.org\/compartir\/wp-content\/uploads\/sites\/9\/2024\/01\/Cantada-de-nadales-amb-els-avis.jpg","articleSection":["General"],"inLanguage":"ca"},{"@type":"WebPage","@id":"https:\/\/fundesplai.org\/compartir\/2006\/07\/12\/cantada-de-nadales-amb-els-avis\/","url":"https:\/\/fundesplai.org\/compartir\/2006\/07\/12\/cantada-de-nadales-amb-els-avis\/","name":"Cantada de Nadales amb els avis i \u00e0vies - Compartir","isPartOf":{"@id":"https:\/\/fundesplai.org\/compartir\/#website"},"primaryImageOfPage":{"@id":"https:\/\/fundesplai.org\/compartir\/2006\/07\/12\/cantada-de-nadales-amb-els-avis\/#primaryimage"},"image":{"@id":"https:\/\/fundesplai.org\/compartir\/2006\/07\/12\/cantada-de-nadales-amb-els-avis\/#primaryimage"},"thumbnailUrl":"https:\/\/fundesplai.org\/compartir\/wp-content\/uploads\/sites\/9\/2024\/01\/Cantada-de-nadales-amb-els-avis.jpg","datePublished":"2006-07-12T09:44:15+00:00","dateModified":"2024-01-17T11:30:16+00:00","author":{"@id":"https:\/\/fundesplai.org\/compartir\/#\/schema\/person\/16ccf8808d71dcf9af39e5029a7eb7be"},"breadcrumb":{"@id":"https:\/\/fundesplai.org\/compartir\/2006\/07\/12\/cantada-de-nadales-amb-els-avis\/#breadcrumb"},"inLanguage":"ca","potentialAction":[{"@type":"ReadAction","target":["https:\/\/fundesplai.org\/compartir\/2006\/07\/12\/cantada-de-nadales-amb-els-avis\/"]}]},{"@type":"ImageObject","inLanguage":"ca","@id":"https:\/\/fundesplai.org\/compartir\/2006\/07\/12\/cantada-de-nadales-amb-els-avis\/#primaryimage","url":"https:\/\/fundesplai.org\/compartir\/wp-content\/uploads\/sites\/9\/2024\/01\/Cantada-de-nadales-amb-els-avis.jpg","contentUrl":"https:\/\/fundesplai.org\/compartir\/wp-content\/uploads\/sites\/9\/2024\/01\/Cantada-de-nadales-amb-els-avis.jpg","width":1888,"height":900},{"@type":"BreadcrumbList","@id":"https:\/\/fundesplai.org\/compartir\/2006\/07\/12\/cantada-de-nadales-amb-els-avis\/#breadcrumb","itemListElement":[{"@type":"ListItem","position":1,"name":"Inici","item":"\/"},{"@type":"ListItem","position":2,"name":"Compartir","item":"https:\/\/fundesplai.org\/compartir"},{"@type":"ListItem","position":3,"name":"Cantada de Nadales amb els avis i \u00e0vies"}]},{"@type":"WebSite","@id":"https:\/\/fundesplai.org\/compartir\/#website","url":"https:\/\/fundesplai.org\/compartir\/","name":"Compartir","description":"Proposta educativa de Fundesplai","potentialAction":[{"@type":"SearchAction","target":{"@type":"EntryPoint","urlTemplate":"https:\/\/fundesplai.org\/compartir\/?s={search_term_string}"},"query-input":{"@type":"PropertyValueSpecification","valueRequired":true,"valueName":"search_term_string"}}],"inLanguage":"ca"},{"@type":"Person","@id":"https:\/\/fundesplai.org\/compartir\/#\/schema\/person\/16ccf8808d71dcf9af39e5029a7eb7be","name":"mduch","image":{"@type":"ImageObject","inLanguage":"ca","@id":"https:\/\/secure.gravatar.com\/avatar\/678f8dc5592155106183c2dba5a10542029cee6b53d56fa163cb5ba0b4db9386?s=96&d=mm&r=g","url":"https:\/\/secure.gravatar.com\/avatar\/678f8dc5592155106183c2dba5a10542029cee6b53d56fa163cb5ba0b4db9386?s=96&d=mm&r=g","contentUrl":"https:\/\/secure.gravatar.com\/avatar\/678f8dc5592155106183c2dba5a10542029cee6b53d56fa163cb5ba0b4db9386?s=96&d=mm&r=g","caption":"mduch"},"url":"https:\/\/fundesplai.org\/compartir\/author\/mduch\/"}]}},"_links":{"self":[{"href":"https:\/\/fundesplai.org\/compartir\/wp-json\/wp\/v2\/posts\/275","targetHints":{"allow":["GET"]}}],"collection":[{"href":"https:\/\/fundesplai.org\/compartir\/wp-json\/wp\/v2\/posts"}],"about":[{"href":"https:\/\/fundesplai.org\/compartir\/wp-json\/wp\/v2\/types\/post"}],"author":[{"embeddable":true,"href":"https:\/\/fundesplai.org\/compartir\/wp-json\/wp\/v2\/users\/26"}],"replies":[{"embeddable":true,"href":"https:\/\/fundesplai.org\/compartir\/wp-json\/wp\/v2\/comments?post=275"}],"version-history":[{"count":5,"href":"https:\/\/fundesplai.org\/compartir\/wp-json\/wp\/v2\/posts\/275\/revisions"}],"predecessor-version":[{"id":375,"href":"https:\/\/fundesplai.org\/compartir\/wp-json\/wp\/v2\/posts\/275\/revisions\/375"}],"wp:featuredmedia":[{"embeddable":true,"href":"https:\/\/fundesplai.org\/compartir\/wp-json\/wp\/v2\/media\/278"}],"wp:attachment":[{"href":"https:\/\/fundesplai.org\/compartir\/wp-json\/wp\/v2\/media?parent=275"}],"wp:term":[{"taxonomy":"category","embeddable":true,"href":"https:\/\/fundesplai.org\/compartir\/wp-json\/wp\/v2\/categories?post=275"},{"taxonomy":"post_tag","embeddable":true,"href":"https:\/\/fundesplai.org\/compartir\/wp-json\/wp\/v2\/tags?post=275"}],"curies":[{"name":"wp","href":"https:\/\/api.w.org\/{rel}","templated":true}]}}