{"id":270,"date":"2006-08-12T11:33:25","date_gmt":"2006-08-12T09:33:25","guid":{"rendered":"https:\/\/fundesplai.org\/compartir\/?p=270"},"modified":"2024-01-17T12:28:50","modified_gmt":"2024-01-17T11:28:50","slug":"accio-jove-a-la-natura","status":"publish","type":"post","link":"https:\/\/fundesplai.org\/compartir\/2006\/08\/12\/accio-jove-a-la-natura\/","title":{"rendered":"Acci\u00f3 Jove a la Natura"},"content":{"rendered":"<p>[et_pb_section fb_built=&#8221;1&#8243; _builder_version=&#8221;4.21.0&#8243; _module_preset=&#8221;default&#8221; global_colors_info=&#8221;{}&#8221;][et_pb_row _builder_version=&#8221;4.21.0&#8243; _module_preset=&#8221;default&#8221; global_colors_info=&#8221;{}&#8221;][et_pb_column type=&#8221;4_4&#8243; _builder_version=&#8221;4.21.0&#8243; _module_preset=&#8221;default&#8221; global_colors_info=&#8221;{}&#8221;][et_pb_text _builder_version=&#8221;4.21.0&#8243; _module_preset=&#8221;default&#8221; global_colors_info=&#8221;{}&#8221;]<\/p>\n<p>Els grups de joves de Movibaix van col\u00b7laborar amb el Patronat de Collserola durant cinc anys desenvolupant tasques de neteja del parc i senyalitzaci\u00f3 d\u2019itineraris.<\/p>\n<p>Es tractava de campanyes que es preparaven amb cura i for\u00e7a antelaci\u00f3 per\u00f2 es resolien en un sol dia de feina for\u00e7a dura i intensa. El fet de trobar-se molts grups de joves alhora, feia m\u00e9s motivadora l\u2019acci\u00f3, tot i que l\u2019organitzaci\u00f3 era for\u00e7a complexa i comportava un comprom\u00eds \u201ca tercers\u201d amb l\u2019administraci\u00f3 p\u00fablica responsable del parc.<\/p>\n<p>Les accions es tancaven sempre amb una activitat festiva. Al finalitzar l\u2019acci\u00f3 es donava pas a un festival de m\u00fasica on els i les joves ballaven i celebraven la feina feta. Aquesta celebraci\u00f3 tamb\u00e9 servia per \u201crendir comptes\u201d dels resultats assolits als responsables municipals que hi assistien<strong>.<\/strong><\/p>\n<p><strong>Federaci\u00f3 Catalana de l&#8217;Esplai<\/strong><\/p>\n<p><strong>Quin \u00e9s el servei?<\/strong> Col\u00b7laboraci\u00f3 amb el Parc de Collserola, en la neteja d&#8217;un indret natural.<\/p>\n<p><strong>Quins s\u00f3n els aprenentatges?<\/strong> Sensibilitzar-se respecte de la degradaci\u00f3 del medi natural. Expressar-se i comunicar-se amb les autoritats i els adults. Organitzaci\u00f3 de la feina.<\/p>\n<p>&nbsp;<\/p>\n<p>[\/et_pb_text][et_pb_button button_url=&#8221;https:\/\/fundesplai.org\/compartir\/&#8221; button_text=&#8221;V\u00e9s a la p\u00e0gina d&#8217;inici de la proposta&#8221; button_alignment=&#8221;center&#8221; _builder_version=&#8221;4.21.0&#8243; _module_preset=&#8221;default&#8221; custom_margin=&#8221;30px||50px||false|false&#8221; global_colors_info=&#8221;{}&#8221;][\/et_pb_button][\/et_pb_column][\/et_pb_row][\/et_pb_section]<\/p>\n","protected":false},"excerpt":{"rendered":"<p>Els grups de joves de Movibaix van col\u00b7laborar amb el Patronat de Collserola durant cinc anys desenvolupant tasques de neteja del parc i senyalitzaci\u00f3 d\u2019itineraris. Es tractava de campanyes que es preparaven amb cura i for\u00e7a antelaci\u00f3 per\u00f2 es resolien en un sol dia de feina for\u00e7a dura i intensa. El fet de trobar-se molts [&hellip;]<\/p>\n","protected":false},"author":26,"featured_media":273,"comment_status":"closed","ping_status":"closed","sticky":false,"template":"","format":"standard","meta":{"_et_pb_use_builder":"on","_et_pb_old_content":"","_et_gb_content_width":"","footnotes":""},"categories":[1],"tags":[],"class_list":["post-270","post","type-post","status-publish","format-standard","has-post-thumbnail","hentry","category-general"],"yoast_head":"<!-- This site is optimized with the Yoast SEO plugin v27.5 - https:\/\/yoast.com\/product\/yoast-seo-wordpress\/ -->\n<title>Acci\u00f3 Jove a la Natura - Compartir<\/title>\n<meta name=\"robots\" content=\"index, follow, max-snippet:-1, max-image-preview:large, max-video-preview:-1\" \/>\n<link rel=\"canonical\" href=\"https:\/\/fundesplai.org\/compartir\/2006\/08\/12\/accio-jove-a-la-natura\/\" \/>\n<meta property=\"og:locale\" content=\"ca_ES\" \/>\n<meta property=\"og:type\" content=\"article\" \/>\n<meta property=\"og:title\" content=\"Acci\u00f3 Jove a la Natura - Compartir\" \/>\n<meta property=\"og:description\" content=\"Els grups de joves de Movibaix van col\u00b7laborar amb el Patronat de Collserola durant cinc anys desenvolupant tasques de neteja del parc i senyalitzaci\u00f3 d\u2019itineraris. Es tractava de campanyes que es preparaven amb cura i for\u00e7a antelaci\u00f3 per\u00f2 es resolien en un sol dia de feina for\u00e7a dura i intensa. El fet de trobar-se molts [&hellip;]\" \/>\n<meta property=\"og:url\" content=\"https:\/\/fundesplai.org\/compartir\/2006\/08\/12\/accio-jove-a-la-natura\/\" \/>\n<meta property=\"og:site_name\" content=\"Compartir\" \/>\n<meta property=\"article:published_time\" content=\"2006-08-12T09:33:25+00:00\" \/>\n<meta property=\"article:modified_time\" content=\"2024-01-17T11:28:50+00:00\" \/>\n<meta property=\"og:image\" content=\"https:\/\/fundesplai.org\/compartir\/wp-content\/uploads\/sites\/9\/2024\/01\/Accio-Jove-a-la-Natura.jpg\" \/>\n\t<meta property=\"og:image:width\" content=\"1888\" \/>\n\t<meta property=\"og:image:height\" content=\"900\" \/>\n\t<meta property=\"og:image:type\" content=\"image\/jpeg\" \/>\n<meta name=\"author\" content=\"mduch\" \/>\n<meta name=\"twitter:card\" content=\"summary_large_image\" \/>\n<meta name=\"twitter:label1\" content=\"Escrit per\" \/>\n\t<meta name=\"twitter:data1\" content=\"mduch\" \/>\n\t<meta name=\"twitter:label2\" content=\"Temps estimat de lectura\" \/>\n\t<meta name=\"twitter:data2\" content=\"2 minuts\" \/>\n<script type=\"application\/ld+json\" class=\"yoast-schema-graph\">{\"@context\":\"https:\\\/\\\/schema.org\",\"@graph\":[{\"@type\":\"Article\",\"@id\":\"https:\\\/\\\/fundesplai.org\\\/compartir\\\/2006\\\/08\\\/12\\\/accio-jove-a-la-natura\\\/#article\",\"isPartOf\":{\"@id\":\"https:\\\/\\\/fundesplai.org\\\/compartir\\\/2006\\\/08\\\/12\\\/accio-jove-a-la-natura\\\/\"},\"author\":{\"name\":\"mduch\",\"@id\":\"https:\\\/\\\/fundesplai.org\\\/compartir\\\/#\\\/schema\\\/person\\\/16ccf8808d71dcf9af39e5029a7eb7be\"},\"headline\":\"Acci\u00f3 Jove a la Natura\",\"datePublished\":\"2006-08-12T09:33:25+00:00\",\"dateModified\":\"2024-01-17T11:28:50+00:00\",\"mainEntityOfPage\":{\"@id\":\"https:\\\/\\\/fundesplai.org\\\/compartir\\\/2006\\\/08\\\/12\\\/accio-jove-a-la-natura\\\/\"},\"wordCount\":298,\"image\":{\"@id\":\"https:\\\/\\\/fundesplai.org\\\/compartir\\\/2006\\\/08\\\/12\\\/accio-jove-a-la-natura\\\/#primaryimage\"},\"thumbnailUrl\":\"https:\\\/\\\/fundesplai.org\\\/compartir\\\/wp-content\\\/uploads\\\/sites\\\/9\\\/2024\\\/01\\\/Accio-Jove-a-la-Natura.jpg\",\"articleSection\":[\"General\"],\"inLanguage\":\"ca\"},{\"@type\":\"WebPage\",\"@id\":\"https:\\\/\\\/fundesplai.org\\\/compartir\\\/2006\\\/08\\\/12\\\/accio-jove-a-la-natura\\\/\",\"url\":\"https:\\\/\\\/fundesplai.org\\\/compartir\\\/2006\\\/08\\\/12\\\/accio-jove-a-la-natura\\\/\",\"name\":\"Acci\u00f3 Jove a la Natura - Compartir\",\"isPartOf\":{\"@id\":\"https:\\\/\\\/fundesplai.org\\\/compartir\\\/#website\"},\"primaryImageOfPage\":{\"@id\":\"https:\\\/\\\/fundesplai.org\\\/compartir\\\/2006\\\/08\\\/12\\\/accio-jove-a-la-natura\\\/#primaryimage\"},\"image\":{\"@id\":\"https:\\\/\\\/fundesplai.org\\\/compartir\\\/2006\\\/08\\\/12\\\/accio-jove-a-la-natura\\\/#primaryimage\"},\"thumbnailUrl\":\"https:\\\/\\\/fundesplai.org\\\/compartir\\\/wp-content\\\/uploads\\\/sites\\\/9\\\/2024\\\/01\\\/Accio-Jove-a-la-Natura.jpg\",\"datePublished\":\"2006-08-12T09:33:25+00:00\",\"dateModified\":\"2024-01-17T11:28:50+00:00\",\"author\":{\"@id\":\"https:\\\/\\\/fundesplai.org\\\/compartir\\\/#\\\/schema\\\/person\\\/16ccf8808d71dcf9af39e5029a7eb7be\"},\"breadcrumb\":{\"@id\":\"https:\\\/\\\/fundesplai.org\\\/compartir\\\/2006\\\/08\\\/12\\\/accio-jove-a-la-natura\\\/#breadcrumb\"},\"inLanguage\":\"ca\",\"potentialAction\":[{\"@type\":\"ReadAction\",\"target\":[\"https:\\\/\\\/fundesplai.org\\\/compartir\\\/2006\\\/08\\\/12\\\/accio-jove-a-la-natura\\\/\"]}]},{\"@type\":\"ImageObject\",\"inLanguage\":\"ca\",\"@id\":\"https:\\\/\\\/fundesplai.org\\\/compartir\\\/2006\\\/08\\\/12\\\/accio-jove-a-la-natura\\\/#primaryimage\",\"url\":\"https:\\\/\\\/fundesplai.org\\\/compartir\\\/wp-content\\\/uploads\\\/sites\\\/9\\\/2024\\\/01\\\/Accio-Jove-a-la-Natura.jpg\",\"contentUrl\":\"https:\\\/\\\/fundesplai.org\\\/compartir\\\/wp-content\\\/uploads\\\/sites\\\/9\\\/2024\\\/01\\\/Accio-Jove-a-la-Natura.jpg\",\"width\":1888,\"height\":900},{\"@type\":\"BreadcrumbList\",\"@id\":\"https:\\\/\\\/fundesplai.org\\\/compartir\\\/2006\\\/08\\\/12\\\/accio-jove-a-la-natura\\\/#breadcrumb\",\"itemListElement\":[{\"@type\":\"ListItem\",\"position\":1,\"name\":\"Inici\",\"item\":\"\\\/\"},{\"@type\":\"ListItem\",\"position\":2,\"name\":\"Compartir\",\"item\":\"https:\\\/\\\/fundesplai.org\\\/compartir\"},{\"@type\":\"ListItem\",\"position\":3,\"name\":\"Acci\u00f3 Jove a la Natura\"}]},{\"@type\":\"WebSite\",\"@id\":\"https:\\\/\\\/fundesplai.org\\\/compartir\\\/#website\",\"url\":\"https:\\\/\\\/fundesplai.org\\\/compartir\\\/\",\"name\":\"Compartir\",\"description\":\"Proposta educativa de Fundesplai\",\"potentialAction\":[{\"@type\":\"SearchAction\",\"target\":{\"@type\":\"EntryPoint\",\"urlTemplate\":\"https:\\\/\\\/fundesplai.org\\\/compartir\\\/?s={search_term_string}\"},\"query-input\":{\"@type\":\"PropertyValueSpecification\",\"valueRequired\":true,\"valueName\":\"search_term_string\"}}],\"inLanguage\":\"ca\"},{\"@type\":\"Person\",\"@id\":\"https:\\\/\\\/fundesplai.org\\\/compartir\\\/#\\\/schema\\\/person\\\/16ccf8808d71dcf9af39e5029a7eb7be\",\"name\":\"mduch\",\"image\":{\"@type\":\"ImageObject\",\"inLanguage\":\"ca\",\"@id\":\"https:\\\/\\\/secure.gravatar.com\\\/avatar\\\/678f8dc5592155106183c2dba5a10542029cee6b53d56fa163cb5ba0b4db9386?s=96&d=mm&r=g\",\"url\":\"https:\\\/\\\/secure.gravatar.com\\\/avatar\\\/678f8dc5592155106183c2dba5a10542029cee6b53d56fa163cb5ba0b4db9386?s=96&d=mm&r=g\",\"contentUrl\":\"https:\\\/\\\/secure.gravatar.com\\\/avatar\\\/678f8dc5592155106183c2dba5a10542029cee6b53d56fa163cb5ba0b4db9386?s=96&d=mm&r=g\",\"caption\":\"mduch\"},\"url\":\"https:\\\/\\\/fundesplai.org\\\/compartir\\\/author\\\/mduch\\\/\"}]}<\/script>\n<!-- \/ Yoast SEO plugin. -->","yoast_head_json":{"title":"Acci\u00f3 Jove a la Natura - Compartir","robots":{"index":"index","follow":"follow","max-snippet":"max-snippet:-1","max-image-preview":"max-image-preview:large","max-video-preview":"max-video-preview:-1"},"canonical":"https:\/\/fundesplai.org\/compartir\/2006\/08\/12\/accio-jove-a-la-natura\/","og_locale":"ca_ES","og_type":"article","og_title":"Acci\u00f3 Jove a la Natura - Compartir","og_description":"Els grups de joves de Movibaix van col\u00b7laborar amb el Patronat de Collserola durant cinc anys desenvolupant tasques de neteja del parc i senyalitzaci\u00f3 d\u2019itineraris. Es tractava de campanyes que es preparaven amb cura i for\u00e7a antelaci\u00f3 per\u00f2 es resolien en un sol dia de feina for\u00e7a dura i intensa. El fet de trobar-se molts [&hellip;]","og_url":"https:\/\/fundesplai.org\/compartir\/2006\/08\/12\/accio-jove-a-la-natura\/","og_site_name":"Compartir","article_published_time":"2006-08-12T09:33:25+00:00","article_modified_time":"2024-01-17T11:28:50+00:00","og_image":[{"width":1888,"height":900,"url":"https:\/\/fundesplai.org\/compartir\/wp-content\/uploads\/sites\/9\/2024\/01\/Accio-Jove-a-la-Natura.jpg","type":"image\/jpeg"}],"author":"mduch","twitter_card":"summary_large_image","twitter_misc":{"Escrit per":"mduch","Temps estimat de lectura":"2 minuts"},"schema":{"@context":"https:\/\/schema.org","@graph":[{"@type":"Article","@id":"https:\/\/fundesplai.org\/compartir\/2006\/08\/12\/accio-jove-a-la-natura\/#article","isPartOf":{"@id":"https:\/\/fundesplai.org\/compartir\/2006\/08\/12\/accio-jove-a-la-natura\/"},"author":{"name":"mduch","@id":"https:\/\/fundesplai.org\/compartir\/#\/schema\/person\/16ccf8808d71dcf9af39e5029a7eb7be"},"headline":"Acci\u00f3 Jove a la Natura","datePublished":"2006-08-12T09:33:25+00:00","dateModified":"2024-01-17T11:28:50+00:00","mainEntityOfPage":{"@id":"https:\/\/fundesplai.org\/compartir\/2006\/08\/12\/accio-jove-a-la-natura\/"},"wordCount":298,"image":{"@id":"https:\/\/fundesplai.org\/compartir\/2006\/08\/12\/accio-jove-a-la-natura\/#primaryimage"},"thumbnailUrl":"https:\/\/fundesplai.org\/compartir\/wp-content\/uploads\/sites\/9\/2024\/01\/Accio-Jove-a-la-Natura.jpg","articleSection":["General"],"inLanguage":"ca"},{"@type":"WebPage","@id":"https:\/\/fundesplai.org\/compartir\/2006\/08\/12\/accio-jove-a-la-natura\/","url":"https:\/\/fundesplai.org\/compartir\/2006\/08\/12\/accio-jove-a-la-natura\/","name":"Acci\u00f3 Jove a la Natura - Compartir","isPartOf":{"@id":"https:\/\/fundesplai.org\/compartir\/#website"},"primaryImageOfPage":{"@id":"https:\/\/fundesplai.org\/compartir\/2006\/08\/12\/accio-jove-a-la-natura\/#primaryimage"},"image":{"@id":"https:\/\/fundesplai.org\/compartir\/2006\/08\/12\/accio-jove-a-la-natura\/#primaryimage"},"thumbnailUrl":"https:\/\/fundesplai.org\/compartir\/wp-content\/uploads\/sites\/9\/2024\/01\/Accio-Jove-a-la-Natura.jpg","datePublished":"2006-08-12T09:33:25+00:00","dateModified":"2024-01-17T11:28:50+00:00","author":{"@id":"https:\/\/fundesplai.org\/compartir\/#\/schema\/person\/16ccf8808d71dcf9af39e5029a7eb7be"},"breadcrumb":{"@id":"https:\/\/fundesplai.org\/compartir\/2006\/08\/12\/accio-jove-a-la-natura\/#breadcrumb"},"inLanguage":"ca","potentialAction":[{"@type":"ReadAction","target":["https:\/\/fundesplai.org\/compartir\/2006\/08\/12\/accio-jove-a-la-natura\/"]}]},{"@type":"ImageObject","inLanguage":"ca","@id":"https:\/\/fundesplai.org\/compartir\/2006\/08\/12\/accio-jove-a-la-natura\/#primaryimage","url":"https:\/\/fundesplai.org\/compartir\/wp-content\/uploads\/sites\/9\/2024\/01\/Accio-Jove-a-la-Natura.jpg","contentUrl":"https:\/\/fundesplai.org\/compartir\/wp-content\/uploads\/sites\/9\/2024\/01\/Accio-Jove-a-la-Natura.jpg","width":1888,"height":900},{"@type":"BreadcrumbList","@id":"https:\/\/fundesplai.org\/compartir\/2006\/08\/12\/accio-jove-a-la-natura\/#breadcrumb","itemListElement":[{"@type":"ListItem","position":1,"name":"Inici","item":"\/"},{"@type":"ListItem","position":2,"name":"Compartir","item":"https:\/\/fundesplai.org\/compartir"},{"@type":"ListItem","position":3,"name":"Acci\u00f3 Jove a la Natura"}]},{"@type":"WebSite","@id":"https:\/\/fundesplai.org\/compartir\/#website","url":"https:\/\/fundesplai.org\/compartir\/","name":"Compartir","description":"Proposta educativa de Fundesplai","potentialAction":[{"@type":"SearchAction","target":{"@type":"EntryPoint","urlTemplate":"https:\/\/fundesplai.org\/compartir\/?s={search_term_string}"},"query-input":{"@type":"PropertyValueSpecification","valueRequired":true,"valueName":"search_term_string"}}],"inLanguage":"ca"},{"@type":"Person","@id":"https:\/\/fundesplai.org\/compartir\/#\/schema\/person\/16ccf8808d71dcf9af39e5029a7eb7be","name":"mduch","image":{"@type":"ImageObject","inLanguage":"ca","@id":"https:\/\/secure.gravatar.com\/avatar\/678f8dc5592155106183c2dba5a10542029cee6b53d56fa163cb5ba0b4db9386?s=96&d=mm&r=g","url":"https:\/\/secure.gravatar.com\/avatar\/678f8dc5592155106183c2dba5a10542029cee6b53d56fa163cb5ba0b4db9386?s=96&d=mm&r=g","contentUrl":"https:\/\/secure.gravatar.com\/avatar\/678f8dc5592155106183c2dba5a10542029cee6b53d56fa163cb5ba0b4db9386?s=96&d=mm&r=g","caption":"mduch"},"url":"https:\/\/fundesplai.org\/compartir\/author\/mduch\/"}]}},"_links":{"self":[{"href":"https:\/\/fundesplai.org\/compartir\/wp-json\/wp\/v2\/posts\/270","targetHints":{"allow":["GET"]}}],"collection":[{"href":"https:\/\/fundesplai.org\/compartir\/wp-json\/wp\/v2\/posts"}],"about":[{"href":"https:\/\/fundesplai.org\/compartir\/wp-json\/wp\/v2\/types\/post"}],"author":[{"embeddable":true,"href":"https:\/\/fundesplai.org\/compartir\/wp-json\/wp\/v2\/users\/26"}],"replies":[{"embeddable":true,"href":"https:\/\/fundesplai.org\/compartir\/wp-json\/wp\/v2\/comments?post=270"}],"version-history":[{"count":5,"href":"https:\/\/fundesplai.org\/compartir\/wp-json\/wp\/v2\/posts\/270\/revisions"}],"predecessor-version":[{"id":374,"href":"https:\/\/fundesplai.org\/compartir\/wp-json\/wp\/v2\/posts\/270\/revisions\/374"}],"wp:featuredmedia":[{"embeddable":true,"href":"https:\/\/fundesplai.org\/compartir\/wp-json\/wp\/v2\/media\/273"}],"wp:attachment":[{"href":"https:\/\/fundesplai.org\/compartir\/wp-json\/wp\/v2\/media?parent=270"}],"wp:term":[{"taxonomy":"category","embeddable":true,"href":"https:\/\/fundesplai.org\/compartir\/wp-json\/wp\/v2\/categories?post=270"},{"taxonomy":"post_tag","embeddable":true,"href":"https:\/\/fundesplai.org\/compartir\/wp-json\/wp\/v2\/tags?post=270"}],"curies":[{"name":"wp","href":"https:\/\/api.w.org\/{rel}","templated":true}]}}