{"id":260,"date":"2006-11-12T11:17:32","date_gmt":"2006-11-12T10:17:32","guid":{"rendered":"https:\/\/fundesplai.org\/compartir\/?p=260"},"modified":"2024-01-17T12:18:42","modified_gmt":"2024-01-17T11:18:42","slug":"joves-per-bosnia","status":"publish","type":"post","link":"https:\/\/fundesplai.org\/compartir\/2006\/11\/12\/joves-per-bosnia\/","title":{"rendered":"Joves per B\u00f2snia"},"content":{"rendered":"<p>[et_pb_section fb_built=&#8221;1&#8243; _builder_version=&#8221;4.21.0&#8243; _module_preset=&#8221;default&#8221; global_colors_info=&#8221;{}&#8221;][et_pb_row _builder_version=&#8221;4.21.0&#8243; _module_preset=&#8221;default&#8221; global_colors_info=&#8221;{}&#8221;][et_pb_column type=&#8221;4_4&#8243; _builder_version=&#8221;4.21.0&#8243; _module_preset=&#8221;default&#8221; global_colors_info=&#8221;{}&#8221;][et_pb_text _builder_version=&#8221;4.21.0&#8243; _module_preset=&#8221;default&#8221; global_colors_info=&#8221;{}&#8221;]<\/p>\n<p>En comen\u00e7ar el curs, el grup de joves de 15 a 17 anys decideix fer un projecte d&#8217;intercanvi amb joves d\u2019altres pa\u00efsos i sorgeix la idea de fer-lo a B\u00f2snia. La veritat \u00e9s que les caracter\u00edstiques del grup s\u00f3n molt favorables. Es tracta d\u2019un grup molt cohesionat, madur i amb una implicaci\u00f3 fant\u00e0stica de les fam\u00edlies.<\/p>\n<p>S\u00f3n els mateixos\/es joves els que es posen en marxa i comencen a organitzar-se en petits grups per fer, abans que res, una recerca exhaustiva sobre B\u00f2snia: la seva hist\u00f2ria, el conflicte armat, la realitat de la postguerra&#8230; Paral\u00b7lelament, els i les educadors van treballant amb els mateixos\/es joves temes com el racisme o la intoler\u00e0ncia. Poc a poc, el projecte pren cos i cal pensar en interlocutors i fonts de finan\u00e7ament. A partir del pressupost que han realitzat ells\/es mateixes, el grup engega diferents iniciatives per recollir diners: sopars solidaris, xerrades informatives, v\u00eddeos, f\u00f2rums, venda de samarretes, etc.<\/p>\n<p>Un cop a B\u00f2snia, la conviv\u00e8ncia empeny als joves de B\u00f2snia a obrir-se i a explicar els seus sentiments sobre el conflicte. Els i les joves catalanes viuen experi\u00e8ncies impactants i dif\u00edcils d&#8217;oblidar, com ara pujar la muntanya de Sarajevo sota el guiatge d&#8217;un dels militars m\u00e9s destacats del moment o veure senyals advertint de les mines antipersones.<\/p>\n<p>De tornada, els i les joves s&#8217;aboquen a una tasca de sensibilitzaci\u00f3 per tot el municipi, implicant els instituts, l&#8217;ajuntament i altres entitats de Sant Joan Desp\u00ed. La conclusi\u00f3 que volen transmetre \u00e9s clara: el di\u00e0leg \u00e9s possible i ha de ser l&#8217;\u00fanica via per resoldre els conflictes.<\/p>\n<p><strong>Club d&#8217;Esplai el Nus. Sant Joan Desp\u00ed<\/strong><\/p>\n<p><strong>Quin \u00e9s el servei?<\/strong> Sensibilitzaci\u00f3 de la poblaci\u00f3 respecte de la situaci\u00f3 a B\u00f2snia<\/p>\n<p><strong>Quins s\u00f3n els aprenentatges? <\/strong>Con\u00e8ixer una mica B\u00f2snia: cultura, economia, societat, la guerra i les seves conseq\u00fc\u00e8ncies&#8230; Organitzaci\u00f3 de les campanyes associades al projecte. Comunicar-se amb persones d&#8217;altres cultures.<\/p>\n<p>[\/et_pb_text][et_pb_button _builder_version=&#8221;4.21.0&#8243; _module_preset=&#8221;default&#8221; button_text=&#8221;V\u00e9s a la p\u00e0gina d&#8217;inici de la proposta&#8221; button_url=&#8221;https:\/\/fundesplai.org\/compartir\/&#8221; button_alignment=&#8221;center&#8221; custom_margin=&#8221;30px||50px||false|false&#8221; hover_enabled=&#8221;0&#8243; sticky_enabled=&#8221;0&#8243;][\/et_pb_button][\/et_pb_column][\/et_pb_row][\/et_pb_section]<\/p>\n","protected":false},"excerpt":{"rendered":"<p>En comen\u00e7ar el curs, el grup de joves de 15 a 17 anys decideix fer un projecte d&#8217;intercanvi amb joves d\u2019altres pa\u00efsos i sorgeix la idea de fer-lo a B\u00f2snia. La veritat \u00e9s que les caracter\u00edstiques del grup s\u00f3n molt favorables. Es tracta d\u2019un grup molt cohesionat, madur i amb una implicaci\u00f3 fant\u00e0stica de les [&hellip;]<\/p>\n","protected":false},"author":26,"featured_media":263,"comment_status":"closed","ping_status":"closed","sticky":false,"template":"","format":"standard","meta":{"_et_pb_use_builder":"on","_et_pb_old_content":"","_et_gb_content_width":"","footnotes":""},"categories":[1],"tags":[],"class_list":["post-260","post","type-post","status-publish","format-standard","has-post-thumbnail","hentry","category-general"],"yoast_head":"<!-- This site is optimized with the Yoast SEO plugin v27.5 - https:\/\/yoast.com\/product\/yoast-seo-wordpress\/ -->\n<title>Joves per B\u00f2snia - Compartir<\/title>\n<meta name=\"robots\" content=\"index, follow, max-snippet:-1, max-image-preview:large, max-video-preview:-1\" \/>\n<link rel=\"canonical\" href=\"https:\/\/fundesplai.org\/compartir\/2006\/11\/12\/joves-per-bosnia\/\" \/>\n<meta property=\"og:locale\" content=\"ca_ES\" \/>\n<meta property=\"og:type\" content=\"article\" \/>\n<meta property=\"og:title\" content=\"Joves per B\u00f2snia - Compartir\" \/>\n<meta property=\"og:description\" content=\"En comen\u00e7ar el curs, el grup de joves de 15 a 17 anys decideix fer un projecte d&#039;intercanvi amb joves d\u2019altres pa\u00efsos i sorgeix la idea de fer-lo a B\u00f2snia. La veritat \u00e9s que les caracter\u00edstiques del grup s\u00f3n molt favorables. Es tracta d\u2019un grup molt cohesionat, madur i amb una implicaci\u00f3 fant\u00e0stica de les [&hellip;]\" \/>\n<meta property=\"og:url\" content=\"https:\/\/fundesplai.org\/compartir\/2006\/11\/12\/joves-per-bosnia\/\" \/>\n<meta property=\"og:site_name\" content=\"Compartir\" \/>\n<meta property=\"article:published_time\" content=\"2006-11-12T10:17:32+00:00\" \/>\n<meta property=\"article:modified_time\" content=\"2024-01-17T11:18:42+00:00\" \/>\n<meta property=\"og:image\" content=\"https:\/\/fundesplai.org\/compartir\/wp-content\/uploads\/sites\/9\/2024\/01\/Joves-per-Bosnia.jpg\" \/>\n\t<meta property=\"og:image:width\" content=\"1888\" \/>\n\t<meta property=\"og:image:height\" content=\"900\" \/>\n\t<meta property=\"og:image:type\" content=\"image\/jpeg\" \/>\n<meta name=\"author\" content=\"mduch\" \/>\n<meta name=\"twitter:card\" content=\"summary_large_image\" \/>\n<meta name=\"twitter:label1\" content=\"Escrit per\" \/>\n\t<meta name=\"twitter:data1\" content=\"mduch\" \/>\n\t<meta name=\"twitter:label2\" content=\"Temps estimat de lectura\" \/>\n\t<meta name=\"twitter:data2\" content=\"2 minuts\" \/>\n<script type=\"application\/ld+json\" class=\"yoast-schema-graph\">{\"@context\":\"https:\\\/\\\/schema.org\",\"@graph\":[{\"@type\":\"Article\",\"@id\":\"https:\\\/\\\/fundesplai.org\\\/compartir\\\/2006\\\/11\\\/12\\\/joves-per-bosnia\\\/#article\",\"isPartOf\":{\"@id\":\"https:\\\/\\\/fundesplai.org\\\/compartir\\\/2006\\\/11\\\/12\\\/joves-per-bosnia\\\/\"},\"author\":{\"name\":\"mduch\",\"@id\":\"https:\\\/\\\/fundesplai.org\\\/compartir\\\/#\\\/schema\\\/person\\\/16ccf8808d71dcf9af39e5029a7eb7be\"},\"headline\":\"Joves per B\u00f2snia\",\"datePublished\":\"2006-11-12T10:17:32+00:00\",\"dateModified\":\"2024-01-17T11:18:42+00:00\",\"mainEntityOfPage\":{\"@id\":\"https:\\\/\\\/fundesplai.org\\\/compartir\\\/2006\\\/11\\\/12\\\/joves-per-bosnia\\\/\"},\"wordCount\":455,\"image\":{\"@id\":\"https:\\\/\\\/fundesplai.org\\\/compartir\\\/2006\\\/11\\\/12\\\/joves-per-bosnia\\\/#primaryimage\"},\"thumbnailUrl\":\"https:\\\/\\\/fundesplai.org\\\/compartir\\\/wp-content\\\/uploads\\\/sites\\\/9\\\/2024\\\/01\\\/Joves-per-Bosnia.jpg\",\"articleSection\":[\"General\"],\"inLanguage\":\"ca\"},{\"@type\":\"WebPage\",\"@id\":\"https:\\\/\\\/fundesplai.org\\\/compartir\\\/2006\\\/11\\\/12\\\/joves-per-bosnia\\\/\",\"url\":\"https:\\\/\\\/fundesplai.org\\\/compartir\\\/2006\\\/11\\\/12\\\/joves-per-bosnia\\\/\",\"name\":\"Joves per B\u00f2snia - Compartir\",\"isPartOf\":{\"@id\":\"https:\\\/\\\/fundesplai.org\\\/compartir\\\/#website\"},\"primaryImageOfPage\":{\"@id\":\"https:\\\/\\\/fundesplai.org\\\/compartir\\\/2006\\\/11\\\/12\\\/joves-per-bosnia\\\/#primaryimage\"},\"image\":{\"@id\":\"https:\\\/\\\/fundesplai.org\\\/compartir\\\/2006\\\/11\\\/12\\\/joves-per-bosnia\\\/#primaryimage\"},\"thumbnailUrl\":\"https:\\\/\\\/fundesplai.org\\\/compartir\\\/wp-content\\\/uploads\\\/sites\\\/9\\\/2024\\\/01\\\/Joves-per-Bosnia.jpg\",\"datePublished\":\"2006-11-12T10:17:32+00:00\",\"dateModified\":\"2024-01-17T11:18:42+00:00\",\"author\":{\"@id\":\"https:\\\/\\\/fundesplai.org\\\/compartir\\\/#\\\/schema\\\/person\\\/16ccf8808d71dcf9af39e5029a7eb7be\"},\"breadcrumb\":{\"@id\":\"https:\\\/\\\/fundesplai.org\\\/compartir\\\/2006\\\/11\\\/12\\\/joves-per-bosnia\\\/#breadcrumb\"},\"inLanguage\":\"ca\",\"potentialAction\":[{\"@type\":\"ReadAction\",\"target\":[\"https:\\\/\\\/fundesplai.org\\\/compartir\\\/2006\\\/11\\\/12\\\/joves-per-bosnia\\\/\"]}]},{\"@type\":\"ImageObject\",\"inLanguage\":\"ca\",\"@id\":\"https:\\\/\\\/fundesplai.org\\\/compartir\\\/2006\\\/11\\\/12\\\/joves-per-bosnia\\\/#primaryimage\",\"url\":\"https:\\\/\\\/fundesplai.org\\\/compartir\\\/wp-content\\\/uploads\\\/sites\\\/9\\\/2024\\\/01\\\/Joves-per-Bosnia.jpg\",\"contentUrl\":\"https:\\\/\\\/fundesplai.org\\\/compartir\\\/wp-content\\\/uploads\\\/sites\\\/9\\\/2024\\\/01\\\/Joves-per-Bosnia.jpg\",\"width\":1888,\"height\":900},{\"@type\":\"BreadcrumbList\",\"@id\":\"https:\\\/\\\/fundesplai.org\\\/compartir\\\/2006\\\/11\\\/12\\\/joves-per-bosnia\\\/#breadcrumb\",\"itemListElement\":[{\"@type\":\"ListItem\",\"position\":1,\"name\":\"Inici\",\"item\":\"\\\/\"},{\"@type\":\"ListItem\",\"position\":2,\"name\":\"Compartir\",\"item\":\"https:\\\/\\\/fundesplai.org\\\/compartir\"},{\"@type\":\"ListItem\",\"position\":3,\"name\":\"Joves per B\u00f2snia\"}]},{\"@type\":\"WebSite\",\"@id\":\"https:\\\/\\\/fundesplai.org\\\/compartir\\\/#website\",\"url\":\"https:\\\/\\\/fundesplai.org\\\/compartir\\\/\",\"name\":\"Compartir\",\"description\":\"Proposta educativa de Fundesplai\",\"potentialAction\":[{\"@type\":\"SearchAction\",\"target\":{\"@type\":\"EntryPoint\",\"urlTemplate\":\"https:\\\/\\\/fundesplai.org\\\/compartir\\\/?s={search_term_string}\"},\"query-input\":{\"@type\":\"PropertyValueSpecification\",\"valueRequired\":true,\"valueName\":\"search_term_string\"}}],\"inLanguage\":\"ca\"},{\"@type\":\"Person\",\"@id\":\"https:\\\/\\\/fundesplai.org\\\/compartir\\\/#\\\/schema\\\/person\\\/16ccf8808d71dcf9af39e5029a7eb7be\",\"name\":\"mduch\",\"image\":{\"@type\":\"ImageObject\",\"inLanguage\":\"ca\",\"@id\":\"https:\\\/\\\/secure.gravatar.com\\\/avatar\\\/678f8dc5592155106183c2dba5a10542029cee6b53d56fa163cb5ba0b4db9386?s=96&d=mm&r=g\",\"url\":\"https:\\\/\\\/secure.gravatar.com\\\/avatar\\\/678f8dc5592155106183c2dba5a10542029cee6b53d56fa163cb5ba0b4db9386?s=96&d=mm&r=g\",\"contentUrl\":\"https:\\\/\\\/secure.gravatar.com\\\/avatar\\\/678f8dc5592155106183c2dba5a10542029cee6b53d56fa163cb5ba0b4db9386?s=96&d=mm&r=g\",\"caption\":\"mduch\"},\"url\":\"https:\\\/\\\/fundesplai.org\\\/compartir\\\/author\\\/mduch\\\/\"}]}<\/script>\n<!-- \/ Yoast SEO plugin. -->","yoast_head_json":{"title":"Joves per B\u00f2snia - Compartir","robots":{"index":"index","follow":"follow","max-snippet":"max-snippet:-1","max-image-preview":"max-image-preview:large","max-video-preview":"max-video-preview:-1"},"canonical":"https:\/\/fundesplai.org\/compartir\/2006\/11\/12\/joves-per-bosnia\/","og_locale":"ca_ES","og_type":"article","og_title":"Joves per B\u00f2snia - Compartir","og_description":"En comen\u00e7ar el curs, el grup de joves de 15 a 17 anys decideix fer un projecte d'intercanvi amb joves d\u2019altres pa\u00efsos i sorgeix la idea de fer-lo a B\u00f2snia. La veritat \u00e9s que les caracter\u00edstiques del grup s\u00f3n molt favorables. Es tracta d\u2019un grup molt cohesionat, madur i amb una implicaci\u00f3 fant\u00e0stica de les [&hellip;]","og_url":"https:\/\/fundesplai.org\/compartir\/2006\/11\/12\/joves-per-bosnia\/","og_site_name":"Compartir","article_published_time":"2006-11-12T10:17:32+00:00","article_modified_time":"2024-01-17T11:18:42+00:00","og_image":[{"width":1888,"height":900,"url":"https:\/\/fundesplai.org\/compartir\/wp-content\/uploads\/sites\/9\/2024\/01\/Joves-per-Bosnia.jpg","type":"image\/jpeg"}],"author":"mduch","twitter_card":"summary_large_image","twitter_misc":{"Escrit per":"mduch","Temps estimat de lectura":"2 minuts"},"schema":{"@context":"https:\/\/schema.org","@graph":[{"@type":"Article","@id":"https:\/\/fundesplai.org\/compartir\/2006\/11\/12\/joves-per-bosnia\/#article","isPartOf":{"@id":"https:\/\/fundesplai.org\/compartir\/2006\/11\/12\/joves-per-bosnia\/"},"author":{"name":"mduch","@id":"https:\/\/fundesplai.org\/compartir\/#\/schema\/person\/16ccf8808d71dcf9af39e5029a7eb7be"},"headline":"Joves per B\u00f2snia","datePublished":"2006-11-12T10:17:32+00:00","dateModified":"2024-01-17T11:18:42+00:00","mainEntityOfPage":{"@id":"https:\/\/fundesplai.org\/compartir\/2006\/11\/12\/joves-per-bosnia\/"},"wordCount":455,"image":{"@id":"https:\/\/fundesplai.org\/compartir\/2006\/11\/12\/joves-per-bosnia\/#primaryimage"},"thumbnailUrl":"https:\/\/fundesplai.org\/compartir\/wp-content\/uploads\/sites\/9\/2024\/01\/Joves-per-Bosnia.jpg","articleSection":["General"],"inLanguage":"ca"},{"@type":"WebPage","@id":"https:\/\/fundesplai.org\/compartir\/2006\/11\/12\/joves-per-bosnia\/","url":"https:\/\/fundesplai.org\/compartir\/2006\/11\/12\/joves-per-bosnia\/","name":"Joves per B\u00f2snia - Compartir","isPartOf":{"@id":"https:\/\/fundesplai.org\/compartir\/#website"},"primaryImageOfPage":{"@id":"https:\/\/fundesplai.org\/compartir\/2006\/11\/12\/joves-per-bosnia\/#primaryimage"},"image":{"@id":"https:\/\/fundesplai.org\/compartir\/2006\/11\/12\/joves-per-bosnia\/#primaryimage"},"thumbnailUrl":"https:\/\/fundesplai.org\/compartir\/wp-content\/uploads\/sites\/9\/2024\/01\/Joves-per-Bosnia.jpg","datePublished":"2006-11-12T10:17:32+00:00","dateModified":"2024-01-17T11:18:42+00:00","author":{"@id":"https:\/\/fundesplai.org\/compartir\/#\/schema\/person\/16ccf8808d71dcf9af39e5029a7eb7be"},"breadcrumb":{"@id":"https:\/\/fundesplai.org\/compartir\/2006\/11\/12\/joves-per-bosnia\/#breadcrumb"},"inLanguage":"ca","potentialAction":[{"@type":"ReadAction","target":["https:\/\/fundesplai.org\/compartir\/2006\/11\/12\/joves-per-bosnia\/"]}]},{"@type":"ImageObject","inLanguage":"ca","@id":"https:\/\/fundesplai.org\/compartir\/2006\/11\/12\/joves-per-bosnia\/#primaryimage","url":"https:\/\/fundesplai.org\/compartir\/wp-content\/uploads\/sites\/9\/2024\/01\/Joves-per-Bosnia.jpg","contentUrl":"https:\/\/fundesplai.org\/compartir\/wp-content\/uploads\/sites\/9\/2024\/01\/Joves-per-Bosnia.jpg","width":1888,"height":900},{"@type":"BreadcrumbList","@id":"https:\/\/fundesplai.org\/compartir\/2006\/11\/12\/joves-per-bosnia\/#breadcrumb","itemListElement":[{"@type":"ListItem","position":1,"name":"Inici","item":"\/"},{"@type":"ListItem","position":2,"name":"Compartir","item":"https:\/\/fundesplai.org\/compartir"},{"@type":"ListItem","position":3,"name":"Joves per B\u00f2snia"}]},{"@type":"WebSite","@id":"https:\/\/fundesplai.org\/compartir\/#website","url":"https:\/\/fundesplai.org\/compartir\/","name":"Compartir","description":"Proposta educativa de Fundesplai","potentialAction":[{"@type":"SearchAction","target":{"@type":"EntryPoint","urlTemplate":"https:\/\/fundesplai.org\/compartir\/?s={search_term_string}"},"query-input":{"@type":"PropertyValueSpecification","valueRequired":true,"valueName":"search_term_string"}}],"inLanguage":"ca"},{"@type":"Person","@id":"https:\/\/fundesplai.org\/compartir\/#\/schema\/person\/16ccf8808d71dcf9af39e5029a7eb7be","name":"mduch","image":{"@type":"ImageObject","inLanguage":"ca","@id":"https:\/\/secure.gravatar.com\/avatar\/678f8dc5592155106183c2dba5a10542029cee6b53d56fa163cb5ba0b4db9386?s=96&d=mm&r=g","url":"https:\/\/secure.gravatar.com\/avatar\/678f8dc5592155106183c2dba5a10542029cee6b53d56fa163cb5ba0b4db9386?s=96&d=mm&r=g","contentUrl":"https:\/\/secure.gravatar.com\/avatar\/678f8dc5592155106183c2dba5a10542029cee6b53d56fa163cb5ba0b4db9386?s=96&d=mm&r=g","caption":"mduch"},"url":"https:\/\/fundesplai.org\/compartir\/author\/mduch\/"}]}},"_links":{"self":[{"href":"https:\/\/fundesplai.org\/compartir\/wp-json\/wp\/v2\/posts\/260","targetHints":{"allow":["GET"]}}],"collection":[{"href":"https:\/\/fundesplai.org\/compartir\/wp-json\/wp\/v2\/posts"}],"about":[{"href":"https:\/\/fundesplai.org\/compartir\/wp-json\/wp\/v2\/types\/post"}],"author":[{"embeddable":true,"href":"https:\/\/fundesplai.org\/compartir\/wp-json\/wp\/v2\/users\/26"}],"replies":[{"embeddable":true,"href":"https:\/\/fundesplai.org\/compartir\/wp-json\/wp\/v2\/comments?post=260"}],"version-history":[{"count":5,"href":"https:\/\/fundesplai.org\/compartir\/wp-json\/wp\/v2\/posts\/260\/revisions"}],"predecessor-version":[{"id":369,"href":"https:\/\/fundesplai.org\/compartir\/wp-json\/wp\/v2\/posts\/260\/revisions\/369"}],"wp:featuredmedia":[{"embeddable":true,"href":"https:\/\/fundesplai.org\/compartir\/wp-json\/wp\/v2\/media\/263"}],"wp:attachment":[{"href":"https:\/\/fundesplai.org\/compartir\/wp-json\/wp\/v2\/media?parent=260"}],"wp:term":[{"taxonomy":"category","embeddable":true,"href":"https:\/\/fundesplai.org\/compartir\/wp-json\/wp\/v2\/categories?post=260"},{"taxonomy":"post_tag","embeddable":true,"href":"https:\/\/fundesplai.org\/compartir\/wp-json\/wp\/v2\/tags?post=260"}],"curies":[{"name":"wp","href":"https:\/\/api.w.org\/{rel}","templated":true}]}}