{"id":255,"date":"2006-10-12T11:10:31","date_gmt":"2006-10-12T09:10:31","guid":{"rendered":"https:\/\/fundesplai.org\/compartir\/?p=255"},"modified":"2024-01-17T12:20:00","modified_gmt":"2024-01-17T11:20:00","slug":"tots-som-meninos","status":"publish","type":"post","link":"https:\/\/fundesplai.org\/compartir\/2006\/10\/12\/tots-som-meninos\/","title":{"rendered":"Tots som meninos"},"content":{"rendered":"<p>[et_pb_section fb_built=&#8221;1&#8243; _builder_version=&#8221;4.21.0&#8243; _module_preset=&#8221;default&#8221; global_colors_info=&#8221;{}&#8221;][et_pb_row _builder_version=&#8221;4.21.0&#8243; _module_preset=&#8221;default&#8221; global_colors_info=&#8221;{}&#8221;][et_pb_column type=&#8221;4_4&#8243; _builder_version=&#8221;4.21.0&#8243; _module_preset=&#8221;default&#8221; global_colors_info=&#8221;{}&#8221;][et_pb_text _builder_version=&#8221;4.21.0&#8243; _module_preset=&#8221;default&#8221; global_colors_info=&#8221;{}&#8221;]<\/p>\n<p>Jo vaig formar part del primer grup de joves catalans que va participar en l&#8217;Encontro Internacional de Meninos e Meninas da Rua. Com que era la primera vegada, la selecci\u00f3 dels participants es va fer de manera que no ens vam assabentar de res fins que la fam\u00edlia va donar el vist-i-plau.<\/p>\n<p>Va ser una feina intensa de preparaci\u00f3: coneixement del pa\u00eds, de la llengua, previsi\u00f3 d&#8217;activitats, infraestructura&#8230; El m\u00e9s important, per\u00f2, era el comprom\u00eds que jo adquiria dia a dia per convertir-me en portaveu de l&#8217;entitat. Jo no viatjaria a t\u00edtol personal: hi aniria per fer un aprenentatge i poder-lo transmetre a l&#8217;esplai, a les fam\u00edlies i al barri.<\/p>\n<p>El viatge va ser impressionant. De cop, tenia al meu davant diferents realitats que m&#8217;oferien un aprenentatge \u00fanic. Jo ho vaig viure com en un n\u00favol! Em sentia com una esponja que anava absorbint imatges, informacions, viv\u00e8ncies. Dia a dia, aprenia a valorar les coses de manera diferent. La tornada, per\u00f2, va ser dura.<\/p>\n<p>Tornar a casa, al barri, a l&#8217;entitat, al meu m\u00f3n&#8230; i Brasil tan lluny i diferent! Vaig patir molt perqu\u00e8 de cop i volta tot all\u00f2 que havia apr\u00e8s no servia de res a la meva realitat. Em vaig sentir impotent i egoista. La meva vida era una contradicci\u00f3. Per\u00f2, a poc a poc, vaig anar entenent que tamb\u00e9 podem aprendre del nostre entorn m\u00e9s proper i que aqu\u00ed tamb\u00e9 hi ha molt a fer.<\/p>\n<p><strong>Club d&#8217;Esplai Mowgli. Cornell\u00e0 de Llobregat<\/strong><\/p>\n<p><strong>Quin \u00e9s el servei? <\/strong>Conscienciaci\u00f3 de la poblaci\u00f3 respecte dels meninos i menines de rua.<\/p>\n<p><strong>Quins s\u00f3n els aprenentatges?<\/strong> Con\u00e8ixer una mica Brasil: cultura, economia, societat, infants del carrer. Organitzaci\u00f3 de les campanyes associades al projecte. Comunicar-se amb persones d&#8217;altres cultures.<\/p>\n<p>[\/et_pb_text][et_pb_button _builder_version=&#8221;4.21.0&#8243; _module_preset=&#8221;default&#8221; button_text=&#8221;V\u00e9s a la p\u00e0gina d&#8217;inici de la proposta&#8221; button_url=&#8221;https:\/\/fundesplai.org\/compartir\/&#8221; button_alignment=&#8221;center&#8221; custom_margin=&#8221;30px||50px||false|false&#8221; hover_enabled=&#8221;0&#8243; sticky_enabled=&#8221;0&#8243;][\/et_pb_button][\/et_pb_column][\/et_pb_row][\/et_pb_section]<\/p>\n","protected":false},"excerpt":{"rendered":"<p>Jo vaig formar part del primer grup de joves catalans que va participar en l&#8217;Encontro Internacional de Meninos e Meninas da Rua. Com que era la primera vegada, la selecci\u00f3 dels participants es va fer de manera que no ens vam assabentar de res fins que la fam\u00edlia va donar el vist-i-plau. Va ser una [&hellip;]<\/p>\n","protected":false},"author":26,"featured_media":258,"comment_status":"closed","ping_status":"closed","sticky":false,"template":"","format":"standard","meta":{"_et_pb_use_builder":"on","_et_pb_old_content":"","_et_gb_content_width":"","footnotes":""},"categories":[1],"tags":[],"class_list":["post-255","post","type-post","status-publish","format-standard","has-post-thumbnail","hentry","category-general"],"yoast_head":"<!-- This site is optimized with the Yoast SEO plugin v27.5 - https:\/\/yoast.com\/product\/yoast-seo-wordpress\/ -->\n<title>Tots som meninos - Compartir<\/title>\n<meta name=\"robots\" content=\"index, follow, max-snippet:-1, max-image-preview:large, max-video-preview:-1\" \/>\n<link rel=\"canonical\" href=\"https:\/\/fundesplai.org\/compartir\/2006\/10\/12\/tots-som-meninos\/\" \/>\n<meta property=\"og:locale\" content=\"ca_ES\" \/>\n<meta property=\"og:type\" content=\"article\" \/>\n<meta property=\"og:title\" content=\"Tots som meninos - Compartir\" \/>\n<meta property=\"og:description\" content=\"Jo vaig formar part del primer grup de joves catalans que va participar en l&#039;Encontro Internacional de Meninos e Meninas da Rua. Com que era la primera vegada, la selecci\u00f3 dels participants es va fer de manera que no ens vam assabentar de res fins que la fam\u00edlia va donar el vist-i-plau. Va ser una [&hellip;]\" \/>\n<meta property=\"og:url\" content=\"https:\/\/fundesplai.org\/compartir\/2006\/10\/12\/tots-som-meninos\/\" \/>\n<meta property=\"og:site_name\" content=\"Compartir\" \/>\n<meta property=\"article:published_time\" content=\"2006-10-12T09:10:31+00:00\" \/>\n<meta property=\"article:modified_time\" content=\"2024-01-17T11:20:00+00:00\" \/>\n<meta property=\"og:image\" content=\"https:\/\/fundesplai.org\/compartir\/wp-content\/uploads\/sites\/9\/2024\/01\/Tots-som-meninos.jpg\" \/>\n\t<meta property=\"og:image:width\" content=\"1888\" \/>\n\t<meta property=\"og:image:height\" content=\"900\" \/>\n\t<meta property=\"og:image:type\" content=\"image\/jpeg\" \/>\n<meta name=\"author\" content=\"mduch\" \/>\n<meta name=\"twitter:card\" content=\"summary_large_image\" \/>\n<meta name=\"twitter:label1\" content=\"Escrit per\" \/>\n\t<meta name=\"twitter:data1\" content=\"mduch\" \/>\n\t<meta name=\"twitter:label2\" content=\"Temps estimat de lectura\" \/>\n\t<meta name=\"twitter:data2\" content=\"2 minuts\" \/>\n<script type=\"application\/ld+json\" class=\"yoast-schema-graph\">{\"@context\":\"https:\\\/\\\/schema.org\",\"@graph\":[{\"@type\":\"Article\",\"@id\":\"https:\\\/\\\/fundesplai.org\\\/compartir\\\/2006\\\/10\\\/12\\\/tots-som-meninos\\\/#article\",\"isPartOf\":{\"@id\":\"https:\\\/\\\/fundesplai.org\\\/compartir\\\/2006\\\/10\\\/12\\\/tots-som-meninos\\\/\"},\"author\":{\"name\":\"mduch\",\"@id\":\"https:\\\/\\\/fundesplai.org\\\/compartir\\\/#\\\/schema\\\/person\\\/16ccf8808d71dcf9af39e5029a7eb7be\"},\"headline\":\"Tots som meninos\",\"datePublished\":\"2006-10-12T09:10:31+00:00\",\"dateModified\":\"2024-01-17T11:20:00+00:00\",\"mainEntityOfPage\":{\"@id\":\"https:\\\/\\\/fundesplai.org\\\/compartir\\\/2006\\\/10\\\/12\\\/tots-som-meninos\\\/\"},\"wordCount\":412,\"image\":{\"@id\":\"https:\\\/\\\/fundesplai.org\\\/compartir\\\/2006\\\/10\\\/12\\\/tots-som-meninos\\\/#primaryimage\"},\"thumbnailUrl\":\"https:\\\/\\\/fundesplai.org\\\/compartir\\\/wp-content\\\/uploads\\\/sites\\\/9\\\/2024\\\/01\\\/Tots-som-meninos.jpg\",\"articleSection\":[\"General\"],\"inLanguage\":\"ca\"},{\"@type\":\"WebPage\",\"@id\":\"https:\\\/\\\/fundesplai.org\\\/compartir\\\/2006\\\/10\\\/12\\\/tots-som-meninos\\\/\",\"url\":\"https:\\\/\\\/fundesplai.org\\\/compartir\\\/2006\\\/10\\\/12\\\/tots-som-meninos\\\/\",\"name\":\"Tots som meninos - Compartir\",\"isPartOf\":{\"@id\":\"https:\\\/\\\/fundesplai.org\\\/compartir\\\/#website\"},\"primaryImageOfPage\":{\"@id\":\"https:\\\/\\\/fundesplai.org\\\/compartir\\\/2006\\\/10\\\/12\\\/tots-som-meninos\\\/#primaryimage\"},\"image\":{\"@id\":\"https:\\\/\\\/fundesplai.org\\\/compartir\\\/2006\\\/10\\\/12\\\/tots-som-meninos\\\/#primaryimage\"},\"thumbnailUrl\":\"https:\\\/\\\/fundesplai.org\\\/compartir\\\/wp-content\\\/uploads\\\/sites\\\/9\\\/2024\\\/01\\\/Tots-som-meninos.jpg\",\"datePublished\":\"2006-10-12T09:10:31+00:00\",\"dateModified\":\"2024-01-17T11:20:00+00:00\",\"author\":{\"@id\":\"https:\\\/\\\/fundesplai.org\\\/compartir\\\/#\\\/schema\\\/person\\\/16ccf8808d71dcf9af39e5029a7eb7be\"},\"breadcrumb\":{\"@id\":\"https:\\\/\\\/fundesplai.org\\\/compartir\\\/2006\\\/10\\\/12\\\/tots-som-meninos\\\/#breadcrumb\"},\"inLanguage\":\"ca\",\"potentialAction\":[{\"@type\":\"ReadAction\",\"target\":[\"https:\\\/\\\/fundesplai.org\\\/compartir\\\/2006\\\/10\\\/12\\\/tots-som-meninos\\\/\"]}]},{\"@type\":\"ImageObject\",\"inLanguage\":\"ca\",\"@id\":\"https:\\\/\\\/fundesplai.org\\\/compartir\\\/2006\\\/10\\\/12\\\/tots-som-meninos\\\/#primaryimage\",\"url\":\"https:\\\/\\\/fundesplai.org\\\/compartir\\\/wp-content\\\/uploads\\\/sites\\\/9\\\/2024\\\/01\\\/Tots-som-meninos.jpg\",\"contentUrl\":\"https:\\\/\\\/fundesplai.org\\\/compartir\\\/wp-content\\\/uploads\\\/sites\\\/9\\\/2024\\\/01\\\/Tots-som-meninos.jpg\",\"width\":1888,\"height\":900},{\"@type\":\"BreadcrumbList\",\"@id\":\"https:\\\/\\\/fundesplai.org\\\/compartir\\\/2006\\\/10\\\/12\\\/tots-som-meninos\\\/#breadcrumb\",\"itemListElement\":[{\"@type\":\"ListItem\",\"position\":1,\"name\":\"Inici\",\"item\":\"\\\/\"},{\"@type\":\"ListItem\",\"position\":2,\"name\":\"Compartir\",\"item\":\"https:\\\/\\\/fundesplai.org\\\/compartir\"},{\"@type\":\"ListItem\",\"position\":3,\"name\":\"Tots som meninos\"}]},{\"@type\":\"WebSite\",\"@id\":\"https:\\\/\\\/fundesplai.org\\\/compartir\\\/#website\",\"url\":\"https:\\\/\\\/fundesplai.org\\\/compartir\\\/\",\"name\":\"Compartir\",\"description\":\"Proposta educativa de Fundesplai\",\"potentialAction\":[{\"@type\":\"SearchAction\",\"target\":{\"@type\":\"EntryPoint\",\"urlTemplate\":\"https:\\\/\\\/fundesplai.org\\\/compartir\\\/?s={search_term_string}\"},\"query-input\":{\"@type\":\"PropertyValueSpecification\",\"valueRequired\":true,\"valueName\":\"search_term_string\"}}],\"inLanguage\":\"ca\"},{\"@type\":\"Person\",\"@id\":\"https:\\\/\\\/fundesplai.org\\\/compartir\\\/#\\\/schema\\\/person\\\/16ccf8808d71dcf9af39e5029a7eb7be\",\"name\":\"mduch\",\"image\":{\"@type\":\"ImageObject\",\"inLanguage\":\"ca\",\"@id\":\"https:\\\/\\\/secure.gravatar.com\\\/avatar\\\/678f8dc5592155106183c2dba5a10542029cee6b53d56fa163cb5ba0b4db9386?s=96&d=mm&r=g\",\"url\":\"https:\\\/\\\/secure.gravatar.com\\\/avatar\\\/678f8dc5592155106183c2dba5a10542029cee6b53d56fa163cb5ba0b4db9386?s=96&d=mm&r=g\",\"contentUrl\":\"https:\\\/\\\/secure.gravatar.com\\\/avatar\\\/678f8dc5592155106183c2dba5a10542029cee6b53d56fa163cb5ba0b4db9386?s=96&d=mm&r=g\",\"caption\":\"mduch\"},\"url\":\"https:\\\/\\\/fundesplai.org\\\/compartir\\\/author\\\/mduch\\\/\"}]}<\/script>\n<!-- \/ Yoast SEO plugin. -->","yoast_head_json":{"title":"Tots som meninos - Compartir","robots":{"index":"index","follow":"follow","max-snippet":"max-snippet:-1","max-image-preview":"max-image-preview:large","max-video-preview":"max-video-preview:-1"},"canonical":"https:\/\/fundesplai.org\/compartir\/2006\/10\/12\/tots-som-meninos\/","og_locale":"ca_ES","og_type":"article","og_title":"Tots som meninos - Compartir","og_description":"Jo vaig formar part del primer grup de joves catalans que va participar en l'Encontro Internacional de Meninos e Meninas da Rua. Com que era la primera vegada, la selecci\u00f3 dels participants es va fer de manera que no ens vam assabentar de res fins que la fam\u00edlia va donar el vist-i-plau. Va ser una [&hellip;]","og_url":"https:\/\/fundesplai.org\/compartir\/2006\/10\/12\/tots-som-meninos\/","og_site_name":"Compartir","article_published_time":"2006-10-12T09:10:31+00:00","article_modified_time":"2024-01-17T11:20:00+00:00","og_image":[{"width":1888,"height":900,"url":"https:\/\/fundesplai.org\/compartir\/wp-content\/uploads\/sites\/9\/2024\/01\/Tots-som-meninos.jpg","type":"image\/jpeg"}],"author":"mduch","twitter_card":"summary_large_image","twitter_misc":{"Escrit per":"mduch","Temps estimat de lectura":"2 minuts"},"schema":{"@context":"https:\/\/schema.org","@graph":[{"@type":"Article","@id":"https:\/\/fundesplai.org\/compartir\/2006\/10\/12\/tots-som-meninos\/#article","isPartOf":{"@id":"https:\/\/fundesplai.org\/compartir\/2006\/10\/12\/tots-som-meninos\/"},"author":{"name":"mduch","@id":"https:\/\/fundesplai.org\/compartir\/#\/schema\/person\/16ccf8808d71dcf9af39e5029a7eb7be"},"headline":"Tots som meninos","datePublished":"2006-10-12T09:10:31+00:00","dateModified":"2024-01-17T11:20:00+00:00","mainEntityOfPage":{"@id":"https:\/\/fundesplai.org\/compartir\/2006\/10\/12\/tots-som-meninos\/"},"wordCount":412,"image":{"@id":"https:\/\/fundesplai.org\/compartir\/2006\/10\/12\/tots-som-meninos\/#primaryimage"},"thumbnailUrl":"https:\/\/fundesplai.org\/compartir\/wp-content\/uploads\/sites\/9\/2024\/01\/Tots-som-meninos.jpg","articleSection":["General"],"inLanguage":"ca"},{"@type":"WebPage","@id":"https:\/\/fundesplai.org\/compartir\/2006\/10\/12\/tots-som-meninos\/","url":"https:\/\/fundesplai.org\/compartir\/2006\/10\/12\/tots-som-meninos\/","name":"Tots som meninos - Compartir","isPartOf":{"@id":"https:\/\/fundesplai.org\/compartir\/#website"},"primaryImageOfPage":{"@id":"https:\/\/fundesplai.org\/compartir\/2006\/10\/12\/tots-som-meninos\/#primaryimage"},"image":{"@id":"https:\/\/fundesplai.org\/compartir\/2006\/10\/12\/tots-som-meninos\/#primaryimage"},"thumbnailUrl":"https:\/\/fundesplai.org\/compartir\/wp-content\/uploads\/sites\/9\/2024\/01\/Tots-som-meninos.jpg","datePublished":"2006-10-12T09:10:31+00:00","dateModified":"2024-01-17T11:20:00+00:00","author":{"@id":"https:\/\/fundesplai.org\/compartir\/#\/schema\/person\/16ccf8808d71dcf9af39e5029a7eb7be"},"breadcrumb":{"@id":"https:\/\/fundesplai.org\/compartir\/2006\/10\/12\/tots-som-meninos\/#breadcrumb"},"inLanguage":"ca","potentialAction":[{"@type":"ReadAction","target":["https:\/\/fundesplai.org\/compartir\/2006\/10\/12\/tots-som-meninos\/"]}]},{"@type":"ImageObject","inLanguage":"ca","@id":"https:\/\/fundesplai.org\/compartir\/2006\/10\/12\/tots-som-meninos\/#primaryimage","url":"https:\/\/fundesplai.org\/compartir\/wp-content\/uploads\/sites\/9\/2024\/01\/Tots-som-meninos.jpg","contentUrl":"https:\/\/fundesplai.org\/compartir\/wp-content\/uploads\/sites\/9\/2024\/01\/Tots-som-meninos.jpg","width":1888,"height":900},{"@type":"BreadcrumbList","@id":"https:\/\/fundesplai.org\/compartir\/2006\/10\/12\/tots-som-meninos\/#breadcrumb","itemListElement":[{"@type":"ListItem","position":1,"name":"Inici","item":"\/"},{"@type":"ListItem","position":2,"name":"Compartir","item":"https:\/\/fundesplai.org\/compartir"},{"@type":"ListItem","position":3,"name":"Tots som meninos"}]},{"@type":"WebSite","@id":"https:\/\/fundesplai.org\/compartir\/#website","url":"https:\/\/fundesplai.org\/compartir\/","name":"Compartir","description":"Proposta educativa de Fundesplai","potentialAction":[{"@type":"SearchAction","target":{"@type":"EntryPoint","urlTemplate":"https:\/\/fundesplai.org\/compartir\/?s={search_term_string}"},"query-input":{"@type":"PropertyValueSpecification","valueRequired":true,"valueName":"search_term_string"}}],"inLanguage":"ca"},{"@type":"Person","@id":"https:\/\/fundesplai.org\/compartir\/#\/schema\/person\/16ccf8808d71dcf9af39e5029a7eb7be","name":"mduch","image":{"@type":"ImageObject","inLanguage":"ca","@id":"https:\/\/secure.gravatar.com\/avatar\/678f8dc5592155106183c2dba5a10542029cee6b53d56fa163cb5ba0b4db9386?s=96&d=mm&r=g","url":"https:\/\/secure.gravatar.com\/avatar\/678f8dc5592155106183c2dba5a10542029cee6b53d56fa163cb5ba0b4db9386?s=96&d=mm&r=g","contentUrl":"https:\/\/secure.gravatar.com\/avatar\/678f8dc5592155106183c2dba5a10542029cee6b53d56fa163cb5ba0b4db9386?s=96&d=mm&r=g","caption":"mduch"},"url":"https:\/\/fundesplai.org\/compartir\/author\/mduch\/"}]}},"_links":{"self":[{"href":"https:\/\/fundesplai.org\/compartir\/wp-json\/wp\/v2\/posts\/255","targetHints":{"allow":["GET"]}}],"collection":[{"href":"https:\/\/fundesplai.org\/compartir\/wp-json\/wp\/v2\/posts"}],"about":[{"href":"https:\/\/fundesplai.org\/compartir\/wp-json\/wp\/v2\/types\/post"}],"author":[{"embeddable":true,"href":"https:\/\/fundesplai.org\/compartir\/wp-json\/wp\/v2\/users\/26"}],"replies":[{"embeddable":true,"href":"https:\/\/fundesplai.org\/compartir\/wp-json\/wp\/v2\/comments?post=255"}],"version-history":[{"count":4,"href":"https:\/\/fundesplai.org\/compartir\/wp-json\/wp\/v2\/posts\/255\/revisions"}],"predecessor-version":[{"id":371,"href":"https:\/\/fundesplai.org\/compartir\/wp-json\/wp\/v2\/posts\/255\/revisions\/371"}],"wp:featuredmedia":[{"embeddable":true,"href":"https:\/\/fundesplai.org\/compartir\/wp-json\/wp\/v2\/media\/258"}],"wp:attachment":[{"href":"https:\/\/fundesplai.org\/compartir\/wp-json\/wp\/v2\/media?parent=255"}],"wp:term":[{"taxonomy":"category","embeddable":true,"href":"https:\/\/fundesplai.org\/compartir\/wp-json\/wp\/v2\/categories?post=255"},{"taxonomy":"post_tag","embeddable":true,"href":"https:\/\/fundesplai.org\/compartir\/wp-json\/wp\/v2\/tags?post=255"}],"curies":[{"name":"wp","href":"https:\/\/api.w.org\/{rel}","templated":true}]}}