{"id":249,"date":"2006-12-11T13:01:12","date_gmt":"2006-12-11T12:01:12","guid":{"rendered":"https:\/\/fundesplai.org\/compartir\/?p=249"},"modified":"2024-01-17T12:17:51","modified_gmt":"2024-01-17T11:17:51","slug":"la-motxilla-ecologica","status":"publish","type":"post","link":"https:\/\/fundesplai.org\/compartir\/2006\/12\/11\/la-motxilla-ecologica\/","title":{"rendered":"La motxilla ecol\u00f2gica"},"content":{"rendered":"<p>[et_pb_section fb_built=&#8221;1&#8243; _builder_version=&#8221;4.21.0&#8243; _module_preset=&#8221;default&#8221; global_colors_info=&#8221;{}&#8221;][et_pb_row _builder_version=&#8221;4.21.0&#8243; _module_preset=&#8221;default&#8221; global_colors_info=&#8221;{}&#8221;][et_pb_column type=&#8221;4_4&#8243; _builder_version=&#8221;4.21.0&#8243; _module_preset=&#8221;default&#8221; global_colors_info=&#8221;{}&#8221;][et_pb_text _builder_version=&#8221;4.21.0&#8243; _module_preset=&#8221;default&#8221; global_colors_info=&#8221;{}&#8221;]<\/p>\n<p>Cada cop que surt d\u2019excursi\u00f3, el grup de nois i noies porta una motxilla especial, a m\u00e9s de les normals: \u201cla motxilla ecol\u00f2gica\u201d. Aquesta motxilla, decorada pels mateixos nois i noies, surt \u201cbuida\u201d del punt de partida, per\u00f2 s\u2019omple de les escombraries trobades pel grup en un dels indrets visitats.<\/p>\n<p>Espais freq\u00fcentats, com per exemple les fonts que es troben properes al cam\u00ed, solen estar malauradament una mica brutes: llaunes, pl\u00e0stics, papers, restes de menjar. Aquesta situaci\u00f3 ofereix la possibilitat de realitzar una tasca solid\u00e0ria immediata i senzilla, de la qual val la pena fotografiar \u201cl\u2019abans\u201d i \u201cel despr\u00e9s\u201d. El fet de registrar la feina feta amb fotografies serveix tamb\u00e9 per refor\u00e7ar altres accions de den\u00fancia, com per exemple lliurar una carta a l\u2019alcalde del municipi de l\u2019indret netejat, exposant l\u2019estat en que es trobava, el tipus de deixalles, el bon o mal estat de les papereres o indicadors, etc.<\/p>\n<p>La motxilla ecol\u00f2gica simbolitza tamb\u00e9 el petit comprom\u00eds quotidi\u00e0 i immediat que qualifica una acci\u00f3 de descoberta de la natura, una ruta esportiva, un recorregut d\u2019orientaci\u00f3 o un joc de pistes.<\/p>\n<p><strong>Federaci\u00f3 Catalana de l&#8217;Esplai<\/strong><\/p>\n<p><strong>Quin \u00e9s el servei? <\/strong>Neteja d&#8217;un indret brut i den\u00fancia a les autoritats<\/p>\n<p><strong>Quins s\u00f3n els aprenentatges?<\/strong> Sensibilitzar-se respecte a al degradaci\u00f3 del medi natural. Expressar-se i comunicar-se amb les autoritats i els adults. Prendre un comprom\u00eds c\u00edvic amb car\u00e0cter immediat.<\/p>\n<p>[\/et_pb_text][et_pb_button _builder_version=&#8221;4.21.0&#8243; _module_preset=&#8221;default&#8221; button_text=&#8221;V\u00e9s a la p\u00e0gina d&#8217;inici de la proposta&#8221; button_url=&#8221;https:\/\/fundesplai.org\/compartir\/&#8221; button_alignment=&#8221;center&#8221; custom_margin=&#8221;30px||50px||false|false&#8221; hover_enabled=&#8221;0&#8243; sticky_enabled=&#8221;0&#8243;][\/et_pb_button][\/et_pb_column][\/et_pb_row][\/et_pb_section]<\/p>\n","protected":false},"excerpt":{"rendered":"<p>Cada cop que surt d\u2019excursi\u00f3, el grup de nois i noies porta una motxilla especial, a m\u00e9s de les normals: \u201cla motxilla ecol\u00f2gica\u201d. Aquesta motxilla, decorada pels mateixos nois i noies, surt \u201cbuida\u201d del punt de partida, per\u00f2 s\u2019omple de les escombraries trobades pel grup en un dels indrets visitats. Espais freq\u00fcentats, com per exemple [&hellip;]<\/p>\n","protected":false},"author":26,"featured_media":252,"comment_status":"closed","ping_status":"closed","sticky":false,"template":"","format":"standard","meta":{"_et_pb_use_builder":"on","_et_pb_old_content":"","_et_gb_content_width":"","footnotes":""},"categories":[1],"tags":[],"class_list":["post-249","post","type-post","status-publish","format-standard","has-post-thumbnail","hentry","category-general"],"yoast_head":"<!-- This site is optimized with the Yoast SEO plugin v27.5 - https:\/\/yoast.com\/product\/yoast-seo-wordpress\/ -->\n<title>La motxilla ecol\u00f2gica - Compartir<\/title>\n<meta name=\"robots\" content=\"index, follow, max-snippet:-1, max-image-preview:large, max-video-preview:-1\" \/>\n<link rel=\"canonical\" href=\"https:\/\/fundesplai.org\/compartir\/2006\/12\/11\/la-motxilla-ecologica\/\" \/>\n<meta property=\"og:locale\" content=\"ca_ES\" \/>\n<meta property=\"og:type\" content=\"article\" \/>\n<meta property=\"og:title\" content=\"La motxilla ecol\u00f2gica - Compartir\" \/>\n<meta property=\"og:description\" content=\"Cada cop que surt d\u2019excursi\u00f3, el grup de nois i noies porta una motxilla especial, a m\u00e9s de les normals: \u201cla motxilla ecol\u00f2gica\u201d. Aquesta motxilla, decorada pels mateixos nois i noies, surt \u201cbuida\u201d del punt de partida, per\u00f2 s\u2019omple de les escombraries trobades pel grup en un dels indrets visitats. Espais freq\u00fcentats, com per exemple [&hellip;]\" \/>\n<meta property=\"og:url\" content=\"https:\/\/fundesplai.org\/compartir\/2006\/12\/11\/la-motxilla-ecologica\/\" \/>\n<meta property=\"og:site_name\" content=\"Compartir\" \/>\n<meta property=\"article:published_time\" content=\"2006-12-11T12:01:12+00:00\" \/>\n<meta property=\"article:modified_time\" content=\"2024-01-17T11:17:51+00:00\" \/>\n<meta property=\"og:image\" content=\"https:\/\/fundesplai.org\/compartir\/wp-content\/uploads\/sites\/9\/2024\/01\/La-motxilla-ecologica.jpg\" \/>\n\t<meta property=\"og:image:width\" content=\"1888\" \/>\n\t<meta property=\"og:image:height\" content=\"900\" \/>\n\t<meta property=\"og:image:type\" content=\"image\/jpeg\" \/>\n<meta name=\"author\" content=\"mduch\" \/>\n<meta name=\"twitter:card\" content=\"summary_large_image\" \/>\n<meta name=\"twitter:label1\" content=\"Escrit per\" \/>\n\t<meta name=\"twitter:data1\" content=\"mduch\" \/>\n\t<meta name=\"twitter:label2\" content=\"Temps estimat de lectura\" \/>\n\t<meta name=\"twitter:data2\" content=\"2 minuts\" \/>\n<script type=\"application\/ld+json\" class=\"yoast-schema-graph\">{\"@context\":\"https:\\\/\\\/schema.org\",\"@graph\":[{\"@type\":\"Article\",\"@id\":\"https:\\\/\\\/fundesplai.org\\\/compartir\\\/2006\\\/12\\\/11\\\/la-motxilla-ecologica\\\/#article\",\"isPartOf\":{\"@id\":\"https:\\\/\\\/fundesplai.org\\\/compartir\\\/2006\\\/12\\\/11\\\/la-motxilla-ecologica\\\/\"},\"author\":{\"name\":\"mduch\",\"@id\":\"https:\\\/\\\/fundesplai.org\\\/compartir\\\/#\\\/schema\\\/person\\\/16ccf8808d71dcf9af39e5029a7eb7be\"},\"headline\":\"La motxilla ecol\u00f2gica\",\"datePublished\":\"2006-12-11T12:01:12+00:00\",\"dateModified\":\"2024-01-17T11:17:51+00:00\",\"mainEntityOfPage\":{\"@id\":\"https:\\\/\\\/fundesplai.org\\\/compartir\\\/2006\\\/12\\\/11\\\/la-motxilla-ecologica\\\/\"},\"wordCount\":356,\"image\":{\"@id\":\"https:\\\/\\\/fundesplai.org\\\/compartir\\\/2006\\\/12\\\/11\\\/la-motxilla-ecologica\\\/#primaryimage\"},\"thumbnailUrl\":\"https:\\\/\\\/fundesplai.org\\\/compartir\\\/wp-content\\\/uploads\\\/sites\\\/9\\\/2024\\\/01\\\/La-motxilla-ecologica.jpg\",\"articleSection\":[\"General\"],\"inLanguage\":\"ca\"},{\"@type\":\"WebPage\",\"@id\":\"https:\\\/\\\/fundesplai.org\\\/compartir\\\/2006\\\/12\\\/11\\\/la-motxilla-ecologica\\\/\",\"url\":\"https:\\\/\\\/fundesplai.org\\\/compartir\\\/2006\\\/12\\\/11\\\/la-motxilla-ecologica\\\/\",\"name\":\"La motxilla ecol\u00f2gica - Compartir\",\"isPartOf\":{\"@id\":\"https:\\\/\\\/fundesplai.org\\\/compartir\\\/#website\"},\"primaryImageOfPage\":{\"@id\":\"https:\\\/\\\/fundesplai.org\\\/compartir\\\/2006\\\/12\\\/11\\\/la-motxilla-ecologica\\\/#primaryimage\"},\"image\":{\"@id\":\"https:\\\/\\\/fundesplai.org\\\/compartir\\\/2006\\\/12\\\/11\\\/la-motxilla-ecologica\\\/#primaryimage\"},\"thumbnailUrl\":\"https:\\\/\\\/fundesplai.org\\\/compartir\\\/wp-content\\\/uploads\\\/sites\\\/9\\\/2024\\\/01\\\/La-motxilla-ecologica.jpg\",\"datePublished\":\"2006-12-11T12:01:12+00:00\",\"dateModified\":\"2024-01-17T11:17:51+00:00\",\"author\":{\"@id\":\"https:\\\/\\\/fundesplai.org\\\/compartir\\\/#\\\/schema\\\/person\\\/16ccf8808d71dcf9af39e5029a7eb7be\"},\"breadcrumb\":{\"@id\":\"https:\\\/\\\/fundesplai.org\\\/compartir\\\/2006\\\/12\\\/11\\\/la-motxilla-ecologica\\\/#breadcrumb\"},\"inLanguage\":\"ca\",\"potentialAction\":[{\"@type\":\"ReadAction\",\"target\":[\"https:\\\/\\\/fundesplai.org\\\/compartir\\\/2006\\\/12\\\/11\\\/la-motxilla-ecologica\\\/\"]}]},{\"@type\":\"ImageObject\",\"inLanguage\":\"ca\",\"@id\":\"https:\\\/\\\/fundesplai.org\\\/compartir\\\/2006\\\/12\\\/11\\\/la-motxilla-ecologica\\\/#primaryimage\",\"url\":\"https:\\\/\\\/fundesplai.org\\\/compartir\\\/wp-content\\\/uploads\\\/sites\\\/9\\\/2024\\\/01\\\/La-motxilla-ecologica.jpg\",\"contentUrl\":\"https:\\\/\\\/fundesplai.org\\\/compartir\\\/wp-content\\\/uploads\\\/sites\\\/9\\\/2024\\\/01\\\/La-motxilla-ecologica.jpg\",\"width\":1888,\"height\":900},{\"@type\":\"BreadcrumbList\",\"@id\":\"https:\\\/\\\/fundesplai.org\\\/compartir\\\/2006\\\/12\\\/11\\\/la-motxilla-ecologica\\\/#breadcrumb\",\"itemListElement\":[{\"@type\":\"ListItem\",\"position\":1,\"name\":\"Inici\",\"item\":\"\\\/\"},{\"@type\":\"ListItem\",\"position\":2,\"name\":\"Compartir\",\"item\":\"https:\\\/\\\/fundesplai.org\\\/compartir\"},{\"@type\":\"ListItem\",\"position\":3,\"name\":\"La motxilla ecol\u00f2gica\"}]},{\"@type\":\"WebSite\",\"@id\":\"https:\\\/\\\/fundesplai.org\\\/compartir\\\/#website\",\"url\":\"https:\\\/\\\/fundesplai.org\\\/compartir\\\/\",\"name\":\"Compartir\",\"description\":\"Proposta educativa de Fundesplai\",\"potentialAction\":[{\"@type\":\"SearchAction\",\"target\":{\"@type\":\"EntryPoint\",\"urlTemplate\":\"https:\\\/\\\/fundesplai.org\\\/compartir\\\/?s={search_term_string}\"},\"query-input\":{\"@type\":\"PropertyValueSpecification\",\"valueRequired\":true,\"valueName\":\"search_term_string\"}}],\"inLanguage\":\"ca\"},{\"@type\":\"Person\",\"@id\":\"https:\\\/\\\/fundesplai.org\\\/compartir\\\/#\\\/schema\\\/person\\\/16ccf8808d71dcf9af39e5029a7eb7be\",\"name\":\"mduch\",\"image\":{\"@type\":\"ImageObject\",\"inLanguage\":\"ca\",\"@id\":\"https:\\\/\\\/secure.gravatar.com\\\/avatar\\\/678f8dc5592155106183c2dba5a10542029cee6b53d56fa163cb5ba0b4db9386?s=96&d=mm&r=g\",\"url\":\"https:\\\/\\\/secure.gravatar.com\\\/avatar\\\/678f8dc5592155106183c2dba5a10542029cee6b53d56fa163cb5ba0b4db9386?s=96&d=mm&r=g\",\"contentUrl\":\"https:\\\/\\\/secure.gravatar.com\\\/avatar\\\/678f8dc5592155106183c2dba5a10542029cee6b53d56fa163cb5ba0b4db9386?s=96&d=mm&r=g\",\"caption\":\"mduch\"},\"url\":\"https:\\\/\\\/fundesplai.org\\\/compartir\\\/author\\\/mduch\\\/\"}]}<\/script>\n<!-- \/ Yoast SEO plugin. -->","yoast_head_json":{"title":"La motxilla ecol\u00f2gica - Compartir","robots":{"index":"index","follow":"follow","max-snippet":"max-snippet:-1","max-image-preview":"max-image-preview:large","max-video-preview":"max-video-preview:-1"},"canonical":"https:\/\/fundesplai.org\/compartir\/2006\/12\/11\/la-motxilla-ecologica\/","og_locale":"ca_ES","og_type":"article","og_title":"La motxilla ecol\u00f2gica - Compartir","og_description":"Cada cop que surt d\u2019excursi\u00f3, el grup de nois i noies porta una motxilla especial, a m\u00e9s de les normals: \u201cla motxilla ecol\u00f2gica\u201d. Aquesta motxilla, decorada pels mateixos nois i noies, surt \u201cbuida\u201d del punt de partida, per\u00f2 s\u2019omple de les escombraries trobades pel grup en un dels indrets visitats. Espais freq\u00fcentats, com per exemple [&hellip;]","og_url":"https:\/\/fundesplai.org\/compartir\/2006\/12\/11\/la-motxilla-ecologica\/","og_site_name":"Compartir","article_published_time":"2006-12-11T12:01:12+00:00","article_modified_time":"2024-01-17T11:17:51+00:00","og_image":[{"width":1888,"height":900,"url":"https:\/\/fundesplai.org\/compartir\/wp-content\/uploads\/sites\/9\/2024\/01\/La-motxilla-ecologica.jpg","type":"image\/jpeg"}],"author":"mduch","twitter_card":"summary_large_image","twitter_misc":{"Escrit per":"mduch","Temps estimat de lectura":"2 minuts"},"schema":{"@context":"https:\/\/schema.org","@graph":[{"@type":"Article","@id":"https:\/\/fundesplai.org\/compartir\/2006\/12\/11\/la-motxilla-ecologica\/#article","isPartOf":{"@id":"https:\/\/fundesplai.org\/compartir\/2006\/12\/11\/la-motxilla-ecologica\/"},"author":{"name":"mduch","@id":"https:\/\/fundesplai.org\/compartir\/#\/schema\/person\/16ccf8808d71dcf9af39e5029a7eb7be"},"headline":"La motxilla ecol\u00f2gica","datePublished":"2006-12-11T12:01:12+00:00","dateModified":"2024-01-17T11:17:51+00:00","mainEntityOfPage":{"@id":"https:\/\/fundesplai.org\/compartir\/2006\/12\/11\/la-motxilla-ecologica\/"},"wordCount":356,"image":{"@id":"https:\/\/fundesplai.org\/compartir\/2006\/12\/11\/la-motxilla-ecologica\/#primaryimage"},"thumbnailUrl":"https:\/\/fundesplai.org\/compartir\/wp-content\/uploads\/sites\/9\/2024\/01\/La-motxilla-ecologica.jpg","articleSection":["General"],"inLanguage":"ca"},{"@type":"WebPage","@id":"https:\/\/fundesplai.org\/compartir\/2006\/12\/11\/la-motxilla-ecologica\/","url":"https:\/\/fundesplai.org\/compartir\/2006\/12\/11\/la-motxilla-ecologica\/","name":"La motxilla ecol\u00f2gica - Compartir","isPartOf":{"@id":"https:\/\/fundesplai.org\/compartir\/#website"},"primaryImageOfPage":{"@id":"https:\/\/fundesplai.org\/compartir\/2006\/12\/11\/la-motxilla-ecologica\/#primaryimage"},"image":{"@id":"https:\/\/fundesplai.org\/compartir\/2006\/12\/11\/la-motxilla-ecologica\/#primaryimage"},"thumbnailUrl":"https:\/\/fundesplai.org\/compartir\/wp-content\/uploads\/sites\/9\/2024\/01\/La-motxilla-ecologica.jpg","datePublished":"2006-12-11T12:01:12+00:00","dateModified":"2024-01-17T11:17:51+00:00","author":{"@id":"https:\/\/fundesplai.org\/compartir\/#\/schema\/person\/16ccf8808d71dcf9af39e5029a7eb7be"},"breadcrumb":{"@id":"https:\/\/fundesplai.org\/compartir\/2006\/12\/11\/la-motxilla-ecologica\/#breadcrumb"},"inLanguage":"ca","potentialAction":[{"@type":"ReadAction","target":["https:\/\/fundesplai.org\/compartir\/2006\/12\/11\/la-motxilla-ecologica\/"]}]},{"@type":"ImageObject","inLanguage":"ca","@id":"https:\/\/fundesplai.org\/compartir\/2006\/12\/11\/la-motxilla-ecologica\/#primaryimage","url":"https:\/\/fundesplai.org\/compartir\/wp-content\/uploads\/sites\/9\/2024\/01\/La-motxilla-ecologica.jpg","contentUrl":"https:\/\/fundesplai.org\/compartir\/wp-content\/uploads\/sites\/9\/2024\/01\/La-motxilla-ecologica.jpg","width":1888,"height":900},{"@type":"BreadcrumbList","@id":"https:\/\/fundesplai.org\/compartir\/2006\/12\/11\/la-motxilla-ecologica\/#breadcrumb","itemListElement":[{"@type":"ListItem","position":1,"name":"Inici","item":"\/"},{"@type":"ListItem","position":2,"name":"Compartir","item":"https:\/\/fundesplai.org\/compartir"},{"@type":"ListItem","position":3,"name":"La motxilla ecol\u00f2gica"}]},{"@type":"WebSite","@id":"https:\/\/fundesplai.org\/compartir\/#website","url":"https:\/\/fundesplai.org\/compartir\/","name":"Compartir","description":"Proposta educativa de Fundesplai","potentialAction":[{"@type":"SearchAction","target":{"@type":"EntryPoint","urlTemplate":"https:\/\/fundesplai.org\/compartir\/?s={search_term_string}"},"query-input":{"@type":"PropertyValueSpecification","valueRequired":true,"valueName":"search_term_string"}}],"inLanguage":"ca"},{"@type":"Person","@id":"https:\/\/fundesplai.org\/compartir\/#\/schema\/person\/16ccf8808d71dcf9af39e5029a7eb7be","name":"mduch","image":{"@type":"ImageObject","inLanguage":"ca","@id":"https:\/\/secure.gravatar.com\/avatar\/678f8dc5592155106183c2dba5a10542029cee6b53d56fa163cb5ba0b4db9386?s=96&d=mm&r=g","url":"https:\/\/secure.gravatar.com\/avatar\/678f8dc5592155106183c2dba5a10542029cee6b53d56fa163cb5ba0b4db9386?s=96&d=mm&r=g","contentUrl":"https:\/\/secure.gravatar.com\/avatar\/678f8dc5592155106183c2dba5a10542029cee6b53d56fa163cb5ba0b4db9386?s=96&d=mm&r=g","caption":"mduch"},"url":"https:\/\/fundesplai.org\/compartir\/author\/mduch\/"}]}},"_links":{"self":[{"href":"https:\/\/fundesplai.org\/compartir\/wp-json\/wp\/v2\/posts\/249","targetHints":{"allow":["GET"]}}],"collection":[{"href":"https:\/\/fundesplai.org\/compartir\/wp-json\/wp\/v2\/posts"}],"about":[{"href":"https:\/\/fundesplai.org\/compartir\/wp-json\/wp\/v2\/types\/post"}],"author":[{"embeddable":true,"href":"https:\/\/fundesplai.org\/compartir\/wp-json\/wp\/v2\/users\/26"}],"replies":[{"embeddable":true,"href":"https:\/\/fundesplai.org\/compartir\/wp-json\/wp\/v2\/comments?post=249"}],"version-history":[{"count":4,"href":"https:\/\/fundesplai.org\/compartir\/wp-json\/wp\/v2\/posts\/249\/revisions"}],"predecessor-version":[{"id":368,"href":"https:\/\/fundesplai.org\/compartir\/wp-json\/wp\/v2\/posts\/249\/revisions\/368"}],"wp:featuredmedia":[{"embeddable":true,"href":"https:\/\/fundesplai.org\/compartir\/wp-json\/wp\/v2\/media\/252"}],"wp:attachment":[{"href":"https:\/\/fundesplai.org\/compartir\/wp-json\/wp\/v2\/media?parent=249"}],"wp:term":[{"taxonomy":"category","embeddable":true,"href":"https:\/\/fundesplai.org\/compartir\/wp-json\/wp\/v2\/categories?post=249"},{"taxonomy":"post_tag","embeddable":true,"href":"https:\/\/fundesplai.org\/compartir\/wp-json\/wp\/v2\/tags?post=249"}],"curies":[{"name":"wp","href":"https:\/\/api.w.org\/{rel}","templated":true}]}}