{"id":217,"date":"2007-06-11T11:33:33","date_gmt":"2007-06-11T09:33:33","guid":{"rendered":"https:\/\/fundesplai.org\/compartir\/?p=217"},"modified":"2024-01-17T12:10:32","modified_gmt":"2024-01-17T11:10:32","slug":"despres-del-foc","status":"publish","type":"post","link":"https:\/\/fundesplai.org\/compartir\/2007\/06\/11\/despres-del-foc\/","title":{"rendered":"Despr\u00e9s del foc"},"content":{"rendered":"<p>[et_pb_section fb_built=&#8221;1&#8243; _builder_version=&#8221;4.21.0&#8243; _module_preset=&#8221;default&#8221; global_colors_info=&#8221;{}&#8221;][et_pb_row _builder_version=&#8221;4.21.0&#8243; _module_preset=&#8221;default&#8221; global_colors_info=&#8221;{}&#8221;][et_pb_column type=&#8221;4_4&#8243; _builder_version=&#8221;4.21.0&#8243; _module_preset=&#8221;default&#8221; global_colors_info=&#8221;{}&#8221;][et_pb_text _builder_version=&#8221;4.21.0&#8243; _module_preset=&#8221;default&#8221; global_colors_info=&#8221;{}&#8221;]<\/p>\n<p>El projecte &#8220;Despr\u00e9s del foc&#8221; va sorgir arran dels incendis que va patir el Montseny durant l&#8217;estiu del 94. Una de les nostres cases de col\u00f2nies es va veure envoltada de foc i vam haver de desallotjar-la. Quasi tots els nostres circuits de natura es van veure afectats. Tot plegat ens va fer pensar que calia fer intervencions conjuntes amb la gent del parc i aix\u00ed va ser com ens vam posar a treballar per millorar el paisatge.<\/p>\n<p>Vam parlar amb diferents centres d\u2019esplai i amb el Departament de Joventut per planificar camps de treball. Els camps van ser pioners i un referent per als que, malauradament, ha calgut muntar en anys posteriors. Tamb\u00e9 vam muntar caps de setmana, amb participaci\u00f3 de fam\u00edlies i Escoles de Natura.<\/p>\n<p>Al llarg de tot un any vam realitzar diferents tasques: desbardissar, recollir escombraries, tapar xaragalls, planters, treure suro cremat, etc. En definitiva, es tractava de recuperar i millorar l&#8217;entorn dels itineraris m\u00e9s freq\u00fcentats. En canvi, el bosc madur del Montseny no el vam tocar, seguint les recomanacions mediambientals, perqu\u00e8 calia que segu\u00eds el seu proc\u00e9s.<\/p>\n<p>Vam realitzar una tasca educativa important, ja que mentre les actuacions m\u00e9s espec\u00edfiques es realitzaven a les \u00e0rees cremades, paral\u00b7lelament es realitzaven excursions dins l&#8217;\u00e0rea no cremada. El contrast va afavorir tant la conscienciaci\u00f3 com l&#8217;aprenentatge mediambiental. A m\u00e9s, vam crear un protocol d&#8217;avaluaci\u00f3, els resultats del qual van ser comunicats a tots els participants<strong>.<\/strong><\/p>\n<p><strong>Cases de Col\u00f2nies de Fundesplai<br \/><\/strong><\/p>\n<p><strong>Quins \u00e9s el servei?<\/strong> Recuperaci\u00f3 d&#8217;una zona natural cremada amb accions de millora de l&#8217;entorn. Ajudar i col\u00b7laborar amb els gestors del parc natural.<\/p>\n<p><strong>Quins s\u00f3n els aprenentatges? <\/strong>Con\u00e8ixer el bosc mediterrani i les seves caracter\u00edstiques. Prendre consci\u00e8ncia dels riscos d&#8217;incendi, les seves conseq\u00fc\u00e8ncies i les mesures de prevenci\u00f3. Exercitar habilitats t\u00e8cniques relatives a les tasques de millora. Aprendre a organitzar-se en grup.<\/p>\n<p>[\/et_pb_text][et_pb_button _builder_version=&#8221;4.21.0&#8243; _module_preset=&#8221;default&#8221; button_text=&#8221;V\u00e9s a la p\u00e0gina d&#8217;inici de la proposta&#8221; button_url=&#8221;https:\/\/fundesplai.org\/compartir\/&#8221; button_alignment=&#8221;center&#8221; custom_margin=&#8221;30px||50px||false|false&#8221; hover_enabled=&#8221;0&#8243; sticky_enabled=&#8221;0&#8243;][\/et_pb_button][\/et_pb_column][\/et_pb_row][\/et_pb_section]<\/p>\n","protected":false},"excerpt":{"rendered":"<p>El projecte &#8220;Despr\u00e9s del foc&#8221; va sorgir arran dels incendis que va patir el Montseny durant l&#8217;estiu del 94. Una de les nostres cases de col\u00f2nies es va veure envoltada de foc i vam haver de desallotjar-la. Quasi tots els nostres circuits de natura es van veure afectats. Tot plegat ens va fer pensar que [&hellip;]<\/p>\n","protected":false},"author":26,"featured_media":220,"comment_status":"closed","ping_status":"closed","sticky":false,"template":"","format":"standard","meta":{"_et_pb_use_builder":"on","_et_pb_old_content":"","_et_gb_content_width":"","footnotes":""},"categories":[1],"tags":[],"class_list":["post-217","post","type-post","status-publish","format-standard","has-post-thumbnail","hentry","category-general"],"yoast_head":"<!-- This site is optimized with the Yoast SEO plugin v27.5 - https:\/\/yoast.com\/product\/yoast-seo-wordpress\/ -->\n<title>Despr\u00e9s del foc - Compartir<\/title>\n<meta name=\"robots\" content=\"index, follow, max-snippet:-1, max-image-preview:large, max-video-preview:-1\" \/>\n<link rel=\"canonical\" href=\"https:\/\/fundesplai.org\/compartir\/2007\/06\/11\/despres-del-foc\/\" \/>\n<meta property=\"og:locale\" content=\"ca_ES\" \/>\n<meta property=\"og:type\" content=\"article\" \/>\n<meta property=\"og:title\" content=\"Despr\u00e9s del foc - Compartir\" \/>\n<meta property=\"og:description\" content=\"El projecte &quot;Despr\u00e9s del foc&quot; va sorgir arran dels incendis que va patir el Montseny durant l&#039;estiu del 94. Una de les nostres cases de col\u00f2nies es va veure envoltada de foc i vam haver de desallotjar-la. Quasi tots els nostres circuits de natura es van veure afectats. Tot plegat ens va fer pensar que [&hellip;]\" \/>\n<meta property=\"og:url\" content=\"https:\/\/fundesplai.org\/compartir\/2007\/06\/11\/despres-del-foc\/\" \/>\n<meta property=\"og:site_name\" content=\"Compartir\" \/>\n<meta property=\"article:published_time\" content=\"2007-06-11T09:33:33+00:00\" \/>\n<meta property=\"article:modified_time\" content=\"2024-01-17T11:10:32+00:00\" \/>\n<meta property=\"og:image\" content=\"https:\/\/fundesplai.org\/compartir\/wp-content\/uploads\/sites\/9\/2024\/01\/Despres-del-foc.jpg\" \/>\n\t<meta property=\"og:image:width\" content=\"1888\" \/>\n\t<meta property=\"og:image:height\" content=\"900\" \/>\n\t<meta property=\"og:image:type\" content=\"image\/jpeg\" \/>\n<meta name=\"author\" content=\"mduch\" \/>\n<meta name=\"twitter:card\" content=\"summary_large_image\" \/>\n<meta name=\"twitter:label1\" content=\"Escrit per\" \/>\n\t<meta name=\"twitter:data1\" content=\"mduch\" \/>\n\t<meta name=\"twitter:label2\" content=\"Temps estimat de lectura\" \/>\n\t<meta name=\"twitter:data2\" content=\"2 minuts\" \/>\n<script type=\"application\/ld+json\" class=\"yoast-schema-graph\">{\"@context\":\"https:\\\/\\\/schema.org\",\"@graph\":[{\"@type\":\"Article\",\"@id\":\"https:\\\/\\\/fundesplai.org\\\/compartir\\\/2007\\\/06\\\/11\\\/despres-del-foc\\\/#article\",\"isPartOf\":{\"@id\":\"https:\\\/\\\/fundesplai.org\\\/compartir\\\/2007\\\/06\\\/11\\\/despres-del-foc\\\/\"},\"author\":{\"name\":\"mduch\",\"@id\":\"https:\\\/\\\/fundesplai.org\\\/compartir\\\/#\\\/schema\\\/person\\\/16ccf8808d71dcf9af39e5029a7eb7be\"},\"headline\":\"Despr\u00e9s del foc\",\"datePublished\":\"2007-06-11T09:33:33+00:00\",\"dateModified\":\"2024-01-17T11:10:32+00:00\",\"mainEntityOfPage\":{\"@id\":\"https:\\\/\\\/fundesplai.org\\\/compartir\\\/2007\\\/06\\\/11\\\/despres-del-foc\\\/\"},\"wordCount\":438,\"image\":{\"@id\":\"https:\\\/\\\/fundesplai.org\\\/compartir\\\/2007\\\/06\\\/11\\\/despres-del-foc\\\/#primaryimage\"},\"thumbnailUrl\":\"https:\\\/\\\/fundesplai.org\\\/compartir\\\/wp-content\\\/uploads\\\/sites\\\/9\\\/2024\\\/01\\\/Despres-del-foc.jpg\",\"articleSection\":[\"General\"],\"inLanguage\":\"ca\"},{\"@type\":\"WebPage\",\"@id\":\"https:\\\/\\\/fundesplai.org\\\/compartir\\\/2007\\\/06\\\/11\\\/despres-del-foc\\\/\",\"url\":\"https:\\\/\\\/fundesplai.org\\\/compartir\\\/2007\\\/06\\\/11\\\/despres-del-foc\\\/\",\"name\":\"Despr\u00e9s del foc - Compartir\",\"isPartOf\":{\"@id\":\"https:\\\/\\\/fundesplai.org\\\/compartir\\\/#website\"},\"primaryImageOfPage\":{\"@id\":\"https:\\\/\\\/fundesplai.org\\\/compartir\\\/2007\\\/06\\\/11\\\/despres-del-foc\\\/#primaryimage\"},\"image\":{\"@id\":\"https:\\\/\\\/fundesplai.org\\\/compartir\\\/2007\\\/06\\\/11\\\/despres-del-foc\\\/#primaryimage\"},\"thumbnailUrl\":\"https:\\\/\\\/fundesplai.org\\\/compartir\\\/wp-content\\\/uploads\\\/sites\\\/9\\\/2024\\\/01\\\/Despres-del-foc.jpg\",\"datePublished\":\"2007-06-11T09:33:33+00:00\",\"dateModified\":\"2024-01-17T11:10:32+00:00\",\"author\":{\"@id\":\"https:\\\/\\\/fundesplai.org\\\/compartir\\\/#\\\/schema\\\/person\\\/16ccf8808d71dcf9af39e5029a7eb7be\"},\"breadcrumb\":{\"@id\":\"https:\\\/\\\/fundesplai.org\\\/compartir\\\/2007\\\/06\\\/11\\\/despres-del-foc\\\/#breadcrumb\"},\"inLanguage\":\"ca\",\"potentialAction\":[{\"@type\":\"ReadAction\",\"target\":[\"https:\\\/\\\/fundesplai.org\\\/compartir\\\/2007\\\/06\\\/11\\\/despres-del-foc\\\/\"]}]},{\"@type\":\"ImageObject\",\"inLanguage\":\"ca\",\"@id\":\"https:\\\/\\\/fundesplai.org\\\/compartir\\\/2007\\\/06\\\/11\\\/despres-del-foc\\\/#primaryimage\",\"url\":\"https:\\\/\\\/fundesplai.org\\\/compartir\\\/wp-content\\\/uploads\\\/sites\\\/9\\\/2024\\\/01\\\/Despres-del-foc.jpg\",\"contentUrl\":\"https:\\\/\\\/fundesplai.org\\\/compartir\\\/wp-content\\\/uploads\\\/sites\\\/9\\\/2024\\\/01\\\/Despres-del-foc.jpg\",\"width\":1888,\"height\":900},{\"@type\":\"BreadcrumbList\",\"@id\":\"https:\\\/\\\/fundesplai.org\\\/compartir\\\/2007\\\/06\\\/11\\\/despres-del-foc\\\/#breadcrumb\",\"itemListElement\":[{\"@type\":\"ListItem\",\"position\":1,\"name\":\"Inici\",\"item\":\"\\\/\"},{\"@type\":\"ListItem\",\"position\":2,\"name\":\"Compartir\",\"item\":\"https:\\\/\\\/fundesplai.org\\\/compartir\"},{\"@type\":\"ListItem\",\"position\":3,\"name\":\"Despr\u00e9s del foc\"}]},{\"@type\":\"WebSite\",\"@id\":\"https:\\\/\\\/fundesplai.org\\\/compartir\\\/#website\",\"url\":\"https:\\\/\\\/fundesplai.org\\\/compartir\\\/\",\"name\":\"Compartir\",\"description\":\"Proposta educativa de Fundesplai\",\"potentialAction\":[{\"@type\":\"SearchAction\",\"target\":{\"@type\":\"EntryPoint\",\"urlTemplate\":\"https:\\\/\\\/fundesplai.org\\\/compartir\\\/?s={search_term_string}\"},\"query-input\":{\"@type\":\"PropertyValueSpecification\",\"valueRequired\":true,\"valueName\":\"search_term_string\"}}],\"inLanguage\":\"ca\"},{\"@type\":\"Person\",\"@id\":\"https:\\\/\\\/fundesplai.org\\\/compartir\\\/#\\\/schema\\\/person\\\/16ccf8808d71dcf9af39e5029a7eb7be\",\"name\":\"mduch\",\"image\":{\"@type\":\"ImageObject\",\"inLanguage\":\"ca\",\"@id\":\"https:\\\/\\\/secure.gravatar.com\\\/avatar\\\/678f8dc5592155106183c2dba5a10542029cee6b53d56fa163cb5ba0b4db9386?s=96&d=mm&r=g\",\"url\":\"https:\\\/\\\/secure.gravatar.com\\\/avatar\\\/678f8dc5592155106183c2dba5a10542029cee6b53d56fa163cb5ba0b4db9386?s=96&d=mm&r=g\",\"contentUrl\":\"https:\\\/\\\/secure.gravatar.com\\\/avatar\\\/678f8dc5592155106183c2dba5a10542029cee6b53d56fa163cb5ba0b4db9386?s=96&d=mm&r=g\",\"caption\":\"mduch\"},\"url\":\"https:\\\/\\\/fundesplai.org\\\/compartir\\\/author\\\/mduch\\\/\"}]}<\/script>\n<!-- \/ Yoast SEO plugin. -->","yoast_head_json":{"title":"Despr\u00e9s del foc - Compartir","robots":{"index":"index","follow":"follow","max-snippet":"max-snippet:-1","max-image-preview":"max-image-preview:large","max-video-preview":"max-video-preview:-1"},"canonical":"https:\/\/fundesplai.org\/compartir\/2007\/06\/11\/despres-del-foc\/","og_locale":"ca_ES","og_type":"article","og_title":"Despr\u00e9s del foc - Compartir","og_description":"El projecte \"Despr\u00e9s del foc\" va sorgir arran dels incendis que va patir el Montseny durant l'estiu del 94. Una de les nostres cases de col\u00f2nies es va veure envoltada de foc i vam haver de desallotjar-la. Quasi tots els nostres circuits de natura es van veure afectats. Tot plegat ens va fer pensar que [&hellip;]","og_url":"https:\/\/fundesplai.org\/compartir\/2007\/06\/11\/despres-del-foc\/","og_site_name":"Compartir","article_published_time":"2007-06-11T09:33:33+00:00","article_modified_time":"2024-01-17T11:10:32+00:00","og_image":[{"width":1888,"height":900,"url":"https:\/\/fundesplai.org\/compartir\/wp-content\/uploads\/sites\/9\/2024\/01\/Despres-del-foc.jpg","type":"image\/jpeg"}],"author":"mduch","twitter_card":"summary_large_image","twitter_misc":{"Escrit per":"mduch","Temps estimat de lectura":"2 minuts"},"schema":{"@context":"https:\/\/schema.org","@graph":[{"@type":"Article","@id":"https:\/\/fundesplai.org\/compartir\/2007\/06\/11\/despres-del-foc\/#article","isPartOf":{"@id":"https:\/\/fundesplai.org\/compartir\/2007\/06\/11\/despres-del-foc\/"},"author":{"name":"mduch","@id":"https:\/\/fundesplai.org\/compartir\/#\/schema\/person\/16ccf8808d71dcf9af39e5029a7eb7be"},"headline":"Despr\u00e9s del foc","datePublished":"2007-06-11T09:33:33+00:00","dateModified":"2024-01-17T11:10:32+00:00","mainEntityOfPage":{"@id":"https:\/\/fundesplai.org\/compartir\/2007\/06\/11\/despres-del-foc\/"},"wordCount":438,"image":{"@id":"https:\/\/fundesplai.org\/compartir\/2007\/06\/11\/despres-del-foc\/#primaryimage"},"thumbnailUrl":"https:\/\/fundesplai.org\/compartir\/wp-content\/uploads\/sites\/9\/2024\/01\/Despres-del-foc.jpg","articleSection":["General"],"inLanguage":"ca"},{"@type":"WebPage","@id":"https:\/\/fundesplai.org\/compartir\/2007\/06\/11\/despres-del-foc\/","url":"https:\/\/fundesplai.org\/compartir\/2007\/06\/11\/despres-del-foc\/","name":"Despr\u00e9s del foc - Compartir","isPartOf":{"@id":"https:\/\/fundesplai.org\/compartir\/#website"},"primaryImageOfPage":{"@id":"https:\/\/fundesplai.org\/compartir\/2007\/06\/11\/despres-del-foc\/#primaryimage"},"image":{"@id":"https:\/\/fundesplai.org\/compartir\/2007\/06\/11\/despres-del-foc\/#primaryimage"},"thumbnailUrl":"https:\/\/fundesplai.org\/compartir\/wp-content\/uploads\/sites\/9\/2024\/01\/Despres-del-foc.jpg","datePublished":"2007-06-11T09:33:33+00:00","dateModified":"2024-01-17T11:10:32+00:00","author":{"@id":"https:\/\/fundesplai.org\/compartir\/#\/schema\/person\/16ccf8808d71dcf9af39e5029a7eb7be"},"breadcrumb":{"@id":"https:\/\/fundesplai.org\/compartir\/2007\/06\/11\/despres-del-foc\/#breadcrumb"},"inLanguage":"ca","potentialAction":[{"@type":"ReadAction","target":["https:\/\/fundesplai.org\/compartir\/2007\/06\/11\/despres-del-foc\/"]}]},{"@type":"ImageObject","inLanguage":"ca","@id":"https:\/\/fundesplai.org\/compartir\/2007\/06\/11\/despres-del-foc\/#primaryimage","url":"https:\/\/fundesplai.org\/compartir\/wp-content\/uploads\/sites\/9\/2024\/01\/Despres-del-foc.jpg","contentUrl":"https:\/\/fundesplai.org\/compartir\/wp-content\/uploads\/sites\/9\/2024\/01\/Despres-del-foc.jpg","width":1888,"height":900},{"@type":"BreadcrumbList","@id":"https:\/\/fundesplai.org\/compartir\/2007\/06\/11\/despres-del-foc\/#breadcrumb","itemListElement":[{"@type":"ListItem","position":1,"name":"Inici","item":"\/"},{"@type":"ListItem","position":2,"name":"Compartir","item":"https:\/\/fundesplai.org\/compartir"},{"@type":"ListItem","position":3,"name":"Despr\u00e9s del foc"}]},{"@type":"WebSite","@id":"https:\/\/fundesplai.org\/compartir\/#website","url":"https:\/\/fundesplai.org\/compartir\/","name":"Compartir","description":"Proposta educativa de Fundesplai","potentialAction":[{"@type":"SearchAction","target":{"@type":"EntryPoint","urlTemplate":"https:\/\/fundesplai.org\/compartir\/?s={search_term_string}"},"query-input":{"@type":"PropertyValueSpecification","valueRequired":true,"valueName":"search_term_string"}}],"inLanguage":"ca"},{"@type":"Person","@id":"https:\/\/fundesplai.org\/compartir\/#\/schema\/person\/16ccf8808d71dcf9af39e5029a7eb7be","name":"mduch","image":{"@type":"ImageObject","inLanguage":"ca","@id":"https:\/\/secure.gravatar.com\/avatar\/678f8dc5592155106183c2dba5a10542029cee6b53d56fa163cb5ba0b4db9386?s=96&d=mm&r=g","url":"https:\/\/secure.gravatar.com\/avatar\/678f8dc5592155106183c2dba5a10542029cee6b53d56fa163cb5ba0b4db9386?s=96&d=mm&r=g","contentUrl":"https:\/\/secure.gravatar.com\/avatar\/678f8dc5592155106183c2dba5a10542029cee6b53d56fa163cb5ba0b4db9386?s=96&d=mm&r=g","caption":"mduch"},"url":"https:\/\/fundesplai.org\/compartir\/author\/mduch\/"}]}},"_links":{"self":[{"href":"https:\/\/fundesplai.org\/compartir\/wp-json\/wp\/v2\/posts\/217","targetHints":{"allow":["GET"]}}],"collection":[{"href":"https:\/\/fundesplai.org\/compartir\/wp-json\/wp\/v2\/posts"}],"about":[{"href":"https:\/\/fundesplai.org\/compartir\/wp-json\/wp\/v2\/types\/post"}],"author":[{"embeddable":true,"href":"https:\/\/fundesplai.org\/compartir\/wp-json\/wp\/v2\/users\/26"}],"replies":[{"embeddable":true,"href":"https:\/\/fundesplai.org\/compartir\/wp-json\/wp\/v2\/comments?post=217"}],"version-history":[{"count":4,"href":"https:\/\/fundesplai.org\/compartir\/wp-json\/wp\/v2\/posts\/217\/revisions"}],"predecessor-version":[{"id":359,"href":"https:\/\/fundesplai.org\/compartir\/wp-json\/wp\/v2\/posts\/217\/revisions\/359"}],"wp:featuredmedia":[{"embeddable":true,"href":"https:\/\/fundesplai.org\/compartir\/wp-json\/wp\/v2\/media\/220"}],"wp:attachment":[{"href":"https:\/\/fundesplai.org\/compartir\/wp-json\/wp\/v2\/media?parent=217"}],"wp:term":[{"taxonomy":"category","embeddable":true,"href":"https:\/\/fundesplai.org\/compartir\/wp-json\/wp\/v2\/categories?post=217"},{"taxonomy":"post_tag","embeddable":true,"href":"https:\/\/fundesplai.org\/compartir\/wp-json\/wp\/v2\/tags?post=217"}],"curies":[{"name":"wp","href":"https:\/\/api.w.org\/{rel}","templated":true}]}}