{"id":212,"date":"2007-07-11T10:48:17","date_gmt":"2007-07-11T08:48:17","guid":{"rendered":"https:\/\/fundesplai.org\/compartir\/?p=212"},"modified":"2024-01-17T12:09:37","modified_gmt":"2024-01-17T11:09:37","slug":"defensa-de-la-platja-del-rimini","status":"publish","type":"post","link":"https:\/\/fundesplai.org\/compartir\/2007\/07\/11\/defensa-de-la-platja-del-rimini\/","title":{"rendered":"Defensa de la platja del R\u00edmini"},"content":{"rendered":"<p>[et_pb_section fb_built=&#8221;1&#8243; _builder_version=&#8221;4.21.0&#8243; _module_preset=&#8221;default&#8221; global_colors_info=&#8221;{}&#8221;][et_pb_row _builder_version=&#8221;4.21.0&#8243; _module_preset=&#8221;default&#8221; global_colors_info=&#8221;{}&#8221;][et_pb_column type=&#8221;4_4&#8243; _builder_version=&#8221;4.21.0&#8243; _module_preset=&#8221;default&#8221; global_colors_info=&#8221;{}&#8221;][et_pb_text _builder_version=&#8221;4.21.0&#8243; _module_preset=&#8221;default&#8221; global_colors_info=&#8221;{}&#8221;]<\/p>\n<p>En el marc d\u2019un intercanvi internacional d\u2019estiu amb joves italians, els i les joves catalans\/es van percebre l\u2019estat de degradaci\u00f3 i contaminaci\u00f3 severa de la platja, una riera propera i un bassal de brut\u00edcia propers al campament. Van adonar-se tamb\u00e9 de l\u2019actitud resignada de la poblaci\u00f3 que la freq\u00fcentava. Malgrat que van avisar l\u2019ajuntament, anaven passant els dies i la situaci\u00f3 no s\u2019arreglava.<\/p>\n<p>Encara que \u201cno estava en el programa\u201d, els i les joves catalans van promoure una reflexi\u00f3 en el si del grup internacional i el van emp\u00e8nyer a protagonitzar, plegats, una manifestaci\u00f3 de protesta a favor d\u2019una platja m\u00e9s neta, amb pancartes, banderoles xineses, instruments musicals de percussi\u00f3 rudimentaris per fer soroll, castells, representacions de mim, malabars, cantades en catal\u00e0, itali\u00e0 i castell\u00e0. Poc a poc, la gent de la platja es va afegir a la manifestaci\u00f3 i els mitjans de comunicaci\u00f3 s\u2019hi van acostar i van cobrir la not\u00edcia. L\u2019endem\u00e0, dues grans excavadores ja removien el bassal, netejant la platja i obrint el curs de la riera, mentre altres operaris delimitaven aquesta zona perqu\u00e8 ning\u00fa no s\u2019hi bany\u00e9s.<\/p>\n<p><strong>Club Sanfeliu. L&#8217;Hospitalet del Llobregat<\/strong><\/p>\n<p><strong>Quin \u00e9s el servei? <\/strong>Una reivindicaci\u00f3 en benefici de la comunitat. Com a resultat d&#8217;impacte, l&#8217;ajuntament pren accions de recuperaci\u00f3 de l&#8217;entorn.<\/p>\n<p><strong>Quins s\u00f3n els aprenentatges?<\/strong> Reflexionar sobre la degradaci\u00f3 de l&#8217;entorn i les seves causes. Responsabilitzar-se com a ciutadans d&#8217;un problema col\u00b7lectiu. Organitzar una manifestaci\u00f3.<\/p>\n<p>[\/et_pb_text][et_pb_button _builder_version=&#8221;4.21.0&#8243; _module_preset=&#8221;default&#8221; button_text=&#8221;V\u00e9s a la p\u00e0gina d&#8217;inici de la proposta&#8221; button_url=&#8221;https:\/\/fundesplai.org\/compartir\/&#8221; button_alignment=&#8221;center&#8221; custom_margin=&#8221;30px||50px||false|false&#8221; hover_enabled=&#8221;0&#8243; sticky_enabled=&#8221;0&#8243;][\/et_pb_button][\/et_pb_column][\/et_pb_row][\/et_pb_section]<\/p>\n","protected":false},"excerpt":{"rendered":"<p>En el marc d\u2019un intercanvi internacional d\u2019estiu amb joves italians, els i les joves catalans\/es van percebre l\u2019estat de degradaci\u00f3 i contaminaci\u00f3 severa de la platja, una riera propera i un bassal de brut\u00edcia propers al campament. Van adonar-se tamb\u00e9 de l\u2019actitud resignada de la poblaci\u00f3 que la freq\u00fcentava. Malgrat que van avisar l\u2019ajuntament, anaven [&hellip;]<\/p>\n","protected":false},"author":26,"featured_media":215,"comment_status":"closed","ping_status":"closed","sticky":false,"template":"","format":"standard","meta":{"_et_pb_use_builder":"on","_et_pb_old_content":"","_et_gb_content_width":"","footnotes":""},"categories":[1],"tags":[],"class_list":["post-212","post","type-post","status-publish","format-standard","has-post-thumbnail","hentry","category-general"],"yoast_head":"<!-- This site is optimized with the Yoast SEO plugin v27.5 - https:\/\/yoast.com\/product\/yoast-seo-wordpress\/ -->\n<title>Defensa de la platja del R\u00edmini - Compartir<\/title>\n<meta name=\"robots\" content=\"index, follow, max-snippet:-1, max-image-preview:large, max-video-preview:-1\" \/>\n<link rel=\"canonical\" href=\"https:\/\/fundesplai.org\/compartir\/2007\/07\/11\/defensa-de-la-platja-del-rimini\/\" \/>\n<meta property=\"og:locale\" content=\"ca_ES\" \/>\n<meta property=\"og:type\" content=\"article\" \/>\n<meta property=\"og:title\" content=\"Defensa de la platja del R\u00edmini - Compartir\" \/>\n<meta property=\"og:description\" content=\"En el marc d\u2019un intercanvi internacional d\u2019estiu amb joves italians, els i les joves catalans\/es van percebre l\u2019estat de degradaci\u00f3 i contaminaci\u00f3 severa de la platja, una riera propera i un bassal de brut\u00edcia propers al campament. Van adonar-se tamb\u00e9 de l\u2019actitud resignada de la poblaci\u00f3 que la freq\u00fcentava. Malgrat que van avisar l\u2019ajuntament, anaven [&hellip;]\" \/>\n<meta property=\"og:url\" content=\"https:\/\/fundesplai.org\/compartir\/2007\/07\/11\/defensa-de-la-platja-del-rimini\/\" \/>\n<meta property=\"og:site_name\" content=\"Compartir\" \/>\n<meta property=\"article:published_time\" content=\"2007-07-11T08:48:17+00:00\" \/>\n<meta property=\"article:modified_time\" content=\"2024-01-17T11:09:37+00:00\" \/>\n<meta property=\"og:image\" content=\"https:\/\/fundesplai.org\/compartir\/wp-content\/uploads\/sites\/9\/2024\/01\/Defensa-de-la-paltja-del-Rimini.jpg\" \/>\n\t<meta property=\"og:image:width\" content=\"1888\" \/>\n\t<meta property=\"og:image:height\" content=\"900\" \/>\n\t<meta property=\"og:image:type\" content=\"image\/jpeg\" \/>\n<meta name=\"author\" content=\"mduch\" \/>\n<meta name=\"twitter:card\" content=\"summary_large_image\" \/>\n<meta name=\"twitter:label1\" content=\"Escrit per\" \/>\n\t<meta name=\"twitter:data1\" content=\"mduch\" \/>\n\t<meta name=\"twitter:label2\" content=\"Temps estimat de lectura\" \/>\n\t<meta name=\"twitter:data2\" content=\"2 minuts\" \/>\n<script type=\"application\/ld+json\" class=\"yoast-schema-graph\">{\"@context\":\"https:\\\/\\\/schema.org\",\"@graph\":[{\"@type\":\"Article\",\"@id\":\"https:\\\/\\\/fundesplai.org\\\/compartir\\\/2007\\\/07\\\/11\\\/defensa-de-la-platja-del-rimini\\\/#article\",\"isPartOf\":{\"@id\":\"https:\\\/\\\/fundesplai.org\\\/compartir\\\/2007\\\/07\\\/11\\\/defensa-de-la-platja-del-rimini\\\/\"},\"author\":{\"name\":\"mduch\",\"@id\":\"https:\\\/\\\/fundesplai.org\\\/compartir\\\/#\\\/schema\\\/person\\\/16ccf8808d71dcf9af39e5029a7eb7be\"},\"headline\":\"Defensa de la platja del R\u00edmini\",\"datePublished\":\"2007-07-11T08:48:17+00:00\",\"dateModified\":\"2024-01-17T11:09:37+00:00\",\"mainEntityOfPage\":{\"@id\":\"https:\\\/\\\/fundesplai.org\\\/compartir\\\/2007\\\/07\\\/11\\\/defensa-de-la-platja-del-rimini\\\/\"},\"wordCount\":366,\"image\":{\"@id\":\"https:\\\/\\\/fundesplai.org\\\/compartir\\\/2007\\\/07\\\/11\\\/defensa-de-la-platja-del-rimini\\\/#primaryimage\"},\"thumbnailUrl\":\"https:\\\/\\\/fundesplai.org\\\/compartir\\\/wp-content\\\/uploads\\\/sites\\\/9\\\/2024\\\/01\\\/Defensa-de-la-paltja-del-Rimini.jpg\",\"articleSection\":[\"General\"],\"inLanguage\":\"ca\"},{\"@type\":\"WebPage\",\"@id\":\"https:\\\/\\\/fundesplai.org\\\/compartir\\\/2007\\\/07\\\/11\\\/defensa-de-la-platja-del-rimini\\\/\",\"url\":\"https:\\\/\\\/fundesplai.org\\\/compartir\\\/2007\\\/07\\\/11\\\/defensa-de-la-platja-del-rimini\\\/\",\"name\":\"Defensa de la platja del R\u00edmini - Compartir\",\"isPartOf\":{\"@id\":\"https:\\\/\\\/fundesplai.org\\\/compartir\\\/#website\"},\"primaryImageOfPage\":{\"@id\":\"https:\\\/\\\/fundesplai.org\\\/compartir\\\/2007\\\/07\\\/11\\\/defensa-de-la-platja-del-rimini\\\/#primaryimage\"},\"image\":{\"@id\":\"https:\\\/\\\/fundesplai.org\\\/compartir\\\/2007\\\/07\\\/11\\\/defensa-de-la-platja-del-rimini\\\/#primaryimage\"},\"thumbnailUrl\":\"https:\\\/\\\/fundesplai.org\\\/compartir\\\/wp-content\\\/uploads\\\/sites\\\/9\\\/2024\\\/01\\\/Defensa-de-la-paltja-del-Rimini.jpg\",\"datePublished\":\"2007-07-11T08:48:17+00:00\",\"dateModified\":\"2024-01-17T11:09:37+00:00\",\"author\":{\"@id\":\"https:\\\/\\\/fundesplai.org\\\/compartir\\\/#\\\/schema\\\/person\\\/16ccf8808d71dcf9af39e5029a7eb7be\"},\"breadcrumb\":{\"@id\":\"https:\\\/\\\/fundesplai.org\\\/compartir\\\/2007\\\/07\\\/11\\\/defensa-de-la-platja-del-rimini\\\/#breadcrumb\"},\"inLanguage\":\"ca\",\"potentialAction\":[{\"@type\":\"ReadAction\",\"target\":[\"https:\\\/\\\/fundesplai.org\\\/compartir\\\/2007\\\/07\\\/11\\\/defensa-de-la-platja-del-rimini\\\/\"]}]},{\"@type\":\"ImageObject\",\"inLanguage\":\"ca\",\"@id\":\"https:\\\/\\\/fundesplai.org\\\/compartir\\\/2007\\\/07\\\/11\\\/defensa-de-la-platja-del-rimini\\\/#primaryimage\",\"url\":\"https:\\\/\\\/fundesplai.org\\\/compartir\\\/wp-content\\\/uploads\\\/sites\\\/9\\\/2024\\\/01\\\/Defensa-de-la-paltja-del-Rimini.jpg\",\"contentUrl\":\"https:\\\/\\\/fundesplai.org\\\/compartir\\\/wp-content\\\/uploads\\\/sites\\\/9\\\/2024\\\/01\\\/Defensa-de-la-paltja-del-Rimini.jpg\",\"width\":1888,\"height\":900},{\"@type\":\"BreadcrumbList\",\"@id\":\"https:\\\/\\\/fundesplai.org\\\/compartir\\\/2007\\\/07\\\/11\\\/defensa-de-la-platja-del-rimini\\\/#breadcrumb\",\"itemListElement\":[{\"@type\":\"ListItem\",\"position\":1,\"name\":\"Inici\",\"item\":\"\\\/\"},{\"@type\":\"ListItem\",\"position\":2,\"name\":\"Compartir\",\"item\":\"https:\\\/\\\/fundesplai.org\\\/compartir\"},{\"@type\":\"ListItem\",\"position\":3,\"name\":\"Defensa de la platja del R\u00edmini\"}]},{\"@type\":\"WebSite\",\"@id\":\"https:\\\/\\\/fundesplai.org\\\/compartir\\\/#website\",\"url\":\"https:\\\/\\\/fundesplai.org\\\/compartir\\\/\",\"name\":\"Compartir\",\"description\":\"Proposta educativa de Fundesplai\",\"potentialAction\":[{\"@type\":\"SearchAction\",\"target\":{\"@type\":\"EntryPoint\",\"urlTemplate\":\"https:\\\/\\\/fundesplai.org\\\/compartir\\\/?s={search_term_string}\"},\"query-input\":{\"@type\":\"PropertyValueSpecification\",\"valueRequired\":true,\"valueName\":\"search_term_string\"}}],\"inLanguage\":\"ca\"},{\"@type\":\"Person\",\"@id\":\"https:\\\/\\\/fundesplai.org\\\/compartir\\\/#\\\/schema\\\/person\\\/16ccf8808d71dcf9af39e5029a7eb7be\",\"name\":\"mduch\",\"image\":{\"@type\":\"ImageObject\",\"inLanguage\":\"ca\",\"@id\":\"https:\\\/\\\/secure.gravatar.com\\\/avatar\\\/678f8dc5592155106183c2dba5a10542029cee6b53d56fa163cb5ba0b4db9386?s=96&d=mm&r=g\",\"url\":\"https:\\\/\\\/secure.gravatar.com\\\/avatar\\\/678f8dc5592155106183c2dba5a10542029cee6b53d56fa163cb5ba0b4db9386?s=96&d=mm&r=g\",\"contentUrl\":\"https:\\\/\\\/secure.gravatar.com\\\/avatar\\\/678f8dc5592155106183c2dba5a10542029cee6b53d56fa163cb5ba0b4db9386?s=96&d=mm&r=g\",\"caption\":\"mduch\"},\"url\":\"https:\\\/\\\/fundesplai.org\\\/compartir\\\/author\\\/mduch\\\/\"}]}<\/script>\n<!-- \/ Yoast SEO plugin. -->","yoast_head_json":{"title":"Defensa de la platja del R\u00edmini - Compartir","robots":{"index":"index","follow":"follow","max-snippet":"max-snippet:-1","max-image-preview":"max-image-preview:large","max-video-preview":"max-video-preview:-1"},"canonical":"https:\/\/fundesplai.org\/compartir\/2007\/07\/11\/defensa-de-la-platja-del-rimini\/","og_locale":"ca_ES","og_type":"article","og_title":"Defensa de la platja del R\u00edmini - Compartir","og_description":"En el marc d\u2019un intercanvi internacional d\u2019estiu amb joves italians, els i les joves catalans\/es van percebre l\u2019estat de degradaci\u00f3 i contaminaci\u00f3 severa de la platja, una riera propera i un bassal de brut\u00edcia propers al campament. Van adonar-se tamb\u00e9 de l\u2019actitud resignada de la poblaci\u00f3 que la freq\u00fcentava. Malgrat que van avisar l\u2019ajuntament, anaven [&hellip;]","og_url":"https:\/\/fundesplai.org\/compartir\/2007\/07\/11\/defensa-de-la-platja-del-rimini\/","og_site_name":"Compartir","article_published_time":"2007-07-11T08:48:17+00:00","article_modified_time":"2024-01-17T11:09:37+00:00","og_image":[{"width":1888,"height":900,"url":"https:\/\/fundesplai.org\/compartir\/wp-content\/uploads\/sites\/9\/2024\/01\/Defensa-de-la-paltja-del-Rimini.jpg","type":"image\/jpeg"}],"author":"mduch","twitter_card":"summary_large_image","twitter_misc":{"Escrit per":"mduch","Temps estimat de lectura":"2 minuts"},"schema":{"@context":"https:\/\/schema.org","@graph":[{"@type":"Article","@id":"https:\/\/fundesplai.org\/compartir\/2007\/07\/11\/defensa-de-la-platja-del-rimini\/#article","isPartOf":{"@id":"https:\/\/fundesplai.org\/compartir\/2007\/07\/11\/defensa-de-la-platja-del-rimini\/"},"author":{"name":"mduch","@id":"https:\/\/fundesplai.org\/compartir\/#\/schema\/person\/16ccf8808d71dcf9af39e5029a7eb7be"},"headline":"Defensa de la platja del R\u00edmini","datePublished":"2007-07-11T08:48:17+00:00","dateModified":"2024-01-17T11:09:37+00:00","mainEntityOfPage":{"@id":"https:\/\/fundesplai.org\/compartir\/2007\/07\/11\/defensa-de-la-platja-del-rimini\/"},"wordCount":366,"image":{"@id":"https:\/\/fundesplai.org\/compartir\/2007\/07\/11\/defensa-de-la-platja-del-rimini\/#primaryimage"},"thumbnailUrl":"https:\/\/fundesplai.org\/compartir\/wp-content\/uploads\/sites\/9\/2024\/01\/Defensa-de-la-paltja-del-Rimini.jpg","articleSection":["General"],"inLanguage":"ca"},{"@type":"WebPage","@id":"https:\/\/fundesplai.org\/compartir\/2007\/07\/11\/defensa-de-la-platja-del-rimini\/","url":"https:\/\/fundesplai.org\/compartir\/2007\/07\/11\/defensa-de-la-platja-del-rimini\/","name":"Defensa de la platja del R\u00edmini - Compartir","isPartOf":{"@id":"https:\/\/fundesplai.org\/compartir\/#website"},"primaryImageOfPage":{"@id":"https:\/\/fundesplai.org\/compartir\/2007\/07\/11\/defensa-de-la-platja-del-rimini\/#primaryimage"},"image":{"@id":"https:\/\/fundesplai.org\/compartir\/2007\/07\/11\/defensa-de-la-platja-del-rimini\/#primaryimage"},"thumbnailUrl":"https:\/\/fundesplai.org\/compartir\/wp-content\/uploads\/sites\/9\/2024\/01\/Defensa-de-la-paltja-del-Rimini.jpg","datePublished":"2007-07-11T08:48:17+00:00","dateModified":"2024-01-17T11:09:37+00:00","author":{"@id":"https:\/\/fundesplai.org\/compartir\/#\/schema\/person\/16ccf8808d71dcf9af39e5029a7eb7be"},"breadcrumb":{"@id":"https:\/\/fundesplai.org\/compartir\/2007\/07\/11\/defensa-de-la-platja-del-rimini\/#breadcrumb"},"inLanguage":"ca","potentialAction":[{"@type":"ReadAction","target":["https:\/\/fundesplai.org\/compartir\/2007\/07\/11\/defensa-de-la-platja-del-rimini\/"]}]},{"@type":"ImageObject","inLanguage":"ca","@id":"https:\/\/fundesplai.org\/compartir\/2007\/07\/11\/defensa-de-la-platja-del-rimini\/#primaryimage","url":"https:\/\/fundesplai.org\/compartir\/wp-content\/uploads\/sites\/9\/2024\/01\/Defensa-de-la-paltja-del-Rimini.jpg","contentUrl":"https:\/\/fundesplai.org\/compartir\/wp-content\/uploads\/sites\/9\/2024\/01\/Defensa-de-la-paltja-del-Rimini.jpg","width":1888,"height":900},{"@type":"BreadcrumbList","@id":"https:\/\/fundesplai.org\/compartir\/2007\/07\/11\/defensa-de-la-platja-del-rimini\/#breadcrumb","itemListElement":[{"@type":"ListItem","position":1,"name":"Inici","item":"\/"},{"@type":"ListItem","position":2,"name":"Compartir","item":"https:\/\/fundesplai.org\/compartir"},{"@type":"ListItem","position":3,"name":"Defensa de la platja del R\u00edmini"}]},{"@type":"WebSite","@id":"https:\/\/fundesplai.org\/compartir\/#website","url":"https:\/\/fundesplai.org\/compartir\/","name":"Compartir","description":"Proposta educativa de Fundesplai","potentialAction":[{"@type":"SearchAction","target":{"@type":"EntryPoint","urlTemplate":"https:\/\/fundesplai.org\/compartir\/?s={search_term_string}"},"query-input":{"@type":"PropertyValueSpecification","valueRequired":true,"valueName":"search_term_string"}}],"inLanguage":"ca"},{"@type":"Person","@id":"https:\/\/fundesplai.org\/compartir\/#\/schema\/person\/16ccf8808d71dcf9af39e5029a7eb7be","name":"mduch","image":{"@type":"ImageObject","inLanguage":"ca","@id":"https:\/\/secure.gravatar.com\/avatar\/678f8dc5592155106183c2dba5a10542029cee6b53d56fa163cb5ba0b4db9386?s=96&d=mm&r=g","url":"https:\/\/secure.gravatar.com\/avatar\/678f8dc5592155106183c2dba5a10542029cee6b53d56fa163cb5ba0b4db9386?s=96&d=mm&r=g","contentUrl":"https:\/\/secure.gravatar.com\/avatar\/678f8dc5592155106183c2dba5a10542029cee6b53d56fa163cb5ba0b4db9386?s=96&d=mm&r=g","caption":"mduch"},"url":"https:\/\/fundesplai.org\/compartir\/author\/mduch\/"}]}},"_links":{"self":[{"href":"https:\/\/fundesplai.org\/compartir\/wp-json\/wp\/v2\/posts\/212","targetHints":{"allow":["GET"]}}],"collection":[{"href":"https:\/\/fundesplai.org\/compartir\/wp-json\/wp\/v2\/posts"}],"about":[{"href":"https:\/\/fundesplai.org\/compartir\/wp-json\/wp\/v2\/types\/post"}],"author":[{"embeddable":true,"href":"https:\/\/fundesplai.org\/compartir\/wp-json\/wp\/v2\/users\/26"}],"replies":[{"embeddable":true,"href":"https:\/\/fundesplai.org\/compartir\/wp-json\/wp\/v2\/comments?post=212"}],"version-history":[{"count":4,"href":"https:\/\/fundesplai.org\/compartir\/wp-json\/wp\/v2\/posts\/212\/revisions"}],"predecessor-version":[{"id":358,"href":"https:\/\/fundesplai.org\/compartir\/wp-json\/wp\/v2\/posts\/212\/revisions\/358"}],"wp:featuredmedia":[{"embeddable":true,"href":"https:\/\/fundesplai.org\/compartir\/wp-json\/wp\/v2\/media\/215"}],"wp:attachment":[{"href":"https:\/\/fundesplai.org\/compartir\/wp-json\/wp\/v2\/media?parent=212"}],"wp:term":[{"taxonomy":"category","embeddable":true,"href":"https:\/\/fundesplai.org\/compartir\/wp-json\/wp\/v2\/categories?post=212"},{"taxonomy":"post_tag","embeddable":true,"href":"https:\/\/fundesplai.org\/compartir\/wp-json\/wp\/v2\/tags?post=212"}],"curies":[{"name":"wp","href":"https:\/\/api.w.org\/{rel}","templated":true}]}}