{"id":204,"date":"2007-08-11T10:38:09","date_gmt":"2007-08-11T08:38:09","guid":{"rendered":"https:\/\/fundesplai.org\/compartir\/?p=204"},"modified":"2024-01-17T12:08:42","modified_gmt":"2024-01-17T11:08:42","slug":"mural-pel-civisme","status":"publish","type":"post","link":"https:\/\/fundesplai.org\/compartir\/2007\/08\/11\/mural-pel-civisme\/","title":{"rendered":"Mural pel civisme"},"content":{"rendered":"<p>[et_pb_section fb_built=&#8221;1&#8243; _builder_version=&#8221;4.21.0&#8243; _module_preset=&#8221;default&#8221; global_colors_info=&#8221;{}&#8221;][et_pb_row _builder_version=&#8221;4.21.0&#8243; _module_preset=&#8221;default&#8221; global_colors_info=&#8221;{}&#8221;][et_pb_column type=&#8221;4_4&#8243; _builder_version=&#8221;4.21.0&#8243; _module_preset=&#8221;default&#8221; global_colors_info=&#8221;{}&#8221;][et_pb_text _builder_version=&#8221;4.21.0&#8243; _module_preset=&#8221;default&#8221; global_colors_info=&#8221;{}&#8221;]<\/p>\n<p>Fa temps, vam tenir cinc joves especialment conflictius amb un tema ben concret: els <em>graffitis<\/em>. Estaven massa acostumats a pintar i sortir corrents, evitant ser enxampats, i per on anaven deixaven empremta amb els seus esprais. A les educadores se&#8217;ns va acudir que seria un bon projecte per a ells tenir una paret on poder pintar i canviar els esprais pels pinzells. I va ser aix\u00ed com va sorgir la idea del gran mural del mercat.<\/p>\n<p>La proposta que els vam fer va ser que ells dissenyarien el mural i que coordinarien la pintada, feta per tota l&#8217;entitat. L&#8217;ajuntament va acollir la idea de bon grat i va incloure la pintada a la festa major, la qual cosa va donar m\u00e9s ress\u00f2 a l&#8217;acci\u00f3.<\/p>\n<p>Despr\u00e9s de pensar i treballar molt el disseny, els i les joves van voler plasmar la transformaci\u00f3 de la seva ciutat: alguns edificis grisos i d\u2019altres, com el centre d\u2019espai, plens de colors i de vida. El dia de la pintada, va haver-hi tanta expectaci\u00f3 que, fins i tot, el mateix regidor va formar part del grup de pintors.<\/p>\n<p>Els mateixos\/es joves van convidar els curiosos que s&#8217;aturaven davant del mural a col\u00b7laborar-hi. Aquest projecte va donar protagonisme positiu a uns joves que, fins aleshores, nom\u00e9s destacaven pel fet de situar-se fora de la llei. Tot i que en un primer moment se sentien estranys de poder fer all\u00f2 que durant tant de temps havia estat il\u00b7legal, a poc a poc es van sentir c\u00f2modes en veure el resultat i la bona acollida que va tenir tot plegat.<\/p>\n<p><strong>Club d&#8217;Esplai La Florida. L&#8217;Hospitalet de Llobregat<\/strong><\/p>\n<p><strong>Quin \u00e9s el servei?<\/strong> Decoraci\u00f3 del mercat, un equipament p\u00fablic d&#8217;\u00fas intensiu.<\/p>\n<p><strong>Quins s\u00f3n els aprenentatges?<\/strong> Desenvolupar l&#8217;expressi\u00f3. Autoestima. Relacionar-se amb les persones del barri.<\/p>\n<p>[\/et_pb_text][et_pb_button _builder_version=&#8221;4.21.0&#8243; _module_preset=&#8221;default&#8221; button_text=&#8221;V\u00e9s a la p\u00e0gina d&#8217;inici de la proposta&#8221; button_url=&#8221;https:\/\/fundesplai.org\/compartir\/&#8221; button_alignment=&#8221;center&#8221; custom_margin=&#8221;30px||50px||false|false&#8221; hover_enabled=&#8221;0&#8243; sticky_enabled=&#8221;0&#8243;][\/et_pb_button][\/et_pb_column][\/et_pb_row][\/et_pb_section]<\/p>\n","protected":false},"excerpt":{"rendered":"<p>Fa temps, vam tenir cinc joves especialment conflictius amb un tema ben concret: els graffitis. Estaven massa acostumats a pintar i sortir corrents, evitant ser enxampats, i per on anaven deixaven empremta amb els seus esprais. A les educadores se&#8217;ns va acudir que seria un bon projecte per a ells tenir una paret on poder [&hellip;]<\/p>\n","protected":false},"author":26,"featured_media":207,"comment_status":"closed","ping_status":"closed","sticky":false,"template":"","format":"standard","meta":{"_et_pb_use_builder":"on","_et_pb_old_content":"","_et_gb_content_width":"","footnotes":""},"categories":[1],"tags":[],"class_list":["post-204","post","type-post","status-publish","format-standard","has-post-thumbnail","hentry","category-general"],"yoast_head":"<!-- This site is optimized with the Yoast SEO plugin v27.5 - https:\/\/yoast.com\/product\/yoast-seo-wordpress\/ -->\n<title>Mural pel civisme - Compartir<\/title>\n<meta name=\"robots\" content=\"index, follow, max-snippet:-1, max-image-preview:large, max-video-preview:-1\" \/>\n<link rel=\"canonical\" href=\"https:\/\/fundesplai.org\/compartir\/2007\/08\/11\/mural-pel-civisme\/\" \/>\n<meta property=\"og:locale\" content=\"ca_ES\" \/>\n<meta property=\"og:type\" content=\"article\" \/>\n<meta property=\"og:title\" content=\"Mural pel civisme - Compartir\" \/>\n<meta property=\"og:description\" content=\"Fa temps, vam tenir cinc joves especialment conflictius amb un tema ben concret: els graffitis. Estaven massa acostumats a pintar i sortir corrents, evitant ser enxampats, i per on anaven deixaven empremta amb els seus esprais. A les educadores se&#039;ns va acudir que seria un bon projecte per a ells tenir una paret on poder [&hellip;]\" \/>\n<meta property=\"og:url\" content=\"https:\/\/fundesplai.org\/compartir\/2007\/08\/11\/mural-pel-civisme\/\" \/>\n<meta property=\"og:site_name\" content=\"Compartir\" \/>\n<meta property=\"article:published_time\" content=\"2007-08-11T08:38:09+00:00\" \/>\n<meta property=\"article:modified_time\" content=\"2024-01-17T11:08:42+00:00\" \/>\n<meta property=\"og:image\" content=\"https:\/\/fundesplai.org\/compartir\/wp-content\/uploads\/sites\/9\/2024\/01\/Mural-pel-civisme.jpg\" \/>\n\t<meta property=\"og:image:width\" content=\"1888\" \/>\n\t<meta property=\"og:image:height\" content=\"900\" \/>\n\t<meta property=\"og:image:type\" content=\"image\/jpeg\" \/>\n<meta name=\"author\" content=\"mduch\" \/>\n<meta name=\"twitter:card\" content=\"summary_large_image\" \/>\n<meta name=\"twitter:label1\" content=\"Escrit per\" \/>\n\t<meta name=\"twitter:data1\" content=\"mduch\" \/>\n\t<meta name=\"twitter:label2\" content=\"Temps estimat de lectura\" \/>\n\t<meta name=\"twitter:data2\" content=\"2 minuts\" \/>\n<script type=\"application\/ld+json\" class=\"yoast-schema-graph\">{\"@context\":\"https:\\\/\\\/schema.org\",\"@graph\":[{\"@type\":\"Article\",\"@id\":\"https:\\\/\\\/fundesplai.org\\\/compartir\\\/2007\\\/08\\\/11\\\/mural-pel-civisme\\\/#article\",\"isPartOf\":{\"@id\":\"https:\\\/\\\/fundesplai.org\\\/compartir\\\/2007\\\/08\\\/11\\\/mural-pel-civisme\\\/\"},\"author\":{\"name\":\"mduch\",\"@id\":\"https:\\\/\\\/fundesplai.org\\\/compartir\\\/#\\\/schema\\\/person\\\/16ccf8808d71dcf9af39e5029a7eb7be\"},\"headline\":\"Mural pel civisme\",\"datePublished\":\"2007-08-11T08:38:09+00:00\",\"dateModified\":\"2024-01-17T11:08:42+00:00\",\"mainEntityOfPage\":{\"@id\":\"https:\\\/\\\/fundesplai.org\\\/compartir\\\/2007\\\/08\\\/11\\\/mural-pel-civisme\\\/\"},\"wordCount\":419,\"image\":{\"@id\":\"https:\\\/\\\/fundesplai.org\\\/compartir\\\/2007\\\/08\\\/11\\\/mural-pel-civisme\\\/#primaryimage\"},\"thumbnailUrl\":\"https:\\\/\\\/fundesplai.org\\\/compartir\\\/wp-content\\\/uploads\\\/sites\\\/9\\\/2024\\\/01\\\/Mural-pel-civisme.jpg\",\"articleSection\":[\"General\"],\"inLanguage\":\"ca\"},{\"@type\":\"WebPage\",\"@id\":\"https:\\\/\\\/fundesplai.org\\\/compartir\\\/2007\\\/08\\\/11\\\/mural-pel-civisme\\\/\",\"url\":\"https:\\\/\\\/fundesplai.org\\\/compartir\\\/2007\\\/08\\\/11\\\/mural-pel-civisme\\\/\",\"name\":\"Mural pel civisme - Compartir\",\"isPartOf\":{\"@id\":\"https:\\\/\\\/fundesplai.org\\\/compartir\\\/#website\"},\"primaryImageOfPage\":{\"@id\":\"https:\\\/\\\/fundesplai.org\\\/compartir\\\/2007\\\/08\\\/11\\\/mural-pel-civisme\\\/#primaryimage\"},\"image\":{\"@id\":\"https:\\\/\\\/fundesplai.org\\\/compartir\\\/2007\\\/08\\\/11\\\/mural-pel-civisme\\\/#primaryimage\"},\"thumbnailUrl\":\"https:\\\/\\\/fundesplai.org\\\/compartir\\\/wp-content\\\/uploads\\\/sites\\\/9\\\/2024\\\/01\\\/Mural-pel-civisme.jpg\",\"datePublished\":\"2007-08-11T08:38:09+00:00\",\"dateModified\":\"2024-01-17T11:08:42+00:00\",\"author\":{\"@id\":\"https:\\\/\\\/fundesplai.org\\\/compartir\\\/#\\\/schema\\\/person\\\/16ccf8808d71dcf9af39e5029a7eb7be\"},\"breadcrumb\":{\"@id\":\"https:\\\/\\\/fundesplai.org\\\/compartir\\\/2007\\\/08\\\/11\\\/mural-pel-civisme\\\/#breadcrumb\"},\"inLanguage\":\"ca\",\"potentialAction\":[{\"@type\":\"ReadAction\",\"target\":[\"https:\\\/\\\/fundesplai.org\\\/compartir\\\/2007\\\/08\\\/11\\\/mural-pel-civisme\\\/\"]}]},{\"@type\":\"ImageObject\",\"inLanguage\":\"ca\",\"@id\":\"https:\\\/\\\/fundesplai.org\\\/compartir\\\/2007\\\/08\\\/11\\\/mural-pel-civisme\\\/#primaryimage\",\"url\":\"https:\\\/\\\/fundesplai.org\\\/compartir\\\/wp-content\\\/uploads\\\/sites\\\/9\\\/2024\\\/01\\\/Mural-pel-civisme.jpg\",\"contentUrl\":\"https:\\\/\\\/fundesplai.org\\\/compartir\\\/wp-content\\\/uploads\\\/sites\\\/9\\\/2024\\\/01\\\/Mural-pel-civisme.jpg\",\"width\":1888,\"height\":900},{\"@type\":\"BreadcrumbList\",\"@id\":\"https:\\\/\\\/fundesplai.org\\\/compartir\\\/2007\\\/08\\\/11\\\/mural-pel-civisme\\\/#breadcrumb\",\"itemListElement\":[{\"@type\":\"ListItem\",\"position\":1,\"name\":\"Inici\",\"item\":\"\\\/\"},{\"@type\":\"ListItem\",\"position\":2,\"name\":\"Compartir\",\"item\":\"https:\\\/\\\/fundesplai.org\\\/compartir\"},{\"@type\":\"ListItem\",\"position\":3,\"name\":\"Mural pel civisme\"}]},{\"@type\":\"WebSite\",\"@id\":\"https:\\\/\\\/fundesplai.org\\\/compartir\\\/#website\",\"url\":\"https:\\\/\\\/fundesplai.org\\\/compartir\\\/\",\"name\":\"Compartir\",\"description\":\"Proposta educativa de Fundesplai\",\"potentialAction\":[{\"@type\":\"SearchAction\",\"target\":{\"@type\":\"EntryPoint\",\"urlTemplate\":\"https:\\\/\\\/fundesplai.org\\\/compartir\\\/?s={search_term_string}\"},\"query-input\":{\"@type\":\"PropertyValueSpecification\",\"valueRequired\":true,\"valueName\":\"search_term_string\"}}],\"inLanguage\":\"ca\"},{\"@type\":\"Person\",\"@id\":\"https:\\\/\\\/fundesplai.org\\\/compartir\\\/#\\\/schema\\\/person\\\/16ccf8808d71dcf9af39e5029a7eb7be\",\"name\":\"mduch\",\"image\":{\"@type\":\"ImageObject\",\"inLanguage\":\"ca\",\"@id\":\"https:\\\/\\\/secure.gravatar.com\\\/avatar\\\/678f8dc5592155106183c2dba5a10542029cee6b53d56fa163cb5ba0b4db9386?s=96&d=mm&r=g\",\"url\":\"https:\\\/\\\/secure.gravatar.com\\\/avatar\\\/678f8dc5592155106183c2dba5a10542029cee6b53d56fa163cb5ba0b4db9386?s=96&d=mm&r=g\",\"contentUrl\":\"https:\\\/\\\/secure.gravatar.com\\\/avatar\\\/678f8dc5592155106183c2dba5a10542029cee6b53d56fa163cb5ba0b4db9386?s=96&d=mm&r=g\",\"caption\":\"mduch\"},\"url\":\"https:\\\/\\\/fundesplai.org\\\/compartir\\\/author\\\/mduch\\\/\"}]}<\/script>\n<!-- \/ Yoast SEO plugin. -->","yoast_head_json":{"title":"Mural pel civisme - Compartir","robots":{"index":"index","follow":"follow","max-snippet":"max-snippet:-1","max-image-preview":"max-image-preview:large","max-video-preview":"max-video-preview:-1"},"canonical":"https:\/\/fundesplai.org\/compartir\/2007\/08\/11\/mural-pel-civisme\/","og_locale":"ca_ES","og_type":"article","og_title":"Mural pel civisme - Compartir","og_description":"Fa temps, vam tenir cinc joves especialment conflictius amb un tema ben concret: els graffitis. Estaven massa acostumats a pintar i sortir corrents, evitant ser enxampats, i per on anaven deixaven empremta amb els seus esprais. A les educadores se'ns va acudir que seria un bon projecte per a ells tenir una paret on poder [&hellip;]","og_url":"https:\/\/fundesplai.org\/compartir\/2007\/08\/11\/mural-pel-civisme\/","og_site_name":"Compartir","article_published_time":"2007-08-11T08:38:09+00:00","article_modified_time":"2024-01-17T11:08:42+00:00","og_image":[{"width":1888,"height":900,"url":"https:\/\/fundesplai.org\/compartir\/wp-content\/uploads\/sites\/9\/2024\/01\/Mural-pel-civisme.jpg","type":"image\/jpeg"}],"author":"mduch","twitter_card":"summary_large_image","twitter_misc":{"Escrit per":"mduch","Temps estimat de lectura":"2 minuts"},"schema":{"@context":"https:\/\/schema.org","@graph":[{"@type":"Article","@id":"https:\/\/fundesplai.org\/compartir\/2007\/08\/11\/mural-pel-civisme\/#article","isPartOf":{"@id":"https:\/\/fundesplai.org\/compartir\/2007\/08\/11\/mural-pel-civisme\/"},"author":{"name":"mduch","@id":"https:\/\/fundesplai.org\/compartir\/#\/schema\/person\/16ccf8808d71dcf9af39e5029a7eb7be"},"headline":"Mural pel civisme","datePublished":"2007-08-11T08:38:09+00:00","dateModified":"2024-01-17T11:08:42+00:00","mainEntityOfPage":{"@id":"https:\/\/fundesplai.org\/compartir\/2007\/08\/11\/mural-pel-civisme\/"},"wordCount":419,"image":{"@id":"https:\/\/fundesplai.org\/compartir\/2007\/08\/11\/mural-pel-civisme\/#primaryimage"},"thumbnailUrl":"https:\/\/fundesplai.org\/compartir\/wp-content\/uploads\/sites\/9\/2024\/01\/Mural-pel-civisme.jpg","articleSection":["General"],"inLanguage":"ca"},{"@type":"WebPage","@id":"https:\/\/fundesplai.org\/compartir\/2007\/08\/11\/mural-pel-civisme\/","url":"https:\/\/fundesplai.org\/compartir\/2007\/08\/11\/mural-pel-civisme\/","name":"Mural pel civisme - Compartir","isPartOf":{"@id":"https:\/\/fundesplai.org\/compartir\/#website"},"primaryImageOfPage":{"@id":"https:\/\/fundesplai.org\/compartir\/2007\/08\/11\/mural-pel-civisme\/#primaryimage"},"image":{"@id":"https:\/\/fundesplai.org\/compartir\/2007\/08\/11\/mural-pel-civisme\/#primaryimage"},"thumbnailUrl":"https:\/\/fundesplai.org\/compartir\/wp-content\/uploads\/sites\/9\/2024\/01\/Mural-pel-civisme.jpg","datePublished":"2007-08-11T08:38:09+00:00","dateModified":"2024-01-17T11:08:42+00:00","author":{"@id":"https:\/\/fundesplai.org\/compartir\/#\/schema\/person\/16ccf8808d71dcf9af39e5029a7eb7be"},"breadcrumb":{"@id":"https:\/\/fundesplai.org\/compartir\/2007\/08\/11\/mural-pel-civisme\/#breadcrumb"},"inLanguage":"ca","potentialAction":[{"@type":"ReadAction","target":["https:\/\/fundesplai.org\/compartir\/2007\/08\/11\/mural-pel-civisme\/"]}]},{"@type":"ImageObject","inLanguage":"ca","@id":"https:\/\/fundesplai.org\/compartir\/2007\/08\/11\/mural-pel-civisme\/#primaryimage","url":"https:\/\/fundesplai.org\/compartir\/wp-content\/uploads\/sites\/9\/2024\/01\/Mural-pel-civisme.jpg","contentUrl":"https:\/\/fundesplai.org\/compartir\/wp-content\/uploads\/sites\/9\/2024\/01\/Mural-pel-civisme.jpg","width":1888,"height":900},{"@type":"BreadcrumbList","@id":"https:\/\/fundesplai.org\/compartir\/2007\/08\/11\/mural-pel-civisme\/#breadcrumb","itemListElement":[{"@type":"ListItem","position":1,"name":"Inici","item":"\/"},{"@type":"ListItem","position":2,"name":"Compartir","item":"https:\/\/fundesplai.org\/compartir"},{"@type":"ListItem","position":3,"name":"Mural pel civisme"}]},{"@type":"WebSite","@id":"https:\/\/fundesplai.org\/compartir\/#website","url":"https:\/\/fundesplai.org\/compartir\/","name":"Compartir","description":"Proposta educativa de Fundesplai","potentialAction":[{"@type":"SearchAction","target":{"@type":"EntryPoint","urlTemplate":"https:\/\/fundesplai.org\/compartir\/?s={search_term_string}"},"query-input":{"@type":"PropertyValueSpecification","valueRequired":true,"valueName":"search_term_string"}}],"inLanguage":"ca"},{"@type":"Person","@id":"https:\/\/fundesplai.org\/compartir\/#\/schema\/person\/16ccf8808d71dcf9af39e5029a7eb7be","name":"mduch","image":{"@type":"ImageObject","inLanguage":"ca","@id":"https:\/\/secure.gravatar.com\/avatar\/678f8dc5592155106183c2dba5a10542029cee6b53d56fa163cb5ba0b4db9386?s=96&d=mm&r=g","url":"https:\/\/secure.gravatar.com\/avatar\/678f8dc5592155106183c2dba5a10542029cee6b53d56fa163cb5ba0b4db9386?s=96&d=mm&r=g","contentUrl":"https:\/\/secure.gravatar.com\/avatar\/678f8dc5592155106183c2dba5a10542029cee6b53d56fa163cb5ba0b4db9386?s=96&d=mm&r=g","caption":"mduch"},"url":"https:\/\/fundesplai.org\/compartir\/author\/mduch\/"}]}},"_links":{"self":[{"href":"https:\/\/fundesplai.org\/compartir\/wp-json\/wp\/v2\/posts\/204","targetHints":{"allow":["GET"]}}],"collection":[{"href":"https:\/\/fundesplai.org\/compartir\/wp-json\/wp\/v2\/posts"}],"about":[{"href":"https:\/\/fundesplai.org\/compartir\/wp-json\/wp\/v2\/types\/post"}],"author":[{"embeddable":true,"href":"https:\/\/fundesplai.org\/compartir\/wp-json\/wp\/v2\/users\/26"}],"replies":[{"embeddable":true,"href":"https:\/\/fundesplai.org\/compartir\/wp-json\/wp\/v2\/comments?post=204"}],"version-history":[{"count":4,"href":"https:\/\/fundesplai.org\/compartir\/wp-json\/wp\/v2\/posts\/204\/revisions"}],"predecessor-version":[{"id":357,"href":"https:\/\/fundesplai.org\/compartir\/wp-json\/wp\/v2\/posts\/204\/revisions\/357"}],"wp:featuredmedia":[{"embeddable":true,"href":"https:\/\/fundesplai.org\/compartir\/wp-json\/wp\/v2\/media\/207"}],"wp:attachment":[{"href":"https:\/\/fundesplai.org\/compartir\/wp-json\/wp\/v2\/media?parent=204"}],"wp:term":[{"taxonomy":"category","embeddable":true,"href":"https:\/\/fundesplai.org\/compartir\/wp-json\/wp\/v2\/categories?post=204"},{"taxonomy":"post_tag","embeddable":true,"href":"https:\/\/fundesplai.org\/compartir\/wp-json\/wp\/v2\/tags?post=204"}],"curies":[{"name":"wp","href":"https:\/\/api.w.org\/{rel}","templated":true}]}}