{"id":198,"date":"2007-09-11T10:31:56","date_gmt":"2007-09-11T08:31:56","guid":{"rendered":"https:\/\/fundesplai.org\/compartir\/?p=198"},"modified":"2024-01-17T12:07:30","modified_gmt":"2024-01-17T11:07:30","slug":"una-mirada-el-nostre-barri","status":"publish","type":"post","link":"https:\/\/fundesplai.org\/compartir\/2007\/09\/11\/una-mirada-el-nostre-barri\/","title":{"rendered":"Una mirada sobre el nostre barri"},"content":{"rendered":"<p>[et_pb_section fb_built=&#8221;1&#8243; _builder_version=&#8221;4.21.0&#8243; _module_preset=&#8221;default&#8221; global_colors_info=&#8221;{}&#8221;][et_pb_row _builder_version=&#8221;4.21.0&#8243; _module_preset=&#8221;default&#8221; global_colors_info=&#8221;{}&#8221;][et_pb_column type=&#8221;4_4&#8243; _builder_version=&#8221;4.21.0&#8243; _module_preset=&#8221;default&#8221; global_colors_info=&#8221;{}&#8221;][et_pb_text _builder_version=&#8221;4.21.0&#8243; _module_preset=&#8221;default&#8221; global_colors_info=&#8221;{}&#8221;]<\/p>\n<p>En el marc d\u2019un proc\u00e9s de diagnosi i planificaci\u00f3 participativa del barri, els i les joves de La Gresca van voler perdre la iniciativa i aportar la seva visi\u00f3 de l\u2019entorn m\u00e9s proper i les seves propostes de millora i reivindicacions. La idea consistia a reflexionar cr\u00edticament sobre el barri, difondre el seu punt de vista i comunicar les seves propostes. Es van dur a terme una seria d\u2019accions:<\/p>\n<ul>\n<li>Van sortir al carrer a fer un recull fotogr\u00e0fic d\u2019aquells aspectes que els agradaven i desagradaven del barri i van elaborar un reportatge que es va publicar a la Revista de Ripollet i que analitzava el barri amb ulls de jove.<\/li>\n<li>Van gravar un v\u00eddeo que recollida, un recorregut pel barri i entrevistes a d\u2019altres joves que es va projectar a la inauguraci\u00f3 del Casal Jove.<\/li>\n<li>Finalment, van elaborar un manifest que es va publicar en diversos mitjans de comunicaci\u00f3 local.<\/li>\n<\/ul>\n<p>La difusi\u00f3 i publicaci\u00f3 de la mirada dels joves sobre el barri va estimular el seu inter\u00e8s per valorar i participar en l\u2019entorn m\u00e9s immediat i intervenir en la seva transformaci\u00f3.<\/p>\n<p><strong>Casal Jove La Gresca. Cerdanyola del Vall\u00e8s i Ripollet<\/strong><\/p>\n<p><strong>Quin \u00e9s el servei? <\/strong>Sensibilitzaci\u00f3 de la poblaci\u00f3 a trav\u00e9s de la difusi\u00f3 del diagn\u00f2stic d&#8217;un barri.<\/p>\n<p><strong>Quins s\u00f3n els aprenentatges?<\/strong> Con\u00e8ixer el barri m\u00e9s a fons. Reflexionar cr\u00edticament sobre l&#8217;entorn. Exercitar habilitats t\u00e8cniques relatives al v\u00eddeo.<\/p>\n<p>[\/et_pb_text][et_pb_button _builder_version=&#8221;4.21.0&#8243; _module_preset=&#8221;default&#8221; button_text=&#8221;V\u00e9s a la p\u00e0gina d&#8217;inici de la proposta&#8221; button_url=&#8221;https:\/\/fundesplai.org\/compartir\/&#8221; button_alignment=&#8221;center&#8221; custom_margin=&#8221;30px||50px||false|false&#8221; hover_enabled=&#8221;0&#8243; sticky_enabled=&#8221;0&#8243;][\/et_pb_button][\/et_pb_column][\/et_pb_row][\/et_pb_section]<\/p>\n","protected":false},"excerpt":{"rendered":"<p>En el marc d\u2019un proc\u00e9s de diagnosi i planificaci\u00f3 participativa del barri, els i les joves de La Gresca van voler perdre la iniciativa i aportar la seva visi\u00f3 de l\u2019entorn m\u00e9s proper i les seves propostes de millora i reivindicacions. La idea consistia a reflexionar cr\u00edticament sobre el barri, difondre el seu punt de [&hellip;]<\/p>\n","protected":false},"author":26,"featured_media":201,"comment_status":"closed","ping_status":"closed","sticky":false,"template":"","format":"standard","meta":{"_et_pb_use_builder":"on","_et_pb_old_content":"","_et_gb_content_width":"","footnotes":""},"categories":[1],"tags":[],"class_list":["post-198","post","type-post","status-publish","format-standard","has-post-thumbnail","hentry","category-general"],"yoast_head":"<!-- This site is optimized with the Yoast SEO plugin v27.5 - https:\/\/yoast.com\/product\/yoast-seo-wordpress\/ -->\n<title>Una mirada sobre el nostre barri - Compartir<\/title>\n<meta name=\"robots\" content=\"index, follow, max-snippet:-1, max-image-preview:large, max-video-preview:-1\" \/>\n<link rel=\"canonical\" href=\"https:\/\/fundesplai.org\/compartir\/2007\/09\/11\/una-mirada-el-nostre-barri\/\" \/>\n<meta property=\"og:locale\" content=\"ca_ES\" \/>\n<meta property=\"og:type\" content=\"article\" \/>\n<meta property=\"og:title\" content=\"Una mirada sobre el nostre barri - Compartir\" \/>\n<meta property=\"og:description\" content=\"En el marc d\u2019un proc\u00e9s de diagnosi i planificaci\u00f3 participativa del barri, els i les joves de La Gresca van voler perdre la iniciativa i aportar la seva visi\u00f3 de l\u2019entorn m\u00e9s proper i les seves propostes de millora i reivindicacions. La idea consistia a reflexionar cr\u00edticament sobre el barri, difondre el seu punt de [&hellip;]\" \/>\n<meta property=\"og:url\" content=\"https:\/\/fundesplai.org\/compartir\/2007\/09\/11\/una-mirada-el-nostre-barri\/\" \/>\n<meta property=\"og:site_name\" content=\"Compartir\" \/>\n<meta property=\"article:published_time\" content=\"2007-09-11T08:31:56+00:00\" \/>\n<meta property=\"article:modified_time\" content=\"2024-01-17T11:07:30+00:00\" \/>\n<meta property=\"og:image\" content=\"https:\/\/fundesplai.org\/compartir\/wp-content\/uploads\/sites\/9\/2024\/01\/Una-mirada-sobre-el-nostre-barri.jpg\" \/>\n\t<meta property=\"og:image:width\" content=\"1888\" \/>\n\t<meta property=\"og:image:height\" content=\"900\" \/>\n\t<meta property=\"og:image:type\" content=\"image\/jpeg\" \/>\n<meta name=\"author\" content=\"mduch\" \/>\n<meta name=\"twitter:card\" content=\"summary_large_image\" \/>\n<meta name=\"twitter:label1\" content=\"Escrit per\" \/>\n\t<meta name=\"twitter:data1\" content=\"mduch\" \/>\n\t<meta name=\"twitter:label2\" content=\"Temps estimat de lectura\" \/>\n\t<meta name=\"twitter:data2\" content=\"2 minuts\" \/>\n<script type=\"application\/ld+json\" class=\"yoast-schema-graph\">{\"@context\":\"https:\\\/\\\/schema.org\",\"@graph\":[{\"@type\":\"Article\",\"@id\":\"https:\\\/\\\/fundesplai.org\\\/compartir\\\/2007\\\/09\\\/11\\\/una-mirada-el-nostre-barri\\\/#article\",\"isPartOf\":{\"@id\":\"https:\\\/\\\/fundesplai.org\\\/compartir\\\/2007\\\/09\\\/11\\\/una-mirada-el-nostre-barri\\\/\"},\"author\":{\"name\":\"mduch\",\"@id\":\"https:\\\/\\\/fundesplai.org\\\/compartir\\\/#\\\/schema\\\/person\\\/16ccf8808d71dcf9af39e5029a7eb7be\"},\"headline\":\"Una mirada sobre el nostre barri\",\"datePublished\":\"2007-09-11T08:31:56+00:00\",\"dateModified\":\"2024-01-17T11:07:30+00:00\",\"mainEntityOfPage\":{\"@id\":\"https:\\\/\\\/fundesplai.org\\\/compartir\\\/2007\\\/09\\\/11\\\/una-mirada-el-nostre-barri\\\/\"},\"wordCount\":359,\"image\":{\"@id\":\"https:\\\/\\\/fundesplai.org\\\/compartir\\\/2007\\\/09\\\/11\\\/una-mirada-el-nostre-barri\\\/#primaryimage\"},\"thumbnailUrl\":\"https:\\\/\\\/fundesplai.org\\\/compartir\\\/wp-content\\\/uploads\\\/sites\\\/9\\\/2024\\\/01\\\/Una-mirada-sobre-el-nostre-barri.jpg\",\"articleSection\":[\"General\"],\"inLanguage\":\"ca\"},{\"@type\":\"WebPage\",\"@id\":\"https:\\\/\\\/fundesplai.org\\\/compartir\\\/2007\\\/09\\\/11\\\/una-mirada-el-nostre-barri\\\/\",\"url\":\"https:\\\/\\\/fundesplai.org\\\/compartir\\\/2007\\\/09\\\/11\\\/una-mirada-el-nostre-barri\\\/\",\"name\":\"Una mirada sobre el nostre barri - Compartir\",\"isPartOf\":{\"@id\":\"https:\\\/\\\/fundesplai.org\\\/compartir\\\/#website\"},\"primaryImageOfPage\":{\"@id\":\"https:\\\/\\\/fundesplai.org\\\/compartir\\\/2007\\\/09\\\/11\\\/una-mirada-el-nostre-barri\\\/#primaryimage\"},\"image\":{\"@id\":\"https:\\\/\\\/fundesplai.org\\\/compartir\\\/2007\\\/09\\\/11\\\/una-mirada-el-nostre-barri\\\/#primaryimage\"},\"thumbnailUrl\":\"https:\\\/\\\/fundesplai.org\\\/compartir\\\/wp-content\\\/uploads\\\/sites\\\/9\\\/2024\\\/01\\\/Una-mirada-sobre-el-nostre-barri.jpg\",\"datePublished\":\"2007-09-11T08:31:56+00:00\",\"dateModified\":\"2024-01-17T11:07:30+00:00\",\"author\":{\"@id\":\"https:\\\/\\\/fundesplai.org\\\/compartir\\\/#\\\/schema\\\/person\\\/16ccf8808d71dcf9af39e5029a7eb7be\"},\"breadcrumb\":{\"@id\":\"https:\\\/\\\/fundesplai.org\\\/compartir\\\/2007\\\/09\\\/11\\\/una-mirada-el-nostre-barri\\\/#breadcrumb\"},\"inLanguage\":\"ca\",\"potentialAction\":[{\"@type\":\"ReadAction\",\"target\":[\"https:\\\/\\\/fundesplai.org\\\/compartir\\\/2007\\\/09\\\/11\\\/una-mirada-el-nostre-barri\\\/\"]}]},{\"@type\":\"ImageObject\",\"inLanguage\":\"ca\",\"@id\":\"https:\\\/\\\/fundesplai.org\\\/compartir\\\/2007\\\/09\\\/11\\\/una-mirada-el-nostre-barri\\\/#primaryimage\",\"url\":\"https:\\\/\\\/fundesplai.org\\\/compartir\\\/wp-content\\\/uploads\\\/sites\\\/9\\\/2024\\\/01\\\/Una-mirada-sobre-el-nostre-barri.jpg\",\"contentUrl\":\"https:\\\/\\\/fundesplai.org\\\/compartir\\\/wp-content\\\/uploads\\\/sites\\\/9\\\/2024\\\/01\\\/Una-mirada-sobre-el-nostre-barri.jpg\",\"width\":1888,\"height\":900},{\"@type\":\"BreadcrumbList\",\"@id\":\"https:\\\/\\\/fundesplai.org\\\/compartir\\\/2007\\\/09\\\/11\\\/una-mirada-el-nostre-barri\\\/#breadcrumb\",\"itemListElement\":[{\"@type\":\"ListItem\",\"position\":1,\"name\":\"Inici\",\"item\":\"\\\/\"},{\"@type\":\"ListItem\",\"position\":2,\"name\":\"Compartir\",\"item\":\"https:\\\/\\\/fundesplai.org\\\/compartir\"},{\"@type\":\"ListItem\",\"position\":3,\"name\":\"Una mirada sobre el nostre barri\"}]},{\"@type\":\"WebSite\",\"@id\":\"https:\\\/\\\/fundesplai.org\\\/compartir\\\/#website\",\"url\":\"https:\\\/\\\/fundesplai.org\\\/compartir\\\/\",\"name\":\"Compartir\",\"description\":\"Proposta educativa de Fundesplai\",\"potentialAction\":[{\"@type\":\"SearchAction\",\"target\":{\"@type\":\"EntryPoint\",\"urlTemplate\":\"https:\\\/\\\/fundesplai.org\\\/compartir\\\/?s={search_term_string}\"},\"query-input\":{\"@type\":\"PropertyValueSpecification\",\"valueRequired\":true,\"valueName\":\"search_term_string\"}}],\"inLanguage\":\"ca\"},{\"@type\":\"Person\",\"@id\":\"https:\\\/\\\/fundesplai.org\\\/compartir\\\/#\\\/schema\\\/person\\\/16ccf8808d71dcf9af39e5029a7eb7be\",\"name\":\"mduch\",\"image\":{\"@type\":\"ImageObject\",\"inLanguage\":\"ca\",\"@id\":\"https:\\\/\\\/secure.gravatar.com\\\/avatar\\\/678f8dc5592155106183c2dba5a10542029cee6b53d56fa163cb5ba0b4db9386?s=96&d=mm&r=g\",\"url\":\"https:\\\/\\\/secure.gravatar.com\\\/avatar\\\/678f8dc5592155106183c2dba5a10542029cee6b53d56fa163cb5ba0b4db9386?s=96&d=mm&r=g\",\"contentUrl\":\"https:\\\/\\\/secure.gravatar.com\\\/avatar\\\/678f8dc5592155106183c2dba5a10542029cee6b53d56fa163cb5ba0b4db9386?s=96&d=mm&r=g\",\"caption\":\"mduch\"},\"url\":\"https:\\\/\\\/fundesplai.org\\\/compartir\\\/author\\\/mduch\\\/\"}]}<\/script>\n<!-- \/ Yoast SEO plugin. -->","yoast_head_json":{"title":"Una mirada sobre el nostre barri - Compartir","robots":{"index":"index","follow":"follow","max-snippet":"max-snippet:-1","max-image-preview":"max-image-preview:large","max-video-preview":"max-video-preview:-1"},"canonical":"https:\/\/fundesplai.org\/compartir\/2007\/09\/11\/una-mirada-el-nostre-barri\/","og_locale":"ca_ES","og_type":"article","og_title":"Una mirada sobre el nostre barri - Compartir","og_description":"En el marc d\u2019un proc\u00e9s de diagnosi i planificaci\u00f3 participativa del barri, els i les joves de La Gresca van voler perdre la iniciativa i aportar la seva visi\u00f3 de l\u2019entorn m\u00e9s proper i les seves propostes de millora i reivindicacions. La idea consistia a reflexionar cr\u00edticament sobre el barri, difondre el seu punt de [&hellip;]","og_url":"https:\/\/fundesplai.org\/compartir\/2007\/09\/11\/una-mirada-el-nostre-barri\/","og_site_name":"Compartir","article_published_time":"2007-09-11T08:31:56+00:00","article_modified_time":"2024-01-17T11:07:30+00:00","og_image":[{"width":1888,"height":900,"url":"https:\/\/fundesplai.org\/compartir\/wp-content\/uploads\/sites\/9\/2024\/01\/Una-mirada-sobre-el-nostre-barri.jpg","type":"image\/jpeg"}],"author":"mduch","twitter_card":"summary_large_image","twitter_misc":{"Escrit per":"mduch","Temps estimat de lectura":"2 minuts"},"schema":{"@context":"https:\/\/schema.org","@graph":[{"@type":"Article","@id":"https:\/\/fundesplai.org\/compartir\/2007\/09\/11\/una-mirada-el-nostre-barri\/#article","isPartOf":{"@id":"https:\/\/fundesplai.org\/compartir\/2007\/09\/11\/una-mirada-el-nostre-barri\/"},"author":{"name":"mduch","@id":"https:\/\/fundesplai.org\/compartir\/#\/schema\/person\/16ccf8808d71dcf9af39e5029a7eb7be"},"headline":"Una mirada sobre el nostre barri","datePublished":"2007-09-11T08:31:56+00:00","dateModified":"2024-01-17T11:07:30+00:00","mainEntityOfPage":{"@id":"https:\/\/fundesplai.org\/compartir\/2007\/09\/11\/una-mirada-el-nostre-barri\/"},"wordCount":359,"image":{"@id":"https:\/\/fundesplai.org\/compartir\/2007\/09\/11\/una-mirada-el-nostre-barri\/#primaryimage"},"thumbnailUrl":"https:\/\/fundesplai.org\/compartir\/wp-content\/uploads\/sites\/9\/2024\/01\/Una-mirada-sobre-el-nostre-barri.jpg","articleSection":["General"],"inLanguage":"ca"},{"@type":"WebPage","@id":"https:\/\/fundesplai.org\/compartir\/2007\/09\/11\/una-mirada-el-nostre-barri\/","url":"https:\/\/fundesplai.org\/compartir\/2007\/09\/11\/una-mirada-el-nostre-barri\/","name":"Una mirada sobre el nostre barri - Compartir","isPartOf":{"@id":"https:\/\/fundesplai.org\/compartir\/#website"},"primaryImageOfPage":{"@id":"https:\/\/fundesplai.org\/compartir\/2007\/09\/11\/una-mirada-el-nostre-barri\/#primaryimage"},"image":{"@id":"https:\/\/fundesplai.org\/compartir\/2007\/09\/11\/una-mirada-el-nostre-barri\/#primaryimage"},"thumbnailUrl":"https:\/\/fundesplai.org\/compartir\/wp-content\/uploads\/sites\/9\/2024\/01\/Una-mirada-sobre-el-nostre-barri.jpg","datePublished":"2007-09-11T08:31:56+00:00","dateModified":"2024-01-17T11:07:30+00:00","author":{"@id":"https:\/\/fundesplai.org\/compartir\/#\/schema\/person\/16ccf8808d71dcf9af39e5029a7eb7be"},"breadcrumb":{"@id":"https:\/\/fundesplai.org\/compartir\/2007\/09\/11\/una-mirada-el-nostre-barri\/#breadcrumb"},"inLanguage":"ca","potentialAction":[{"@type":"ReadAction","target":["https:\/\/fundesplai.org\/compartir\/2007\/09\/11\/una-mirada-el-nostre-barri\/"]}]},{"@type":"ImageObject","inLanguage":"ca","@id":"https:\/\/fundesplai.org\/compartir\/2007\/09\/11\/una-mirada-el-nostre-barri\/#primaryimage","url":"https:\/\/fundesplai.org\/compartir\/wp-content\/uploads\/sites\/9\/2024\/01\/Una-mirada-sobre-el-nostre-barri.jpg","contentUrl":"https:\/\/fundesplai.org\/compartir\/wp-content\/uploads\/sites\/9\/2024\/01\/Una-mirada-sobre-el-nostre-barri.jpg","width":1888,"height":900},{"@type":"BreadcrumbList","@id":"https:\/\/fundesplai.org\/compartir\/2007\/09\/11\/una-mirada-el-nostre-barri\/#breadcrumb","itemListElement":[{"@type":"ListItem","position":1,"name":"Inici","item":"\/"},{"@type":"ListItem","position":2,"name":"Compartir","item":"https:\/\/fundesplai.org\/compartir"},{"@type":"ListItem","position":3,"name":"Una mirada sobre el nostre barri"}]},{"@type":"WebSite","@id":"https:\/\/fundesplai.org\/compartir\/#website","url":"https:\/\/fundesplai.org\/compartir\/","name":"Compartir","description":"Proposta educativa de Fundesplai","potentialAction":[{"@type":"SearchAction","target":{"@type":"EntryPoint","urlTemplate":"https:\/\/fundesplai.org\/compartir\/?s={search_term_string}"},"query-input":{"@type":"PropertyValueSpecification","valueRequired":true,"valueName":"search_term_string"}}],"inLanguage":"ca"},{"@type":"Person","@id":"https:\/\/fundesplai.org\/compartir\/#\/schema\/person\/16ccf8808d71dcf9af39e5029a7eb7be","name":"mduch","image":{"@type":"ImageObject","inLanguage":"ca","@id":"https:\/\/secure.gravatar.com\/avatar\/678f8dc5592155106183c2dba5a10542029cee6b53d56fa163cb5ba0b4db9386?s=96&d=mm&r=g","url":"https:\/\/secure.gravatar.com\/avatar\/678f8dc5592155106183c2dba5a10542029cee6b53d56fa163cb5ba0b4db9386?s=96&d=mm&r=g","contentUrl":"https:\/\/secure.gravatar.com\/avatar\/678f8dc5592155106183c2dba5a10542029cee6b53d56fa163cb5ba0b4db9386?s=96&d=mm&r=g","caption":"mduch"},"url":"https:\/\/fundesplai.org\/compartir\/author\/mduch\/"}]}},"_links":{"self":[{"href":"https:\/\/fundesplai.org\/compartir\/wp-json\/wp\/v2\/posts\/198","targetHints":{"allow":["GET"]}}],"collection":[{"href":"https:\/\/fundesplai.org\/compartir\/wp-json\/wp\/v2\/posts"}],"about":[{"href":"https:\/\/fundesplai.org\/compartir\/wp-json\/wp\/v2\/types\/post"}],"author":[{"embeddable":true,"href":"https:\/\/fundesplai.org\/compartir\/wp-json\/wp\/v2\/users\/26"}],"replies":[{"embeddable":true,"href":"https:\/\/fundesplai.org\/compartir\/wp-json\/wp\/v2\/comments?post=198"}],"version-history":[{"count":6,"href":"https:\/\/fundesplai.org\/compartir\/wp-json\/wp\/v2\/posts\/198\/revisions"}],"predecessor-version":[{"id":356,"href":"https:\/\/fundesplai.org\/compartir\/wp-json\/wp\/v2\/posts\/198\/revisions\/356"}],"wp:featuredmedia":[{"embeddable":true,"href":"https:\/\/fundesplai.org\/compartir\/wp-json\/wp\/v2\/media\/201"}],"wp:attachment":[{"href":"https:\/\/fundesplai.org\/compartir\/wp-json\/wp\/v2\/media?parent=198"}],"wp:term":[{"taxonomy":"category","embeddable":true,"href":"https:\/\/fundesplai.org\/compartir\/wp-json\/wp\/v2\/categories?post=198"},{"taxonomy":"post_tag","embeddable":true,"href":"https:\/\/fundesplai.org\/compartir\/wp-json\/wp\/v2\/tags?post=198"}],"curies":[{"name":"wp","href":"https:\/\/api.w.org\/{rel}","templated":true}]}}