{"id":776,"date":"2014-05-26T13:38:59","date_gmt":"2014-05-26T11:38:59","guid":{"rendered":"http:\/\/projectes.fundesplai.org\/capmenjaralabrossa\/?p=749"},"modified":"2024-01-17T12:53:36","modified_gmt":"2024-01-17T11:53:36","slug":"aquesta-vegada-hem-fet-de-reporters","status":"publish","type":"post","link":"https:\/\/fundesplai.org\/capmenjaralabrossa\/2014\/05\/26\/aquesta-vegada-hem-fet-de-reporters\/","title":{"rendered":"Aquesta vegada hem fet de reporters!"},"content":{"rendered":"<p>[et_pb_section fb_built=&#8221;1&#8243; _builder_version=&#8221;4.16&#8243; global_colors_info=&#8221;{}&#8221;][et_pb_row _builder_version=&#8221;4.16&#8243; background_size=&#8221;initial&#8221; background_position=&#8221;top_left&#8221; background_repeat=&#8221;repeat&#8221; global_colors_info=&#8221;{}&#8221;][et_pb_column type=&#8221;4_4&#8243; _builder_version=&#8221;4.16&#8243; custom_padding=&#8221;|||&#8221; global_colors_info=&#8221;{}&#8221; custom_padding__hover=&#8221;|||&#8221;][et_pb_text _builder_version=&#8221;4.21.0&#8243; background_size=&#8221;initial&#8221; background_position=&#8221;top_left&#8221; background_repeat=&#8221;repeat&#8221; hover_enabled=&#8221;0&#8243; global_colors_info=&#8221;{}&#8221; sticky_enabled=&#8221;0&#8243;]<\/p>\n<p>Aquest divendres amb les noies i els nois de l\u2019Esplai Espurnes vam decidir convertir-nos en reporters per poder veure quins coneixements tenia la poblaci\u00f3 d\u2019Esplugues de Llobregat sobre el malbaratament alimentari, la conservaci\u00f3 dels aliments, la dieta saludable i la transformaci\u00f3 de les sobres.<\/p>\n<p>Tot i que entrevistar a la gent va esdevenir m\u00e9s dif\u00edcil del que ens pens\u00e0vem, el resultat va ser molt satisfactori. La majoria d\u2019entrevistats sabien explicar-nos qu\u00e8 significava el malbaratament alimentari, unes noies ens van comentar que per assegurar-se una dieta ben saludable, menjaven verdures collides directament de \u00a0l\u2019hort, ja que d\u2019aquesta manera\u00a0 la qualitat dels aliments tamb\u00e9 millorava, i fins i tot va haver-hi alguna senyora que ens va donar trucs culinaris d\u2019aprofitament com trossejar el pollastre que t\u2019ha sobrat d\u2019un altre \u00e0pat i afegir-lo a l\u2019amanida.\u00a0\u00a0conservaci\u00f3 dels aliments, la dieta saludable i la transformaci\u00f3 de les sobres.<\/p>\n<p>Va ser una tarda ben divertida! Esperem que continueu fent coses perqu\u00e8 entre tots evitem el malbaratament alimentari!<\/p>\n<p>Gr\u00e0cies Esplai Espurnes!!<\/p>\n<p>[\/et_pb_text][et_pb_button button_url=&#8221;https:\/\/fundesplai.org\/capmenjaralabrossa\/&#8221; button_text=&#8221;V\u00e9s a la p\u00e0gina d&#8217;inici de la proposta&#8221; button_alignment=&#8221;center&#8221; _builder_version=&#8221;4.21.0&#8243; _module_preset=&#8221;default&#8221; custom_margin=&#8221;30px||50px||false|false&#8221; global_colors_info=&#8221;{}&#8221;][\/et_pb_button][\/et_pb_column][\/et_pb_row][\/et_pb_section]<\/p>\n","protected":false},"excerpt":{"rendered":"<p>Aquest divendres amb les noies i els nois de l\u2019Esplai Espurnes vam decidir convertir-nos en reporters per poder veure quins coneixements tenia la poblaci\u00f3 d\u2019Esplugues de Llobregat sobre el malbaratament alimentari, la conservaci\u00f3 dels aliments, la dieta saludable i la transformaci\u00f3 de les sobres. Tot i que entrevistar a la gent va esdevenir m\u00e9s dif\u00edcil [&hellip;]<\/p>\n","protected":false},"author":4,"featured_media":759,"comment_status":"open","ping_status":"open","sticky":false,"template":"","format":"standard","meta":{"_et_pb_use_builder":"on","_et_pb_old_content":"<p><img class=\"wp-image-750 alignleft\" style=\"font-size: 1rem; line-height: 1;\" src=\"https:\/\/fundesplai.org\/capmenjaralabrossa\/wp-content\/uploads\/sites\/11\/2014\/05\/Dibujo-300x225.jpg\" alt=\"Dibujo\" width=\"140\" height=\"120\" \/>Aquest divendres amb les noies i els nois de l\u2019Esplai Espurnes vam decidir convertir-nos en reporters per poder veure quins coneixements tenia la poblaci\u00f3 d\u2019Esplugues de Llobregat sobre el malbaratament alimentari, la conservaci\u00f3 dels aliments, la dieta saludable i la transformaci\u00f3 de les sobres.<\/p><p><span style=\"line-height: 1.714285714; font-size: 1rem;\">Tot i que entrevistar a la gent va esdevenir m\u00e9s dif\u00edcil del que ens pens\u00e0vem, el resultat va ser molt satisfactori. La majoria d\u2019entrevistats sabien explicar-nos qu\u00e8 significava el malbaratament alimentari, unes noies ens van comentar que per assegurar-se una dieta ben saludable, menjaven verdures collides directamen<\/span><span style=\"line-height: 1.714285714; font-size: 1rem;\">t de \u00a0l\u2019hort, ja que d\u2019aquesta manera\u00a0 la qualitat dels aliments tamb\u00e9 millorava, i fins i tot va haver-hi alguna senyora que ens va donar trucs culinaris d\u2019aprofitament com trossejar el pollastre que t\u2019ha sobrat d\u2019un altre \u00e0pat i afegir-lo a l\u2019amanida.\u00a0<\/span>\u00a0conservaci\u00f3 dels aliments, la dieta saludable i la transformaci\u00f3 de les sobres.<\/p><p>Va ser una tarda ben divertida! Esperem que continueu fent coses perqu\u00e8 entre tots evitem el malbaratament alimentari!<\/p><p>Gr\u00e0cies Esplai Espurn<span style=\"line-height: 1.714285714; font-size: 1rem;\">es!!<\/span><\/p>","_et_gb_content_width":"","footnotes":""},"categories":[20,10],"tags":[],"class_list":["post-776","post","type-post","status-publish","format-standard","has-post-thumbnail","hentry","category-dinamitzacio-de-tallers","category-presentacio"],"yoast_head":"<!-- This site is optimized with the Yoast SEO plugin v27.5 - https:\/\/yoast.com\/product\/yoast-seo-wordpress\/ -->\n<title>Aquesta vegada hem fet de reporters! - Cap Menjar a la Brossa<\/title>\n<meta name=\"robots\" content=\"index, follow, max-snippet:-1, max-image-preview:large, max-video-preview:-1\" \/>\n<link rel=\"canonical\" href=\"https:\/\/fundesplai.org\/capmenjaralabrossa\/2014\/05\/26\/aquesta-vegada-hem-fet-de-reporters\/\" \/>\n<meta property=\"og:locale\" content=\"ca_ES\" \/>\n<meta property=\"og:type\" content=\"article\" \/>\n<meta property=\"og:title\" content=\"Aquesta vegada hem fet de reporters! - Cap Menjar a la Brossa\" \/>\n<meta property=\"og:description\" content=\"Aquest divendres amb les noies i els nois de l\u2019Esplai Espurnes vam decidir convertir-nos en reporters per poder veure quins coneixements tenia la poblaci\u00f3 d\u2019Esplugues de Llobregat sobre el malbaratament alimentari, la conservaci\u00f3 dels aliments, la dieta saludable i la transformaci\u00f3 de les sobres. Tot i que entrevistar a la gent va esdevenir m\u00e9s dif\u00edcil [&hellip;]\" \/>\n<meta property=\"og:url\" content=\"https:\/\/fundesplai.org\/capmenjaralabrossa\/2014\/05\/26\/aquesta-vegada-hem-fet-de-reporters\/\" \/>\n<meta property=\"og:site_name\" content=\"Cap Menjar a la Brossa\" \/>\n<meta property=\"article:published_time\" content=\"2014-05-26T11:38:59+00:00\" \/>\n<meta property=\"article:modified_time\" content=\"2024-01-17T11:53:36+00:00\" \/>\n<meta property=\"og:image\" content=\"https:\/\/fundesplai.org\/capmenjaralabrossa\/wp-content\/uploads\/sites\/11\/2014\/05\/Dibujo.jpg\" \/>\n\t<meta property=\"og:image:width\" content=\"565\" \/>\n\t<meta property=\"og:image:height\" content=\"425\" \/>\n\t<meta property=\"og:image:type\" content=\"image\/jpeg\" \/>\n<meta name=\"author\" content=\"Ferran\" \/>\n<meta name=\"twitter:card\" content=\"summary_large_image\" \/>\n<meta name=\"twitter:label1\" content=\"Escrit per\" \/>\n\t<meta name=\"twitter:data1\" content=\"Ferran\" \/>\n\t<meta name=\"twitter:label2\" content=\"Temps estimat de lectura\" \/>\n\t<meta name=\"twitter:data2\" content=\"2 minuts\" \/>\n<script type=\"application\/ld+json\" class=\"yoast-schema-graph\">{\"@context\":\"https:\\\/\\\/schema.org\",\"@graph\":[{\"@type\":\"Article\",\"@id\":\"https:\\\/\\\/fundesplai.org\\\/capmenjaralabrossa\\\/2014\\\/05\\\/26\\\/aquesta-vegada-hem-fet-de-reporters\\\/#article\",\"isPartOf\":{\"@id\":\"https:\\\/\\\/fundesplai.org\\\/capmenjaralabrossa\\\/2014\\\/05\\\/26\\\/aquesta-vegada-hem-fet-de-reporters\\\/\"},\"author\":{\"name\":\"Ferran\",\"@id\":\"https:\\\/\\\/fundesplai.org\\\/capmenjaralabrossa\\\/#\\\/schema\\\/person\\\/67e7825d8ec54561cc24e36ba6b0f633\"},\"headline\":\"Aquesta vegada hem fet de reporters!\",\"datePublished\":\"2014-05-26T11:38:59+00:00\",\"dateModified\":\"2024-01-17T11:53:36+00:00\",\"mainEntityOfPage\":{\"@id\":\"https:\\\/\\\/fundesplai.org\\\/capmenjaralabrossa\\\/2014\\\/05\\\/26\\\/aquesta-vegada-hem-fet-de-reporters\\\/\"},\"wordCount\":302,\"commentCount\":0,\"image\":{\"@id\":\"https:\\\/\\\/fundesplai.org\\\/capmenjaralabrossa\\\/2014\\\/05\\\/26\\\/aquesta-vegada-hem-fet-de-reporters\\\/#primaryimage\"},\"thumbnailUrl\":\"https:\\\/\\\/fundesplai.org\\\/capmenjaralabrossa\\\/wp-content\\\/uploads\\\/sites\\\/11\\\/2014\\\/05\\\/Dibujo.jpg\",\"articleSection\":[\"Dinamitzaci\u00f3 de tallers\",\"Presentaci\u00f3\"],\"inLanguage\":\"ca\",\"potentialAction\":[{\"@type\":\"CommentAction\",\"name\":\"Comment\",\"target\":[\"https:\\\/\\\/fundesplai.org\\\/capmenjaralabrossa\\\/2014\\\/05\\\/26\\\/aquesta-vegada-hem-fet-de-reporters\\\/#respond\"]}]},{\"@type\":\"WebPage\",\"@id\":\"https:\\\/\\\/fundesplai.org\\\/capmenjaralabrossa\\\/2014\\\/05\\\/26\\\/aquesta-vegada-hem-fet-de-reporters\\\/\",\"url\":\"https:\\\/\\\/fundesplai.org\\\/capmenjaralabrossa\\\/2014\\\/05\\\/26\\\/aquesta-vegada-hem-fet-de-reporters\\\/\",\"name\":\"Aquesta vegada hem fet de reporters! - Cap Menjar a la Brossa\",\"isPartOf\":{\"@id\":\"https:\\\/\\\/fundesplai.org\\\/capmenjaralabrossa\\\/#website\"},\"primaryImageOfPage\":{\"@id\":\"https:\\\/\\\/fundesplai.org\\\/capmenjaralabrossa\\\/2014\\\/05\\\/26\\\/aquesta-vegada-hem-fet-de-reporters\\\/#primaryimage\"},\"image\":{\"@id\":\"https:\\\/\\\/fundesplai.org\\\/capmenjaralabrossa\\\/2014\\\/05\\\/26\\\/aquesta-vegada-hem-fet-de-reporters\\\/#primaryimage\"},\"thumbnailUrl\":\"https:\\\/\\\/fundesplai.org\\\/capmenjaralabrossa\\\/wp-content\\\/uploads\\\/sites\\\/11\\\/2014\\\/05\\\/Dibujo.jpg\",\"datePublished\":\"2014-05-26T11:38:59+00:00\",\"dateModified\":\"2024-01-17T11:53:36+00:00\",\"author\":{\"@id\":\"https:\\\/\\\/fundesplai.org\\\/capmenjaralabrossa\\\/#\\\/schema\\\/person\\\/67e7825d8ec54561cc24e36ba6b0f633\"},\"breadcrumb\":{\"@id\":\"https:\\\/\\\/fundesplai.org\\\/capmenjaralabrossa\\\/2014\\\/05\\\/26\\\/aquesta-vegada-hem-fet-de-reporters\\\/#breadcrumb\"},\"inLanguage\":\"ca\",\"potentialAction\":[{\"@type\":\"ReadAction\",\"target\":[\"https:\\\/\\\/fundesplai.org\\\/capmenjaralabrossa\\\/2014\\\/05\\\/26\\\/aquesta-vegada-hem-fet-de-reporters\\\/\"]}]},{\"@type\":\"ImageObject\",\"inLanguage\":\"ca\",\"@id\":\"https:\\\/\\\/fundesplai.org\\\/capmenjaralabrossa\\\/2014\\\/05\\\/26\\\/aquesta-vegada-hem-fet-de-reporters\\\/#primaryimage\",\"url\":\"https:\\\/\\\/fundesplai.org\\\/capmenjaralabrossa\\\/wp-content\\\/uploads\\\/sites\\\/11\\\/2014\\\/05\\\/Dibujo.jpg\",\"contentUrl\":\"https:\\\/\\\/fundesplai.org\\\/capmenjaralabrossa\\\/wp-content\\\/uploads\\\/sites\\\/11\\\/2014\\\/05\\\/Dibujo.jpg\",\"width\":565,\"height\":425},{\"@type\":\"BreadcrumbList\",\"@id\":\"https:\\\/\\\/fundesplai.org\\\/capmenjaralabrossa\\\/2014\\\/05\\\/26\\\/aquesta-vegada-hem-fet-de-reporters\\\/#breadcrumb\",\"itemListElement\":[{\"@type\":\"ListItem\",\"position\":1,\"name\":\"Inici\",\"item\":\"\\\/\"},{\"@type\":\"ListItem\",\"position\":2,\"name\":\"Cap Menjar a la Brossa\",\"item\":\"https:\\\/\\\/fundesplai.org\\\/capmenjaralabrossa\"},{\"@type\":\"ListItem\",\"position\":3,\"name\":\"Aquesta vegada hem fet de reporters!\"}]},{\"@type\":\"WebSite\",\"@id\":\"https:\\\/\\\/fundesplai.org\\\/capmenjaralabrossa\\\/#website\",\"url\":\"https:\\\/\\\/fundesplai.org\\\/capmenjaralabrossa\\\/\",\"name\":\"Cap Menjar a la Brossa\",\"description\":\"Proposta educativa de Fundesplai\",\"potentialAction\":[{\"@type\":\"SearchAction\",\"target\":{\"@type\":\"EntryPoint\",\"urlTemplate\":\"https:\\\/\\\/fundesplai.org\\\/capmenjaralabrossa\\\/?s={search_term_string}\"},\"query-input\":{\"@type\":\"PropertyValueSpecification\",\"valueRequired\":true,\"valueName\":\"search_term_string\"}}],\"inLanguage\":\"ca\"},{\"@type\":\"Person\",\"@id\":\"https:\\\/\\\/fundesplai.org\\\/capmenjaralabrossa\\\/#\\\/schema\\\/person\\\/67e7825d8ec54561cc24e36ba6b0f633\",\"name\":\"Ferran\",\"image\":{\"@type\":\"ImageObject\",\"inLanguage\":\"ca\",\"@id\":\"https:\\\/\\\/secure.gravatar.com\\\/avatar\\\/a3510350976b58aae6eccd1e36f066b660a69ef63f97fde3cba8205db7db816a?s=96&d=mm&r=g\",\"url\":\"https:\\\/\\\/secure.gravatar.com\\\/avatar\\\/a3510350976b58aae6eccd1e36f066b660a69ef63f97fde3cba8205db7db816a?s=96&d=mm&r=g\",\"contentUrl\":\"https:\\\/\\\/secure.gravatar.com\\\/avatar\\\/a3510350976b58aae6eccd1e36f066b660a69ef63f97fde3cba8205db7db816a?s=96&d=mm&r=g\",\"caption\":\"Ferran\"},\"url\":\"https:\\\/\\\/fundesplai.org\\\/capmenjaralabrossa\\\/author\\\/fvidal\\\/\"}]}<\/script>\n<!-- \/ Yoast SEO plugin. -->","yoast_head_json":{"title":"Aquesta vegada hem fet de reporters! - Cap Menjar a la Brossa","robots":{"index":"index","follow":"follow","max-snippet":"max-snippet:-1","max-image-preview":"max-image-preview:large","max-video-preview":"max-video-preview:-1"},"canonical":"https:\/\/fundesplai.org\/capmenjaralabrossa\/2014\/05\/26\/aquesta-vegada-hem-fet-de-reporters\/","og_locale":"ca_ES","og_type":"article","og_title":"Aquesta vegada hem fet de reporters! - Cap Menjar a la Brossa","og_description":"Aquest divendres amb les noies i els nois de l\u2019Esplai Espurnes vam decidir convertir-nos en reporters per poder veure quins coneixements tenia la poblaci\u00f3 d\u2019Esplugues de Llobregat sobre el malbaratament alimentari, la conservaci\u00f3 dels aliments, la dieta saludable i la transformaci\u00f3 de les sobres. Tot i que entrevistar a la gent va esdevenir m\u00e9s dif\u00edcil [&hellip;]","og_url":"https:\/\/fundesplai.org\/capmenjaralabrossa\/2014\/05\/26\/aquesta-vegada-hem-fet-de-reporters\/","og_site_name":"Cap Menjar a la Brossa","article_published_time":"2014-05-26T11:38:59+00:00","article_modified_time":"2024-01-17T11:53:36+00:00","og_image":[{"width":565,"height":425,"url":"https:\/\/fundesplai.org\/capmenjaralabrossa\/wp-content\/uploads\/sites\/11\/2014\/05\/Dibujo.jpg","type":"image\/jpeg"}],"author":"Ferran","twitter_card":"summary_large_image","twitter_misc":{"Escrit per":"Ferran","Temps estimat de lectura":"2 minuts"},"schema":{"@context":"https:\/\/schema.org","@graph":[{"@type":"Article","@id":"https:\/\/fundesplai.org\/capmenjaralabrossa\/2014\/05\/26\/aquesta-vegada-hem-fet-de-reporters\/#article","isPartOf":{"@id":"https:\/\/fundesplai.org\/capmenjaralabrossa\/2014\/05\/26\/aquesta-vegada-hem-fet-de-reporters\/"},"author":{"name":"Ferran","@id":"https:\/\/fundesplai.org\/capmenjaralabrossa\/#\/schema\/person\/67e7825d8ec54561cc24e36ba6b0f633"},"headline":"Aquesta vegada hem fet de reporters!","datePublished":"2014-05-26T11:38:59+00:00","dateModified":"2024-01-17T11:53:36+00:00","mainEntityOfPage":{"@id":"https:\/\/fundesplai.org\/capmenjaralabrossa\/2014\/05\/26\/aquesta-vegada-hem-fet-de-reporters\/"},"wordCount":302,"commentCount":0,"image":{"@id":"https:\/\/fundesplai.org\/capmenjaralabrossa\/2014\/05\/26\/aquesta-vegada-hem-fet-de-reporters\/#primaryimage"},"thumbnailUrl":"https:\/\/fundesplai.org\/capmenjaralabrossa\/wp-content\/uploads\/sites\/11\/2014\/05\/Dibujo.jpg","articleSection":["Dinamitzaci\u00f3 de tallers","Presentaci\u00f3"],"inLanguage":"ca","potentialAction":[{"@type":"CommentAction","name":"Comment","target":["https:\/\/fundesplai.org\/capmenjaralabrossa\/2014\/05\/26\/aquesta-vegada-hem-fet-de-reporters\/#respond"]}]},{"@type":"WebPage","@id":"https:\/\/fundesplai.org\/capmenjaralabrossa\/2014\/05\/26\/aquesta-vegada-hem-fet-de-reporters\/","url":"https:\/\/fundesplai.org\/capmenjaralabrossa\/2014\/05\/26\/aquesta-vegada-hem-fet-de-reporters\/","name":"Aquesta vegada hem fet de reporters! - Cap Menjar a la Brossa","isPartOf":{"@id":"https:\/\/fundesplai.org\/capmenjaralabrossa\/#website"},"primaryImageOfPage":{"@id":"https:\/\/fundesplai.org\/capmenjaralabrossa\/2014\/05\/26\/aquesta-vegada-hem-fet-de-reporters\/#primaryimage"},"image":{"@id":"https:\/\/fundesplai.org\/capmenjaralabrossa\/2014\/05\/26\/aquesta-vegada-hem-fet-de-reporters\/#primaryimage"},"thumbnailUrl":"https:\/\/fundesplai.org\/capmenjaralabrossa\/wp-content\/uploads\/sites\/11\/2014\/05\/Dibujo.jpg","datePublished":"2014-05-26T11:38:59+00:00","dateModified":"2024-01-17T11:53:36+00:00","author":{"@id":"https:\/\/fundesplai.org\/capmenjaralabrossa\/#\/schema\/person\/67e7825d8ec54561cc24e36ba6b0f633"},"breadcrumb":{"@id":"https:\/\/fundesplai.org\/capmenjaralabrossa\/2014\/05\/26\/aquesta-vegada-hem-fet-de-reporters\/#breadcrumb"},"inLanguage":"ca","potentialAction":[{"@type":"ReadAction","target":["https:\/\/fundesplai.org\/capmenjaralabrossa\/2014\/05\/26\/aquesta-vegada-hem-fet-de-reporters\/"]}]},{"@type":"ImageObject","inLanguage":"ca","@id":"https:\/\/fundesplai.org\/capmenjaralabrossa\/2014\/05\/26\/aquesta-vegada-hem-fet-de-reporters\/#primaryimage","url":"https:\/\/fundesplai.org\/capmenjaralabrossa\/wp-content\/uploads\/sites\/11\/2014\/05\/Dibujo.jpg","contentUrl":"https:\/\/fundesplai.org\/capmenjaralabrossa\/wp-content\/uploads\/sites\/11\/2014\/05\/Dibujo.jpg","width":565,"height":425},{"@type":"BreadcrumbList","@id":"https:\/\/fundesplai.org\/capmenjaralabrossa\/2014\/05\/26\/aquesta-vegada-hem-fet-de-reporters\/#breadcrumb","itemListElement":[{"@type":"ListItem","position":1,"name":"Inici","item":"\/"},{"@type":"ListItem","position":2,"name":"Cap Menjar a la Brossa","item":"https:\/\/fundesplai.org\/capmenjaralabrossa"},{"@type":"ListItem","position":3,"name":"Aquesta vegada hem fet de reporters!"}]},{"@type":"WebSite","@id":"https:\/\/fundesplai.org\/capmenjaralabrossa\/#website","url":"https:\/\/fundesplai.org\/capmenjaralabrossa\/","name":"Cap Menjar a la Brossa","description":"Proposta educativa de Fundesplai","potentialAction":[{"@type":"SearchAction","target":{"@type":"EntryPoint","urlTemplate":"https:\/\/fundesplai.org\/capmenjaralabrossa\/?s={search_term_string}"},"query-input":{"@type":"PropertyValueSpecification","valueRequired":true,"valueName":"search_term_string"}}],"inLanguage":"ca"},{"@type":"Person","@id":"https:\/\/fundesplai.org\/capmenjaralabrossa\/#\/schema\/person\/67e7825d8ec54561cc24e36ba6b0f633","name":"Ferran","image":{"@type":"ImageObject","inLanguage":"ca","@id":"https:\/\/secure.gravatar.com\/avatar\/a3510350976b58aae6eccd1e36f066b660a69ef63f97fde3cba8205db7db816a?s=96&d=mm&r=g","url":"https:\/\/secure.gravatar.com\/avatar\/a3510350976b58aae6eccd1e36f066b660a69ef63f97fde3cba8205db7db816a?s=96&d=mm&r=g","contentUrl":"https:\/\/secure.gravatar.com\/avatar\/a3510350976b58aae6eccd1e36f066b660a69ef63f97fde3cba8205db7db816a?s=96&d=mm&r=g","caption":"Ferran"},"url":"https:\/\/fundesplai.org\/capmenjaralabrossa\/author\/fvidal\/"}]}},"_links":{"self":[{"href":"https:\/\/fundesplai.org\/capmenjaralabrossa\/wp-json\/wp\/v2\/posts\/776","targetHints":{"allow":["GET"]}}],"collection":[{"href":"https:\/\/fundesplai.org\/capmenjaralabrossa\/wp-json\/wp\/v2\/posts"}],"about":[{"href":"https:\/\/fundesplai.org\/capmenjaralabrossa\/wp-json\/wp\/v2\/types\/post"}],"author":[{"embeddable":true,"href":"https:\/\/fundesplai.org\/capmenjaralabrossa\/wp-json\/wp\/v2\/users\/4"}],"replies":[{"embeddable":true,"href":"https:\/\/fundesplai.org\/capmenjaralabrossa\/wp-json\/wp\/v2\/comments?post=776"}],"version-history":[{"count":4,"href":"https:\/\/fundesplai.org\/capmenjaralabrossa\/wp-json\/wp\/v2\/posts\/776\/revisions"}],"predecessor-version":[{"id":861,"href":"https:\/\/fundesplai.org\/capmenjaralabrossa\/wp-json\/wp\/v2\/posts\/776\/revisions\/861"}],"wp:featuredmedia":[{"embeddable":true,"href":"https:\/\/fundesplai.org\/capmenjaralabrossa\/wp-json\/wp\/v2\/media\/759"}],"wp:attachment":[{"href":"https:\/\/fundesplai.org\/capmenjaralabrossa\/wp-json\/wp\/v2\/media?parent=776"}],"wp:term":[{"taxonomy":"category","embeddable":true,"href":"https:\/\/fundesplai.org\/capmenjaralabrossa\/wp-json\/wp\/v2\/categories?post=776"},{"taxonomy":"post_tag","embeddable":true,"href":"https:\/\/fundesplai.org\/capmenjaralabrossa\/wp-json\/wp\/v2\/tags?post=776"}],"curies":[{"name":"wp","href":"https:\/\/api.w.org\/{rel}","templated":true}]}}