{"id":732,"date":"2014-05-12T10:44:06","date_gmt":"2014-05-12T08:44:06","guid":{"rendered":"http:\/\/projectes.fundesplai.org\/capmenjaralabrossa\/?p=732"},"modified":"2024-01-17T12:58:22","modified_gmt":"2024-01-17T11:58:22","slug":"el-menjar-no-es-llenca","status":"publish","type":"post","link":"https:\/\/fundesplai.org\/capmenjaralabrossa\/2014\/05\/12\/el-menjar-no-es-llenca\/","title":{"rendered":"El menjar no es llen\u00e7a!"},"content":{"rendered":"<p>[et_pb_section fb_built=&#8221;1&#8243; _builder_version=&#8221;4.16&#8243; global_colors_info=&#8221;{}&#8221;][et_pb_row _builder_version=&#8221;4.16&#8243; background_size=&#8221;initial&#8221; background_position=&#8221;top_left&#8221; background_repeat=&#8221;repeat&#8221; global_colors_info=&#8221;{}&#8221;][et_pb_column type=&#8221;4_4&#8243; _builder_version=&#8221;4.16&#8243; custom_padding=&#8221;|||&#8221; global_colors_info=&#8221;{}&#8221; custom_padding__hover=&#8221;|||&#8221;][et_pb_text _builder_version=&#8221;4.21.0&#8243; background_size=&#8221;initial&#8221; background_position=&#8221;top_left&#8221; background_repeat=&#8221;repeat&#8221; hover_enabled=&#8221;0&#8243; global_colors_info=&#8221;{}&#8221; sticky_enabled=&#8221;0&#8243;]<\/p>\n<p>La setmana passada vam ser amb els m\u00e9s petits de l\u2019Esplai el Nus. \u00a0Amb ells vam aprendre que malgastar el menjar vol dir llen\u00e7ar a la brossa aliments que encara podem consumir i que per evitar aquestes accions \u00e9s important que ens omplim el plat amb quantitats que despr\u00e9s ens puguem menjar.<\/p>\n<p>Tamb\u00e9 vam veure com cal endre\u00e7ar una nevera per assegurar la conservaci\u00f3 dels aliments i vam\u00a0poder comparar-la amb la que cadasc\u00fa de nosaltres tenia a casa seva. Malgrat veure que cada fam\u00edlia organitza el frigor\u00edfic a la seva manera, tots vam estar d\u2019acord en una cosa: la fruita i la verdura la guardem als calaixos que hi ha a la part inferior.<\/p>\n<p>Una experi\u00e8ncia molt gratificant, petits del Nus! Esperem que ben aviat pugueu posar en pr\u00e0ctica tot el que vau aprendre.<\/p>\n<p><img loading=\"lazy\" decoding=\"async\" class=\"wp-image-735 alignnone size-medium\" src=\"https:\/\/fundesplai.org\/capmenjaralabrossa\/wp-content\/uploads\/sites\/11\/2014\/05\/esplai-el-nus-009-300x225.jpg\" alt=\"\" width=\"300\" height=\"225\" \/> <img loading=\"lazy\" decoding=\"async\" class=\"wp-image-734 alignnone size-medium\" src=\"https:\/\/fundesplai.org\/capmenjaralabrossa\/wp-content\/uploads\/sites\/11\/2014\/05\/esplai-el-nus-007-300x225.jpg\" alt=\"\" width=\"300\" height=\"225\" \/><\/p>\n<p><span style=\"line-height: 1.714285714;font-size: 1rem\">\u00a0 \u00a0 \u00a0 \u00a0 \u00a0 \u00a0 \u00a0 \u00a0 \u00a0 \u00a0 \u00a0 \u00a0 \u00a0 \u00a0 \u00a0 \u00a0 \u00a0 \u00a0 <\/span><\/p>\n<p>[\/et_pb_text][et_pb_button _builder_version=&#8221;4.21.0&#8243; _module_preset=&#8221;default&#8221; button_text=&#8221;V\u00e9s a la p\u00e0gina d&#8217;inici de la proposta&#8221; button_url=&#8221;https:\/\/fundesplai.org\/capmenjaralabrossa\/&#8221; button_alignment=&#8221;center&#8221; custom_margin=&#8221;30px||50px||false|false&#8221; hover_enabled=&#8221;0&#8243; sticky_enabled=&#8221;0&#8243;][\/et_pb_button][\/et_pb_column][\/et_pb_row][\/et_pb_section]<\/p>\n","protected":false},"excerpt":{"rendered":"<p>La setmana passada vam ser amb els m\u00e9s petits de l\u2019Esplai el Nus. \u00a0Amb ells vam aprendre que malgastar el menjar vol dir llen\u00e7ar a la brossa aliments que encara podem consumir i que per evitar aquestes accions \u00e9s important que ens omplim el plat amb quantitats que despr\u00e9s ens puguem menjar. Tamb\u00e9 vam veure [&hellip;]<\/p>\n","protected":false},"author":4,"featured_media":733,"comment_status":"open","ping_status":"open","sticky":false,"template":"","format":"standard","meta":{"_et_pb_use_builder":"on","_et_pb_old_content":"<p><span style=\"line-height: 1.714285714; font-size: 1rem;\">La setmana passada vam ser amb els m\u00e9s petits de l\u2019Esplai el Nus. \u00a0Amb ells vam aprendre que malgastar el menjar vol dir llen\u00e7ar a la brossa aliments que encara podem consumir i que per evitar aquestes accions \u00e9s important que ens omplim el plat amb quantitats que desp<\/span><span style=\"line-height: 1.714285714; font-size: 1rem;\">r\u00e9s ens puguem menjar.<\/span><\/p><p>Tamb\u00e9 vam veure com cal endre\u00e7ar una nevera per assegurar la conservaci\u00f3 dels aliments i vam\u00a0poder comparar-la amb la que cadasc\u00fa de nosaltres tenia a casa seva. Malgrat veure que cada fam\u00edlia organitza el frigor\u00edfic a la seva manera, tots vam estar d\u2019acord en una cosa: la fruita i la verdura la guardem als calaixos que hi ha a la part inferior.<\/p><p><img class=\"wp-image-734 alignnone\" style=\"line-height: 1.714285714; font-size: 1rem;\" src=\"https:\/\/fundesplai.org\/capmenjaralabrossa\/wp-content\/uploads\/sites\/11\/2014\/05\/esplai-el-nus-007-300x224.jpg\" alt=\"esplai el nus 007\" width=\"210\" height=\"157\" \/>\u00a0 \u00a0 \u00a0 \u00a0 \u00a0 \u00a0 \u00a0 \u00a0<img class=\"alignnone wp-image-735\" style=\"font-size: 1rem; line-height: 1;\" src=\"https:\/\/fundesplai.org\/capmenjaralabrossa\/wp-content\/uploads\/sites\/11\/2014\/05\/esplai-el-nus-009-300x224.jpg\" alt=\"esplai el nus 009\" width=\"210\" height=\"157\" \/><\/p><p>Una experi\u00e8ncia molt gratificant, petits del Nus! Esperem que ben aviat pug<span style=\"line-height: 1.714285714; font-size: 1rem;\">ueu posar en pr\u00e0ctic<\/span><span style=\"line-height: 1.714285714; font-size: 1rem;\">a tot el que vau aprendre<\/span><span style=\"line-height: 1.714285714; font-size: 1rem;\">.<\/span><\/p><p><span style=\"line-height: 1.714285714; font-size: 1rem;\">\u00a0 \u00a0 \u00a0 \u00a0 \u00a0 \u00a0 \u00a0 \u00a0 \u00a0 \u00a0 \u00a0 \u00a0 \u00a0 \u00a0 \u00a0 \u00a0 \u00a0 \u00a0 \u00a0 \u00a0 \u00a0 \u00a0\u00a0<\/span><img class=\" wp-image-733 alignnone\" style=\"font-size: 1rem; line-height: 1;\" src=\"https:\/\/fundesplai.org\/capmenjaralabrossa\/wp-content\/uploads\/sites\/11\/2014\/05\/esplai-el-nus-014-300x224.jpg\" alt=\"esplai el nus 014\" width=\"210\" height=\"157\" \/><\/p>","_et_gb_content_width":"","footnotes":""},"categories":[20,10],"tags":[],"class_list":["post-732","post","type-post","status-publish","format-standard","has-post-thumbnail","hentry","category-dinamitzacio-de-tallers","category-presentacio"],"yoast_head":"<!-- This site is optimized with the Yoast SEO plugin v27.5 - https:\/\/yoast.com\/product\/yoast-seo-wordpress\/ -->\n<title>El menjar no es llen\u00e7a! - Cap Menjar a la Brossa<\/title>\n<meta name=\"robots\" content=\"index, follow, max-snippet:-1, max-image-preview:large, max-video-preview:-1\" \/>\n<link rel=\"canonical\" href=\"https:\/\/fundesplai.org\/capmenjaralabrossa\/2014\/05\/12\/el-menjar-no-es-llenca\/\" \/>\n<meta property=\"og:locale\" content=\"ca_ES\" \/>\n<meta property=\"og:type\" content=\"article\" \/>\n<meta property=\"og:title\" content=\"El menjar no es llen\u00e7a! - Cap Menjar a la Brossa\" \/>\n<meta property=\"og:description\" content=\"La setmana passada vam ser amb els m\u00e9s petits de l\u2019Esplai el Nus. \u00a0Amb ells vam aprendre que malgastar el menjar vol dir llen\u00e7ar a la brossa aliments que encara podem consumir i que per evitar aquestes accions \u00e9s important que ens omplim el plat amb quantitats que despr\u00e9s ens puguem menjar. Tamb\u00e9 vam veure [&hellip;]\" \/>\n<meta property=\"og:url\" content=\"https:\/\/fundesplai.org\/capmenjaralabrossa\/2014\/05\/12\/el-menjar-no-es-llenca\/\" \/>\n<meta property=\"og:site_name\" content=\"Cap Menjar a la Brossa\" \/>\n<meta property=\"article:published_time\" content=\"2014-05-12T08:44:06+00:00\" \/>\n<meta property=\"article:modified_time\" content=\"2024-01-17T11:58:22+00:00\" \/>\n<meta property=\"og:image\" content=\"https:\/\/fundesplai.org\/capmenjaralabrossa\/wp-content\/uploads\/sites\/11\/2014\/05\/esplai-el-nus-014-scaled.jpg\" \/>\n\t<meta property=\"og:image:width\" content=\"2560\" \/>\n\t<meta property=\"og:image:height\" content=\"1920\" \/>\n\t<meta property=\"og:image:type\" content=\"image\/jpeg\" \/>\n<meta name=\"author\" content=\"Ferran\" \/>\n<meta name=\"twitter:card\" content=\"summary_large_image\" \/>\n<meta name=\"twitter:label1\" content=\"Escrit per\" \/>\n\t<meta name=\"twitter:data1\" content=\"Ferran\" \/>\n\t<meta name=\"twitter:label2\" content=\"Temps estimat de lectura\" \/>\n\t<meta name=\"twitter:data2\" content=\"2 minuts\" \/>\n<script type=\"application\/ld+json\" class=\"yoast-schema-graph\">{\"@context\":\"https:\\\/\\\/schema.org\",\"@graph\":[{\"@type\":\"Article\",\"@id\":\"https:\\\/\\\/fundesplai.org\\\/capmenjaralabrossa\\\/2014\\\/05\\\/12\\\/el-menjar-no-es-llenca\\\/#article\",\"isPartOf\":{\"@id\":\"https:\\\/\\\/fundesplai.org\\\/capmenjaralabrossa\\\/2014\\\/05\\\/12\\\/el-menjar-no-es-llenca\\\/\"},\"author\":{\"name\":\"Ferran\",\"@id\":\"https:\\\/\\\/fundesplai.org\\\/capmenjaralabrossa\\\/#\\\/schema\\\/person\\\/67e7825d8ec54561cc24e36ba6b0f633\"},\"headline\":\"El menjar no es llen\u00e7a!\",\"datePublished\":\"2014-05-12T08:44:06+00:00\",\"dateModified\":\"2024-01-17T11:58:22+00:00\",\"mainEntityOfPage\":{\"@id\":\"https:\\\/\\\/fundesplai.org\\\/capmenjaralabrossa\\\/2014\\\/05\\\/12\\\/el-menjar-no-es-llenca\\\/\"},\"wordCount\":270,\"commentCount\":0,\"image\":{\"@id\":\"https:\\\/\\\/fundesplai.org\\\/capmenjaralabrossa\\\/2014\\\/05\\\/12\\\/el-menjar-no-es-llenca\\\/#primaryimage\"},\"thumbnailUrl\":\"https:\\\/\\\/fundesplai.org\\\/capmenjaralabrossa\\\/wp-content\\\/uploads\\\/sites\\\/11\\\/2014\\\/05\\\/esplai-el-nus-014-scaled.jpg\",\"articleSection\":[\"Dinamitzaci\u00f3 de tallers\",\"Presentaci\u00f3\"],\"inLanguage\":\"ca\",\"potentialAction\":[{\"@type\":\"CommentAction\",\"name\":\"Comment\",\"target\":[\"https:\\\/\\\/fundesplai.org\\\/capmenjaralabrossa\\\/2014\\\/05\\\/12\\\/el-menjar-no-es-llenca\\\/#respond\"]}]},{\"@type\":\"WebPage\",\"@id\":\"https:\\\/\\\/fundesplai.org\\\/capmenjaralabrossa\\\/2014\\\/05\\\/12\\\/el-menjar-no-es-llenca\\\/\",\"url\":\"https:\\\/\\\/fundesplai.org\\\/capmenjaralabrossa\\\/2014\\\/05\\\/12\\\/el-menjar-no-es-llenca\\\/\",\"name\":\"El menjar no es llen\u00e7a! - Cap Menjar a la Brossa\",\"isPartOf\":{\"@id\":\"https:\\\/\\\/fundesplai.org\\\/capmenjaralabrossa\\\/#website\"},\"primaryImageOfPage\":{\"@id\":\"https:\\\/\\\/fundesplai.org\\\/capmenjaralabrossa\\\/2014\\\/05\\\/12\\\/el-menjar-no-es-llenca\\\/#primaryimage\"},\"image\":{\"@id\":\"https:\\\/\\\/fundesplai.org\\\/capmenjaralabrossa\\\/2014\\\/05\\\/12\\\/el-menjar-no-es-llenca\\\/#primaryimage\"},\"thumbnailUrl\":\"https:\\\/\\\/fundesplai.org\\\/capmenjaralabrossa\\\/wp-content\\\/uploads\\\/sites\\\/11\\\/2014\\\/05\\\/esplai-el-nus-014-scaled.jpg\",\"datePublished\":\"2014-05-12T08:44:06+00:00\",\"dateModified\":\"2024-01-17T11:58:22+00:00\",\"author\":{\"@id\":\"https:\\\/\\\/fundesplai.org\\\/capmenjaralabrossa\\\/#\\\/schema\\\/person\\\/67e7825d8ec54561cc24e36ba6b0f633\"},\"breadcrumb\":{\"@id\":\"https:\\\/\\\/fundesplai.org\\\/capmenjaralabrossa\\\/2014\\\/05\\\/12\\\/el-menjar-no-es-llenca\\\/#breadcrumb\"},\"inLanguage\":\"ca\",\"potentialAction\":[{\"@type\":\"ReadAction\",\"target\":[\"https:\\\/\\\/fundesplai.org\\\/capmenjaralabrossa\\\/2014\\\/05\\\/12\\\/el-menjar-no-es-llenca\\\/\"]}]},{\"@type\":\"ImageObject\",\"inLanguage\":\"ca\",\"@id\":\"https:\\\/\\\/fundesplai.org\\\/capmenjaralabrossa\\\/2014\\\/05\\\/12\\\/el-menjar-no-es-llenca\\\/#primaryimage\",\"url\":\"https:\\\/\\\/fundesplai.org\\\/capmenjaralabrossa\\\/wp-content\\\/uploads\\\/sites\\\/11\\\/2014\\\/05\\\/esplai-el-nus-014-scaled.jpg\",\"contentUrl\":\"https:\\\/\\\/fundesplai.org\\\/capmenjaralabrossa\\\/wp-content\\\/uploads\\\/sites\\\/11\\\/2014\\\/05\\\/esplai-el-nus-014-scaled.jpg\",\"width\":2560,\"height\":1920},{\"@type\":\"BreadcrumbList\",\"@id\":\"https:\\\/\\\/fundesplai.org\\\/capmenjaralabrossa\\\/2014\\\/05\\\/12\\\/el-menjar-no-es-llenca\\\/#breadcrumb\",\"itemListElement\":[{\"@type\":\"ListItem\",\"position\":1,\"name\":\"Inici\",\"item\":\"\\\/\"},{\"@type\":\"ListItem\",\"position\":2,\"name\":\"Cap Menjar a la Brossa\",\"item\":\"https:\\\/\\\/fundesplai.org\\\/capmenjaralabrossa\"},{\"@type\":\"ListItem\",\"position\":3,\"name\":\"El menjar no es llen\u00e7a!\"}]},{\"@type\":\"WebSite\",\"@id\":\"https:\\\/\\\/fundesplai.org\\\/capmenjaralabrossa\\\/#website\",\"url\":\"https:\\\/\\\/fundesplai.org\\\/capmenjaralabrossa\\\/\",\"name\":\"Cap Menjar a la Brossa\",\"description\":\"Proposta educativa de Fundesplai\",\"potentialAction\":[{\"@type\":\"SearchAction\",\"target\":{\"@type\":\"EntryPoint\",\"urlTemplate\":\"https:\\\/\\\/fundesplai.org\\\/capmenjaralabrossa\\\/?s={search_term_string}\"},\"query-input\":{\"@type\":\"PropertyValueSpecification\",\"valueRequired\":true,\"valueName\":\"search_term_string\"}}],\"inLanguage\":\"ca\"},{\"@type\":\"Person\",\"@id\":\"https:\\\/\\\/fundesplai.org\\\/capmenjaralabrossa\\\/#\\\/schema\\\/person\\\/67e7825d8ec54561cc24e36ba6b0f633\",\"name\":\"Ferran\",\"image\":{\"@type\":\"ImageObject\",\"inLanguage\":\"ca\",\"@id\":\"https:\\\/\\\/secure.gravatar.com\\\/avatar\\\/a3510350976b58aae6eccd1e36f066b660a69ef63f97fde3cba8205db7db816a?s=96&d=mm&r=g\",\"url\":\"https:\\\/\\\/secure.gravatar.com\\\/avatar\\\/a3510350976b58aae6eccd1e36f066b660a69ef63f97fde3cba8205db7db816a?s=96&d=mm&r=g\",\"contentUrl\":\"https:\\\/\\\/secure.gravatar.com\\\/avatar\\\/a3510350976b58aae6eccd1e36f066b660a69ef63f97fde3cba8205db7db816a?s=96&d=mm&r=g\",\"caption\":\"Ferran\"},\"url\":\"https:\\\/\\\/fundesplai.org\\\/capmenjaralabrossa\\\/author\\\/fvidal\\\/\"}]}<\/script>\n<!-- \/ Yoast SEO plugin. -->","yoast_head_json":{"title":"El menjar no es llen\u00e7a! - Cap Menjar a la Brossa","robots":{"index":"index","follow":"follow","max-snippet":"max-snippet:-1","max-image-preview":"max-image-preview:large","max-video-preview":"max-video-preview:-1"},"canonical":"https:\/\/fundesplai.org\/capmenjaralabrossa\/2014\/05\/12\/el-menjar-no-es-llenca\/","og_locale":"ca_ES","og_type":"article","og_title":"El menjar no es llen\u00e7a! - Cap Menjar a la Brossa","og_description":"La setmana passada vam ser amb els m\u00e9s petits de l\u2019Esplai el Nus. \u00a0Amb ells vam aprendre que malgastar el menjar vol dir llen\u00e7ar a la brossa aliments que encara podem consumir i que per evitar aquestes accions \u00e9s important que ens omplim el plat amb quantitats que despr\u00e9s ens puguem menjar. Tamb\u00e9 vam veure [&hellip;]","og_url":"https:\/\/fundesplai.org\/capmenjaralabrossa\/2014\/05\/12\/el-menjar-no-es-llenca\/","og_site_name":"Cap Menjar a la Brossa","article_published_time":"2014-05-12T08:44:06+00:00","article_modified_time":"2024-01-17T11:58:22+00:00","og_image":[{"width":2560,"height":1920,"url":"https:\/\/fundesplai.org\/capmenjaralabrossa\/wp-content\/uploads\/sites\/11\/2014\/05\/esplai-el-nus-014-scaled.jpg","type":"image\/jpeg"}],"author":"Ferran","twitter_card":"summary_large_image","twitter_misc":{"Escrit per":"Ferran","Temps estimat de lectura":"2 minuts"},"schema":{"@context":"https:\/\/schema.org","@graph":[{"@type":"Article","@id":"https:\/\/fundesplai.org\/capmenjaralabrossa\/2014\/05\/12\/el-menjar-no-es-llenca\/#article","isPartOf":{"@id":"https:\/\/fundesplai.org\/capmenjaralabrossa\/2014\/05\/12\/el-menjar-no-es-llenca\/"},"author":{"name":"Ferran","@id":"https:\/\/fundesplai.org\/capmenjaralabrossa\/#\/schema\/person\/67e7825d8ec54561cc24e36ba6b0f633"},"headline":"El menjar no es llen\u00e7a!","datePublished":"2014-05-12T08:44:06+00:00","dateModified":"2024-01-17T11:58:22+00:00","mainEntityOfPage":{"@id":"https:\/\/fundesplai.org\/capmenjaralabrossa\/2014\/05\/12\/el-menjar-no-es-llenca\/"},"wordCount":270,"commentCount":0,"image":{"@id":"https:\/\/fundesplai.org\/capmenjaralabrossa\/2014\/05\/12\/el-menjar-no-es-llenca\/#primaryimage"},"thumbnailUrl":"https:\/\/fundesplai.org\/capmenjaralabrossa\/wp-content\/uploads\/sites\/11\/2014\/05\/esplai-el-nus-014-scaled.jpg","articleSection":["Dinamitzaci\u00f3 de tallers","Presentaci\u00f3"],"inLanguage":"ca","potentialAction":[{"@type":"CommentAction","name":"Comment","target":["https:\/\/fundesplai.org\/capmenjaralabrossa\/2014\/05\/12\/el-menjar-no-es-llenca\/#respond"]}]},{"@type":"WebPage","@id":"https:\/\/fundesplai.org\/capmenjaralabrossa\/2014\/05\/12\/el-menjar-no-es-llenca\/","url":"https:\/\/fundesplai.org\/capmenjaralabrossa\/2014\/05\/12\/el-menjar-no-es-llenca\/","name":"El menjar no es llen\u00e7a! - Cap Menjar a la Brossa","isPartOf":{"@id":"https:\/\/fundesplai.org\/capmenjaralabrossa\/#website"},"primaryImageOfPage":{"@id":"https:\/\/fundesplai.org\/capmenjaralabrossa\/2014\/05\/12\/el-menjar-no-es-llenca\/#primaryimage"},"image":{"@id":"https:\/\/fundesplai.org\/capmenjaralabrossa\/2014\/05\/12\/el-menjar-no-es-llenca\/#primaryimage"},"thumbnailUrl":"https:\/\/fundesplai.org\/capmenjaralabrossa\/wp-content\/uploads\/sites\/11\/2014\/05\/esplai-el-nus-014-scaled.jpg","datePublished":"2014-05-12T08:44:06+00:00","dateModified":"2024-01-17T11:58:22+00:00","author":{"@id":"https:\/\/fundesplai.org\/capmenjaralabrossa\/#\/schema\/person\/67e7825d8ec54561cc24e36ba6b0f633"},"breadcrumb":{"@id":"https:\/\/fundesplai.org\/capmenjaralabrossa\/2014\/05\/12\/el-menjar-no-es-llenca\/#breadcrumb"},"inLanguage":"ca","potentialAction":[{"@type":"ReadAction","target":["https:\/\/fundesplai.org\/capmenjaralabrossa\/2014\/05\/12\/el-menjar-no-es-llenca\/"]}]},{"@type":"ImageObject","inLanguage":"ca","@id":"https:\/\/fundesplai.org\/capmenjaralabrossa\/2014\/05\/12\/el-menjar-no-es-llenca\/#primaryimage","url":"https:\/\/fundesplai.org\/capmenjaralabrossa\/wp-content\/uploads\/sites\/11\/2014\/05\/esplai-el-nus-014-scaled.jpg","contentUrl":"https:\/\/fundesplai.org\/capmenjaralabrossa\/wp-content\/uploads\/sites\/11\/2014\/05\/esplai-el-nus-014-scaled.jpg","width":2560,"height":1920},{"@type":"BreadcrumbList","@id":"https:\/\/fundesplai.org\/capmenjaralabrossa\/2014\/05\/12\/el-menjar-no-es-llenca\/#breadcrumb","itemListElement":[{"@type":"ListItem","position":1,"name":"Inici","item":"\/"},{"@type":"ListItem","position":2,"name":"Cap Menjar a la Brossa","item":"https:\/\/fundesplai.org\/capmenjaralabrossa"},{"@type":"ListItem","position":3,"name":"El menjar no es llen\u00e7a!"}]},{"@type":"WebSite","@id":"https:\/\/fundesplai.org\/capmenjaralabrossa\/#website","url":"https:\/\/fundesplai.org\/capmenjaralabrossa\/","name":"Cap Menjar a la Brossa","description":"Proposta educativa de Fundesplai","potentialAction":[{"@type":"SearchAction","target":{"@type":"EntryPoint","urlTemplate":"https:\/\/fundesplai.org\/capmenjaralabrossa\/?s={search_term_string}"},"query-input":{"@type":"PropertyValueSpecification","valueRequired":true,"valueName":"search_term_string"}}],"inLanguage":"ca"},{"@type":"Person","@id":"https:\/\/fundesplai.org\/capmenjaralabrossa\/#\/schema\/person\/67e7825d8ec54561cc24e36ba6b0f633","name":"Ferran","image":{"@type":"ImageObject","inLanguage":"ca","@id":"https:\/\/secure.gravatar.com\/avatar\/a3510350976b58aae6eccd1e36f066b660a69ef63f97fde3cba8205db7db816a?s=96&d=mm&r=g","url":"https:\/\/secure.gravatar.com\/avatar\/a3510350976b58aae6eccd1e36f066b660a69ef63f97fde3cba8205db7db816a?s=96&d=mm&r=g","contentUrl":"https:\/\/secure.gravatar.com\/avatar\/a3510350976b58aae6eccd1e36f066b660a69ef63f97fde3cba8205db7db816a?s=96&d=mm&r=g","caption":"Ferran"},"url":"https:\/\/fundesplai.org\/capmenjaralabrossa\/author\/fvidal\/"}]}},"_links":{"self":[{"href":"https:\/\/fundesplai.org\/capmenjaralabrossa\/wp-json\/wp\/v2\/posts\/732","targetHints":{"allow":["GET"]}}],"collection":[{"href":"https:\/\/fundesplai.org\/capmenjaralabrossa\/wp-json\/wp\/v2\/posts"}],"about":[{"href":"https:\/\/fundesplai.org\/capmenjaralabrossa\/wp-json\/wp\/v2\/types\/post"}],"author":[{"embeddable":true,"href":"https:\/\/fundesplai.org\/capmenjaralabrossa\/wp-json\/wp\/v2\/users\/4"}],"replies":[{"embeddable":true,"href":"https:\/\/fundesplai.org\/capmenjaralabrossa\/wp-json\/wp\/v2\/comments?post=732"}],"version-history":[{"count":2,"href":"https:\/\/fundesplai.org\/capmenjaralabrossa\/wp-json\/wp\/v2\/posts\/732\/revisions"}],"predecessor-version":[{"id":865,"href":"https:\/\/fundesplai.org\/capmenjaralabrossa\/wp-json\/wp\/v2\/posts\/732\/revisions\/865"}],"wp:featuredmedia":[{"embeddable":true,"href":"https:\/\/fundesplai.org\/capmenjaralabrossa\/wp-json\/wp\/v2\/media\/733"}],"wp:attachment":[{"href":"https:\/\/fundesplai.org\/capmenjaralabrossa\/wp-json\/wp\/v2\/media?parent=732"}],"wp:term":[{"taxonomy":"category","embeddable":true,"href":"https:\/\/fundesplai.org\/capmenjaralabrossa\/wp-json\/wp\/v2\/categories?post=732"},{"taxonomy":"post_tag","embeddable":true,"href":"https:\/\/fundesplai.org\/capmenjaralabrossa\/wp-json\/wp\/v2\/tags?post=732"}],"curies":[{"name":"wp","href":"https:\/\/api.w.org\/{rel}","templated":true}]}}