{"id":656,"date":"2014-02-25T13:43:47","date_gmt":"2014-02-25T12:43:47","guid":{"rendered":"http:\/\/projectes.fundesplai.org\/capmenjaralabrossa\/?p=656"},"modified":"2014-02-25T13:43:47","modified_gmt":"2014-02-25T12:43:47","slug":"ens-adherim-al-manifest-prou-malbaratar-aliments","status":"publish","type":"post","link":"https:\/\/fundesplai.org\/capmenjaralabrossa\/2014\/02\/25\/ens-adherim-al-manifest-prou-malbaratar-aliments\/","title":{"rendered":"Ens adherim al manifest \u201cProu Malbaratar Aliments\u201d"},"content":{"rendered":"<p>Una quinzena d\u2019entitats i empreses van presentar\u00a0el dijous\u00a020 de febrer, el manifest <b>\u201cProu Malbaratar Aliments\u201d. Impulsat per la Universitat Aut\u00f2noma i la Plataforma per l\u2019Aprofitament dels Aliments,<\/b> es tracta d\u2019una iniciativa pionera a l\u2019Estat espanyol \u00a0que ajunta tots els agents de la cadena aliment\u00e0ria (agricultura, ind\u00fastria agroaliment\u00e0ria, distribu\u00efdors, consumidors, administracions i entitats socials) per lluitar contra el malbaratament.<\/p>\n<p>Des de les accions de Cap Menjar a la Brossa volem sumar-nos a aquest esfor\u00e7 col\u00b7lectiu de sensibilitzaci\u00f3 i educaci\u00f3 sobre el malbaratament alimentari.<\/p>\n<p>I \u00e9s que la realitat aporta dades impactants sobre aquest fet, tal com destaquen el diari <a href=\"http:\/\/canal.fundesplai.org\/repositori\/file\/00-2014\/Febrer\/20140221\/20140221-edito-ara.pdf?utm_source=Canal%20Recull%20de%20Premsa&amp;utm_medium=butlleti&amp;utm_campaign=Canal%20Recull%20de%20Premsa%20n%20%201433%2021%2002%202014\">Ara<\/a> el <a href=\"http:\/\/canal.fundesplai.org\/repositori\/file\/00-2014\/Febrer\/20140221\/20140221-malbaratament-el-perio.pdf?utm_source=Canal%20Recull%20de%20Premsa&amp;utm_medium=butlleti&amp;utm_campaign=Canal%20Recull%20de%20Premsa%20n%20%201433%2021%2002%202014\">Peri\u00f3dico<\/a> i <a href=\"http:\/\/canal.fundesplai.org\/repositori\/file\/00-2014\/Febrer\/20140221\/20140221-malbaratament-la-vang.pdf?utm_source=Canal%20Recull%20de%20Premsa&amp;utm_medium=butlleti&amp;utm_campaign=Canal%20Recull%20de%20Premsa%20n%20%201433%2021%2002%202014\">La Vanguardia<\/a><\/p>\n<p><strong>Us convidem a llegir <a href=\"http:\/\/aprofitemelsaliments.wordpress.com\/\">El manifest <\/a><\/strong><\/p>\n","protected":false},"excerpt":{"rendered":"<p>Una quinzena d\u2019entitats i empreses van presentar\u00a0el dijous\u00a020 de febrer, el manifest \u201cProu Malbaratar Aliments\u201d. Impulsat per la Universitat Aut\u00f2noma i la Plataforma per l\u2019Aprofitament dels Aliments, es tracta d\u2019una iniciativa pionera a l\u2019Estat espanyol \u00a0que ajunta tots els agents de la cadena aliment\u00e0ria (agricultura, ind\u00fastria agroaliment\u00e0ria, distribu\u00efdors, consumidors, administracions i entitats socials) per lluitar [&hellip;]<\/p>\n","protected":false},"author":4,"featured_media":0,"comment_status":"open","ping_status":"open","sticky":false,"template":"","format":"standard","meta":{"_et_pb_use_builder":"","_et_pb_old_content":"","_et_gb_content_width":"","footnotes":""},"categories":[10],"tags":[],"class_list":["post-656","post","type-post","status-publish","format-standard","hentry","category-presentacio"],"yoast_head":"<!-- This site is optimized with the Yoast SEO plugin v27.5 - https:\/\/yoast.com\/product\/yoast-seo-wordpress\/ -->\n<title>Ens adherim al manifest \u201cProu Malbaratar Aliments\u201d - Cap Menjar a la Brossa<\/title>\n<meta name=\"robots\" content=\"index, follow, max-snippet:-1, max-image-preview:large, max-video-preview:-1\" \/>\n<link rel=\"canonical\" href=\"https:\/\/fundesplai.org\/capmenjaralabrossa\/2014\/02\/25\/ens-adherim-al-manifest-prou-malbaratar-aliments\/\" \/>\n<meta property=\"og:locale\" content=\"ca_ES\" \/>\n<meta property=\"og:type\" content=\"article\" \/>\n<meta property=\"og:title\" content=\"Ens adherim al manifest \u201cProu Malbaratar Aliments\u201d - Cap Menjar a la Brossa\" \/>\n<meta property=\"og:description\" content=\"Una quinzena d\u2019entitats i empreses van presentar\u00a0el dijous\u00a020 de febrer, el manifest \u201cProu Malbaratar Aliments\u201d. Impulsat per la Universitat Aut\u00f2noma i la Plataforma per l\u2019Aprofitament dels Aliments, es tracta d\u2019una iniciativa pionera a l\u2019Estat espanyol \u00a0que ajunta tots els agents de la cadena aliment\u00e0ria (agricultura, ind\u00fastria agroaliment\u00e0ria, distribu\u00efdors, consumidors, administracions i entitats socials) per lluitar [&hellip;]\" \/>\n<meta property=\"og:url\" content=\"https:\/\/fundesplai.org\/capmenjaralabrossa\/2014\/02\/25\/ens-adherim-al-manifest-prou-malbaratar-aliments\/\" \/>\n<meta property=\"og:site_name\" content=\"Cap Menjar a la Brossa\" \/>\n<meta property=\"article:published_time\" content=\"2014-02-25T12:43:47+00:00\" \/>\n<meta name=\"author\" content=\"Ferran\" \/>\n<meta name=\"twitter:card\" content=\"summary_large_image\" \/>\n<meta name=\"twitter:label1\" content=\"Escrit per\" \/>\n\t<meta name=\"twitter:data1\" content=\"Ferran\" \/>\n\t<meta name=\"twitter:label2\" content=\"Temps estimat de lectura\" \/>\n\t<meta name=\"twitter:data2\" content=\"1 minut\" \/>\n<script type=\"application\/ld+json\" class=\"yoast-schema-graph\">{\"@context\":\"https:\\\/\\\/schema.org\",\"@graph\":[{\"@type\":\"Article\",\"@id\":\"https:\\\/\\\/fundesplai.org\\\/capmenjaralabrossa\\\/2014\\\/02\\\/25\\\/ens-adherim-al-manifest-prou-malbaratar-aliments\\\/#article\",\"isPartOf\":{\"@id\":\"https:\\\/\\\/fundesplai.org\\\/capmenjaralabrossa\\\/2014\\\/02\\\/25\\\/ens-adherim-al-manifest-prou-malbaratar-aliments\\\/\"},\"author\":{\"name\":\"Ferran\",\"@id\":\"https:\\\/\\\/fundesplai.org\\\/capmenjaralabrossa\\\/#\\\/schema\\\/person\\\/67e7825d8ec54561cc24e36ba6b0f633\"},\"headline\":\"Ens adherim al manifest \u201cProu Malbaratar Aliments\u201d\",\"datePublished\":\"2014-02-25T12:43:47+00:00\",\"mainEntityOfPage\":{\"@id\":\"https:\\\/\\\/fundesplai.org\\\/capmenjaralabrossa\\\/2014\\\/02\\\/25\\\/ens-adherim-al-manifest-prou-malbaratar-aliments\\\/\"},\"wordCount\":129,\"commentCount\":0,\"articleSection\":[\"Presentaci\u00f3\"],\"inLanguage\":\"ca\",\"potentialAction\":[{\"@type\":\"CommentAction\",\"name\":\"Comment\",\"target\":[\"https:\\\/\\\/fundesplai.org\\\/capmenjaralabrossa\\\/2014\\\/02\\\/25\\\/ens-adherim-al-manifest-prou-malbaratar-aliments\\\/#respond\"]}]},{\"@type\":\"WebPage\",\"@id\":\"https:\\\/\\\/fundesplai.org\\\/capmenjaralabrossa\\\/2014\\\/02\\\/25\\\/ens-adherim-al-manifest-prou-malbaratar-aliments\\\/\",\"url\":\"https:\\\/\\\/fundesplai.org\\\/capmenjaralabrossa\\\/2014\\\/02\\\/25\\\/ens-adherim-al-manifest-prou-malbaratar-aliments\\\/\",\"name\":\"Ens adherim al manifest \u201cProu Malbaratar Aliments\u201d - Cap Menjar a la Brossa\",\"isPartOf\":{\"@id\":\"https:\\\/\\\/fundesplai.org\\\/capmenjaralabrossa\\\/#website\"},\"datePublished\":\"2014-02-25T12:43:47+00:00\",\"author\":{\"@id\":\"https:\\\/\\\/fundesplai.org\\\/capmenjaralabrossa\\\/#\\\/schema\\\/person\\\/67e7825d8ec54561cc24e36ba6b0f633\"},\"breadcrumb\":{\"@id\":\"https:\\\/\\\/fundesplai.org\\\/capmenjaralabrossa\\\/2014\\\/02\\\/25\\\/ens-adherim-al-manifest-prou-malbaratar-aliments\\\/#breadcrumb\"},\"inLanguage\":\"ca\",\"potentialAction\":[{\"@type\":\"ReadAction\",\"target\":[\"https:\\\/\\\/fundesplai.org\\\/capmenjaralabrossa\\\/2014\\\/02\\\/25\\\/ens-adherim-al-manifest-prou-malbaratar-aliments\\\/\"]}]},{\"@type\":\"BreadcrumbList\",\"@id\":\"https:\\\/\\\/fundesplai.org\\\/capmenjaralabrossa\\\/2014\\\/02\\\/25\\\/ens-adherim-al-manifest-prou-malbaratar-aliments\\\/#breadcrumb\",\"itemListElement\":[{\"@type\":\"ListItem\",\"position\":1,\"name\":\"Inici\",\"item\":\"\\\/\"},{\"@type\":\"ListItem\",\"position\":2,\"name\":\"Cap Menjar a la Brossa\",\"item\":\"https:\\\/\\\/fundesplai.org\\\/capmenjaralabrossa\"},{\"@type\":\"ListItem\",\"position\":3,\"name\":\"Ens adherim al manifest \u201cProu Malbaratar Aliments\u201d\"}]},{\"@type\":\"WebSite\",\"@id\":\"https:\\\/\\\/fundesplai.org\\\/capmenjaralabrossa\\\/#website\",\"url\":\"https:\\\/\\\/fundesplai.org\\\/capmenjaralabrossa\\\/\",\"name\":\"Cap Menjar a la Brossa\",\"description\":\"Proposta educativa de Fundesplai\",\"potentialAction\":[{\"@type\":\"SearchAction\",\"target\":{\"@type\":\"EntryPoint\",\"urlTemplate\":\"https:\\\/\\\/fundesplai.org\\\/capmenjaralabrossa\\\/?s={search_term_string}\"},\"query-input\":{\"@type\":\"PropertyValueSpecification\",\"valueRequired\":true,\"valueName\":\"search_term_string\"}}],\"inLanguage\":\"ca\"},{\"@type\":\"Person\",\"@id\":\"https:\\\/\\\/fundesplai.org\\\/capmenjaralabrossa\\\/#\\\/schema\\\/person\\\/67e7825d8ec54561cc24e36ba6b0f633\",\"name\":\"Ferran\",\"image\":{\"@type\":\"ImageObject\",\"inLanguage\":\"ca\",\"@id\":\"https:\\\/\\\/secure.gravatar.com\\\/avatar\\\/a3510350976b58aae6eccd1e36f066b660a69ef63f97fde3cba8205db7db816a?s=96&d=mm&r=g\",\"url\":\"https:\\\/\\\/secure.gravatar.com\\\/avatar\\\/a3510350976b58aae6eccd1e36f066b660a69ef63f97fde3cba8205db7db816a?s=96&d=mm&r=g\",\"contentUrl\":\"https:\\\/\\\/secure.gravatar.com\\\/avatar\\\/a3510350976b58aae6eccd1e36f066b660a69ef63f97fde3cba8205db7db816a?s=96&d=mm&r=g\",\"caption\":\"Ferran\"},\"url\":\"https:\\\/\\\/fundesplai.org\\\/capmenjaralabrossa\\\/author\\\/fvidal\\\/\"}]}<\/script>\n<!-- \/ Yoast SEO plugin. -->","yoast_head_json":{"title":"Ens adherim al manifest \u201cProu Malbaratar Aliments\u201d - Cap Menjar a la Brossa","robots":{"index":"index","follow":"follow","max-snippet":"max-snippet:-1","max-image-preview":"max-image-preview:large","max-video-preview":"max-video-preview:-1"},"canonical":"https:\/\/fundesplai.org\/capmenjaralabrossa\/2014\/02\/25\/ens-adherim-al-manifest-prou-malbaratar-aliments\/","og_locale":"ca_ES","og_type":"article","og_title":"Ens adherim al manifest \u201cProu Malbaratar Aliments\u201d - Cap Menjar a la Brossa","og_description":"Una quinzena d\u2019entitats i empreses van presentar\u00a0el dijous\u00a020 de febrer, el manifest \u201cProu Malbaratar Aliments\u201d. Impulsat per la Universitat Aut\u00f2noma i la Plataforma per l\u2019Aprofitament dels Aliments, es tracta d\u2019una iniciativa pionera a l\u2019Estat espanyol \u00a0que ajunta tots els agents de la cadena aliment\u00e0ria (agricultura, ind\u00fastria agroaliment\u00e0ria, distribu\u00efdors, consumidors, administracions i entitats socials) per lluitar [&hellip;]","og_url":"https:\/\/fundesplai.org\/capmenjaralabrossa\/2014\/02\/25\/ens-adherim-al-manifest-prou-malbaratar-aliments\/","og_site_name":"Cap Menjar a la Brossa","article_published_time":"2014-02-25T12:43:47+00:00","author":"Ferran","twitter_card":"summary_large_image","twitter_misc":{"Escrit per":"Ferran","Temps estimat de lectura":"1 minut"},"schema":{"@context":"https:\/\/schema.org","@graph":[{"@type":"Article","@id":"https:\/\/fundesplai.org\/capmenjaralabrossa\/2014\/02\/25\/ens-adherim-al-manifest-prou-malbaratar-aliments\/#article","isPartOf":{"@id":"https:\/\/fundesplai.org\/capmenjaralabrossa\/2014\/02\/25\/ens-adherim-al-manifest-prou-malbaratar-aliments\/"},"author":{"name":"Ferran","@id":"https:\/\/fundesplai.org\/capmenjaralabrossa\/#\/schema\/person\/67e7825d8ec54561cc24e36ba6b0f633"},"headline":"Ens adherim al manifest \u201cProu Malbaratar Aliments\u201d","datePublished":"2014-02-25T12:43:47+00:00","mainEntityOfPage":{"@id":"https:\/\/fundesplai.org\/capmenjaralabrossa\/2014\/02\/25\/ens-adherim-al-manifest-prou-malbaratar-aliments\/"},"wordCount":129,"commentCount":0,"articleSection":["Presentaci\u00f3"],"inLanguage":"ca","potentialAction":[{"@type":"CommentAction","name":"Comment","target":["https:\/\/fundesplai.org\/capmenjaralabrossa\/2014\/02\/25\/ens-adherim-al-manifest-prou-malbaratar-aliments\/#respond"]}]},{"@type":"WebPage","@id":"https:\/\/fundesplai.org\/capmenjaralabrossa\/2014\/02\/25\/ens-adherim-al-manifest-prou-malbaratar-aliments\/","url":"https:\/\/fundesplai.org\/capmenjaralabrossa\/2014\/02\/25\/ens-adherim-al-manifest-prou-malbaratar-aliments\/","name":"Ens adherim al manifest \u201cProu Malbaratar Aliments\u201d - Cap Menjar a la Brossa","isPartOf":{"@id":"https:\/\/fundesplai.org\/capmenjaralabrossa\/#website"},"datePublished":"2014-02-25T12:43:47+00:00","author":{"@id":"https:\/\/fundesplai.org\/capmenjaralabrossa\/#\/schema\/person\/67e7825d8ec54561cc24e36ba6b0f633"},"breadcrumb":{"@id":"https:\/\/fundesplai.org\/capmenjaralabrossa\/2014\/02\/25\/ens-adherim-al-manifest-prou-malbaratar-aliments\/#breadcrumb"},"inLanguage":"ca","potentialAction":[{"@type":"ReadAction","target":["https:\/\/fundesplai.org\/capmenjaralabrossa\/2014\/02\/25\/ens-adherim-al-manifest-prou-malbaratar-aliments\/"]}]},{"@type":"BreadcrumbList","@id":"https:\/\/fundesplai.org\/capmenjaralabrossa\/2014\/02\/25\/ens-adherim-al-manifest-prou-malbaratar-aliments\/#breadcrumb","itemListElement":[{"@type":"ListItem","position":1,"name":"Inici","item":"\/"},{"@type":"ListItem","position":2,"name":"Cap Menjar a la Brossa","item":"https:\/\/fundesplai.org\/capmenjaralabrossa"},{"@type":"ListItem","position":3,"name":"Ens adherim al manifest \u201cProu Malbaratar Aliments\u201d"}]},{"@type":"WebSite","@id":"https:\/\/fundesplai.org\/capmenjaralabrossa\/#website","url":"https:\/\/fundesplai.org\/capmenjaralabrossa\/","name":"Cap Menjar a la Brossa","description":"Proposta educativa de Fundesplai","potentialAction":[{"@type":"SearchAction","target":{"@type":"EntryPoint","urlTemplate":"https:\/\/fundesplai.org\/capmenjaralabrossa\/?s={search_term_string}"},"query-input":{"@type":"PropertyValueSpecification","valueRequired":true,"valueName":"search_term_string"}}],"inLanguage":"ca"},{"@type":"Person","@id":"https:\/\/fundesplai.org\/capmenjaralabrossa\/#\/schema\/person\/67e7825d8ec54561cc24e36ba6b0f633","name":"Ferran","image":{"@type":"ImageObject","inLanguage":"ca","@id":"https:\/\/secure.gravatar.com\/avatar\/a3510350976b58aae6eccd1e36f066b660a69ef63f97fde3cba8205db7db816a?s=96&d=mm&r=g","url":"https:\/\/secure.gravatar.com\/avatar\/a3510350976b58aae6eccd1e36f066b660a69ef63f97fde3cba8205db7db816a?s=96&d=mm&r=g","contentUrl":"https:\/\/secure.gravatar.com\/avatar\/a3510350976b58aae6eccd1e36f066b660a69ef63f97fde3cba8205db7db816a?s=96&d=mm&r=g","caption":"Ferran"},"url":"https:\/\/fundesplai.org\/capmenjaralabrossa\/author\/fvidal\/"}]}},"_links":{"self":[{"href":"https:\/\/fundesplai.org\/capmenjaralabrossa\/wp-json\/wp\/v2\/posts\/656","targetHints":{"allow":["GET"]}}],"collection":[{"href":"https:\/\/fundesplai.org\/capmenjaralabrossa\/wp-json\/wp\/v2\/posts"}],"about":[{"href":"https:\/\/fundesplai.org\/capmenjaralabrossa\/wp-json\/wp\/v2\/types\/post"}],"author":[{"embeddable":true,"href":"https:\/\/fundesplai.org\/capmenjaralabrossa\/wp-json\/wp\/v2\/users\/4"}],"replies":[{"embeddable":true,"href":"https:\/\/fundesplai.org\/capmenjaralabrossa\/wp-json\/wp\/v2\/comments?post=656"}],"version-history":[{"count":0,"href":"https:\/\/fundesplai.org\/capmenjaralabrossa\/wp-json\/wp\/v2\/posts\/656\/revisions"}],"wp:attachment":[{"href":"https:\/\/fundesplai.org\/capmenjaralabrossa\/wp-json\/wp\/v2\/media?parent=656"}],"wp:term":[{"taxonomy":"category","embeddable":true,"href":"https:\/\/fundesplai.org\/capmenjaralabrossa\/wp-json\/wp\/v2\/categories?post=656"},{"taxonomy":"post_tag","embeddable":true,"href":"https:\/\/fundesplai.org\/capmenjaralabrossa\/wp-json\/wp\/v2\/tags?post=656"}],"curies":[{"name":"wp","href":"https:\/\/api.w.org\/{rel}","templated":true}]}}