{"id":606,"date":"2014-02-14T10:26:06","date_gmt":"2014-02-14T09:26:06","guid":{"rendered":"http:\/\/projectes.fundesplai.org\/capmenjaralabrossa\/?p=606"},"modified":"2014-02-14T10:26:06","modified_gmt":"2014-02-14T09:26:06","slug":"per-a-que-contractes-i-pagues-mes-si-fas-sevir-menys","status":"publish","type":"post","link":"https:\/\/fundesplai.org\/capmenjaralabrossa\/2014\/02\/14\/per-a-que-contractes-i-pagues-mes-si-fas-sevir-menys\/","title":{"rendered":"Fam\u00edlies de l&#8217;esplai Espurnes promouen un blog sobre consum dom\u00e8stic"},"content":{"rendered":"<p><strong>Anem teixint la teranyina!<\/strong>\u00a0 Gr\u00e0cies a la demanda d&#8217;un bon nombre de fam\u00edlies del grup d&#8217;Esplai Espurnes, d&#8217;Esplugues de llobregat, s&#8217;ha creat un espai a la web de l&#8217;entitat, per poder penjar recursos relacionats amb el consum, en especial el dom\u00e8stic.<\/p>\n<p>La demanda, sorgida arrel de la xerrada sobre consum organitzada per l&#8217;esplai, ja ha tingut resposta, estrenant l&#8217;espai amb un enlla\u00e7\u00a0de gran inter\u00e8s. El trobar\u00e0s a <strong><a href=\"http:\/\/esplaiespurnes.org\/category\/educacio-consum\/\">http:\/\/esplaiespurnes.org\/category\/educacio-consum\/<\/a>.<\/strong>\u00a0<span style=\"line-height: 1.714285714;font-size: 1rem\">Visita la p\u00e0gina<\/span><span style=\"line-height: 1.714285714;font-size: 1rem\">\u00a0i coneix informacions \u00fatils sobre el nostre consum energ\u00e8tic, les conseq\u00fc\u00e8ncies de les noves tarifes el\u00e8ctriques de la reforma energ\u00e8tica tant en la nostra factura de manera directa com indirectament en el medi ambient i en les nostres societats, com evitar i qu\u00e8 fer per evitar aquestes conseq\u00fc\u00e8ncies, etc.<\/span><\/p>\n<p>&nbsp;<\/p>\n<p>&nbsp;<\/p>\n","protected":false},"excerpt":{"rendered":"<p>Anem teixint la teranyina!\u00a0 Gr\u00e0cies a la demanda d&#8217;un bon nombre de fam\u00edlies del grup d&#8217;Esplai Espurnes, d&#8217;Esplugues de llobregat, s&#8217;ha creat un espai a la web de l&#8217;entitat, per poder penjar recursos relacionats amb el consum, en especial el dom\u00e8stic. La demanda, sorgida arrel de la xerrada sobre consum organitzada per l&#8217;esplai, ja ha [&hellip;]<\/p>\n","protected":false},"author":4,"featured_media":608,"comment_status":"open","ping_status":"open","sticky":false,"template":"","format":"standard","meta":{"_et_pb_use_builder":"","_et_pb_old_content":"","_et_gb_content_width":"","footnotes":""},"categories":[10],"tags":[],"class_list":["post-606","post","type-post","status-publish","format-standard","has-post-thumbnail","hentry","category-presentacio"],"yoast_head":"<!-- This site is optimized with the Yoast SEO plugin v27.5 - https:\/\/yoast.com\/product\/yoast-seo-wordpress\/ -->\n<title>Fam\u00edlies de l&#039;esplai Espurnes promouen un blog sobre consum dom\u00e8stic - Cap Menjar a la Brossa<\/title>\n<meta name=\"robots\" content=\"index, follow, max-snippet:-1, max-image-preview:large, max-video-preview:-1\" \/>\n<link rel=\"canonical\" href=\"https:\/\/fundesplai.org\/capmenjaralabrossa\/2014\/02\/14\/per-a-que-contractes-i-pagues-mes-si-fas-sevir-menys\/\" \/>\n<meta property=\"og:locale\" content=\"ca_ES\" \/>\n<meta property=\"og:type\" content=\"article\" \/>\n<meta property=\"og:title\" content=\"Fam\u00edlies de l&#039;esplai Espurnes promouen un blog sobre consum dom\u00e8stic - Cap Menjar a la Brossa\" \/>\n<meta property=\"og:description\" content=\"Anem teixint la teranyina!\u00a0 Gr\u00e0cies a la demanda d&#8217;un bon nombre de fam\u00edlies del grup d&#8217;Esplai Espurnes, d&#8217;Esplugues de llobregat, s&#8217;ha creat un espai a la web de l&#8217;entitat, per poder penjar recursos relacionats amb el consum, en especial el dom\u00e8stic. La demanda, sorgida arrel de la xerrada sobre consum organitzada per l&#8217;esplai, ja ha [&hellip;]\" \/>\n<meta property=\"og:url\" content=\"https:\/\/fundesplai.org\/capmenjaralabrossa\/2014\/02\/14\/per-a-que-contractes-i-pagues-mes-si-fas-sevir-menys\/\" \/>\n<meta property=\"og:site_name\" content=\"Cap Menjar a la Brossa\" \/>\n<meta property=\"article:published_time\" content=\"2014-02-14T09:26:06+00:00\" \/>\n<meta property=\"og:image\" content=\"https:\/\/fundesplai.org\/capmenjaralabrossa\/wp-content\/uploads\/sites\/11\/2014\/02\/bajate-la-potencia.png\" \/>\n\t<meta property=\"og:image:width\" content=\"245\" \/>\n\t<meta property=\"og:image:height\" content=\"83\" \/>\n\t<meta property=\"og:image:type\" content=\"image\/png\" \/>\n<meta name=\"author\" content=\"Ferran\" \/>\n<meta name=\"twitter:card\" content=\"summary_large_image\" \/>\n<meta name=\"twitter:label1\" content=\"Escrit per\" \/>\n\t<meta name=\"twitter:data1\" content=\"Ferran\" \/>\n\t<meta name=\"twitter:label2\" content=\"Temps estimat de lectura\" \/>\n\t<meta name=\"twitter:data2\" content=\"1 minut\" \/>\n<script type=\"application\/ld+json\" class=\"yoast-schema-graph\">{\"@context\":\"https:\\\/\\\/schema.org\",\"@graph\":[{\"@type\":\"Article\",\"@id\":\"https:\\\/\\\/fundesplai.org\\\/capmenjaralabrossa\\\/2014\\\/02\\\/14\\\/per-a-que-contractes-i-pagues-mes-si-fas-sevir-menys\\\/#article\",\"isPartOf\":{\"@id\":\"https:\\\/\\\/fundesplai.org\\\/capmenjaralabrossa\\\/2014\\\/02\\\/14\\\/per-a-que-contractes-i-pagues-mes-si-fas-sevir-menys\\\/\"},\"author\":{\"name\":\"Ferran\",\"@id\":\"https:\\\/\\\/fundesplai.org\\\/capmenjaralabrossa\\\/#\\\/schema\\\/person\\\/67e7825d8ec54561cc24e36ba6b0f633\"},\"headline\":\"Fam\u00edlies de l&#8217;esplai Espurnes promouen un blog sobre consum dom\u00e8stic\",\"datePublished\":\"2014-02-14T09:26:06+00:00\",\"mainEntityOfPage\":{\"@id\":\"https:\\\/\\\/fundesplai.org\\\/capmenjaralabrossa\\\/2014\\\/02\\\/14\\\/per-a-que-contractes-i-pagues-mes-si-fas-sevir-menys\\\/\"},\"wordCount\":158,\"commentCount\":0,\"image\":{\"@id\":\"https:\\\/\\\/fundesplai.org\\\/capmenjaralabrossa\\\/2014\\\/02\\\/14\\\/per-a-que-contractes-i-pagues-mes-si-fas-sevir-menys\\\/#primaryimage\"},\"thumbnailUrl\":\"https:\\\/\\\/fundesplai.org\\\/capmenjaralabrossa\\\/wp-content\\\/uploads\\\/sites\\\/11\\\/2014\\\/02\\\/bajate-la-potencia.png\",\"articleSection\":[\"Presentaci\u00f3\"],\"inLanguage\":\"ca\",\"potentialAction\":[{\"@type\":\"CommentAction\",\"name\":\"Comment\",\"target\":[\"https:\\\/\\\/fundesplai.org\\\/capmenjaralabrossa\\\/2014\\\/02\\\/14\\\/per-a-que-contractes-i-pagues-mes-si-fas-sevir-menys\\\/#respond\"]}]},{\"@type\":\"WebPage\",\"@id\":\"https:\\\/\\\/fundesplai.org\\\/capmenjaralabrossa\\\/2014\\\/02\\\/14\\\/per-a-que-contractes-i-pagues-mes-si-fas-sevir-menys\\\/\",\"url\":\"https:\\\/\\\/fundesplai.org\\\/capmenjaralabrossa\\\/2014\\\/02\\\/14\\\/per-a-que-contractes-i-pagues-mes-si-fas-sevir-menys\\\/\",\"name\":\"Fam\u00edlies de l'esplai Espurnes promouen un blog sobre consum dom\u00e8stic - Cap Menjar a la Brossa\",\"isPartOf\":{\"@id\":\"https:\\\/\\\/fundesplai.org\\\/capmenjaralabrossa\\\/#website\"},\"primaryImageOfPage\":{\"@id\":\"https:\\\/\\\/fundesplai.org\\\/capmenjaralabrossa\\\/2014\\\/02\\\/14\\\/per-a-que-contractes-i-pagues-mes-si-fas-sevir-menys\\\/#primaryimage\"},\"image\":{\"@id\":\"https:\\\/\\\/fundesplai.org\\\/capmenjaralabrossa\\\/2014\\\/02\\\/14\\\/per-a-que-contractes-i-pagues-mes-si-fas-sevir-menys\\\/#primaryimage\"},\"thumbnailUrl\":\"https:\\\/\\\/fundesplai.org\\\/capmenjaralabrossa\\\/wp-content\\\/uploads\\\/sites\\\/11\\\/2014\\\/02\\\/bajate-la-potencia.png\",\"datePublished\":\"2014-02-14T09:26:06+00:00\",\"author\":{\"@id\":\"https:\\\/\\\/fundesplai.org\\\/capmenjaralabrossa\\\/#\\\/schema\\\/person\\\/67e7825d8ec54561cc24e36ba6b0f633\"},\"breadcrumb\":{\"@id\":\"https:\\\/\\\/fundesplai.org\\\/capmenjaralabrossa\\\/2014\\\/02\\\/14\\\/per-a-que-contractes-i-pagues-mes-si-fas-sevir-menys\\\/#breadcrumb\"},\"inLanguage\":\"ca\",\"potentialAction\":[{\"@type\":\"ReadAction\",\"target\":[\"https:\\\/\\\/fundesplai.org\\\/capmenjaralabrossa\\\/2014\\\/02\\\/14\\\/per-a-que-contractes-i-pagues-mes-si-fas-sevir-menys\\\/\"]}]},{\"@type\":\"ImageObject\",\"inLanguage\":\"ca\",\"@id\":\"https:\\\/\\\/fundesplai.org\\\/capmenjaralabrossa\\\/2014\\\/02\\\/14\\\/per-a-que-contractes-i-pagues-mes-si-fas-sevir-menys\\\/#primaryimage\",\"url\":\"https:\\\/\\\/fundesplai.org\\\/capmenjaralabrossa\\\/wp-content\\\/uploads\\\/sites\\\/11\\\/2014\\\/02\\\/bajate-la-potencia.png\",\"contentUrl\":\"https:\\\/\\\/fundesplai.org\\\/capmenjaralabrossa\\\/wp-content\\\/uploads\\\/sites\\\/11\\\/2014\\\/02\\\/bajate-la-potencia.png\",\"width\":245,\"height\":83},{\"@type\":\"BreadcrumbList\",\"@id\":\"https:\\\/\\\/fundesplai.org\\\/capmenjaralabrossa\\\/2014\\\/02\\\/14\\\/per-a-que-contractes-i-pagues-mes-si-fas-sevir-menys\\\/#breadcrumb\",\"itemListElement\":[{\"@type\":\"ListItem\",\"position\":1,\"name\":\"Inici\",\"item\":\"\\\/\"},{\"@type\":\"ListItem\",\"position\":2,\"name\":\"Cap Menjar a la Brossa\",\"item\":\"https:\\\/\\\/fundesplai.org\\\/capmenjaralabrossa\"},{\"@type\":\"ListItem\",\"position\":3,\"name\":\"Fam\u00edlies de l&#8217;esplai Espurnes promouen un blog sobre consum dom\u00e8stic\"}]},{\"@type\":\"WebSite\",\"@id\":\"https:\\\/\\\/fundesplai.org\\\/capmenjaralabrossa\\\/#website\",\"url\":\"https:\\\/\\\/fundesplai.org\\\/capmenjaralabrossa\\\/\",\"name\":\"Cap Menjar a la Brossa\",\"description\":\"Proposta educativa de Fundesplai\",\"potentialAction\":[{\"@type\":\"SearchAction\",\"target\":{\"@type\":\"EntryPoint\",\"urlTemplate\":\"https:\\\/\\\/fundesplai.org\\\/capmenjaralabrossa\\\/?s={search_term_string}\"},\"query-input\":{\"@type\":\"PropertyValueSpecification\",\"valueRequired\":true,\"valueName\":\"search_term_string\"}}],\"inLanguage\":\"ca\"},{\"@type\":\"Person\",\"@id\":\"https:\\\/\\\/fundesplai.org\\\/capmenjaralabrossa\\\/#\\\/schema\\\/person\\\/67e7825d8ec54561cc24e36ba6b0f633\",\"name\":\"Ferran\",\"image\":{\"@type\":\"ImageObject\",\"inLanguage\":\"ca\",\"@id\":\"https:\\\/\\\/secure.gravatar.com\\\/avatar\\\/a3510350976b58aae6eccd1e36f066b660a69ef63f97fde3cba8205db7db816a?s=96&d=mm&r=g\",\"url\":\"https:\\\/\\\/secure.gravatar.com\\\/avatar\\\/a3510350976b58aae6eccd1e36f066b660a69ef63f97fde3cba8205db7db816a?s=96&d=mm&r=g\",\"contentUrl\":\"https:\\\/\\\/secure.gravatar.com\\\/avatar\\\/a3510350976b58aae6eccd1e36f066b660a69ef63f97fde3cba8205db7db816a?s=96&d=mm&r=g\",\"caption\":\"Ferran\"},\"url\":\"https:\\\/\\\/fundesplai.org\\\/capmenjaralabrossa\\\/author\\\/fvidal\\\/\"}]}<\/script>\n<!-- \/ Yoast SEO plugin. -->","yoast_head_json":{"title":"Fam\u00edlies de l'esplai Espurnes promouen un blog sobre consum dom\u00e8stic - Cap Menjar a la Brossa","robots":{"index":"index","follow":"follow","max-snippet":"max-snippet:-1","max-image-preview":"max-image-preview:large","max-video-preview":"max-video-preview:-1"},"canonical":"https:\/\/fundesplai.org\/capmenjaralabrossa\/2014\/02\/14\/per-a-que-contractes-i-pagues-mes-si-fas-sevir-menys\/","og_locale":"ca_ES","og_type":"article","og_title":"Fam\u00edlies de l'esplai Espurnes promouen un blog sobre consum dom\u00e8stic - Cap Menjar a la Brossa","og_description":"Anem teixint la teranyina!\u00a0 Gr\u00e0cies a la demanda d&#8217;un bon nombre de fam\u00edlies del grup d&#8217;Esplai Espurnes, d&#8217;Esplugues de llobregat, s&#8217;ha creat un espai a la web de l&#8217;entitat, per poder penjar recursos relacionats amb el consum, en especial el dom\u00e8stic. La demanda, sorgida arrel de la xerrada sobre consum organitzada per l&#8217;esplai, ja ha [&hellip;]","og_url":"https:\/\/fundesplai.org\/capmenjaralabrossa\/2014\/02\/14\/per-a-que-contractes-i-pagues-mes-si-fas-sevir-menys\/","og_site_name":"Cap Menjar a la Brossa","article_published_time":"2014-02-14T09:26:06+00:00","og_image":[{"width":245,"height":83,"url":"https:\/\/fundesplai.org\/capmenjaralabrossa\/wp-content\/uploads\/sites\/11\/2014\/02\/bajate-la-potencia.png","type":"image\/png"}],"author":"Ferran","twitter_card":"summary_large_image","twitter_misc":{"Escrit per":"Ferran","Temps estimat de lectura":"1 minut"},"schema":{"@context":"https:\/\/schema.org","@graph":[{"@type":"Article","@id":"https:\/\/fundesplai.org\/capmenjaralabrossa\/2014\/02\/14\/per-a-que-contractes-i-pagues-mes-si-fas-sevir-menys\/#article","isPartOf":{"@id":"https:\/\/fundesplai.org\/capmenjaralabrossa\/2014\/02\/14\/per-a-que-contractes-i-pagues-mes-si-fas-sevir-menys\/"},"author":{"name":"Ferran","@id":"https:\/\/fundesplai.org\/capmenjaralabrossa\/#\/schema\/person\/67e7825d8ec54561cc24e36ba6b0f633"},"headline":"Fam\u00edlies de l&#8217;esplai Espurnes promouen un blog sobre consum dom\u00e8stic","datePublished":"2014-02-14T09:26:06+00:00","mainEntityOfPage":{"@id":"https:\/\/fundesplai.org\/capmenjaralabrossa\/2014\/02\/14\/per-a-que-contractes-i-pagues-mes-si-fas-sevir-menys\/"},"wordCount":158,"commentCount":0,"image":{"@id":"https:\/\/fundesplai.org\/capmenjaralabrossa\/2014\/02\/14\/per-a-que-contractes-i-pagues-mes-si-fas-sevir-menys\/#primaryimage"},"thumbnailUrl":"https:\/\/fundesplai.org\/capmenjaralabrossa\/wp-content\/uploads\/sites\/11\/2014\/02\/bajate-la-potencia.png","articleSection":["Presentaci\u00f3"],"inLanguage":"ca","potentialAction":[{"@type":"CommentAction","name":"Comment","target":["https:\/\/fundesplai.org\/capmenjaralabrossa\/2014\/02\/14\/per-a-que-contractes-i-pagues-mes-si-fas-sevir-menys\/#respond"]}]},{"@type":"WebPage","@id":"https:\/\/fundesplai.org\/capmenjaralabrossa\/2014\/02\/14\/per-a-que-contractes-i-pagues-mes-si-fas-sevir-menys\/","url":"https:\/\/fundesplai.org\/capmenjaralabrossa\/2014\/02\/14\/per-a-que-contractes-i-pagues-mes-si-fas-sevir-menys\/","name":"Fam\u00edlies de l'esplai Espurnes promouen un blog sobre consum dom\u00e8stic - Cap Menjar a la Brossa","isPartOf":{"@id":"https:\/\/fundesplai.org\/capmenjaralabrossa\/#website"},"primaryImageOfPage":{"@id":"https:\/\/fundesplai.org\/capmenjaralabrossa\/2014\/02\/14\/per-a-que-contractes-i-pagues-mes-si-fas-sevir-menys\/#primaryimage"},"image":{"@id":"https:\/\/fundesplai.org\/capmenjaralabrossa\/2014\/02\/14\/per-a-que-contractes-i-pagues-mes-si-fas-sevir-menys\/#primaryimage"},"thumbnailUrl":"https:\/\/fundesplai.org\/capmenjaralabrossa\/wp-content\/uploads\/sites\/11\/2014\/02\/bajate-la-potencia.png","datePublished":"2014-02-14T09:26:06+00:00","author":{"@id":"https:\/\/fundesplai.org\/capmenjaralabrossa\/#\/schema\/person\/67e7825d8ec54561cc24e36ba6b0f633"},"breadcrumb":{"@id":"https:\/\/fundesplai.org\/capmenjaralabrossa\/2014\/02\/14\/per-a-que-contractes-i-pagues-mes-si-fas-sevir-menys\/#breadcrumb"},"inLanguage":"ca","potentialAction":[{"@type":"ReadAction","target":["https:\/\/fundesplai.org\/capmenjaralabrossa\/2014\/02\/14\/per-a-que-contractes-i-pagues-mes-si-fas-sevir-menys\/"]}]},{"@type":"ImageObject","inLanguage":"ca","@id":"https:\/\/fundesplai.org\/capmenjaralabrossa\/2014\/02\/14\/per-a-que-contractes-i-pagues-mes-si-fas-sevir-menys\/#primaryimage","url":"https:\/\/fundesplai.org\/capmenjaralabrossa\/wp-content\/uploads\/sites\/11\/2014\/02\/bajate-la-potencia.png","contentUrl":"https:\/\/fundesplai.org\/capmenjaralabrossa\/wp-content\/uploads\/sites\/11\/2014\/02\/bajate-la-potencia.png","width":245,"height":83},{"@type":"BreadcrumbList","@id":"https:\/\/fundesplai.org\/capmenjaralabrossa\/2014\/02\/14\/per-a-que-contractes-i-pagues-mes-si-fas-sevir-menys\/#breadcrumb","itemListElement":[{"@type":"ListItem","position":1,"name":"Inici","item":"\/"},{"@type":"ListItem","position":2,"name":"Cap Menjar a la Brossa","item":"https:\/\/fundesplai.org\/capmenjaralabrossa"},{"@type":"ListItem","position":3,"name":"Fam\u00edlies de l&#8217;esplai Espurnes promouen un blog sobre consum dom\u00e8stic"}]},{"@type":"WebSite","@id":"https:\/\/fundesplai.org\/capmenjaralabrossa\/#website","url":"https:\/\/fundesplai.org\/capmenjaralabrossa\/","name":"Cap Menjar a la Brossa","description":"Proposta educativa de Fundesplai","potentialAction":[{"@type":"SearchAction","target":{"@type":"EntryPoint","urlTemplate":"https:\/\/fundesplai.org\/capmenjaralabrossa\/?s={search_term_string}"},"query-input":{"@type":"PropertyValueSpecification","valueRequired":true,"valueName":"search_term_string"}}],"inLanguage":"ca"},{"@type":"Person","@id":"https:\/\/fundesplai.org\/capmenjaralabrossa\/#\/schema\/person\/67e7825d8ec54561cc24e36ba6b0f633","name":"Ferran","image":{"@type":"ImageObject","inLanguage":"ca","@id":"https:\/\/secure.gravatar.com\/avatar\/a3510350976b58aae6eccd1e36f066b660a69ef63f97fde3cba8205db7db816a?s=96&d=mm&r=g","url":"https:\/\/secure.gravatar.com\/avatar\/a3510350976b58aae6eccd1e36f066b660a69ef63f97fde3cba8205db7db816a?s=96&d=mm&r=g","contentUrl":"https:\/\/secure.gravatar.com\/avatar\/a3510350976b58aae6eccd1e36f066b660a69ef63f97fde3cba8205db7db816a?s=96&d=mm&r=g","caption":"Ferran"},"url":"https:\/\/fundesplai.org\/capmenjaralabrossa\/author\/fvidal\/"}]}},"_links":{"self":[{"href":"https:\/\/fundesplai.org\/capmenjaralabrossa\/wp-json\/wp\/v2\/posts\/606","targetHints":{"allow":["GET"]}}],"collection":[{"href":"https:\/\/fundesplai.org\/capmenjaralabrossa\/wp-json\/wp\/v2\/posts"}],"about":[{"href":"https:\/\/fundesplai.org\/capmenjaralabrossa\/wp-json\/wp\/v2\/types\/post"}],"author":[{"embeddable":true,"href":"https:\/\/fundesplai.org\/capmenjaralabrossa\/wp-json\/wp\/v2\/users\/4"}],"replies":[{"embeddable":true,"href":"https:\/\/fundesplai.org\/capmenjaralabrossa\/wp-json\/wp\/v2\/comments?post=606"}],"version-history":[{"count":0,"href":"https:\/\/fundesplai.org\/capmenjaralabrossa\/wp-json\/wp\/v2\/posts\/606\/revisions"}],"wp:featuredmedia":[{"embeddable":true,"href":"https:\/\/fundesplai.org\/capmenjaralabrossa\/wp-json\/wp\/v2\/media\/608"}],"wp:attachment":[{"href":"https:\/\/fundesplai.org\/capmenjaralabrossa\/wp-json\/wp\/v2\/media?parent=606"}],"wp:term":[{"taxonomy":"category","embeddable":true,"href":"https:\/\/fundesplai.org\/capmenjaralabrossa\/wp-json\/wp\/v2\/categories?post=606"},{"taxonomy":"post_tag","embeddable":true,"href":"https:\/\/fundesplai.org\/capmenjaralabrossa\/wp-json\/wp\/v2\/tags?post=606"}],"curies":[{"name":"wp","href":"https:\/\/api.w.org\/{rel}","templated":true}]}}