{"id":587,"date":"2014-02-07T11:49:02","date_gmt":"2014-02-07T10:49:02","guid":{"rendered":"http:\/\/projectes.fundesplai.org\/capmenjaralabrossa\/?p=587"},"modified":"2014-02-07T11:49:02","modified_gmt":"2014-02-07T10:49:02","slug":"la-ub-participa-a-la-campanya","status":"publish","type":"post","link":"https:\/\/fundesplai.org\/capmenjaralabrossa\/2014\/02\/07\/la-ub-participa-a-la-campanya\/","title":{"rendered":"La UB participa a la campanya"},"content":{"rendered":"<div id=\"titol_contingut\"><\/div>\n<div id=\"contingut\">\n<p>Des de fa dos anys, la <strong>Universitat de Barcelona<\/strong> engega un projecte de col\u00b7laboraci\u00f3 per part de l&#8217;equip del departament de Teoria i Hist\u00f2ria de l\u2019Educaci\u00f3 de la Facultat de Pedagogia de la UB amb la Federaci\u00f3 Catalana de l\u2019Esplai.<\/p>\n<p>La proposta t\u00e9 per objectiu que l\u2019alumnat de l\u2019assignatura d\u2019Educaci\u00f3 Social, \u00c8tica i Valors, desenvolupin una experi\u00e8ncia d\u2019aprenentatge i servei (ApS) en una entitat de lleure educatiu, per poder tenir una presa de contacte amb la praxis educativa i social.<\/p>\n<p>Enguany, els\/les alumnes han participat en la campanya\u00a0dinamitzant activitats l\u00fadiques per a fer conscienciaci\u00f3 als esplais. S\u2019han dut a terme diferents sessions a l\u2019esplai GISC, a Disprat Lleure i a l\u2019esplai Can Serra. <strong>L\u2019experi\u00e8ncia ha estat m\u00e9s que positiva!<\/strong><\/p>\n<p>Hem incorporat les propostes que van elaborar i van portar a la pr\u00e0ctica a la <a title=\"Activitats d\u2019aprenentatge\" href=\"https:\/\/projectes.fundesplai.org\/capmenjaralabrossa\/activitats-daprenentatge\/\">p\u00e0gina d&#8217;activitats<\/a>.<\/p>\n<\/div>\n","protected":false},"excerpt":{"rendered":"<p>Des de fa dos anys, la Universitat de Barcelona engega un projecte de col\u00b7laboraci\u00f3 per part de l&#8217;equip del departament de Teoria i Hist\u00f2ria de l\u2019Educaci\u00f3 de la Facultat de Pedagogia de la UB amb la Federaci\u00f3 Catalana de l\u2019Esplai. La proposta t\u00e9 per objectiu que l\u2019alumnat de l\u2019assignatura d\u2019Educaci\u00f3 Social, \u00c8tica i Valors, desenvolupin [&hellip;]<\/p>\n","protected":false},"author":4,"featured_media":590,"comment_status":"open","ping_status":"open","sticky":false,"template":"","format":"standard","meta":{"_et_pb_use_builder":"","_et_pb_old_content":"","_et_gb_content_width":"","footnotes":""},"categories":[10],"tags":[],"class_list":["post-587","post","type-post","status-publish","format-standard","has-post-thumbnail","hentry","category-presentacio"],"yoast_head":"<!-- This site is optimized with the Yoast SEO plugin v27.5 - https:\/\/yoast.com\/product\/yoast-seo-wordpress\/ -->\n<title>La UB participa a la campanya - Cap Menjar a la Brossa<\/title>\n<meta name=\"robots\" content=\"index, follow, max-snippet:-1, max-image-preview:large, max-video-preview:-1\" \/>\n<link rel=\"canonical\" href=\"https:\/\/fundesplai.org\/capmenjaralabrossa\/2014\/02\/07\/la-ub-participa-a-la-campanya\/\" \/>\n<meta property=\"og:locale\" content=\"ca_ES\" \/>\n<meta property=\"og:type\" content=\"article\" \/>\n<meta property=\"og:title\" content=\"La UB participa a la campanya - Cap Menjar a la Brossa\" \/>\n<meta property=\"og:description\" content=\"Des de fa dos anys, la Universitat de Barcelona engega un projecte de col\u00b7laboraci\u00f3 per part de l&#8217;equip del departament de Teoria i Hist\u00f2ria de l\u2019Educaci\u00f3 de la Facultat de Pedagogia de la UB amb la Federaci\u00f3 Catalana de l\u2019Esplai. La proposta t\u00e9 per objectiu que l\u2019alumnat de l\u2019assignatura d\u2019Educaci\u00f3 Social, \u00c8tica i Valors, desenvolupin [&hellip;]\" \/>\n<meta property=\"og:url\" content=\"https:\/\/fundesplai.org\/capmenjaralabrossa\/2014\/02\/07\/la-ub-participa-a-la-campanya\/\" \/>\n<meta property=\"og:site_name\" content=\"Cap Menjar a la Brossa\" \/>\n<meta property=\"article:published_time\" content=\"2014-02-07T10:49:02+00:00\" \/>\n<meta property=\"og:image\" content=\"https:\/\/fundesplai.org\/capmenjaralabrossa\/wp-content\/uploads\/sites\/11\/2014\/02\/ub.jpg\" \/>\n\t<meta property=\"og:image:width\" content=\"225\" \/>\n\t<meta property=\"og:image:height\" content=\"225\" \/>\n\t<meta property=\"og:image:type\" content=\"image\/jpeg\" \/>\n<meta name=\"author\" content=\"Ferran\" \/>\n<meta name=\"twitter:card\" content=\"summary_large_image\" \/>\n<meta name=\"twitter:label1\" content=\"Escrit per\" \/>\n\t<meta name=\"twitter:data1\" content=\"Ferran\" \/>\n\t<meta name=\"twitter:label2\" content=\"Temps estimat de lectura\" \/>\n\t<meta name=\"twitter:data2\" content=\"1 minut\" \/>\n<script type=\"application\/ld+json\" class=\"yoast-schema-graph\">{\"@context\":\"https:\\\/\\\/schema.org\",\"@graph\":[{\"@type\":\"Article\",\"@id\":\"https:\\\/\\\/fundesplai.org\\\/capmenjaralabrossa\\\/2014\\\/02\\\/07\\\/la-ub-participa-a-la-campanya\\\/#article\",\"isPartOf\":{\"@id\":\"https:\\\/\\\/fundesplai.org\\\/capmenjaralabrossa\\\/2014\\\/02\\\/07\\\/la-ub-participa-a-la-campanya\\\/\"},\"author\":{\"name\":\"Ferran\",\"@id\":\"https:\\\/\\\/fundesplai.org\\\/capmenjaralabrossa\\\/#\\\/schema\\\/person\\\/67e7825d8ec54561cc24e36ba6b0f633\"},\"headline\":\"La UB participa a la campanya\",\"datePublished\":\"2014-02-07T10:49:02+00:00\",\"mainEntityOfPage\":{\"@id\":\"https:\\\/\\\/fundesplai.org\\\/capmenjaralabrossa\\\/2014\\\/02\\\/07\\\/la-ub-participa-a-la-campanya\\\/\"},\"wordCount\":164,\"commentCount\":0,\"image\":{\"@id\":\"https:\\\/\\\/fundesplai.org\\\/capmenjaralabrossa\\\/2014\\\/02\\\/07\\\/la-ub-participa-a-la-campanya\\\/#primaryimage\"},\"thumbnailUrl\":\"https:\\\/\\\/fundesplai.org\\\/capmenjaralabrossa\\\/wp-content\\\/uploads\\\/sites\\\/11\\\/2014\\\/02\\\/ub.jpg\",\"articleSection\":[\"Presentaci\u00f3\"],\"inLanguage\":\"ca\",\"potentialAction\":[{\"@type\":\"CommentAction\",\"name\":\"Comment\",\"target\":[\"https:\\\/\\\/fundesplai.org\\\/capmenjaralabrossa\\\/2014\\\/02\\\/07\\\/la-ub-participa-a-la-campanya\\\/#respond\"]}]},{\"@type\":\"WebPage\",\"@id\":\"https:\\\/\\\/fundesplai.org\\\/capmenjaralabrossa\\\/2014\\\/02\\\/07\\\/la-ub-participa-a-la-campanya\\\/\",\"url\":\"https:\\\/\\\/fundesplai.org\\\/capmenjaralabrossa\\\/2014\\\/02\\\/07\\\/la-ub-participa-a-la-campanya\\\/\",\"name\":\"La UB participa a la campanya - Cap Menjar a la Brossa\",\"isPartOf\":{\"@id\":\"https:\\\/\\\/fundesplai.org\\\/capmenjaralabrossa\\\/#website\"},\"primaryImageOfPage\":{\"@id\":\"https:\\\/\\\/fundesplai.org\\\/capmenjaralabrossa\\\/2014\\\/02\\\/07\\\/la-ub-participa-a-la-campanya\\\/#primaryimage\"},\"image\":{\"@id\":\"https:\\\/\\\/fundesplai.org\\\/capmenjaralabrossa\\\/2014\\\/02\\\/07\\\/la-ub-participa-a-la-campanya\\\/#primaryimage\"},\"thumbnailUrl\":\"https:\\\/\\\/fundesplai.org\\\/capmenjaralabrossa\\\/wp-content\\\/uploads\\\/sites\\\/11\\\/2014\\\/02\\\/ub.jpg\",\"datePublished\":\"2014-02-07T10:49:02+00:00\",\"author\":{\"@id\":\"https:\\\/\\\/fundesplai.org\\\/capmenjaralabrossa\\\/#\\\/schema\\\/person\\\/67e7825d8ec54561cc24e36ba6b0f633\"},\"breadcrumb\":{\"@id\":\"https:\\\/\\\/fundesplai.org\\\/capmenjaralabrossa\\\/2014\\\/02\\\/07\\\/la-ub-participa-a-la-campanya\\\/#breadcrumb\"},\"inLanguage\":\"ca\",\"potentialAction\":[{\"@type\":\"ReadAction\",\"target\":[\"https:\\\/\\\/fundesplai.org\\\/capmenjaralabrossa\\\/2014\\\/02\\\/07\\\/la-ub-participa-a-la-campanya\\\/\"]}]},{\"@type\":\"ImageObject\",\"inLanguage\":\"ca\",\"@id\":\"https:\\\/\\\/fundesplai.org\\\/capmenjaralabrossa\\\/2014\\\/02\\\/07\\\/la-ub-participa-a-la-campanya\\\/#primaryimage\",\"url\":\"https:\\\/\\\/fundesplai.org\\\/capmenjaralabrossa\\\/wp-content\\\/uploads\\\/sites\\\/11\\\/2014\\\/02\\\/ub.jpg\",\"contentUrl\":\"https:\\\/\\\/fundesplai.org\\\/capmenjaralabrossa\\\/wp-content\\\/uploads\\\/sites\\\/11\\\/2014\\\/02\\\/ub.jpg\",\"width\":225,\"height\":225},{\"@type\":\"BreadcrumbList\",\"@id\":\"https:\\\/\\\/fundesplai.org\\\/capmenjaralabrossa\\\/2014\\\/02\\\/07\\\/la-ub-participa-a-la-campanya\\\/#breadcrumb\",\"itemListElement\":[{\"@type\":\"ListItem\",\"position\":1,\"name\":\"Inici\",\"item\":\"\\\/\"},{\"@type\":\"ListItem\",\"position\":2,\"name\":\"Cap Menjar a la Brossa\",\"item\":\"https:\\\/\\\/fundesplai.org\\\/capmenjaralabrossa\"},{\"@type\":\"ListItem\",\"position\":3,\"name\":\"La UB participa a la campanya\"}]},{\"@type\":\"WebSite\",\"@id\":\"https:\\\/\\\/fundesplai.org\\\/capmenjaralabrossa\\\/#website\",\"url\":\"https:\\\/\\\/fundesplai.org\\\/capmenjaralabrossa\\\/\",\"name\":\"Cap Menjar a la Brossa\",\"description\":\"Proposta educativa de Fundesplai\",\"potentialAction\":[{\"@type\":\"SearchAction\",\"target\":{\"@type\":\"EntryPoint\",\"urlTemplate\":\"https:\\\/\\\/fundesplai.org\\\/capmenjaralabrossa\\\/?s={search_term_string}\"},\"query-input\":{\"@type\":\"PropertyValueSpecification\",\"valueRequired\":true,\"valueName\":\"search_term_string\"}}],\"inLanguage\":\"ca\"},{\"@type\":\"Person\",\"@id\":\"https:\\\/\\\/fundesplai.org\\\/capmenjaralabrossa\\\/#\\\/schema\\\/person\\\/67e7825d8ec54561cc24e36ba6b0f633\",\"name\":\"Ferran\",\"image\":{\"@type\":\"ImageObject\",\"inLanguage\":\"ca\",\"@id\":\"https:\\\/\\\/secure.gravatar.com\\\/avatar\\\/a3510350976b58aae6eccd1e36f066b660a69ef63f97fde3cba8205db7db816a?s=96&d=mm&r=g\",\"url\":\"https:\\\/\\\/secure.gravatar.com\\\/avatar\\\/a3510350976b58aae6eccd1e36f066b660a69ef63f97fde3cba8205db7db816a?s=96&d=mm&r=g\",\"contentUrl\":\"https:\\\/\\\/secure.gravatar.com\\\/avatar\\\/a3510350976b58aae6eccd1e36f066b660a69ef63f97fde3cba8205db7db816a?s=96&d=mm&r=g\",\"caption\":\"Ferran\"},\"url\":\"https:\\\/\\\/fundesplai.org\\\/capmenjaralabrossa\\\/author\\\/fvidal\\\/\"}]}<\/script>\n<!-- \/ Yoast SEO plugin. -->","yoast_head_json":{"title":"La UB participa a la campanya - Cap Menjar a la Brossa","robots":{"index":"index","follow":"follow","max-snippet":"max-snippet:-1","max-image-preview":"max-image-preview:large","max-video-preview":"max-video-preview:-1"},"canonical":"https:\/\/fundesplai.org\/capmenjaralabrossa\/2014\/02\/07\/la-ub-participa-a-la-campanya\/","og_locale":"ca_ES","og_type":"article","og_title":"La UB participa a la campanya - Cap Menjar a la Brossa","og_description":"Des de fa dos anys, la Universitat de Barcelona engega un projecte de col\u00b7laboraci\u00f3 per part de l&#8217;equip del departament de Teoria i Hist\u00f2ria de l\u2019Educaci\u00f3 de la Facultat de Pedagogia de la UB amb la Federaci\u00f3 Catalana de l\u2019Esplai. La proposta t\u00e9 per objectiu que l\u2019alumnat de l\u2019assignatura d\u2019Educaci\u00f3 Social, \u00c8tica i Valors, desenvolupin [&hellip;]","og_url":"https:\/\/fundesplai.org\/capmenjaralabrossa\/2014\/02\/07\/la-ub-participa-a-la-campanya\/","og_site_name":"Cap Menjar a la Brossa","article_published_time":"2014-02-07T10:49:02+00:00","og_image":[{"width":225,"height":225,"url":"https:\/\/fundesplai.org\/capmenjaralabrossa\/wp-content\/uploads\/sites\/11\/2014\/02\/ub.jpg","type":"image\/jpeg"}],"author":"Ferran","twitter_card":"summary_large_image","twitter_misc":{"Escrit per":"Ferran","Temps estimat de lectura":"1 minut"},"schema":{"@context":"https:\/\/schema.org","@graph":[{"@type":"Article","@id":"https:\/\/fundesplai.org\/capmenjaralabrossa\/2014\/02\/07\/la-ub-participa-a-la-campanya\/#article","isPartOf":{"@id":"https:\/\/fundesplai.org\/capmenjaralabrossa\/2014\/02\/07\/la-ub-participa-a-la-campanya\/"},"author":{"name":"Ferran","@id":"https:\/\/fundesplai.org\/capmenjaralabrossa\/#\/schema\/person\/67e7825d8ec54561cc24e36ba6b0f633"},"headline":"La UB participa a la campanya","datePublished":"2014-02-07T10:49:02+00:00","mainEntityOfPage":{"@id":"https:\/\/fundesplai.org\/capmenjaralabrossa\/2014\/02\/07\/la-ub-participa-a-la-campanya\/"},"wordCount":164,"commentCount":0,"image":{"@id":"https:\/\/fundesplai.org\/capmenjaralabrossa\/2014\/02\/07\/la-ub-participa-a-la-campanya\/#primaryimage"},"thumbnailUrl":"https:\/\/fundesplai.org\/capmenjaralabrossa\/wp-content\/uploads\/sites\/11\/2014\/02\/ub.jpg","articleSection":["Presentaci\u00f3"],"inLanguage":"ca","potentialAction":[{"@type":"CommentAction","name":"Comment","target":["https:\/\/fundesplai.org\/capmenjaralabrossa\/2014\/02\/07\/la-ub-participa-a-la-campanya\/#respond"]}]},{"@type":"WebPage","@id":"https:\/\/fundesplai.org\/capmenjaralabrossa\/2014\/02\/07\/la-ub-participa-a-la-campanya\/","url":"https:\/\/fundesplai.org\/capmenjaralabrossa\/2014\/02\/07\/la-ub-participa-a-la-campanya\/","name":"La UB participa a la campanya - Cap Menjar a la Brossa","isPartOf":{"@id":"https:\/\/fundesplai.org\/capmenjaralabrossa\/#website"},"primaryImageOfPage":{"@id":"https:\/\/fundesplai.org\/capmenjaralabrossa\/2014\/02\/07\/la-ub-participa-a-la-campanya\/#primaryimage"},"image":{"@id":"https:\/\/fundesplai.org\/capmenjaralabrossa\/2014\/02\/07\/la-ub-participa-a-la-campanya\/#primaryimage"},"thumbnailUrl":"https:\/\/fundesplai.org\/capmenjaralabrossa\/wp-content\/uploads\/sites\/11\/2014\/02\/ub.jpg","datePublished":"2014-02-07T10:49:02+00:00","author":{"@id":"https:\/\/fundesplai.org\/capmenjaralabrossa\/#\/schema\/person\/67e7825d8ec54561cc24e36ba6b0f633"},"breadcrumb":{"@id":"https:\/\/fundesplai.org\/capmenjaralabrossa\/2014\/02\/07\/la-ub-participa-a-la-campanya\/#breadcrumb"},"inLanguage":"ca","potentialAction":[{"@type":"ReadAction","target":["https:\/\/fundesplai.org\/capmenjaralabrossa\/2014\/02\/07\/la-ub-participa-a-la-campanya\/"]}]},{"@type":"ImageObject","inLanguage":"ca","@id":"https:\/\/fundesplai.org\/capmenjaralabrossa\/2014\/02\/07\/la-ub-participa-a-la-campanya\/#primaryimage","url":"https:\/\/fundesplai.org\/capmenjaralabrossa\/wp-content\/uploads\/sites\/11\/2014\/02\/ub.jpg","contentUrl":"https:\/\/fundesplai.org\/capmenjaralabrossa\/wp-content\/uploads\/sites\/11\/2014\/02\/ub.jpg","width":225,"height":225},{"@type":"BreadcrumbList","@id":"https:\/\/fundesplai.org\/capmenjaralabrossa\/2014\/02\/07\/la-ub-participa-a-la-campanya\/#breadcrumb","itemListElement":[{"@type":"ListItem","position":1,"name":"Inici","item":"\/"},{"@type":"ListItem","position":2,"name":"Cap Menjar a la Brossa","item":"https:\/\/fundesplai.org\/capmenjaralabrossa"},{"@type":"ListItem","position":3,"name":"La UB participa a la campanya"}]},{"@type":"WebSite","@id":"https:\/\/fundesplai.org\/capmenjaralabrossa\/#website","url":"https:\/\/fundesplai.org\/capmenjaralabrossa\/","name":"Cap Menjar a la Brossa","description":"Proposta educativa de Fundesplai","potentialAction":[{"@type":"SearchAction","target":{"@type":"EntryPoint","urlTemplate":"https:\/\/fundesplai.org\/capmenjaralabrossa\/?s={search_term_string}"},"query-input":{"@type":"PropertyValueSpecification","valueRequired":true,"valueName":"search_term_string"}}],"inLanguage":"ca"},{"@type":"Person","@id":"https:\/\/fundesplai.org\/capmenjaralabrossa\/#\/schema\/person\/67e7825d8ec54561cc24e36ba6b0f633","name":"Ferran","image":{"@type":"ImageObject","inLanguage":"ca","@id":"https:\/\/secure.gravatar.com\/avatar\/a3510350976b58aae6eccd1e36f066b660a69ef63f97fde3cba8205db7db816a?s=96&d=mm&r=g","url":"https:\/\/secure.gravatar.com\/avatar\/a3510350976b58aae6eccd1e36f066b660a69ef63f97fde3cba8205db7db816a?s=96&d=mm&r=g","contentUrl":"https:\/\/secure.gravatar.com\/avatar\/a3510350976b58aae6eccd1e36f066b660a69ef63f97fde3cba8205db7db816a?s=96&d=mm&r=g","caption":"Ferran"},"url":"https:\/\/fundesplai.org\/capmenjaralabrossa\/author\/fvidal\/"}]}},"_links":{"self":[{"href":"https:\/\/fundesplai.org\/capmenjaralabrossa\/wp-json\/wp\/v2\/posts\/587","targetHints":{"allow":["GET"]}}],"collection":[{"href":"https:\/\/fundesplai.org\/capmenjaralabrossa\/wp-json\/wp\/v2\/posts"}],"about":[{"href":"https:\/\/fundesplai.org\/capmenjaralabrossa\/wp-json\/wp\/v2\/types\/post"}],"author":[{"embeddable":true,"href":"https:\/\/fundesplai.org\/capmenjaralabrossa\/wp-json\/wp\/v2\/users\/4"}],"replies":[{"embeddable":true,"href":"https:\/\/fundesplai.org\/capmenjaralabrossa\/wp-json\/wp\/v2\/comments?post=587"}],"version-history":[{"count":0,"href":"https:\/\/fundesplai.org\/capmenjaralabrossa\/wp-json\/wp\/v2\/posts\/587\/revisions"}],"wp:featuredmedia":[{"embeddable":true,"href":"https:\/\/fundesplai.org\/capmenjaralabrossa\/wp-json\/wp\/v2\/media\/590"}],"wp:attachment":[{"href":"https:\/\/fundesplai.org\/capmenjaralabrossa\/wp-json\/wp\/v2\/media?parent=587"}],"wp:term":[{"taxonomy":"category","embeddable":true,"href":"https:\/\/fundesplai.org\/capmenjaralabrossa\/wp-json\/wp\/v2\/categories?post=587"},{"taxonomy":"post_tag","embeddable":true,"href":"https:\/\/fundesplai.org\/capmenjaralabrossa\/wp-json\/wp\/v2\/tags?post=587"}],"curies":[{"name":"wp","href":"https:\/\/api.w.org\/{rel}","templated":true}]}}